{"id":1051164,"date":"2025-12-29T12:11:04","date_gmt":"2025-12-29T09:11:04","guid":{"rendered":"https:\/\/darkamazi.info\/?p=1051164"},"modified":"2025-12-29T12:11:04","modified_gmt":"2025-12-29T09:11:04","slug":"di-xwenisandaneke-de-li-laziqiye-3-kes-hatin-kustin-u-bi-dehan-kes-ji-birindar-bun","status":"publish","type":"post","link":"https:\/\/darkamazi.info\/archives\/1051164","title":{"rendered":"Di xwen\u00ee\u015fandanek\u00ea de li Laziqiy\u00ea 3 kes hatin ku\u015ftin \u00fb bi dehan kes j\u00ee bir\u00eendar b\u00fbn"},"content":{"rendered":"<h3 style=\"text-align: justify\"><span style=\"font-family: 'arial black', sans-serif\">Li par\u00eazgeha Laziqiyey\u00ea \u00fb \u00e7end dever\u00ean din \u00ean S\u00fbriyey\u00ea, ku piraniya wan Elew\u00ee ne, xwen\u00ee\u015fandaneka mezin hat lidarxistin. Li gor\u00ee raport\u00ean destp\u00eak\u00ea, ji ber gulebaran \u00fb pev\u00e7\u00fbnan s\u00ea kes hatin ku\u015ftin \u00fb z\u00eadetir\u00ee 60 kes\u00ean din j\u00ee bir\u00eendar b\u00fbn.<\/span><\/h3>\n<h3 style=\"text-align: justify\">Bi hezaran welatiy\u00ean Elew\u00ee li Meydana Ezher\u00ea ya bajar\u00ea Laziqiyey\u00ea kom b\u00fbn \u00fb daxwaza guhertina pergala siyas\u00ee ya S\u00fbriyey\u00ea ji bo &#8220;s\u00eestemeka nenavend\u00ee \u00fb federal&#8221; kir. Herwesa daxwazeka wan a sereke j\u00ee berdana bi hezaran girtiy\u00ean Elew\u00ee b\u00fb, ku niha di girt\u00eegehan de ne. Ji bil\u00ee Laziqiyey\u00ea, bajar\u00ean Tert\u00fbs, Hums (taxa Wad\u00ee Zehab\u00ea), Banyas \u00fb gund\u00ean Hemay\u00ea j\u00ee eyn\u00ee xwen\u00ee\u015fandan li dar xistin.<\/h3>\n<h3 style=\"text-align: justify\">Rewangeha S\u00fbriyey\u00ee ya Maf\u00ean Mirovan ragihand ku, du ciwan\u00ean Elew\u00ee ji aliy\u00ea h\u00eaz\u00ean ewlehiy\u00ea y\u00ean hik\u00fbmeta demk\u00ee ya S\u00fbriyey\u00ea ve hatine ku\u015ftin.<\/h3>\n<h3 style=\"text-align: justify\">Ji aliyek\u00ea din ve j\u00ee, Wezareta Navxwe ya S\u00fbriyey\u00ea ragihand ku endamek\u00ea h\u00eaz\u00ean ewlehiya navxwey\u00ee hatiye ku\u015ftin \u00fb \u00e7end endam\u00ean din j\u00ee bir\u00eendar b\u00fbne. Li gor\u00ee gotina wan, di ew di dema &#8220;erka parastina ewlehiya xwen\u00ee\u015fanderan&#8221; de hatine armanckirin.<\/h3>\n<h3 style=\"text-align: justify\">Rewangeha S\u00fbriyey\u00ee amaje j\u00ee da ku, term\u00ea zarokek\u00ee, ku ji roja \u015eemiy\u00ea ve winda b\u00fb, di avahiyek\u00ea di bin avakirin\u00ea de li bajar\u00ea Efr\u00een\u00ea hatiye d\u00eetin.<\/h3>\n<h3 style=\"text-align: justify\">Rew\u015fa dever\u00ea pir aloz b\u00fbye \u00fb al\u00ee hevdu tometbar dikin:<\/h3>\n<h3 style=\"text-align: justify\">Enc\u00fbmena \u00ceslam\u00ee ya Elewiyan ragihand: Xwen\u00ee\u015fandan a\u015ftiyane b\u00fbn, l\u00ea &#8220;desthilatdaran&#8221; (h\u00eaz\u00ean ewlehiy\u00ea) gule li dij\u00ee siv\u00eelan bi kar an\u00een \u00fb li bajar\u00ea Banyas\u00ea j\u00ee \u00ear\u00ee\u015f\u00ee xwen\u00ee\u015fanderan hat kirin.<\/h3>\n<h3 style=\"text-align: justify\">Medyaya dewlet\u00ea j\u00ee ji aliy\u00ea xwe ve sedema tund\u00fbt\u00fbjiyan bi \u00ear\u00ee\u015f\u00ean &#8220;bermahiy\u00ean rej\u00eema ber\u00ea&#8221; ve gir\u00ea da, ku li gor\u00ee gotina wan, \u00ear\u00ee\u015f\u00ee h\u00eaz\u00ean ewlehiy\u00ea \u00fb welatiyan kiriye.<\/h3>\n<h3 style=\"text-align: justify\">Ji aliyek\u00ea din ve j\u00ee, Hik\u00fbmeta S\u00fbriyey\u00ea tekez kir ku; H\u00eaz\u00ean wan ji bo parastina ewlehiy\u00ea li w\u00ea der\u00ea b\u00fbn \u00fb b\u00fbne qurbaniy\u00ean kiryar\u00ean tund\u00fbt\u00fbjiy\u00ea.<\/h3>\n<h3 style=\"text-align: justify\">Ev xwen\u00ee\u015fandan neraz\u00eeb\u00fbn\u00ean z\u00eade li dever\u00ean ku ber\u00ea wek\u00ee bingeha sereke ya pi\u015ftgiriya rej\u00eem\u00ea dihatin hesibandin n\u00ee\u015fan didin, \u00fb daxwaz\u00ean ji bo federal\u00eezm\u00ea aliyek\u00ea n\u00fb didin aloziy\u00ean S\u00fbriyey\u00ea.<\/h3>\n","protected":false},"excerpt":{"rendered":"<p>Li par\u00eazgeha Laziqiyey\u00ea \u00fb \u00e7end dever\u00ean din \u00ean S\u00fbriyey\u00ea, ku piraniya wan Elew\u00ee ne, xwen\u00ee\u015fandaneka mezin hat lidarxistin. Li gor\u00ee raport\u00ean destp\u00eak\u00ea, ji ber gulebaran \u00fb pev\u00e7\u00fbnan s\u00ea kes hatin ku\u015ftin \u00fb z\u00eadetir\u00ee 60 kes\u00ean din j\u00ee bir\u00eendar b\u00fbn. Bi hezaran welatiy\u00ean Elew\u00ee li Meydana Ezher\u00ea ya bajar\u00ea Laziqiyey\u00ea kom b\u00fbn \u00fb daxwaza guhertina pergala [&hellip;]<\/p>\n","protected":false},"author":2,"featured_media":1051165,"comment_status":"closed","ping_status":"closed","sticky":false,"template":"","format":"standard","meta":{"footnotes":""},"categories":[31],"tags":[37],"class_list":["post-1051164","post","type-post","status-publish","format-standard","has-post-thumbnail","hentry","category-rojhelata-navin","tag-sereke"],"blocksy_meta":[],"seo_head":"<!-- This site is optimized with the Yoast SEO plugin v27.5 - https:\/\/yoast.com\/product\/yoast-seo-wordpress\/ -->\n<title>Di xwen\u00ee\u015fandanek\u00ea de li Laziqiy\u00ea 3 kes hatin ku\u015ftin \u00fb bi dehan kes j\u00ee bir\u00eendar b\u00fbn - Darka Maz\u00ee<\/title>\n<meta name=\"robots\" content=\"index, follow, max-snippet:-1, max-image-preview:large, max-video-preview:-1\" \/>\n<link rel=\"canonical\" href=\"https:\/\/darkamazi.info\/archives\/1051164\" \/>\n<meta property=\"og:locale\" content=\"en_US\" \/>\n<meta property=\"og:type\" content=\"article\" \/>\n<meta property=\"og:title\" content=\"Di xwen\u00ee\u015fandanek\u00ea de li Laziqiy\u00ea 3 kes hatin ku\u015ftin \u00fb bi dehan kes j\u00ee bir\u00eendar b\u00fbn - Darka Maz\u00ee\" \/>\n<meta property=\"og:description\" content=\"Li par\u00eazgeha Laziqiyey\u00ea \u00fb \u00e7end dever\u00ean din \u00ean S\u00fbriyey\u00ea, ku piraniya wan Elew\u00ee ne, xwen\u00ee\u015fandaneka mezin hat lidarxistin. Li gor\u00ee raport\u00ean destp\u00eak\u00ea, ji ber gulebaran \u00fb pev\u00e7\u00fbnan s\u00ea kes hatin ku\u015ftin \u00fb z\u00eadetir\u00ee 60 kes\u00ean din j\u00ee bir\u00eendar b\u00fbn. Bi hezaran welatiy\u00ean Elew\u00ee li Meydana Ezher\u00ea ya bajar\u00ea Laziqiyey\u00ea kom b\u00fbn \u00fb daxwaza guhertina pergala [&hellip;]\" \/>\n<meta property=\"og:url\" content=\"https:\/\/darkamazi.info\/archives\/1051164\" \/>\n<meta property=\"og:site_name\" content=\"Darka Maz\u00ee\" \/>\n<meta property=\"article:publisher\" content=\"https:\/\/www.facebook.com\/DarMaziKurmanci\" \/>\n<meta property=\"article:published_time\" content=\"2025-12-29T09:11:04+00:00\" \/>\n<meta property=\"og:image\" content=\"https:\/\/darkamazi.info\/file\/2025\/12\/laziqiye-suriye.jpg\" \/>\n\t<meta property=\"og:image:width\" content=\"900\" \/>\n\t<meta property=\"og:image:height\" content=\"497\" \/>\n\t<meta property=\"og:image:type\" content=\"image\/jpeg\" \/>\n<meta name=\"author\" content=\"darka mazi\" \/>\n<meta name=\"twitter:card\" content=\"summary_large_image\" \/>\n<meta name=\"twitter:creator\" content=\"@DarkaMaziLatini\" \/>\n<meta name=\"twitter:site\" content=\"@DarkaMaziLatini\" \/>\n<meta name=\"twitter:label1\" content=\"Written by\" \/>\n\t<meta name=\"twitter:data1\" content=\"darka mazi\" \/>\n\t<meta name=\"twitter:label2\" content=\"Est. reading time\" \/>\n\t<meta name=\"twitter:data2\" content=\"2 minutes\" \/>\n<script type=\"application\/ld+json\" class=\"seo-schema-graph\">{\"@context\":\"https:\\\/\\\/schema.org\",\"@graph\":[{\"@type\":\"Article\",\"@id\":\"https:\\\/\\\/darkamazi.info\\\/archives\\\/1051164#article\",\"isPartOf\":{\"@id\":\"https:\\\/\\\/darkamazi.info\\\/archives\\\/1051164\"},\"author\":{\"name\":\"darka mazi\",\"@id\":\"https:\\\/\\\/darkamazi.info\\\/#\\\/schema\\\/person\\\/5ad3e24553a0567993fa8ed4bd0a776c\"},\"headline\":\"Di xwen\u00ee\u015fandanek\u00ea de li Laziqiy\u00ea 3 kes hatin ku\u015ftin \u00fb bi dehan kes j\u00ee bir\u00eendar b\u00fbn\",\"datePublished\":\"2025-12-29T09:11:04+00:00\",\"mainEntityOfPage\":{\"@id\":\"https:\\\/\\\/darkamazi.info\\\/archives\\\/1051164\"},\"wordCount\":396,\"publisher\":{\"@id\":\"https:\\\/\\\/darkamazi.info\\\/#organization\"},\"image\":{\"@id\":\"https:\\\/\\\/darkamazi.info\\\/archives\\\/1051164#primaryimage\"},\"thumbnailUrl\":\"https:\\\/\\\/darkamazi.info\\\/darka-content\\\/uploads\\\/2025\\\/12\\\/laziqiye-suriye.jpg\",\"keywords\":[\"sereke\"],\"articleSection\":[\"Rojhelata nav\u00een\"],\"inLanguage\":\"en-US\"},{\"@type\":\"WebPage\",\"@id\":\"https:\\\/\\\/darkamazi.info\\\/archives\\\/1051164\",\"url\":\"https:\\\/\\\/darkamazi.info\\\/archives\\\/1051164\",\"name\":\"Di xwen\u00ee\u015fandanek\u00ea de li Laziqiy\u00ea 3 kes hatin ku\u015ftin \u00fb bi dehan kes j\u00ee bir\u00eendar b\u00fbn - Darka Maz\u00ee\",\"isPartOf\":{\"@id\":\"https:\\\/\\\/darkamazi.info\\\/#website\"},\"primaryImageOfPage\":{\"@id\":\"https:\\\/\\\/darkamazi.info\\\/archives\\\/1051164#primaryimage\"},\"image\":{\"@id\":\"https:\\\/\\\/darkamazi.info\\\/archives\\\/1051164#primaryimage\"},\"thumbnailUrl\":\"https:\\\/\\\/darkamazi.info\\\/darka-content\\\/uploads\\\/2025\\\/12\\\/laziqiye-suriye.jpg\",\"datePublished\":\"2025-12-29T09:11:04+00:00\",\"breadcrumb\":{\"@id\":\"https:\\\/\\\/darkamazi.info\\\/archives\\\/1051164#breadcrumb\"},\"inLanguage\":\"en-US\",\"potentialAction\":[{\"@type\":\"ReadAction\",\"target\":[\"https:\\\/\\\/darkamazi.info\\\/archives\\\/1051164\"]}]},{\"@type\":\"ImageObject\",\"inLanguage\":\"en-US\",\"@id\":\"https:\\\/\\\/darkamazi.info\\\/archives\\\/1051164#primaryimage\",\"url\":\"https:\\\/\\\/darkamazi.info\\\/darka-content\\\/uploads\\\/2025\\\/12\\\/laziqiye-suriye.jpg\",\"contentUrl\":\"https:\\\/\\\/darkamazi.info\\\/darka-content\\\/uploads\\\/2025\\\/12\\\/laziqiye-suriye.jpg\",\"width\":900,\"height\":497,\"caption\":\"Di xwen\u00ee\u015fandanek\u00ea de li Laziqiy\u00ea 3 kes hatin ku\u015ftin \u00fb bi dehan kes j\u00ee bir\u00eendar b\u00fbn\"},{\"@type\":\"BreadcrumbList\",\"@id\":\"https:\\\/\\\/darkamazi.info\\\/archives\\\/1051164#breadcrumb\",\"itemListElement\":[{\"@type\":\"ListItem\",\"position\":1,\"name\":\"Home\",\"item\":\"https:\\\/\\\/darkamazi.info\\\/\"},{\"@type\":\"ListItem\",\"position\":2,\"name\":\"Di xwen\u00ee\u015fandanek\u00ea de li Laziqiy\u00ea 3 kes hatin ku\u015ftin \u00fb bi dehan kes j\u00ee bir\u00eendar b\u00fbn\"}]},{\"@type\":\"WebSite\",\"@id\":\"https:\\\/\\\/darkamazi.info\\\/#website\",\"url\":\"https:\\\/\\\/darkamazi.info\\\/\",\"name\":\"Darka Maz\u00ee\",\"description\":\"P\u00eageha Zanyariy\u00ean Nebih\u00eest\u00ee\",\"publisher\":{\"@id\":\"https:\\\/\\\/darkamazi.info\\\/#organization\"},\"potentialAction\":[{\"@type\":\"SearchAction\",\"target\":{\"@type\":\"EntryPoint\",\"urlTemplate\":\"https:\\\/\\\/darkamazi.info\\\/?s={search_term_string}\"},\"query-input\":{\"@type\":\"PropertyValueSpecification\",\"valueRequired\":true,\"valueName\":\"search_term_string\"}}],\"inLanguage\":\"en-US\"},{\"@type\":\"Organization\",\"@id\":\"https:\\\/\\\/darkamazi.info\\\/#organization\",\"name\":\"Darka Maz\u00ee\",\"url\":\"https:\\\/\\\/darkamazi.info\\\/\",\"logo\":{\"@type\":\"ImageObject\",\"inLanguage\":\"en-US\",\"@id\":\"https:\\\/\\\/darkamazi.info\\\/#\\\/schema\\\/logo\\\/image\\\/\",\"url\":\"https:\\\/\\\/darkamazi.info\\\/darka-content\\\/uploads\\\/2017\\\/12\\\/darka-mazi-logo.png\",\"contentUrl\":\"https:\\\/\\\/darkamazi.info\\\/darka-content\\\/uploads\\\/2017\\\/12\\\/darka-mazi-logo.png\",\"width\":151,\"height\":75,\"caption\":\"Darka Maz\u00ee\"},\"image\":{\"@id\":\"https:\\\/\\\/darkamazi.info\\\/#\\\/schema\\\/logo\\\/image\\\/\"},\"sameAs\":[\"https:\\\/\\\/www.facebook.com\\\/DarMaziKurmanci\",\"https:\\\/\\\/x.com\\\/DarkaMaziLatini\",\"https:\\\/\\\/www.instagram.com\\\/darkamazi.kurmanci\\\/\",\"https:\\\/\\\/www.youtube.com\\\/channel\\\/UCa5HkTdmI8U1qCUFuTw8B2g\"]},{\"@type\":\"Person\",\"@id\":\"https:\\\/\\\/darkamazi.info\\\/#\\\/schema\\\/person\\\/5ad3e24553a0567993fa8ed4bd0a776c\",\"name\":\"darka mazi\",\"sameAs\":[\"https:\\\/\\\/darkamazi.info\\\/\"],\"url\":\"https:\\\/\\\/darkamazi.info\\\/archives\\\/author\\\/kurdi\"}]}<\/script>\n<!-- \/ Yoast SEO plugin. -->","seo_head_json":{"title":"Di xwen\u00ee\u015fandanek\u00ea de li Laziqiy\u00ea 3 kes hatin ku\u015ftin \u00fb bi dehan kes j\u00ee bir\u00eendar b\u00fbn - Darka Maz\u00ee","robots":{"index":"index","follow":"follow","max-snippet":"max-snippet:-1","max-image-preview":"max-image-preview:large","max-video-preview":"max-video-preview:-1"},"canonical":"https:\/\/darkamazi.info\/archives\/1051164","og_locale":"en_US","og_type":"article","og_title":"Di xwen\u00ee\u015fandanek\u00ea de li Laziqiy\u00ea 3 kes hatin ku\u015ftin \u00fb bi dehan kes j\u00ee bir\u00eendar b\u00fbn - Darka Maz\u00ee","og_description":"Li par\u00eazgeha Laziqiyey\u00ea \u00fb \u00e7end dever\u00ean din \u00ean S\u00fbriyey\u00ea, ku piraniya wan Elew\u00ee ne, xwen\u00ee\u015fandaneka mezin hat lidarxistin. Li gor\u00ee raport\u00ean destp\u00eak\u00ea, ji ber gulebaran \u00fb pev\u00e7\u00fbnan s\u00ea kes hatin ku\u015ftin \u00fb z\u00eadetir\u00ee 60 kes\u00ean din j\u00ee bir\u00eendar b\u00fbn. Bi hezaran welatiy\u00ean Elew\u00ee li Meydana Ezher\u00ea ya bajar\u00ea Laziqiyey\u00ea kom b\u00fbn \u00fb daxwaza guhertina pergala [&hellip;]","og_url":"https:\/\/darkamazi.info\/archives\/1051164","og_site_name":"Darka Maz\u00ee","article_publisher":"https:\/\/www.facebook.com\/DarMaziKurmanci","article_published_time":"2025-12-29T09:11:04+00:00","og_image":[{"width":900,"height":497,"url":"https:\/\/darkamazi.info\/file\/2025\/12\/laziqiye-suriye.jpg","type":"image\/jpeg"}],"author":"darka mazi","twitter_card":"summary_large_image","twitter_creator":"@DarkaMaziLatini","twitter_site":"@DarkaMaziLatini","twitter_misc":{"Written by":"darka mazi","Est. reading time":"2 minutes"},"schema":{"@context":"https:\/\/schema.org","@graph":[{"@type":"Article","@id":"https:\/\/darkamazi.info\/archives\/1051164#article","isPartOf":{"@id":"https:\/\/darkamazi.info\/archives\/1051164"},"author":{"name":"darka mazi","@id":"https:\/\/darkamazi.info\/#\/schema\/person\/5ad3e24553a0567993fa8ed4bd0a776c"},"headline":"Di xwen\u00ee\u015fandanek\u00ea de li Laziqiy\u00ea 3 kes hatin ku\u015ftin \u00fb bi dehan kes j\u00ee bir\u00eendar b\u00fbn","datePublished":"2025-12-29T09:11:04+00:00","mainEntityOfPage":{"@id":"https:\/\/darkamazi.info\/archives\/1051164"},"wordCount":396,"publisher":{"@id":"https:\/\/darkamazi.info\/#organization"},"image":{"@id":"https:\/\/darkamazi.info\/archives\/1051164#primaryimage"},"thumbnailUrl":"https:\/\/darkamazi.info\/file\/2025\/12\/laziqiye-suriye.jpg","keywords":["sereke"],"articleSection":["Rojhelata nav\u00een"],"inLanguage":"en-US"},{"@type":"WebPage","@id":"https:\/\/darkamazi.info\/archives\/1051164","url":"https:\/\/darkamazi.info\/archives\/1051164","name":"Di xwen\u00ee\u015fandanek\u00ea de li Laziqiy\u00ea 3 kes hatin ku\u015ftin \u00fb bi dehan kes j\u00ee bir\u00eendar b\u00fbn - Darka Maz\u00ee","isPartOf":{"@id":"https:\/\/darkamazi.info\/#website"},"primaryImageOfPage":{"@id":"https:\/\/darkamazi.info\/archives\/1051164#primaryimage"},"image":{"@id":"https:\/\/darkamazi.info\/archives\/1051164#primaryimage"},"thumbnailUrl":"https:\/\/darkamazi.info\/file\/2025\/12\/laziqiye-suriye.jpg","datePublished":"2025-12-29T09:11:04+00:00","breadcrumb":{"@id":"https:\/\/darkamazi.info\/archives\/1051164#breadcrumb"},"inLanguage":"en-US","potentialAction":[{"@type":"ReadAction","target":["https:\/\/darkamazi.info\/archives\/1051164"]}]},{"@type":"ImageObject","inLanguage":"en-US","@id":"https:\/\/darkamazi.info\/archives\/1051164#primaryimage","url":"https:\/\/darkamazi.info\/file\/2025\/12\/laziqiye-suriye.jpg","contentUrl":"https:\/\/darkamazi.info\/file\/2025\/12\/laziqiye-suriye.jpg","width":900,"height":497,"caption":"Di xwen\u00ee\u015fandanek\u00ea de li Laziqiy\u00ea 3 kes hatin ku\u015ftin \u00fb bi dehan kes j\u00ee bir\u00eendar b\u00fbn"},{"@type":"BreadcrumbList","@id":"https:\/\/darkamazi.info\/archives\/1051164#breadcrumb","itemListElement":[{"@type":"ListItem","position":1,"name":"Home","item":"https:\/\/darkamazi.info\/"},{"@type":"ListItem","position":2,"name":"Di xwen\u00ee\u015fandanek\u00ea de li Laziqiy\u00ea 3 kes hatin ku\u015ftin \u00fb bi dehan kes j\u00ee bir\u00eendar b\u00fbn"}]},{"@type":"WebSite","@id":"https:\/\/darkamazi.info\/#website","url":"https:\/\/darkamazi.info\/","name":"Darka Maz\u00ee","description":"P\u00eageha Zanyariy\u00ean Nebih\u00eest\u00ee","publisher":{"@id":"https:\/\/darkamazi.info\/#organization"},"potentialAction":[{"@type":"SearchAction","target":{"@type":"EntryPoint","urlTemplate":"https:\/\/darkamazi.info\/?s={search_term_string}"},"query-input":{"@type":"PropertyValueSpecification","valueRequired":true,"valueName":"search_term_string"}}],"inLanguage":"en-US"},{"@type":"Organization","@id":"https:\/\/darkamazi.info\/#organization","name":"Darka Maz\u00ee","url":"https:\/\/darkamazi.info\/","logo":{"@type":"ImageObject","inLanguage":"en-US","@id":"https:\/\/darkamazi.info\/#\/schema\/logo\/image\/","url":"https:\/\/darkamazi.info\/file\/2017\/12\/darka-mazi-logo.png","contentUrl":"https:\/\/darkamazi.info\/file\/2017\/12\/darka-mazi-logo.png","width":151,"height":75,"caption":"Darka Maz\u00ee"},"image":{"@id":"https:\/\/darkamazi.info\/#\/schema\/logo\/image\/"},"sameAs":["https:\/\/www.facebook.com\/DarMaziKurmanci","https:\/\/x.com\/DarkaMaziLatini","https:\/\/www.instagram.com\/darkamazi.kurmanci\/","https:\/\/www.youtube.com\/channel\/UCa5HkTdmI8U1qCUFuTw8B2g"]},{"@type":"Person","@id":"https:\/\/darkamazi.info\/#\/schema\/person\/5ad3e24553a0567993fa8ed4bd0a776c","name":"darka mazi","sameAs":["https:\/\/darkamazi.info\/"],"url":"https:\/\/darkamazi.info\/archives\/author\/kurdi"}]}},"_links":{"self":[{"href":"https:\/\/darkamazi.info\/funavuv\/wp\/v2\/posts\/1051164","targetHints":{"allow":["GET"]}}],"collection":[{"href":"https:\/\/darkamazi.info\/funavuv\/wp\/v2\/posts"}],"about":[{"href":"https:\/\/darkamazi.info\/funavuv\/wp\/v2\/types\/post"}],"author":[{"embeddable":true,"href":"https:\/\/darkamazi.info\/funavuv\/wp\/v2\/users\/2"}],"replies":[{"embeddable":true,"href":"https:\/\/darkamazi.info\/funavuv\/wp\/v2\/comments?post=1051164"}],"version-history":[{"count":0,"href":"https:\/\/darkamazi.info\/funavuv\/wp\/v2\/posts\/1051164\/revisions"}],"wp:featuredmedia":[{"embeddable":true,"href":"https:\/\/darkamazi.info\/funavuv\/wp\/v2\/media\/1051165"}],"wp:attachment":[{"href":"https:\/\/darkamazi.info\/funavuv\/wp\/v2\/media?parent=1051164"}],"wp:term":[{"taxonomy":"category","embeddable":true,"href":"https:\/\/darkamazi.info\/funavuv\/wp\/v2\/categories?post=1051164"},{"taxonomy":"post_tag","embeddable":true,"href":"https:\/\/darkamazi.info\/funavuv\/wp\/v2\/tags?post=1051164"}],"curies":[{"name":"wp","href":"https:\/\/api.w.org\/{rel}","templated":true}]}}