{"id":1051167,"date":"2025-12-29T12:32:43","date_gmt":"2025-12-29T09:32:43","guid":{"rendered":"https:\/\/darkamazi.info\/?p=1051167"},"modified":"2025-12-29T12:32:43","modified_gmt":"2025-12-29T09:32:43","slug":"hsd-civina-mezlum-ebdi-u-ehmed-sera-hat-pasxistin","status":"publish","type":"post","link":"https:\/\/darkamazi.info\/archives\/1051167","title":{"rendered":"HSD: civ\u00eena Mezl\u00fbm Ebd\u00ee \u00fb Ehmed \u015eera hat pa\u015fxistin"},"content":{"rendered":"<h3 style=\"text-align: justify\"><span style=\"font-family: 'arial black', sans-serif\">Navenda Ragihandin\u00ea ya H\u00eaz\u00ean S\u00fbriyeya Demokrat\u00eek (HSD) pa\u015fxistina serdaneka ferm\u00ee ya \u015fandeka dan\u00fbstandinan a HSD\u00ea ji bo \u015eam\u00ea ragihand.<\/span><\/h3>\n<h3 style=\"text-align: justify\">Biryar b\u00fb ku ew serdan \u00eero (Yek\u015fem, 29.12.2025) ji aliy\u00ea Fermandar\u00ea Gi\u015ft\u00ee y\u00ea H\u00eaz\u00ean S\u00fbriyeya Demokrat\u00eek (HSD) Mezl\u00fbm Ebd\u00ee \u00fb \u015fandeka dan\u00fbstandinan ve hatiba kirin.<\/h3>\n<h3 style=\"text-align: justify\">Navenda ragihandin\u00ea ya HSD\u00ea sedema pa\u015fxistina w\u00ea serdan\u00ea bi amadekariy\u00ean loj\u00eest\u00eek\u00ee \u00fb tekn\u00eek\u00ee ve gir\u00ea da. Herwesa ragihand ku, di pa\u015feroj\u00ea de bi raz\u00eeb\u00fbna herdu aliyan d\u00ea jivanek\u00ea n\u00fb ji bo w\u00ea serdan\u00ea b\u00ea destn\u00ee\u015fankirin.<\/h3>\n<h3 style=\"text-align: justify\">Di w\u00ea ragihandin\u00ea de tekez li ser w\u00ea yek\u00ea hatiye kirin ku, pa\u015fxistina w\u00ea serdan\u00ea r\u00ea\u00e7a t\u00eakiliyan \u00fb armanc\u00ean diyarkir\u00ee qet naguher\u00eene, dan\u00fbstandin li ser peymana 10\u00ea Adar\u00ea ne.<\/h3>\n<h3 style=\"text-align: justify\">Ev pa\u015fxistin di demek\u00ea de ye ku, dan\u00fbstandin di navbera H\u00eaz\u00ean S\u00fbriyeya Demokrat\u00eek (HSD) \u00fb hik\u00fbmeta \u015eam\u00ea de berdewam in. Ev dan\u00fbstandin di \u00e7ar\u00e7oveya peymana 10\u00ea Adara 2025\u00ea de t\u00ean kirin.<\/h3>\n<h3 style=\"text-align: justify\">Peymana 10\u00ea Adar\u00ea li roja 10\u00ea Adara 2025\u00ea di navbera Serok\u00ea S\u00fbriyey\u00ea Ehmed \u015eera \u00fb Fermandar\u00ea Gi\u015ft\u00ee y\u00ea HSD\u00ea Mezl\u00fbm Ebd\u00ee de hat \u00eemzekirin. Li gor\u00ee peyman\u00ea, div\u00ea heta dawiya \u00eesal h\u00eaz\u00ean HSD\u00ea bibin parek ji dezgeha berevaniy\u00ea ya dewleta S\u00fbriyey\u00ea.<\/h3>\n","protected":false},"excerpt":{"rendered":"<p>Navenda Ragihandin\u00ea ya H\u00eaz\u00ean S\u00fbriyeya Demokrat\u00eek (HSD) pa\u015fxistina serdaneka ferm\u00ee ya \u015fandeka dan\u00fbstandinan a HSD\u00ea ji bo \u015eam\u00ea ragihand. Biryar b\u00fb ku ew serdan \u00eero (Yek\u015fem, 29.12.2025) ji aliy\u00ea Fermandar\u00ea Gi\u015ft\u00ee y\u00ea H\u00eaz\u00ean S\u00fbriyeya Demokrat\u00eek (HSD) Mezl\u00fbm Ebd\u00ee \u00fb \u015fandeka dan\u00fbstandinan ve hatiba kirin. Navenda ragihandin\u00ea ya HSD\u00ea sedema pa\u015fxistina w\u00ea serdan\u00ea bi amadekariy\u00ean loj\u00eest\u00eek\u00ee [&hellip;]<\/p>\n","protected":false},"author":2,"featured_media":1051168,"comment_status":"closed","ping_status":"closed","sticky":false,"template":"","format":"standard","meta":{"footnotes":""},"categories":[29],"tags":[37],"class_list":["post-1051167","post","type-post","status-publish","format-standard","has-post-thumbnail","hentry","category-kurdistan","tag-sereke"],"blocksy_meta":[],"seo_head":"<!-- This site is optimized with the Yoast SEO plugin v27.5 - https:\/\/yoast.com\/product\/yoast-seo-wordpress\/ -->\n<title>HSD: civ\u00eena Mezl\u00fbm Ebd\u00ee \u00fb Ehmed \u015eera hat pa\u015fxistin - Darka Maz\u00ee<\/title>\n<meta name=\"robots\" content=\"index, follow, max-snippet:-1, max-image-preview:large, max-video-preview:-1\" \/>\n<link rel=\"canonical\" href=\"https:\/\/darkamazi.info\/archives\/1051167\" \/>\n<meta property=\"og:locale\" content=\"en_US\" \/>\n<meta property=\"og:type\" content=\"article\" \/>\n<meta property=\"og:title\" content=\"HSD: civ\u00eena Mezl\u00fbm Ebd\u00ee \u00fb Ehmed \u015eera hat pa\u015fxistin - Darka Maz\u00ee\" \/>\n<meta property=\"og:description\" content=\"Navenda Ragihandin\u00ea ya H\u00eaz\u00ean S\u00fbriyeya Demokrat\u00eek (HSD) pa\u015fxistina serdaneka ferm\u00ee ya \u015fandeka dan\u00fbstandinan a HSD\u00ea ji bo \u015eam\u00ea ragihand. Biryar b\u00fb ku ew serdan \u00eero (Yek\u015fem, 29.12.2025) ji aliy\u00ea Fermandar\u00ea Gi\u015ft\u00ee y\u00ea H\u00eaz\u00ean S\u00fbriyeya Demokrat\u00eek (HSD) Mezl\u00fbm Ebd\u00ee \u00fb \u015fandeka dan\u00fbstandinan ve hatiba kirin. Navenda ragihandin\u00ea ya HSD\u00ea sedema pa\u015fxistina w\u00ea serdan\u00ea bi amadekariy\u00ean loj\u00eest\u00eek\u00ee [&hellip;]\" \/>\n<meta property=\"og:url\" content=\"https:\/\/darkamazi.info\/archives\/1051167\" \/>\n<meta property=\"og:site_name\" content=\"Darka Maz\u00ee\" \/>\n<meta property=\"article:publisher\" content=\"https:\/\/www.facebook.com\/DarMaziKurmanci\" \/>\n<meta property=\"article:published_time\" content=\"2025-12-29T09:32:43+00:00\" \/>\n<meta property=\"og:image\" content=\"https:\/\/darkamazi.info\/file\/2025\/12\/mazlum-ebdi-ahmad-al-sera.jpg\" \/>\n\t<meta property=\"og:image:width\" content=\"900\" \/>\n\t<meta property=\"og:image:height\" content=\"497\" \/>\n\t<meta property=\"og:image:type\" content=\"image\/jpeg\" \/>\n<meta name=\"author\" content=\"darka mazi\" \/>\n<meta name=\"twitter:card\" content=\"summary_large_image\" \/>\n<meta name=\"twitter:creator\" content=\"@DarkaMaziLatini\" \/>\n<meta name=\"twitter:site\" content=\"@DarkaMaziLatini\" \/>\n<meta name=\"twitter:label1\" content=\"Written by\" \/>\n\t<meta name=\"twitter:data1\" content=\"darka mazi\" \/>\n\t<meta name=\"twitter:label2\" content=\"Est. reading time\" \/>\n\t<meta name=\"twitter:data2\" content=\"1 minute\" \/>\n<script type=\"application\/ld+json\" class=\"seo-schema-graph\">{\"@context\":\"https:\\\/\\\/schema.org\",\"@graph\":[{\"@type\":\"Article\",\"@id\":\"https:\\\/\\\/darkamazi.info\\\/archives\\\/1051167#article\",\"isPartOf\":{\"@id\":\"https:\\\/\\\/darkamazi.info\\\/archives\\\/1051167\"},\"author\":{\"name\":\"darka mazi\",\"@id\":\"https:\\\/\\\/darkamazi.info\\\/#\\\/schema\\\/person\\\/5ad3e24553a0567993fa8ed4bd0a776c\"},\"headline\":\"HSD: civ\u00eena Mezl\u00fbm Ebd\u00ee \u00fb Ehmed \u015eera hat pa\u015fxistin\",\"datePublished\":\"2025-12-29T09:32:43+00:00\",\"mainEntityOfPage\":{\"@id\":\"https:\\\/\\\/darkamazi.info\\\/archives\\\/1051167\"},\"wordCount\":224,\"publisher\":{\"@id\":\"https:\\\/\\\/darkamazi.info\\\/#organization\"},\"image\":{\"@id\":\"https:\\\/\\\/darkamazi.info\\\/archives\\\/1051167#primaryimage\"},\"thumbnailUrl\":\"https:\\\/\\\/darkamazi.info\\\/darka-content\\\/uploads\\\/2025\\\/12\\\/mazlum-ebdi-ahmad-al-sera.jpg\",\"keywords\":[\"sereke\"],\"articleSection\":[\"Kurdistan\"],\"inLanguage\":\"en-US\"},{\"@type\":\"WebPage\",\"@id\":\"https:\\\/\\\/darkamazi.info\\\/archives\\\/1051167\",\"url\":\"https:\\\/\\\/darkamazi.info\\\/archives\\\/1051167\",\"name\":\"HSD: civ\u00eena Mezl\u00fbm Ebd\u00ee \u00fb Ehmed \u015eera hat pa\u015fxistin - Darka Maz\u00ee\",\"isPartOf\":{\"@id\":\"https:\\\/\\\/darkamazi.info\\\/#website\"},\"primaryImageOfPage\":{\"@id\":\"https:\\\/\\\/darkamazi.info\\\/archives\\\/1051167#primaryimage\"},\"image\":{\"@id\":\"https:\\\/\\\/darkamazi.info\\\/archives\\\/1051167#primaryimage\"},\"thumbnailUrl\":\"https:\\\/\\\/darkamazi.info\\\/darka-content\\\/uploads\\\/2025\\\/12\\\/mazlum-ebdi-ahmad-al-sera.jpg\",\"datePublished\":\"2025-12-29T09:32:43+00:00\",\"breadcrumb\":{\"@id\":\"https:\\\/\\\/darkamazi.info\\\/archives\\\/1051167#breadcrumb\"},\"inLanguage\":\"en-US\",\"potentialAction\":[{\"@type\":\"ReadAction\",\"target\":[\"https:\\\/\\\/darkamazi.info\\\/archives\\\/1051167\"]}]},{\"@type\":\"ImageObject\",\"inLanguage\":\"en-US\",\"@id\":\"https:\\\/\\\/darkamazi.info\\\/archives\\\/1051167#primaryimage\",\"url\":\"https:\\\/\\\/darkamazi.info\\\/darka-content\\\/uploads\\\/2025\\\/12\\\/mazlum-ebdi-ahmad-al-sera.jpg\",\"contentUrl\":\"https:\\\/\\\/darkamazi.info\\\/darka-content\\\/uploads\\\/2025\\\/12\\\/mazlum-ebdi-ahmad-al-sera.jpg\",\"width\":900,\"height\":497,\"caption\":\"HSD: civ\u00eena Mezl\u00fbm Ebd\u00ee \u00fb Ehmed \u015eera hat pa\u015fxistin\"},{\"@type\":\"BreadcrumbList\",\"@id\":\"https:\\\/\\\/darkamazi.info\\\/archives\\\/1051167#breadcrumb\",\"itemListElement\":[{\"@type\":\"ListItem\",\"position\":1,\"name\":\"Home\",\"item\":\"https:\\\/\\\/darkamazi.info\\\/\"},{\"@type\":\"ListItem\",\"position\":2,\"name\":\"HSD: civ\u00eena Mezl\u00fbm Ebd\u00ee \u00fb Ehmed \u015eera hat pa\u015fxistin\"}]},{\"@type\":\"WebSite\",\"@id\":\"https:\\\/\\\/darkamazi.info\\\/#website\",\"url\":\"https:\\\/\\\/darkamazi.info\\\/\",\"name\":\"Darka Maz\u00ee\",\"description\":\"P\u00eageha Zanyariy\u00ean Nebih\u00eest\u00ee\",\"publisher\":{\"@id\":\"https:\\\/\\\/darkamazi.info\\\/#organization\"},\"potentialAction\":[{\"@type\":\"SearchAction\",\"target\":{\"@type\":\"EntryPoint\",\"urlTemplate\":\"https:\\\/\\\/darkamazi.info\\\/?s={search_term_string}\"},\"query-input\":{\"@type\":\"PropertyValueSpecification\",\"valueRequired\":true,\"valueName\":\"search_term_string\"}}],\"inLanguage\":\"en-US\"},{\"@type\":\"Organization\",\"@id\":\"https:\\\/\\\/darkamazi.info\\\/#organization\",\"name\":\"Darka Maz\u00ee\",\"url\":\"https:\\\/\\\/darkamazi.info\\\/\",\"logo\":{\"@type\":\"ImageObject\",\"inLanguage\":\"en-US\",\"@id\":\"https:\\\/\\\/darkamazi.info\\\/#\\\/schema\\\/logo\\\/image\\\/\",\"url\":\"https:\\\/\\\/darkamazi.info\\\/darka-content\\\/uploads\\\/2017\\\/12\\\/darka-mazi-logo.png\",\"contentUrl\":\"https:\\\/\\\/darkamazi.info\\\/darka-content\\\/uploads\\\/2017\\\/12\\\/darka-mazi-logo.png\",\"width\":151,\"height\":75,\"caption\":\"Darka Maz\u00ee\"},\"image\":{\"@id\":\"https:\\\/\\\/darkamazi.info\\\/#\\\/schema\\\/logo\\\/image\\\/\"},\"sameAs\":[\"https:\\\/\\\/www.facebook.com\\\/DarMaziKurmanci\",\"https:\\\/\\\/x.com\\\/DarkaMaziLatini\",\"https:\\\/\\\/www.instagram.com\\\/darkamazi.kurmanci\\\/\",\"https:\\\/\\\/www.youtube.com\\\/channel\\\/UCa5HkTdmI8U1qCUFuTw8B2g\"]},{\"@type\":\"Person\",\"@id\":\"https:\\\/\\\/darkamazi.info\\\/#\\\/schema\\\/person\\\/5ad3e24553a0567993fa8ed4bd0a776c\",\"name\":\"darka mazi\",\"sameAs\":[\"https:\\\/\\\/darkamazi.info\\\/\"],\"url\":\"https:\\\/\\\/darkamazi.info\\\/archives\\\/author\\\/kurdi\"}]}<\/script>\n<!-- \/ Yoast SEO plugin. -->","seo_head_json":{"title":"HSD: civ\u00eena Mezl\u00fbm Ebd\u00ee \u00fb Ehmed \u015eera hat pa\u015fxistin - Darka Maz\u00ee","robots":{"index":"index","follow":"follow","max-snippet":"max-snippet:-1","max-image-preview":"max-image-preview:large","max-video-preview":"max-video-preview:-1"},"canonical":"https:\/\/darkamazi.info\/archives\/1051167","og_locale":"en_US","og_type":"article","og_title":"HSD: civ\u00eena Mezl\u00fbm Ebd\u00ee \u00fb Ehmed \u015eera hat pa\u015fxistin - Darka Maz\u00ee","og_description":"Navenda Ragihandin\u00ea ya H\u00eaz\u00ean S\u00fbriyeya Demokrat\u00eek (HSD) pa\u015fxistina serdaneka ferm\u00ee ya \u015fandeka dan\u00fbstandinan a HSD\u00ea ji bo \u015eam\u00ea ragihand. Biryar b\u00fb ku ew serdan \u00eero (Yek\u015fem, 29.12.2025) ji aliy\u00ea Fermandar\u00ea Gi\u015ft\u00ee y\u00ea H\u00eaz\u00ean S\u00fbriyeya Demokrat\u00eek (HSD) Mezl\u00fbm Ebd\u00ee \u00fb \u015fandeka dan\u00fbstandinan ve hatiba kirin. Navenda ragihandin\u00ea ya HSD\u00ea sedema pa\u015fxistina w\u00ea serdan\u00ea bi amadekariy\u00ean loj\u00eest\u00eek\u00ee [&hellip;]","og_url":"https:\/\/darkamazi.info\/archives\/1051167","og_site_name":"Darka Maz\u00ee","article_publisher":"https:\/\/www.facebook.com\/DarMaziKurmanci","article_published_time":"2025-12-29T09:32:43+00:00","og_image":[{"width":900,"height":497,"url":"https:\/\/darkamazi.info\/file\/2025\/12\/mazlum-ebdi-ahmad-al-sera.jpg","type":"image\/jpeg"}],"author":"darka mazi","twitter_card":"summary_large_image","twitter_creator":"@DarkaMaziLatini","twitter_site":"@DarkaMaziLatini","twitter_misc":{"Written by":"darka mazi","Est. reading time":"1 minute"},"schema":{"@context":"https:\/\/schema.org","@graph":[{"@type":"Article","@id":"https:\/\/darkamazi.info\/archives\/1051167#article","isPartOf":{"@id":"https:\/\/darkamazi.info\/archives\/1051167"},"author":{"name":"darka mazi","@id":"https:\/\/darkamazi.info\/#\/schema\/person\/5ad3e24553a0567993fa8ed4bd0a776c"},"headline":"HSD: civ\u00eena Mezl\u00fbm Ebd\u00ee \u00fb Ehmed \u015eera hat pa\u015fxistin","datePublished":"2025-12-29T09:32:43+00:00","mainEntityOfPage":{"@id":"https:\/\/darkamazi.info\/archives\/1051167"},"wordCount":224,"publisher":{"@id":"https:\/\/darkamazi.info\/#organization"},"image":{"@id":"https:\/\/darkamazi.info\/archives\/1051167#primaryimage"},"thumbnailUrl":"https:\/\/darkamazi.info\/file\/2025\/12\/mazlum-ebdi-ahmad-al-sera.jpg","keywords":["sereke"],"articleSection":["Kurdistan"],"inLanguage":"en-US"},{"@type":"WebPage","@id":"https:\/\/darkamazi.info\/archives\/1051167","url":"https:\/\/darkamazi.info\/archives\/1051167","name":"HSD: civ\u00eena Mezl\u00fbm Ebd\u00ee \u00fb Ehmed \u015eera hat pa\u015fxistin - Darka Maz\u00ee","isPartOf":{"@id":"https:\/\/darkamazi.info\/#website"},"primaryImageOfPage":{"@id":"https:\/\/darkamazi.info\/archives\/1051167#primaryimage"},"image":{"@id":"https:\/\/darkamazi.info\/archives\/1051167#primaryimage"},"thumbnailUrl":"https:\/\/darkamazi.info\/file\/2025\/12\/mazlum-ebdi-ahmad-al-sera.jpg","datePublished":"2025-12-29T09:32:43+00:00","breadcrumb":{"@id":"https:\/\/darkamazi.info\/archives\/1051167#breadcrumb"},"inLanguage":"en-US","potentialAction":[{"@type":"ReadAction","target":["https:\/\/darkamazi.info\/archives\/1051167"]}]},{"@type":"ImageObject","inLanguage":"en-US","@id":"https:\/\/darkamazi.info\/archives\/1051167#primaryimage","url":"https:\/\/darkamazi.info\/file\/2025\/12\/mazlum-ebdi-ahmad-al-sera.jpg","contentUrl":"https:\/\/darkamazi.info\/file\/2025\/12\/mazlum-ebdi-ahmad-al-sera.jpg","width":900,"height":497,"caption":"HSD: civ\u00eena Mezl\u00fbm Ebd\u00ee \u00fb Ehmed \u015eera hat pa\u015fxistin"},{"@type":"BreadcrumbList","@id":"https:\/\/darkamazi.info\/archives\/1051167#breadcrumb","itemListElement":[{"@type":"ListItem","position":1,"name":"Home","item":"https:\/\/darkamazi.info\/"},{"@type":"ListItem","position":2,"name":"HSD: civ\u00eena Mezl\u00fbm Ebd\u00ee \u00fb Ehmed \u015eera hat pa\u015fxistin"}]},{"@type":"WebSite","@id":"https:\/\/darkamazi.info\/#website","url":"https:\/\/darkamazi.info\/","name":"Darka Maz\u00ee","description":"P\u00eageha Zanyariy\u00ean Nebih\u00eest\u00ee","publisher":{"@id":"https:\/\/darkamazi.info\/#organization"},"potentialAction":[{"@type":"SearchAction","target":{"@type":"EntryPoint","urlTemplate":"https:\/\/darkamazi.info\/?s={search_term_string}"},"query-input":{"@type":"PropertyValueSpecification","valueRequired":true,"valueName":"search_term_string"}}],"inLanguage":"en-US"},{"@type":"Organization","@id":"https:\/\/darkamazi.info\/#organization","name":"Darka Maz\u00ee","url":"https:\/\/darkamazi.info\/","logo":{"@type":"ImageObject","inLanguage":"en-US","@id":"https:\/\/darkamazi.info\/#\/schema\/logo\/image\/","url":"https:\/\/darkamazi.info\/file\/2017\/12\/darka-mazi-logo.png","contentUrl":"https:\/\/darkamazi.info\/file\/2017\/12\/darka-mazi-logo.png","width":151,"height":75,"caption":"Darka Maz\u00ee"},"image":{"@id":"https:\/\/darkamazi.info\/#\/schema\/logo\/image\/"},"sameAs":["https:\/\/www.facebook.com\/DarMaziKurmanci","https:\/\/x.com\/DarkaMaziLatini","https:\/\/www.instagram.com\/darkamazi.kurmanci\/","https:\/\/www.youtube.com\/channel\/UCa5HkTdmI8U1qCUFuTw8B2g"]},{"@type":"Person","@id":"https:\/\/darkamazi.info\/#\/schema\/person\/5ad3e24553a0567993fa8ed4bd0a776c","name":"darka mazi","sameAs":["https:\/\/darkamazi.info\/"],"url":"https:\/\/darkamazi.info\/archives\/author\/kurdi"}]}},"_links":{"self":[{"href":"https:\/\/darkamazi.info\/funavuv\/wp\/v2\/posts\/1051167","targetHints":{"allow":["GET"]}}],"collection":[{"href":"https:\/\/darkamazi.info\/funavuv\/wp\/v2\/posts"}],"about":[{"href":"https:\/\/darkamazi.info\/funavuv\/wp\/v2\/types\/post"}],"author":[{"embeddable":true,"href":"https:\/\/darkamazi.info\/funavuv\/wp\/v2\/users\/2"}],"replies":[{"embeddable":true,"href":"https:\/\/darkamazi.info\/funavuv\/wp\/v2\/comments?post=1051167"}],"version-history":[{"count":0,"href":"https:\/\/darkamazi.info\/funavuv\/wp\/v2\/posts\/1051167\/revisions"}],"wp:featuredmedia":[{"embeddable":true,"href":"https:\/\/darkamazi.info\/funavuv\/wp\/v2\/media\/1051168"}],"wp:attachment":[{"href":"https:\/\/darkamazi.info\/funavuv\/wp\/v2\/media?parent=1051167"}],"wp:term":[{"taxonomy":"category","embeddable":true,"href":"https:\/\/darkamazi.info\/funavuv\/wp\/v2\/categories?post=1051167"},{"taxonomy":"post_tag","embeddable":true,"href":"https:\/\/darkamazi.info\/funavuv\/wp\/v2\/tags?post=1051167"}],"curies":[{"name":"wp","href":"https:\/\/api.w.org\/{rel}","templated":true}]}}