{"id":1051170,"date":"2025-12-29T13:08:37","date_gmt":"2025-12-29T10:08:37","guid":{"rendered":"https:\/\/darkamazi.info\/?p=1051170"},"modified":"2025-12-29T13:08:37","modified_gmt":"2025-12-29T10:08:37","slug":"peyamek-ji-serok-barzani-di-derbare-posta-serokkomare-iraqe-de","status":"publish","type":"post","link":"https:\/\/darkamazi.info\/archives\/1051170","title":{"rendered":"Peyamek ji Serok Barzan\u00ee di derbar\u00ea posta Serokkomar\u00ea \u00ceraq\u00ea de"},"content":{"rendered":"<h3 style=\"text-align: justify\"><span style=\"font-family: 'arial black', sans-serif\">Serok Barzan\u00ee \u00eero roja du\u015fem, 29\/12\/2025an, li ser posta serokkomar\u00ea \u00ceraq\u00ea peyamek belav kir \u00fb t\u00ea de ragihand merc n\u00eene kes\u00ea ku ji boy serok komariya \u00ceraq\u00ea t\u00ea hilbijartin PDK\u2019ey\u00ee yan YNK\u2019ey\u00ee be.<\/span><\/h3>\n<h3 style=\"text-align: justify\"><span style=\"font-family: 'arial black', sans-serif\">Naveroka peyama Serok Barzan\u00ee bi vi awaye:<\/span><\/h3>\n<h3 style=\"text-align: justify\">Bi nav\u00ea Xweday\u00ea mezin \u00fb dilovan<\/h3>\n<h3 style=\"text-align: justify\">Di derbar\u00ea posta Serokkomar\u00ea Iraq\u00ea de, div\u00ea hem\u00fb aliy\u00ean Kurdistan\u00ee ew bawer\u00ee hebe ku ev post para Kurdan e \u00fb ji bo ku Serokkomar n\u00fbneratiya rast\u00een a gel\u00ea Kurdistan\u00ea bike, div\u00ea mekan\u00eezmaya hilbijartina Serokkomar j\u00ee guhartin t\u00ea de \u00e7\u00eabibe \u00fb \u00ead\u00ee tu aliyek ew post\u00ea wek milk\u00ea xwe y\u00ea taybet nezan\u00ea.<\/h3>\n<h3 style=\"text-align: justify\">Mekan\u00eezma j\u00ee div\u00ea wiha be ku: Yan di Parlamentoya Kurdistan\u00ea de kesek wek n\u00fbner\u00ea Kurdan ji bo wergirtina posta Serokkomar b\u00ea diyar\u00eekirin, yan j\u00ee tevahiya aliy\u00ean Kurdistan\u00ee bicivin \u00fb ji bo w\u00ea post\u00ea li ser kesek\u00ee li hev bikin, yan j\u00ee n\u00fbner \u00fb fraksiyon\u00ean Kurd\u00ee y\u00ean di Enc\u00fbmena N\u00fbner\u00ean Iraq\u00ea de, kesek\u00ee ji bo wergirtina w\u00ea post\u00ea diyar bikin. \u015eert j\u00ee n\u00eene ew kes\u00ea ku ji bo wergirtina posta Serokkomar t\u00ea diyar\u00eekirin Part\u00ee be an Yek\u00eet\u00ee be, dibe ji aliyek din be an j\u00ee b\u00eaal\u00ee be. Gir\u00eeng ew e ku li ser w\u00ee kes\u00ee lihevhatina Kurd\u00ee hebe \u00fb n\u00fbneratiya gel\u00ea Kurdistan\u00ea bike ji bo wergirtina posta Serokkomar\u00ea Iraq\u00ea.<\/h3>\n<h3 style=\"text-align: justify\">Mes\u00fbd Barzan\u00ee<\/h3>\n<h3 style=\"text-align: justify\">29.12.2025<\/h3>\n","protected":false},"excerpt":{"rendered":"<p>Serok Barzan\u00ee \u00eero roja du\u015fem, 29\/12\/2025an, li ser posta serokkomar\u00ea \u00ceraq\u00ea peyamek belav kir \u00fb t\u00ea de ragihand merc n\u00eene kes\u00ea ku ji boy serok komariya \u00ceraq\u00ea t\u00ea hilbijartin PDK\u2019ey\u00ee yan YNK\u2019ey\u00ee be. Naveroka peyama Serok Barzan\u00ee bi vi awaye: Bi nav\u00ea Xweday\u00ea mezin \u00fb dilovan Di derbar\u00ea posta Serokkomar\u00ea Iraq\u00ea de, div\u00ea hem\u00fb aliy\u00ean [&hellip;]<\/p>\n","protected":false},"author":2,"featured_media":1051171,"comment_status":"closed","ping_status":"closed","sticky":false,"template":"","format":"standard","meta":{"footnotes":""},"categories":[29],"tags":[37],"class_list":["post-1051170","post","type-post","status-publish","format-standard","has-post-thumbnail","hentry","category-kurdistan","tag-sereke"],"blocksy_meta":[],"seo_head":"<!-- This site is optimized with the Yoast SEO plugin v27.5 - https:\/\/yoast.com\/product\/yoast-seo-wordpress\/ -->\n<title>Peyamek ji Serok Barzan\u00ee di derbar\u00ea posta Serokkomar\u00ea \u00ceraq\u00ea de - Darka Maz\u00ee<\/title>\n<meta name=\"robots\" content=\"index, follow, max-snippet:-1, max-image-preview:large, max-video-preview:-1\" \/>\n<link rel=\"canonical\" href=\"https:\/\/darkamazi.info\/archives\/1051170\" \/>\n<meta property=\"og:locale\" content=\"en_US\" \/>\n<meta property=\"og:type\" content=\"article\" \/>\n<meta property=\"og:title\" content=\"Peyamek ji Serok Barzan\u00ee di derbar\u00ea posta Serokkomar\u00ea \u00ceraq\u00ea de - Darka Maz\u00ee\" \/>\n<meta property=\"og:description\" content=\"Serok Barzan\u00ee \u00eero roja du\u015fem, 29\/12\/2025an, li ser posta serokkomar\u00ea \u00ceraq\u00ea peyamek belav kir \u00fb t\u00ea de ragihand merc n\u00eene kes\u00ea ku ji boy serok komariya \u00ceraq\u00ea t\u00ea hilbijartin PDK\u2019ey\u00ee yan YNK\u2019ey\u00ee be. Naveroka peyama Serok Barzan\u00ee bi vi awaye: Bi nav\u00ea Xweday\u00ea mezin \u00fb dilovan Di derbar\u00ea posta Serokkomar\u00ea Iraq\u00ea de, div\u00ea hem\u00fb aliy\u00ean [&hellip;]\" \/>\n<meta property=\"og:url\" content=\"https:\/\/darkamazi.info\/archives\/1051170\" \/>\n<meta property=\"og:site_name\" content=\"Darka Maz\u00ee\" \/>\n<meta property=\"article:publisher\" content=\"https:\/\/www.facebook.com\/DarMaziKurmanci\" \/>\n<meta property=\"article:published_time\" content=\"2025-12-29T10:08:37+00:00\" \/>\n<meta property=\"og:image\" content=\"https:\/\/darkamazi.info\/file\/2025\/12\/Barzani-referandum-Info.jpg\" \/>\n\t<meta property=\"og:image:width\" content=\"900\" \/>\n\t<meta property=\"og:image:height\" content=\"497\" \/>\n\t<meta property=\"og:image:type\" content=\"image\/jpeg\" \/>\n<meta name=\"author\" content=\"darka mazi\" \/>\n<meta name=\"twitter:card\" content=\"summary_large_image\" \/>\n<meta name=\"twitter:creator\" content=\"@DarkaMaziLatini\" \/>\n<meta name=\"twitter:site\" content=\"@DarkaMaziLatini\" \/>\n<meta name=\"twitter:label1\" content=\"Written by\" \/>\n\t<meta name=\"twitter:data1\" content=\"darka mazi\" \/>\n\t<meta name=\"twitter:label2\" content=\"Est. reading time\" \/>\n\t<meta name=\"twitter:data2\" content=\"2 minutes\" \/>\n<script type=\"application\/ld+json\" class=\"seo-schema-graph\">{\"@context\":\"https:\\\/\\\/schema.org\",\"@graph\":[{\"@type\":\"Article\",\"@id\":\"https:\\\/\\\/darkamazi.info\\\/archives\\\/1051170#article\",\"isPartOf\":{\"@id\":\"https:\\\/\\\/darkamazi.info\\\/archives\\\/1051170\"},\"author\":{\"name\":\"darka mazi\",\"@id\":\"https:\\\/\\\/darkamazi.info\\\/#\\\/schema\\\/person\\\/5ad3e24553a0567993fa8ed4bd0a776c\"},\"headline\":\"Peyamek ji Serok Barzan\u00ee di derbar\u00ea posta Serokkomar\u00ea \u00ceraq\u00ea de\",\"datePublished\":\"2025-12-29T10:08:37+00:00\",\"mainEntityOfPage\":{\"@id\":\"https:\\\/\\\/darkamazi.info\\\/archives\\\/1051170\"},\"wordCount\":235,\"publisher\":{\"@id\":\"https:\\\/\\\/darkamazi.info\\\/#organization\"},\"image\":{\"@id\":\"https:\\\/\\\/darkamazi.info\\\/archives\\\/1051170#primaryimage\"},\"thumbnailUrl\":\"https:\\\/\\\/darkamazi.info\\\/darka-content\\\/uploads\\\/2025\\\/12\\\/Barzani-referandum-Info.jpg\",\"keywords\":[\"sereke\"],\"articleSection\":[\"Kurdistan\"],\"inLanguage\":\"en-US\"},{\"@type\":\"WebPage\",\"@id\":\"https:\\\/\\\/darkamazi.info\\\/archives\\\/1051170\",\"url\":\"https:\\\/\\\/darkamazi.info\\\/archives\\\/1051170\",\"name\":\"Peyamek ji Serok Barzan\u00ee di derbar\u00ea posta Serokkomar\u00ea \u00ceraq\u00ea de - Darka Maz\u00ee\",\"isPartOf\":{\"@id\":\"https:\\\/\\\/darkamazi.info\\\/#website\"},\"primaryImageOfPage\":{\"@id\":\"https:\\\/\\\/darkamazi.info\\\/archives\\\/1051170#primaryimage\"},\"image\":{\"@id\":\"https:\\\/\\\/darkamazi.info\\\/archives\\\/1051170#primaryimage\"},\"thumbnailUrl\":\"https:\\\/\\\/darkamazi.info\\\/darka-content\\\/uploads\\\/2025\\\/12\\\/Barzani-referandum-Info.jpg\",\"datePublished\":\"2025-12-29T10:08:37+00:00\",\"breadcrumb\":{\"@id\":\"https:\\\/\\\/darkamazi.info\\\/archives\\\/1051170#breadcrumb\"},\"inLanguage\":\"en-US\",\"potentialAction\":[{\"@type\":\"ReadAction\",\"target\":[\"https:\\\/\\\/darkamazi.info\\\/archives\\\/1051170\"]}]},{\"@type\":\"ImageObject\",\"inLanguage\":\"en-US\",\"@id\":\"https:\\\/\\\/darkamazi.info\\\/archives\\\/1051170#primaryimage\",\"url\":\"https:\\\/\\\/darkamazi.info\\\/darka-content\\\/uploads\\\/2025\\\/12\\\/Barzani-referandum-Info.jpg\",\"contentUrl\":\"https:\\\/\\\/darkamazi.info\\\/darka-content\\\/uploads\\\/2025\\\/12\\\/Barzani-referandum-Info.jpg\",\"width\":900,\"height\":497,\"caption\":\"Peyamek ji Serok Barzan\u00ee di derbar\u00ea posta Serokkomar\u00ea \u00ceraq\u00ea de\"},{\"@type\":\"BreadcrumbList\",\"@id\":\"https:\\\/\\\/darkamazi.info\\\/archives\\\/1051170#breadcrumb\",\"itemListElement\":[{\"@type\":\"ListItem\",\"position\":1,\"name\":\"Home\",\"item\":\"https:\\\/\\\/darkamazi.info\\\/\"},{\"@type\":\"ListItem\",\"position\":2,\"name\":\"Peyamek ji Serok Barzan\u00ee di derbar\u00ea posta Serokkomar\u00ea \u00ceraq\u00ea de\"}]},{\"@type\":\"WebSite\",\"@id\":\"https:\\\/\\\/darkamazi.info\\\/#website\",\"url\":\"https:\\\/\\\/darkamazi.info\\\/\",\"name\":\"Darka Maz\u00ee\",\"description\":\"P\u00eageha Zanyariy\u00ean Nebih\u00eest\u00ee\",\"publisher\":{\"@id\":\"https:\\\/\\\/darkamazi.info\\\/#organization\"},\"potentialAction\":[{\"@type\":\"SearchAction\",\"target\":{\"@type\":\"EntryPoint\",\"urlTemplate\":\"https:\\\/\\\/darkamazi.info\\\/?s={search_term_string}\"},\"query-input\":{\"@type\":\"PropertyValueSpecification\",\"valueRequired\":true,\"valueName\":\"search_term_string\"}}],\"inLanguage\":\"en-US\"},{\"@type\":\"Organization\",\"@id\":\"https:\\\/\\\/darkamazi.info\\\/#organization\",\"name\":\"Darka Maz\u00ee\",\"url\":\"https:\\\/\\\/darkamazi.info\\\/\",\"logo\":{\"@type\":\"ImageObject\",\"inLanguage\":\"en-US\",\"@id\":\"https:\\\/\\\/darkamazi.info\\\/#\\\/schema\\\/logo\\\/image\\\/\",\"url\":\"https:\\\/\\\/darkamazi.info\\\/darka-content\\\/uploads\\\/2017\\\/12\\\/darka-mazi-logo.png\",\"contentUrl\":\"https:\\\/\\\/darkamazi.info\\\/darka-content\\\/uploads\\\/2017\\\/12\\\/darka-mazi-logo.png\",\"width\":151,\"height\":75,\"caption\":\"Darka Maz\u00ee\"},\"image\":{\"@id\":\"https:\\\/\\\/darkamazi.info\\\/#\\\/schema\\\/logo\\\/image\\\/\"},\"sameAs\":[\"https:\\\/\\\/www.facebook.com\\\/DarMaziKurmanci\",\"https:\\\/\\\/x.com\\\/DarkaMaziLatini\",\"https:\\\/\\\/www.instagram.com\\\/darkamazi.kurmanci\\\/\",\"https:\\\/\\\/www.youtube.com\\\/channel\\\/UCa5HkTdmI8U1qCUFuTw8B2g\"]},{\"@type\":\"Person\",\"@id\":\"https:\\\/\\\/darkamazi.info\\\/#\\\/schema\\\/person\\\/5ad3e24553a0567993fa8ed4bd0a776c\",\"name\":\"darka mazi\",\"sameAs\":[\"https:\\\/\\\/darkamazi.info\\\/\"],\"url\":\"https:\\\/\\\/darkamazi.info\\\/archives\\\/author\\\/kurdi\"}]}<\/script>\n<!-- \/ Yoast SEO plugin. -->","seo_head_json":{"title":"Peyamek ji Serok Barzan\u00ee di derbar\u00ea posta Serokkomar\u00ea \u00ceraq\u00ea de - Darka Maz\u00ee","robots":{"index":"index","follow":"follow","max-snippet":"max-snippet:-1","max-image-preview":"max-image-preview:large","max-video-preview":"max-video-preview:-1"},"canonical":"https:\/\/darkamazi.info\/archives\/1051170","og_locale":"en_US","og_type":"article","og_title":"Peyamek ji Serok Barzan\u00ee di derbar\u00ea posta Serokkomar\u00ea \u00ceraq\u00ea de - Darka Maz\u00ee","og_description":"Serok Barzan\u00ee \u00eero roja du\u015fem, 29\/12\/2025an, li ser posta serokkomar\u00ea \u00ceraq\u00ea peyamek belav kir \u00fb t\u00ea de ragihand merc n\u00eene kes\u00ea ku ji boy serok komariya \u00ceraq\u00ea t\u00ea hilbijartin PDK\u2019ey\u00ee yan YNK\u2019ey\u00ee be. Naveroka peyama Serok Barzan\u00ee bi vi awaye: Bi nav\u00ea Xweday\u00ea mezin \u00fb dilovan Di derbar\u00ea posta Serokkomar\u00ea Iraq\u00ea de, div\u00ea hem\u00fb aliy\u00ean [&hellip;]","og_url":"https:\/\/darkamazi.info\/archives\/1051170","og_site_name":"Darka Maz\u00ee","article_publisher":"https:\/\/www.facebook.com\/DarMaziKurmanci","article_published_time":"2025-12-29T10:08:37+00:00","og_image":[{"width":900,"height":497,"url":"https:\/\/darkamazi.info\/file\/2025\/12\/Barzani-referandum-Info.jpg","type":"image\/jpeg"}],"author":"darka mazi","twitter_card":"summary_large_image","twitter_creator":"@DarkaMaziLatini","twitter_site":"@DarkaMaziLatini","twitter_misc":{"Written by":"darka mazi","Est. reading time":"2 minutes"},"schema":{"@context":"https:\/\/schema.org","@graph":[{"@type":"Article","@id":"https:\/\/darkamazi.info\/archives\/1051170#article","isPartOf":{"@id":"https:\/\/darkamazi.info\/archives\/1051170"},"author":{"name":"darka mazi","@id":"https:\/\/darkamazi.info\/#\/schema\/person\/5ad3e24553a0567993fa8ed4bd0a776c"},"headline":"Peyamek ji Serok Barzan\u00ee di derbar\u00ea posta Serokkomar\u00ea \u00ceraq\u00ea de","datePublished":"2025-12-29T10:08:37+00:00","mainEntityOfPage":{"@id":"https:\/\/darkamazi.info\/archives\/1051170"},"wordCount":235,"publisher":{"@id":"https:\/\/darkamazi.info\/#organization"},"image":{"@id":"https:\/\/darkamazi.info\/archives\/1051170#primaryimage"},"thumbnailUrl":"https:\/\/darkamazi.info\/file\/2025\/12\/Barzani-referandum-Info.jpg","keywords":["sereke"],"articleSection":["Kurdistan"],"inLanguage":"en-US"},{"@type":"WebPage","@id":"https:\/\/darkamazi.info\/archives\/1051170","url":"https:\/\/darkamazi.info\/archives\/1051170","name":"Peyamek ji Serok Barzan\u00ee di derbar\u00ea posta Serokkomar\u00ea \u00ceraq\u00ea de - Darka Maz\u00ee","isPartOf":{"@id":"https:\/\/darkamazi.info\/#website"},"primaryImageOfPage":{"@id":"https:\/\/darkamazi.info\/archives\/1051170#primaryimage"},"image":{"@id":"https:\/\/darkamazi.info\/archives\/1051170#primaryimage"},"thumbnailUrl":"https:\/\/darkamazi.info\/file\/2025\/12\/Barzani-referandum-Info.jpg","datePublished":"2025-12-29T10:08:37+00:00","breadcrumb":{"@id":"https:\/\/darkamazi.info\/archives\/1051170#breadcrumb"},"inLanguage":"en-US","potentialAction":[{"@type":"ReadAction","target":["https:\/\/darkamazi.info\/archives\/1051170"]}]},{"@type":"ImageObject","inLanguage":"en-US","@id":"https:\/\/darkamazi.info\/archives\/1051170#primaryimage","url":"https:\/\/darkamazi.info\/file\/2025\/12\/Barzani-referandum-Info.jpg","contentUrl":"https:\/\/darkamazi.info\/file\/2025\/12\/Barzani-referandum-Info.jpg","width":900,"height":497,"caption":"Peyamek ji Serok Barzan\u00ee di derbar\u00ea posta Serokkomar\u00ea \u00ceraq\u00ea de"},{"@type":"BreadcrumbList","@id":"https:\/\/darkamazi.info\/archives\/1051170#breadcrumb","itemListElement":[{"@type":"ListItem","position":1,"name":"Home","item":"https:\/\/darkamazi.info\/"},{"@type":"ListItem","position":2,"name":"Peyamek ji Serok Barzan\u00ee di derbar\u00ea posta Serokkomar\u00ea \u00ceraq\u00ea de"}]},{"@type":"WebSite","@id":"https:\/\/darkamazi.info\/#website","url":"https:\/\/darkamazi.info\/","name":"Darka Maz\u00ee","description":"P\u00eageha Zanyariy\u00ean Nebih\u00eest\u00ee","publisher":{"@id":"https:\/\/darkamazi.info\/#organization"},"potentialAction":[{"@type":"SearchAction","target":{"@type":"EntryPoint","urlTemplate":"https:\/\/darkamazi.info\/?s={search_term_string}"},"query-input":{"@type":"PropertyValueSpecification","valueRequired":true,"valueName":"search_term_string"}}],"inLanguage":"en-US"},{"@type":"Organization","@id":"https:\/\/darkamazi.info\/#organization","name":"Darka Maz\u00ee","url":"https:\/\/darkamazi.info\/","logo":{"@type":"ImageObject","inLanguage":"en-US","@id":"https:\/\/darkamazi.info\/#\/schema\/logo\/image\/","url":"https:\/\/darkamazi.info\/file\/2017\/12\/darka-mazi-logo.png","contentUrl":"https:\/\/darkamazi.info\/file\/2017\/12\/darka-mazi-logo.png","width":151,"height":75,"caption":"Darka Maz\u00ee"},"image":{"@id":"https:\/\/darkamazi.info\/#\/schema\/logo\/image\/"},"sameAs":["https:\/\/www.facebook.com\/DarMaziKurmanci","https:\/\/x.com\/DarkaMaziLatini","https:\/\/www.instagram.com\/darkamazi.kurmanci\/","https:\/\/www.youtube.com\/channel\/UCa5HkTdmI8U1qCUFuTw8B2g"]},{"@type":"Person","@id":"https:\/\/darkamazi.info\/#\/schema\/person\/5ad3e24553a0567993fa8ed4bd0a776c","name":"darka mazi","sameAs":["https:\/\/darkamazi.info\/"],"url":"https:\/\/darkamazi.info\/archives\/author\/kurdi"}]}},"_links":{"self":[{"href":"https:\/\/darkamazi.info\/funavuv\/wp\/v2\/posts\/1051170","targetHints":{"allow":["GET"]}}],"collection":[{"href":"https:\/\/darkamazi.info\/funavuv\/wp\/v2\/posts"}],"about":[{"href":"https:\/\/darkamazi.info\/funavuv\/wp\/v2\/types\/post"}],"author":[{"embeddable":true,"href":"https:\/\/darkamazi.info\/funavuv\/wp\/v2\/users\/2"}],"replies":[{"embeddable":true,"href":"https:\/\/darkamazi.info\/funavuv\/wp\/v2\/comments?post=1051170"}],"version-history":[{"count":0,"href":"https:\/\/darkamazi.info\/funavuv\/wp\/v2\/posts\/1051170\/revisions"}],"wp:featuredmedia":[{"embeddable":true,"href":"https:\/\/darkamazi.info\/funavuv\/wp\/v2\/media\/1051171"}],"wp:attachment":[{"href":"https:\/\/darkamazi.info\/funavuv\/wp\/v2\/media?parent=1051170"}],"wp:term":[{"taxonomy":"category","embeddable":true,"href":"https:\/\/darkamazi.info\/funavuv\/wp\/v2\/categories?post=1051170"},{"taxonomy":"post_tag","embeddable":true,"href":"https:\/\/darkamazi.info\/funavuv\/wp\/v2\/tags?post=1051170"}],"curies":[{"name":"wp","href":"https:\/\/api.w.org\/{rel}","templated":true}]}}