{"id":1051173,"date":"2025-12-29T15:26:18","date_gmt":"2025-12-29T12:26:18","guid":{"rendered":"https:\/\/darkamazi.info\/?p=1051173"},"modified":"2025-12-29T15:27:38","modified_gmt":"2025-12-29T12:27:38","slug":"li-yalovaye-di-operasyona-li-diji-daise-de-3-polis-hatin-kustin","status":"publish","type":"post","link":"https:\/\/darkamazi.info\/archives\/1051173","title":{"rendered":"Li Yalovay\u00ea di operasyona li dij\u00ee DAI\u015e\u00ea de 3 pol\u00ees hatin ku\u015ftin"},"content":{"rendered":"<h3 style=\"text-align: justify\"><span style=\"font-family: 'arial black', sans-serif\">Di operasyona li dij\u00ee DAI\u015e\u00ea de di navbera pol\u00ees\u00ea Tirk \u00fb endam\u00ean DAI\u015e\u00ea de \u015fer \u00fb pev\u00e7\u00fbn derket \u00fb 3 pol\u00ees hatin ku\u015ftin, 8 pol\u00ees \u00fb bek\u00e7iyek j\u00ee bir\u00eendar b\u00fbn. Hat ragehandin 6 endam\u00ean r\u00eaxistina teror\u00eest a DAI\u015e\u00ea j\u00ee hatin ku\u015ftin.<\/span><\/h3>\n<h3 style=\"text-align: justify\">B\u00fbyer \u015feva bor\u00ee demjim\u00ear 02:00\u00ea p\u00eakhat \u00fb li taxa \u00cesmetpa\u015fa operasyon li dij\u00ee malek\u00ee p\u00eakhat \u00fb \u015fer \u00fb pev\u00e7\u00fbn derket.<\/h3>\n<h3 style=\"text-align: justify\">Di encam\u00ea de 3 pol\u00ees hatin ku\u015ftin \u00fb 8 pol\u00ees \u00fb bek\u00e7iyek j\u00ee bir\u00eendar b\u00fbn.<\/h3>\n<h3 style=\"text-align: justify\">Derbar\u00ea b\u00fbyer\u00ea de Wez\u00eer\u00ea Navxwe y\u00ea Tirkiy\u00ea Al\u00ee Yerlikaya ragehand; Pol\u00ees\u00ean me \u00celker Pehlivan, Turgut Kulunk \u00fb Yas\u00een Ko\u00e7yigit di operasyon\u00ea de hatin ku\u015ftin \u00fb em ji xwed\u00ea daxwaz dikin, rehma xwe li wan bike \u00fb ser\u00ea malbat \u00fb saziya ewlehiy\u00ea saxbe.<\/h3>\n<h3 style=\"text-align: justify\">Herwaha ragehand, di b\u00fbyer\u00ea de 6 endam\u00ean r\u00eaxistina teror\u00eest j\u00ee hatine ku\u015ftin \u00fb ragehand; endam\u00ean r\u00eaxistina teror\u00eest \u00ean DAI\u015e\u00ea y\u00ean hatine ku\u015ftin hemwelatiy\u00ean Tirkiy\u00ea ne.<\/h3>\n<h3 style=\"text-align: justify\">Wez\u00eer\u00ea Navxwe y\u00ea Tirkiy\u00ea got; Operasyona demjim\u00ear 02:00\u00ea destp\u00eakir, heta ser\u00ea sibeh\u00ea demjim\u00ear 09:40\u00ea berdewam kiriye \u00fb temam b\u00fbye \u00fb got, 5 jin \u00fb 6 zarok\u00ean li heman adres\u00ea b\u00fbn, ji mal\u00ea hatine derxistin.<\/h3>\n","protected":false},"excerpt":{"rendered":"<p>Di operasyona li dij\u00ee DAI\u015e\u00ea de di navbera pol\u00ees\u00ea Tirk \u00fb endam\u00ean DAI\u015e\u00ea de \u015fer \u00fb pev\u00e7\u00fbn derket \u00fb 3 pol\u00ees hatin ku\u015ftin, 8 pol\u00ees \u00fb bek\u00e7iyek j\u00ee bir\u00eendar b\u00fbn. Hat ragehandin 6 endam\u00ean r\u00eaxistina teror\u00eest a DAI\u015e\u00ea j\u00ee hatin ku\u015ftin. B\u00fbyer \u015feva bor\u00ee demjim\u00ear 02:00\u00ea p\u00eakhat \u00fb li taxa \u00cesmetpa\u015fa operasyon li dij\u00ee malek\u00ee [&hellip;]<\/p>\n","protected":false},"author":2,"featured_media":1051175,"comment_status":"closed","ping_status":"closed","sticky":false,"template":"","format":"standard","meta":{"footnotes":""},"categories":[31],"tags":[37],"class_list":["post-1051173","post","type-post","status-publish","format-standard","has-post-thumbnail","hentry","category-rojhelata-navin","tag-sereke"],"blocksy_meta":[],"seo_head":"<!-- This site is optimized with the Yoast SEO plugin v27.5 - https:\/\/yoast.com\/product\/yoast-seo-wordpress\/ -->\n<title>Li Yalovay\u00ea di operasyona li dij\u00ee DAI\u015e\u00ea de 3 pol\u00ees hatin ku\u015ftin - Darka Maz\u00ee<\/title>\n<meta name=\"robots\" content=\"index, follow, max-snippet:-1, max-image-preview:large, max-video-preview:-1\" \/>\n<link rel=\"canonical\" href=\"https:\/\/darkamazi.info\/archives\/1051173\" \/>\n<meta property=\"og:locale\" content=\"en_US\" \/>\n<meta property=\"og:type\" content=\"article\" \/>\n<meta property=\"og:title\" content=\"Li Yalovay\u00ea di operasyona li dij\u00ee DAI\u015e\u00ea de 3 pol\u00ees hatin ku\u015ftin - Darka Maz\u00ee\" \/>\n<meta property=\"og:description\" content=\"Di operasyona li dij\u00ee DAI\u015e\u00ea de di navbera pol\u00ees\u00ea Tirk \u00fb endam\u00ean DAI\u015e\u00ea de \u015fer \u00fb pev\u00e7\u00fbn derket \u00fb 3 pol\u00ees hatin ku\u015ftin, 8 pol\u00ees \u00fb bek\u00e7iyek j\u00ee bir\u00eendar b\u00fbn. Hat ragehandin 6 endam\u00ean r\u00eaxistina teror\u00eest a DAI\u015e\u00ea j\u00ee hatin ku\u015ftin. B\u00fbyer \u015feva bor\u00ee demjim\u00ear 02:00\u00ea p\u00eakhat \u00fb li taxa \u00cesmetpa\u015fa operasyon li dij\u00ee malek\u00ee [&hellip;]\" \/>\n<meta property=\"og:url\" content=\"https:\/\/darkamazi.info\/archives\/1051173\" \/>\n<meta property=\"og:site_name\" content=\"Darka Maz\u00ee\" \/>\n<meta property=\"article:publisher\" content=\"https:\/\/www.facebook.com\/DarMaziKurmanci\" \/>\n<meta property=\"article:published_time\" content=\"2025-12-29T12:26:18+00:00\" \/>\n<meta property=\"article:modified_time\" content=\"2025-12-29T12:27:38+00:00\" \/>\n<meta property=\"og:image\" content=\"https:\/\/darkamazi.info\/file\/2025\/12\/tirkiye-kusti.jpg\" \/>\n\t<meta property=\"og:image:width\" content=\"900\" \/>\n\t<meta property=\"og:image:height\" content=\"497\" \/>\n\t<meta property=\"og:image:type\" content=\"image\/jpeg\" \/>\n<meta name=\"author\" content=\"darka mazi\" \/>\n<meta name=\"twitter:card\" content=\"summary_large_image\" \/>\n<meta name=\"twitter:creator\" content=\"@DarkaMaziLatini\" \/>\n<meta name=\"twitter:site\" content=\"@DarkaMaziLatini\" \/>\n<meta name=\"twitter:label1\" content=\"Written by\" \/>\n\t<meta name=\"twitter:data1\" content=\"darka mazi\" \/>\n\t<meta name=\"twitter:label2\" content=\"Est. reading time\" \/>\n\t<meta name=\"twitter:data2\" content=\"1 minute\" \/>\n<script type=\"application\/ld+json\" class=\"seo-schema-graph\">{\"@context\":\"https:\\\/\\\/schema.org\",\"@graph\":[{\"@type\":\"Article\",\"@id\":\"https:\\\/\\\/darkamazi.info\\\/archives\\\/1051173#article\",\"isPartOf\":{\"@id\":\"https:\\\/\\\/darkamazi.info\\\/archives\\\/1051173\"},\"author\":{\"name\":\"darka mazi\",\"@id\":\"https:\\\/\\\/darkamazi.info\\\/#\\\/schema\\\/person\\\/5ad3e24553a0567993fa8ed4bd0a776c\"},\"headline\":\"Li Yalovay\u00ea di operasyona li dij\u00ee DAI\u015e\u00ea de 3 pol\u00ees hatin ku\u015ftin\",\"datePublished\":\"2025-12-29T12:26:18+00:00\",\"dateModified\":\"2025-12-29T12:27:38+00:00\",\"mainEntityOfPage\":{\"@id\":\"https:\\\/\\\/darkamazi.info\\\/archives\\\/1051173\"},\"wordCount\":212,\"publisher\":{\"@id\":\"https:\\\/\\\/darkamazi.info\\\/#organization\"},\"image\":{\"@id\":\"https:\\\/\\\/darkamazi.info\\\/archives\\\/1051173#primaryimage\"},\"thumbnailUrl\":\"https:\\\/\\\/darkamazi.info\\\/darka-content\\\/uploads\\\/2025\\\/12\\\/tirkiye-kusti.jpg\",\"keywords\":[\"sereke\"],\"articleSection\":[\"Rojhelata nav\u00een\"],\"inLanguage\":\"en-US\"},{\"@type\":\"WebPage\",\"@id\":\"https:\\\/\\\/darkamazi.info\\\/archives\\\/1051173\",\"url\":\"https:\\\/\\\/darkamazi.info\\\/archives\\\/1051173\",\"name\":\"Li Yalovay\u00ea di operasyona li dij\u00ee DAI\u015e\u00ea de 3 pol\u00ees hatin ku\u015ftin - Darka Maz\u00ee\",\"isPartOf\":{\"@id\":\"https:\\\/\\\/darkamazi.info\\\/#website\"},\"primaryImageOfPage\":{\"@id\":\"https:\\\/\\\/darkamazi.info\\\/archives\\\/1051173#primaryimage\"},\"image\":{\"@id\":\"https:\\\/\\\/darkamazi.info\\\/archives\\\/1051173#primaryimage\"},\"thumbnailUrl\":\"https:\\\/\\\/darkamazi.info\\\/darka-content\\\/uploads\\\/2025\\\/12\\\/tirkiye-kusti.jpg\",\"datePublished\":\"2025-12-29T12:26:18+00:00\",\"dateModified\":\"2025-12-29T12:27:38+00:00\",\"breadcrumb\":{\"@id\":\"https:\\\/\\\/darkamazi.info\\\/archives\\\/1051173#breadcrumb\"},\"inLanguage\":\"en-US\",\"potentialAction\":[{\"@type\":\"ReadAction\",\"target\":[\"https:\\\/\\\/darkamazi.info\\\/archives\\\/1051173\"]}]},{\"@type\":\"ImageObject\",\"inLanguage\":\"en-US\",\"@id\":\"https:\\\/\\\/darkamazi.info\\\/archives\\\/1051173#primaryimage\",\"url\":\"https:\\\/\\\/darkamazi.info\\\/darka-content\\\/uploads\\\/2025\\\/12\\\/tirkiye-kusti.jpg\",\"contentUrl\":\"https:\\\/\\\/darkamazi.info\\\/darka-content\\\/uploads\\\/2025\\\/12\\\/tirkiye-kusti.jpg\",\"width\":900,\"height\":497,\"caption\":\"Li Yalovay\u00ea di operasyona li dij\u00ee DAI\u015e\u00ea de 3 pol\u00ees hatin ku\u015ftin\"},{\"@type\":\"BreadcrumbList\",\"@id\":\"https:\\\/\\\/darkamazi.info\\\/archives\\\/1051173#breadcrumb\",\"itemListElement\":[{\"@type\":\"ListItem\",\"position\":1,\"name\":\"Home\",\"item\":\"https:\\\/\\\/darkamazi.info\\\/\"},{\"@type\":\"ListItem\",\"position\":2,\"name\":\"Li Yalovay\u00ea di operasyona li dij\u00ee DAI\u015e\u00ea de 3 pol\u00ees hatin ku\u015ftin\"}]},{\"@type\":\"WebSite\",\"@id\":\"https:\\\/\\\/darkamazi.info\\\/#website\",\"url\":\"https:\\\/\\\/darkamazi.info\\\/\",\"name\":\"Darka Maz\u00ee\",\"description\":\"P\u00eageha Zanyariy\u00ean Nebih\u00eest\u00ee\",\"publisher\":{\"@id\":\"https:\\\/\\\/darkamazi.info\\\/#organization\"},\"potentialAction\":[{\"@type\":\"SearchAction\",\"target\":{\"@type\":\"EntryPoint\",\"urlTemplate\":\"https:\\\/\\\/darkamazi.info\\\/?s={search_term_string}\"},\"query-input\":{\"@type\":\"PropertyValueSpecification\",\"valueRequired\":true,\"valueName\":\"search_term_string\"}}],\"inLanguage\":\"en-US\"},{\"@type\":\"Organization\",\"@id\":\"https:\\\/\\\/darkamazi.info\\\/#organization\",\"name\":\"Darka Maz\u00ee\",\"url\":\"https:\\\/\\\/darkamazi.info\\\/\",\"logo\":{\"@type\":\"ImageObject\",\"inLanguage\":\"en-US\",\"@id\":\"https:\\\/\\\/darkamazi.info\\\/#\\\/schema\\\/logo\\\/image\\\/\",\"url\":\"https:\\\/\\\/darkamazi.info\\\/darka-content\\\/uploads\\\/2017\\\/12\\\/darka-mazi-logo.png\",\"contentUrl\":\"https:\\\/\\\/darkamazi.info\\\/darka-content\\\/uploads\\\/2017\\\/12\\\/darka-mazi-logo.png\",\"width\":151,\"height\":75,\"caption\":\"Darka Maz\u00ee\"},\"image\":{\"@id\":\"https:\\\/\\\/darkamazi.info\\\/#\\\/schema\\\/logo\\\/image\\\/\"},\"sameAs\":[\"https:\\\/\\\/www.facebook.com\\\/DarMaziKurmanci\",\"https:\\\/\\\/x.com\\\/DarkaMaziLatini\",\"https:\\\/\\\/www.instagram.com\\\/darkamazi.kurmanci\\\/\",\"https:\\\/\\\/www.youtube.com\\\/channel\\\/UCa5HkTdmI8U1qCUFuTw8B2g\"]},{\"@type\":\"Person\",\"@id\":\"https:\\\/\\\/darkamazi.info\\\/#\\\/schema\\\/person\\\/5ad3e24553a0567993fa8ed4bd0a776c\",\"name\":\"darka mazi\",\"sameAs\":[\"https:\\\/\\\/darkamazi.info\\\/\"],\"url\":\"https:\\\/\\\/darkamazi.info\\\/archives\\\/author\\\/kurdi\"}]}<\/script>\n<!-- \/ Yoast SEO plugin. -->","seo_head_json":{"title":"Li Yalovay\u00ea di operasyona li dij\u00ee DAI\u015e\u00ea de 3 pol\u00ees hatin ku\u015ftin - Darka Maz\u00ee","robots":{"index":"index","follow":"follow","max-snippet":"max-snippet:-1","max-image-preview":"max-image-preview:large","max-video-preview":"max-video-preview:-1"},"canonical":"https:\/\/darkamazi.info\/archives\/1051173","og_locale":"en_US","og_type":"article","og_title":"Li Yalovay\u00ea di operasyona li dij\u00ee DAI\u015e\u00ea de 3 pol\u00ees hatin ku\u015ftin - Darka Maz\u00ee","og_description":"Di operasyona li dij\u00ee DAI\u015e\u00ea de di navbera pol\u00ees\u00ea Tirk \u00fb endam\u00ean DAI\u015e\u00ea de \u015fer \u00fb pev\u00e7\u00fbn derket \u00fb 3 pol\u00ees hatin ku\u015ftin, 8 pol\u00ees \u00fb bek\u00e7iyek j\u00ee bir\u00eendar b\u00fbn. Hat ragehandin 6 endam\u00ean r\u00eaxistina teror\u00eest a DAI\u015e\u00ea j\u00ee hatin ku\u015ftin. B\u00fbyer \u015feva bor\u00ee demjim\u00ear 02:00\u00ea p\u00eakhat \u00fb li taxa \u00cesmetpa\u015fa operasyon li dij\u00ee malek\u00ee [&hellip;]","og_url":"https:\/\/darkamazi.info\/archives\/1051173","og_site_name":"Darka Maz\u00ee","article_publisher":"https:\/\/www.facebook.com\/DarMaziKurmanci","article_published_time":"2025-12-29T12:26:18+00:00","article_modified_time":"2025-12-29T12:27:38+00:00","og_image":[{"width":900,"height":497,"url":"https:\/\/darkamazi.info\/file\/2025\/12\/tirkiye-kusti.jpg","type":"image\/jpeg"}],"author":"darka mazi","twitter_card":"summary_large_image","twitter_creator":"@DarkaMaziLatini","twitter_site":"@DarkaMaziLatini","twitter_misc":{"Written by":"darka mazi","Est. reading time":"1 minute"},"schema":{"@context":"https:\/\/schema.org","@graph":[{"@type":"Article","@id":"https:\/\/darkamazi.info\/archives\/1051173#article","isPartOf":{"@id":"https:\/\/darkamazi.info\/archives\/1051173"},"author":{"name":"darka mazi","@id":"https:\/\/darkamazi.info\/#\/schema\/person\/5ad3e24553a0567993fa8ed4bd0a776c"},"headline":"Li Yalovay\u00ea di operasyona li dij\u00ee DAI\u015e\u00ea de 3 pol\u00ees hatin ku\u015ftin","datePublished":"2025-12-29T12:26:18+00:00","dateModified":"2025-12-29T12:27:38+00:00","mainEntityOfPage":{"@id":"https:\/\/darkamazi.info\/archives\/1051173"},"wordCount":212,"publisher":{"@id":"https:\/\/darkamazi.info\/#organization"},"image":{"@id":"https:\/\/darkamazi.info\/archives\/1051173#primaryimage"},"thumbnailUrl":"https:\/\/darkamazi.info\/file\/2025\/12\/tirkiye-kusti.jpg","keywords":["sereke"],"articleSection":["Rojhelata nav\u00een"],"inLanguage":"en-US"},{"@type":"WebPage","@id":"https:\/\/darkamazi.info\/archives\/1051173","url":"https:\/\/darkamazi.info\/archives\/1051173","name":"Li Yalovay\u00ea di operasyona li dij\u00ee DAI\u015e\u00ea de 3 pol\u00ees hatin ku\u015ftin - Darka Maz\u00ee","isPartOf":{"@id":"https:\/\/darkamazi.info\/#website"},"primaryImageOfPage":{"@id":"https:\/\/darkamazi.info\/archives\/1051173#primaryimage"},"image":{"@id":"https:\/\/darkamazi.info\/archives\/1051173#primaryimage"},"thumbnailUrl":"https:\/\/darkamazi.info\/file\/2025\/12\/tirkiye-kusti.jpg","datePublished":"2025-12-29T12:26:18+00:00","dateModified":"2025-12-29T12:27:38+00:00","breadcrumb":{"@id":"https:\/\/darkamazi.info\/archives\/1051173#breadcrumb"},"inLanguage":"en-US","potentialAction":[{"@type":"ReadAction","target":["https:\/\/darkamazi.info\/archives\/1051173"]}]},{"@type":"ImageObject","inLanguage":"en-US","@id":"https:\/\/darkamazi.info\/archives\/1051173#primaryimage","url":"https:\/\/darkamazi.info\/file\/2025\/12\/tirkiye-kusti.jpg","contentUrl":"https:\/\/darkamazi.info\/file\/2025\/12\/tirkiye-kusti.jpg","width":900,"height":497,"caption":"Li Yalovay\u00ea di operasyona li dij\u00ee DAI\u015e\u00ea de 3 pol\u00ees hatin ku\u015ftin"},{"@type":"BreadcrumbList","@id":"https:\/\/darkamazi.info\/archives\/1051173#breadcrumb","itemListElement":[{"@type":"ListItem","position":1,"name":"Home","item":"https:\/\/darkamazi.info\/"},{"@type":"ListItem","position":2,"name":"Li Yalovay\u00ea di operasyona li dij\u00ee DAI\u015e\u00ea de 3 pol\u00ees hatin ku\u015ftin"}]},{"@type":"WebSite","@id":"https:\/\/darkamazi.info\/#website","url":"https:\/\/darkamazi.info\/","name":"Darka Maz\u00ee","description":"P\u00eageha Zanyariy\u00ean Nebih\u00eest\u00ee","publisher":{"@id":"https:\/\/darkamazi.info\/#organization"},"potentialAction":[{"@type":"SearchAction","target":{"@type":"EntryPoint","urlTemplate":"https:\/\/darkamazi.info\/?s={search_term_string}"},"query-input":{"@type":"PropertyValueSpecification","valueRequired":true,"valueName":"search_term_string"}}],"inLanguage":"en-US"},{"@type":"Organization","@id":"https:\/\/darkamazi.info\/#organization","name":"Darka Maz\u00ee","url":"https:\/\/darkamazi.info\/","logo":{"@type":"ImageObject","inLanguage":"en-US","@id":"https:\/\/darkamazi.info\/#\/schema\/logo\/image\/","url":"https:\/\/darkamazi.info\/file\/2017\/12\/darka-mazi-logo.png","contentUrl":"https:\/\/darkamazi.info\/file\/2017\/12\/darka-mazi-logo.png","width":151,"height":75,"caption":"Darka Maz\u00ee"},"image":{"@id":"https:\/\/darkamazi.info\/#\/schema\/logo\/image\/"},"sameAs":["https:\/\/www.facebook.com\/DarMaziKurmanci","https:\/\/x.com\/DarkaMaziLatini","https:\/\/www.instagram.com\/darkamazi.kurmanci\/","https:\/\/www.youtube.com\/channel\/UCa5HkTdmI8U1qCUFuTw8B2g"]},{"@type":"Person","@id":"https:\/\/darkamazi.info\/#\/schema\/person\/5ad3e24553a0567993fa8ed4bd0a776c","name":"darka mazi","sameAs":["https:\/\/darkamazi.info\/"],"url":"https:\/\/darkamazi.info\/archives\/author\/kurdi"}]}},"_links":{"self":[{"href":"https:\/\/darkamazi.info\/funavuv\/wp\/v2\/posts\/1051173","targetHints":{"allow":["GET"]}}],"collection":[{"href":"https:\/\/darkamazi.info\/funavuv\/wp\/v2\/posts"}],"about":[{"href":"https:\/\/darkamazi.info\/funavuv\/wp\/v2\/types\/post"}],"author":[{"embeddable":true,"href":"https:\/\/darkamazi.info\/funavuv\/wp\/v2\/users\/2"}],"replies":[{"embeddable":true,"href":"https:\/\/darkamazi.info\/funavuv\/wp\/v2\/comments?post=1051173"}],"version-history":[{"count":0,"href":"https:\/\/darkamazi.info\/funavuv\/wp\/v2\/posts\/1051173\/revisions"}],"wp:featuredmedia":[{"embeddable":true,"href":"https:\/\/darkamazi.info\/funavuv\/wp\/v2\/media\/1051175"}],"wp:attachment":[{"href":"https:\/\/darkamazi.info\/funavuv\/wp\/v2\/media?parent=1051173"}],"wp:term":[{"taxonomy":"category","embeddable":true,"href":"https:\/\/darkamazi.info\/funavuv\/wp\/v2\/categories?post=1051173"},{"taxonomy":"post_tag","embeddable":true,"href":"https:\/\/darkamazi.info\/funavuv\/wp\/v2\/tags?post=1051173"}],"curies":[{"name":"wp","href":"https:\/\/api.w.org\/{rel}","templated":true}]}}