{"id":1051179,"date":"2025-12-30T12:32:33","date_gmt":"2025-12-30T09:32:33","guid":{"rendered":"https:\/\/darkamazi.info\/?p=1051179"},"modified":"2025-12-30T12:32:33","modified_gmt":"2025-12-30T09:32:33","slug":"ocalan-peyamek-belav-kir-heman-daxwaziya-dewleta-tirk-ji-rojava-kiriye","status":"publish","type":"post","link":"https:\/\/darkamazi.info\/archives\/1051179","title":{"rendered":"Ocalan peyamek belav kir: Heman daxwaziya dewleta Tirk ji Rojava kir\u00eeye"},"content":{"rendered":"<h3 style=\"text-align: justify\"><span style=\"font-family: 'arial black', sans-serif\">R\u00eaber\u00ea PKK\u00ea \u00eero peyamek belav kir \u00fb t\u00eada daxwaz bich\u00ee an\u00eena peyama 10\u00ee Adar\u00ea ji r\u00eaveber\u00eeya Rojava kir\u00eeye, ev j\u00ee heman daxwaz\u00eeya Ardogan \u00fb dewleta Tirk e.<\/span><\/h3>\n<h3 style=\"text-align: justify\"><span style=\"font-family: arial, helvetica, sans-serif\">Partiya gelan ya wekhev\u00ee \u00fb demokrasy\u00ea (Dem Part\u00ee), \u00eero roja s\u00ea\u015fem\u00ee 30 Kan\u00fbna 2025\u00ea peyama sersal\u00ea ya r\u00eaber\u00ea PKK\u00ea Abdulla Ocalan parve kir.<\/span><\/h3>\n<h3 style=\"text-align: justify\"><span style=\"font-family: arial, helvetica, sans-serif\">Abdulla Ocalan di peyama xwe de behsa p\u00eavajoya \u00e7areseriy\u00ea \u00fb peymana 10\u00ea Adar\u00ea ya ku di navbera S\u00fbriye \u00fb H\u00eaz\u00ean S\u00fbryeya Demokrat\u00eek (HSD\u00ea) de hatiye \u00eemzekirin kir.<\/span><\/h3>\n<h3 style=\"text-align: justify\"><span style=\"font-family: arial, helvetica, sans-serif\">Ocalan diyar kir\u00eeye ku p\u00eakan\u00eena peymana 10\u00ea Adar\u00ea d\u00ea p\u00eavajoy\u00ea rihet bike \u00fb bilez bike. Di v\u00ea p\u00eavajoy\u00ea de rola Tirkiyey\u00ea ya h\u00easanker, avaker \u00fb vekir\u00ee ya ji diyalog\u00ea re xwed\u00ee gir\u00eengiyeke jiyan\u00eeye.<\/span><\/h3>\n<h3 style=\"text-align: justify\"><span style=\"font-family: arial, helvetica, sans-serif\">Ev daxwaz\u00eeya Ocalan zexta li ser Rojava Kurdistan\u00ea \u00fb r\u00eaveber\u00eeya w\u00ea z\u00eadetir dike, taybet pi\u015ft\u00ee ku li roj\u00ean rab\u00fbr\u00ee Hakan F\u00eedan wez\u00eer\u00ea derve y\u00ea Tirkiy\u00ea heman daxwaz\u00ee kirb\u00fb \u00fb gotib\u00fb: Div\u00ea peymana 10\u00ee Adar\u00ea b\u00eay g\u00eero kirin were bic\u00eeh an\u00een.<\/span><\/h3>\n<h3 style=\"text-align: justify\"><span style=\"font-family: 'arial black', sans-serif;color: #8c0707\">Peyama Abdullah Ocalan wiha ye:<\/span><\/h3>\n<h3 style=\"text-align: justify\"><span style=\"font-family: arial, helvetica, sans-serif\">Dema em dikevin saleke n\u00fb, div\u00ea em ducare bi b\u00eer b\u00eenin ku neteweperestiya ku di sedsala bor\u00ee de bi \u00eari\u015f\u00ean emperyal\u00eest re di nav hev de bi p\u00ea\u015f ketiye, Rojhilata Nav\u00een \u00e7awa bi pev\u00e7\u00fbn\u00ean k\u00fbr, w\u00earan\u00ee \u00fb per\u00e7eb\u00fbn\u00ean civak\u00ee re r\u00fbbir\u00fb hi\u015ftiye.<\/span><\/h3>\n<h3 style=\"text-align: justify\"><span style=\"font-family: arial, helvetica, sans-serif\">Mezhebperest\u00ee \u00fb neteweperestiy\u00ean etn\u00eek\u00ee y\u00ean ku \u00eero li her\u00eam\u00ea t\u00ean jiy\u00een hem\u00fb, kok\u00ean xwe ji v\u00ea d\u00eeroka n\u00eaz\u00eek \u00fb bi\u00ea\u015f dist\u00eenin.<\/span><\/h3>\n<h3 style=\"text-align: justify\"><span style=\"font-family: arial, helvetica, sans-serif\">Mixabin stratejiya &#8216;par\u00e7e bike, bi r\u00ea ve bibe \u00fb sor bike&#8217; ya pergala hegemon\u00eek di bin away\u00ean cuda de didome.<\/span><\/h3>\n<h3 style=\"text-align: justify\"><span style=\"font-family: arial, helvetica, sans-serif\">Tam j\u00ee ji ber v\u00ea sedem\u00ea perspekt\u00eefa me ya A\u015ft\u00ee \u00fb Civaka Demokrat\u00eek ku me tev\u00ee zehmetiyan bi p\u00ea\u015f xistiye ne ten\u00ea terc\u00eehek e, wek\u00ee ne\u00e7ariyeke d\u00eerok\u00ee li p\u00ea\u015fiya me disekine.<\/span><\/h3>\n<h3 style=\"text-align: justify\"><span style=\"font-family: arial, helvetica, sans-serif\">Eger rast \u00fb t\u00eagih\u00ee\u015ft\u00ee were nirxandin ev perspekt\u00eef panzeh\u00eerek e ku dikare r\u00ea li ber pev\u00e7\u00fbn\u00ean n\u00fb bigire \u00fb jiyana gelan a bi hev re, wekhev \u00fb azad p\u00eakan bike.<\/span><\/h3>\n<h3 style=\"text-align: justify\"><span style=\"font-family: arial, helvetica, sans-serif\">Di heyama p\u00ea\u015fiya me de berpirsyariya me ya bingeh\u00een ew e ku em r\u00ea li ber pev\u00e7\u00fbneke n\u00fb bigirin ku dikare di demeke kurt de derkeve \u00fb r\u00ea li ber encam\u00ean ku qereb\u00fbkirina wan ne mimkin e bigirin.<\/span><\/h3>\n<h3 style=\"text-align: justify\"><span style=\"font-family: arial, helvetica, sans-serif\">Kr\u00eez\u00ean ku li Rojhilata Nav\u00een k\u00fbr dibin \u00fb pev\u00e7\u00fbn\u00ean pol\u00eet\u00eek, encama ne\u00e7ar a xitim\u00een \u00fb nedidombariya t\u00eagihi\u015ftina \u015faristaniya dewletpar\u00eaz a desthilatxwaz \u00fb despot\u00eek e ku bi hezaran sal in didome.<\/span><\/h3>\n<h3 style=\"text-align: justify\"><span style=\"font-family: arial, helvetica, sans-serif\">\u00c7areseriya Pirsgir\u00eaka Kurdan a ku di navenda van kr\u00eezan de ye j\u00ee, ten\u00ea bi a\u015ftiya civak\u00ee \u00fb lihevkirina demokrat\u00eek p\u00eakan e.<\/span><\/h3>\n<h3 style=\"text-align: justify\"><span style=\"font-family: arial, helvetica, sans-serif\">Gir\u00eengiyeke jiyan\u00ee heye ku pirsgir\u00eak ne bi r\u00eabaz\u00ean pev\u00e7\u00fbn, \u015fer, le\u015fker\u00ee \u00fb ewlehiy\u00ea; li ser zem\u00eeneke demokrat\u00eek a ku \u00eeradeya gelan esas digire were destgirtin.<\/span><\/h3>\n<h3 style=\"text-align: justify\"><span style=\"font-family: arial, helvetica, sans-serif\">Div\u00ea ney\u00ea jib\u00eerkirin ku heta jin azad nebe azadkirina civak\u00ea ne p\u00eakan e.<\/span><\/h3>\n<h3 style=\"text-align: justify\"><span style=\"font-family: arial, helvetica, sans-serif\">Heta z\u00eehniyeta m\u00earsalar \u00e7areser nebe \u00e7anda \u015fer bi daw\u00ee nabe, a\u015ft\u00ee nabe may\u00eende.<\/span><\/h3>\n<h3 style=\"text-align: justify\"><span style=\"font-family: arial, helvetica, sans-serif\">Ji ber v\u00ea yek\u00ea ez azadiya jin\u00ea, wek\u00ee prens\u00eeba avaker \u00fb danen\u00een a civaka demokrat\u00eek dest digirim.<\/span><\/h3>\n<h3 style=\"text-align: justify\"><span style=\"font-family: arial, helvetica, sans-serif\">Tabloya kaot\u00eek a li S\u00fbriyey\u00ea derketiye hol\u00ea j\u00ee n\u00ee\u015faneya e\u015fkere ya p\u00eadiviya demokrat\u00eekb\u00fbn\u00ea ye.<\/span><\/h3>\n<h3 style=\"text-align: justify\"><span style=\"font-family: arial, helvetica, sans-serif\">T\u00eagihi\u015ftina bir\u00eavebiriy\u00ea ya yekperest, zextkar \u00fb ya nasnameyan \u00eenkar dike ku bi salan ajot; daxwaza azad\u00ee \u00fb wekheviy\u00ea ya Kurd, Ereb, Elew\u00ee \u00fb hem\u00fb gelan h\u00ea xurttir kiriye.<\/span><\/h3>\n<h3 style=\"text-align: justify\"><span style=\"font-family: arial, helvetica, sans-serif\">Daxwaza bingeh\u00een a ku di \u00e7ar\u00e7oveya Peymana 10\u00ea Adar\u00ea ya di navbera HSD \u00fb r\u00eaveberiya \u015eam\u00ea de hatiye \u00eemzekirin de hatiye ziman, modelek\u00ee siyas\u00ee ya demokrat\u00eek e ku gel karibin bi hev re xwe bi xwe bi r\u00ea ve bibin.<\/span><\/h3>\n<h3 style=\"text-align: justify\"><span style=\"font-family: arial, helvetica, sans-serif\">Ev n\u00eaz\u00eekat\u00ee, zem\u00eeneke entegrasyona demokrat\u00eek a ku dikare bi avahiya navend\u00ee re were muzakerekirin j\u00ee dihew\u00eene. P\u00eakan\u00eena Peymana 10\u00ea Adar\u00ea, d\u00ea p\u00eavajoy\u00ea rihet bike \u00fb bilez bike.<\/span><\/h3>\n<h3 style=\"text-align: justify\"><span style=\"font-family: arial, helvetica, sans-serif\">Di v\u00ea p\u00eavajoy\u00ea de rola Tirkiyey\u00ea ya h\u00easanker, avaker \u00fb vekir\u00ee ya ji diyalog\u00ea re xwed\u00ee gir\u00eengiyeke jiyan\u00ee ye.<\/span><\/h3>\n<h3 style=\"text-align: justify\"><span style=\"font-family: arial, helvetica, sans-serif\">Ev hem ji aliy\u00ea a\u015ftiya her\u00eam\u00ee ve hem j\u00ee ji aliy\u00ea xurtkirina a\u015ftiya w\u00ea ya navxwey\u00ee ve xwed\u00ee gir\u00eengiyeke kr\u00eet\u00eek e.<\/span><\/h3>\n<h3 style=\"text-align: justify\"><span style=\"font-family: arial, helvetica, sans-serif\">D\u00eeroka modern a Rojhilata Nav\u00een, bi piran\u00ee d\u00eeroka \u2018\u015fore\u015f\u00ean negat\u00eef\u2019 e. \u015eer, zordar\u00ee, \u00eenkar \u00fb w\u00earan\u00ee&#8230; Li hember\u00ee v\u00ea ti\u015ft\u00ea ku em p\u00ea\u015fniyar dikin \u2018\u015fore\u015fa poz\u00eet\u00eef\u2019 e.<\/span><\/h3>\n<h3 style=\"text-align: justify\"><span style=\"font-family: arial, helvetica, sans-serif\">Yan\u00ee jin\u00fbve avakirina civak\u00ea ye bi r\u00eabaz\u00ean demokrat\u00eek, a\u015ftiyane \u00fb exlaq\u00ee-pol\u00eet\u00eek.<\/span><\/h3>\n<h3 style=\"text-align: justify\"><span style=\"font-family: arial, helvetica, sans-serif\">A\u015ftiya ku em bi israr dipar\u00eazin ne encamek e, div\u00ea bibe destp\u00eakeke n\u00fb \u00fb t\u00eako\u015f\u00eena maf, hiq\u00fbq \u00fb demokrat\u00eekb\u00fbn\u00ea ya ku d\u00ea di nav a\u015ftiy\u00ea de were me\u015fandin d\u00ea nefret, dijber\u00ee \u00fb h\u00ears\u00ea ji hol\u00ea rake \u00fb ji bo her kes\u00ee deriy\u00ea jiyaneke n\u00fb veke.<\/span><\/h3>\n<h3 style=\"text-align: justify\"><span style=\"font-family: arial, helvetica, sans-serif\">Bi v\u00ea hi\u015fmendiy\u00ea, ez h\u00eav\u00ee dikim ku sala n\u00fb nebe sala \u015fer, w\u00earan\u00ee \u00fb cudab\u00fbn\u00ea; bibe sala lihevkirina demokrat\u00eek, a\u015ft\u00ee \u00fb \u00eeradeya avakirina pa\u015feroja hevpar a gelan a bi hev re.<\/span><\/h3>\n<h3 style=\"text-align: justify\"><span style=\"font-family: arial, helvetica, sans-serif\">Ez h\u00eav\u00ee dikim ku sala n\u00fb li Tirkiye, Rojhilata Nav\u00een \u00fb c\u00eehan\u00ea der\u00ee li a\u015ft\u00ee, azad\u00ee \u00fb pa\u015ferojeke demokrat\u00eek veke; di ser\u00ee de gel\u00ean ku t\u00eadiko\u015fin, sersala hem\u00fb dostan p\u00eeroz dikim.<\/span><\/h3>\n<h3 style=\"text-align: justify\"><span style=\"font-family: arial, helvetica, sans-serif\">Ez h\u00eav\u00ee dikim ku sala n\u00fb a\u015ft\u00ee \u00fb jiyaneke bi r\u00fbmet ji hem\u00fb gel\u00ean me re b\u00eene, hezkirin \u00fb silav\u00ean xwe di\u015f\u00eenim.<\/span><\/h3>\n<h3 style=\"text-align: justify\"><span style=\"font-family: arial, helvetica, sans-serif\">Ev serdem, d\u00ea bibe serdemeke ku bi azadiya jin\u00ea xurt dibe, gel di nav a\u015ftiy\u00ea de bi nirx\u00ean demokrat\u00eek re dibin yek.&#8221;<\/span><\/h3>\n","protected":false},"excerpt":{"rendered":"<p>R\u00eaber\u00ea PKK\u00ea \u00eero peyamek belav kir \u00fb t\u00eada daxwaz bich\u00ee an\u00eena peyama 10\u00ee Adar\u00ea ji r\u00eaveber\u00eeya Rojava kir\u00eeye, ev j\u00ee heman daxwaz\u00eeya Ardogan \u00fb dewleta Tirk e. Partiya gelan ya wekhev\u00ee \u00fb demokrasy\u00ea (Dem Part\u00ee), \u00eero roja s\u00ea\u015fem\u00ee 30 Kan\u00fbna 2025\u00ea peyama sersal\u00ea ya r\u00eaber\u00ea PKK\u00ea Abdulla Ocalan parve kir. Abdulla Ocalan di peyama xwe [&hellip;]<\/p>\n","protected":false},"author":2,"featured_media":1051180,"comment_status":"closed","ping_status":"closed","sticky":false,"template":"","format":"standard","meta":{"footnotes":""},"categories":[29],"tags":[37],"class_list":["post-1051179","post","type-post","status-publish","format-standard","has-post-thumbnail","hentry","category-kurdistan","tag-sereke"],"blocksy_meta":[],"seo_head":"<!-- This site is optimized with the Yoast SEO plugin v27.5 - https:\/\/yoast.com\/product\/yoast-seo-wordpress\/ -->\n<title>Ocalan peyamek belav kir: Heman daxwaziya dewleta Tirk ji Rojava kir\u00eeye - Darka Maz\u00ee<\/title>\n<meta name=\"robots\" content=\"index, follow, max-snippet:-1, max-image-preview:large, max-video-preview:-1\" \/>\n<link rel=\"canonical\" href=\"https:\/\/darkamazi.info\/archives\/1051179\" \/>\n<meta property=\"og:locale\" content=\"en_US\" \/>\n<meta property=\"og:type\" content=\"article\" \/>\n<meta property=\"og:title\" content=\"Ocalan peyamek belav kir: Heman daxwaziya dewleta Tirk ji Rojava kir\u00eeye - Darka Maz\u00ee\" \/>\n<meta property=\"og:description\" content=\"R\u00eaber\u00ea PKK\u00ea \u00eero peyamek belav kir \u00fb t\u00eada daxwaz bich\u00ee an\u00eena peyama 10\u00ee Adar\u00ea ji r\u00eaveber\u00eeya Rojava kir\u00eeye, ev j\u00ee heman daxwaz\u00eeya Ardogan \u00fb dewleta Tirk e. Partiya gelan ya wekhev\u00ee \u00fb demokrasy\u00ea (Dem Part\u00ee), \u00eero roja s\u00ea\u015fem\u00ee 30 Kan\u00fbna 2025\u00ea peyama sersal\u00ea ya r\u00eaber\u00ea PKK\u00ea Abdulla Ocalan parve kir. Abdulla Ocalan di peyama xwe [&hellip;]\" \/>\n<meta property=\"og:url\" content=\"https:\/\/darkamazi.info\/archives\/1051179\" \/>\n<meta property=\"og:site_name\" content=\"Darka Maz\u00ee\" \/>\n<meta property=\"article:publisher\" content=\"https:\/\/www.facebook.com\/DarMaziKurmanci\" \/>\n<meta property=\"article:published_time\" content=\"2025-12-30T09:32:33+00:00\" \/>\n<meta property=\"og:image\" content=\"https:\/\/darkamazi.info\/file\/2025\/12\/Ocalan-Peyam-Rojava-Info.jpg\" \/>\n\t<meta property=\"og:image:width\" content=\"900\" \/>\n\t<meta property=\"og:image:height\" content=\"500\" \/>\n\t<meta property=\"og:image:type\" content=\"image\/jpeg\" \/>\n<meta name=\"author\" content=\"darka mazi\" \/>\n<meta name=\"twitter:card\" content=\"summary_large_image\" \/>\n<meta name=\"twitter:creator\" content=\"@DarkaMaziLatini\" \/>\n<meta name=\"twitter:site\" content=\"@DarkaMaziLatini\" \/>\n<meta name=\"twitter:label1\" content=\"Written by\" \/>\n\t<meta name=\"twitter:data1\" content=\"darka mazi\" \/>\n\t<meta name=\"twitter:label2\" content=\"Est. reading time\" \/>\n\t<meta name=\"twitter:data2\" content=\"4 minutes\" \/>\n<script type=\"application\/ld+json\" class=\"seo-schema-graph\">{\"@context\":\"https:\\\/\\\/schema.org\",\"@graph\":[{\"@type\":\"Article\",\"@id\":\"https:\\\/\\\/darkamazi.info\\\/archives\\\/1051179#article\",\"isPartOf\":{\"@id\":\"https:\\\/\\\/darkamazi.info\\\/archives\\\/1051179\"},\"author\":{\"name\":\"darka mazi\",\"@id\":\"https:\\\/\\\/darkamazi.info\\\/#\\\/schema\\\/person\\\/5ad3e24553a0567993fa8ed4bd0a776c\"},\"headline\":\"Ocalan peyamek belav kir: Heman daxwaziya dewleta Tirk ji Rojava kir\u00eeye\",\"datePublished\":\"2025-12-30T09:32:33+00:00\",\"mainEntityOfPage\":{\"@id\":\"https:\\\/\\\/darkamazi.info\\\/archives\\\/1051179\"},\"wordCount\":964,\"publisher\":{\"@id\":\"https:\\\/\\\/darkamazi.info\\\/#organization\"},\"image\":{\"@id\":\"https:\\\/\\\/darkamazi.info\\\/archives\\\/1051179#primaryimage\"},\"thumbnailUrl\":\"https:\\\/\\\/darkamazi.info\\\/darka-content\\\/uploads\\\/2025\\\/12\\\/Ocalan-Peyam-Rojava-Info.jpg\",\"keywords\":[\"sereke\"],\"articleSection\":[\"Kurdistan\"],\"inLanguage\":\"en-US\"},{\"@type\":\"WebPage\",\"@id\":\"https:\\\/\\\/darkamazi.info\\\/archives\\\/1051179\",\"url\":\"https:\\\/\\\/darkamazi.info\\\/archives\\\/1051179\",\"name\":\"Ocalan peyamek belav kir: Heman daxwaziya dewleta Tirk ji Rojava kir\u00eeye - Darka Maz\u00ee\",\"isPartOf\":{\"@id\":\"https:\\\/\\\/darkamazi.info\\\/#website\"},\"primaryImageOfPage\":{\"@id\":\"https:\\\/\\\/darkamazi.info\\\/archives\\\/1051179#primaryimage\"},\"image\":{\"@id\":\"https:\\\/\\\/darkamazi.info\\\/archives\\\/1051179#primaryimage\"},\"thumbnailUrl\":\"https:\\\/\\\/darkamazi.info\\\/darka-content\\\/uploads\\\/2025\\\/12\\\/Ocalan-Peyam-Rojava-Info.jpg\",\"datePublished\":\"2025-12-30T09:32:33+00:00\",\"breadcrumb\":{\"@id\":\"https:\\\/\\\/darkamazi.info\\\/archives\\\/1051179#breadcrumb\"},\"inLanguage\":\"en-US\",\"potentialAction\":[{\"@type\":\"ReadAction\",\"target\":[\"https:\\\/\\\/darkamazi.info\\\/archives\\\/1051179\"]}]},{\"@type\":\"ImageObject\",\"inLanguage\":\"en-US\",\"@id\":\"https:\\\/\\\/darkamazi.info\\\/archives\\\/1051179#primaryimage\",\"url\":\"https:\\\/\\\/darkamazi.info\\\/darka-content\\\/uploads\\\/2025\\\/12\\\/Ocalan-Peyam-Rojava-Info.jpg\",\"contentUrl\":\"https:\\\/\\\/darkamazi.info\\\/darka-content\\\/uploads\\\/2025\\\/12\\\/Ocalan-Peyam-Rojava-Info.jpg\",\"width\":900,\"height\":500,\"caption\":\"Ocalan-Peyam-Rojava-Net\"},{\"@type\":\"BreadcrumbList\",\"@id\":\"https:\\\/\\\/darkamazi.info\\\/archives\\\/1051179#breadcrumb\",\"itemListElement\":[{\"@type\":\"ListItem\",\"position\":1,\"name\":\"Home\",\"item\":\"https:\\\/\\\/darkamazi.info\\\/\"},{\"@type\":\"ListItem\",\"position\":2,\"name\":\"Ocalan peyamek belav kir: Heman daxwaziya dewleta Tirk ji Rojava kir\u00eeye\"}]},{\"@type\":\"WebSite\",\"@id\":\"https:\\\/\\\/darkamazi.info\\\/#website\",\"url\":\"https:\\\/\\\/darkamazi.info\\\/\",\"name\":\"Darka Maz\u00ee\",\"description\":\"P\u00eageha Zanyariy\u00ean Nebih\u00eest\u00ee\",\"publisher\":{\"@id\":\"https:\\\/\\\/darkamazi.info\\\/#organization\"},\"potentialAction\":[{\"@type\":\"SearchAction\",\"target\":{\"@type\":\"EntryPoint\",\"urlTemplate\":\"https:\\\/\\\/darkamazi.info\\\/?s={search_term_string}\"},\"query-input\":{\"@type\":\"PropertyValueSpecification\",\"valueRequired\":true,\"valueName\":\"search_term_string\"}}],\"inLanguage\":\"en-US\"},{\"@type\":\"Organization\",\"@id\":\"https:\\\/\\\/darkamazi.info\\\/#organization\",\"name\":\"Darka Maz\u00ee\",\"url\":\"https:\\\/\\\/darkamazi.info\\\/\",\"logo\":{\"@type\":\"ImageObject\",\"inLanguage\":\"en-US\",\"@id\":\"https:\\\/\\\/darkamazi.info\\\/#\\\/schema\\\/logo\\\/image\\\/\",\"url\":\"https:\\\/\\\/darkamazi.info\\\/darka-content\\\/uploads\\\/2017\\\/12\\\/darka-mazi-logo.png\",\"contentUrl\":\"https:\\\/\\\/darkamazi.info\\\/darka-content\\\/uploads\\\/2017\\\/12\\\/darka-mazi-logo.png\",\"width\":151,\"height\":75,\"caption\":\"Darka Maz\u00ee\"},\"image\":{\"@id\":\"https:\\\/\\\/darkamazi.info\\\/#\\\/schema\\\/logo\\\/image\\\/\"},\"sameAs\":[\"https:\\\/\\\/www.facebook.com\\\/DarMaziKurmanci\",\"https:\\\/\\\/x.com\\\/DarkaMaziLatini\",\"https:\\\/\\\/www.instagram.com\\\/darkamazi.kurmanci\\\/\",\"https:\\\/\\\/www.youtube.com\\\/channel\\\/UCa5HkTdmI8U1qCUFuTw8B2g\"]},{\"@type\":\"Person\",\"@id\":\"https:\\\/\\\/darkamazi.info\\\/#\\\/schema\\\/person\\\/5ad3e24553a0567993fa8ed4bd0a776c\",\"name\":\"darka mazi\",\"sameAs\":[\"https:\\\/\\\/darkamazi.info\\\/\"],\"url\":\"https:\\\/\\\/darkamazi.info\\\/archives\\\/author\\\/kurdi\"}]}<\/script>\n<!-- \/ Yoast SEO plugin. -->","seo_head_json":{"title":"Ocalan peyamek belav kir: Heman daxwaziya dewleta Tirk ji Rojava kir\u00eeye - Darka Maz\u00ee","robots":{"index":"index","follow":"follow","max-snippet":"max-snippet:-1","max-image-preview":"max-image-preview:large","max-video-preview":"max-video-preview:-1"},"canonical":"https:\/\/darkamazi.info\/archives\/1051179","og_locale":"en_US","og_type":"article","og_title":"Ocalan peyamek belav kir: Heman daxwaziya dewleta Tirk ji Rojava kir\u00eeye - Darka Maz\u00ee","og_description":"R\u00eaber\u00ea PKK\u00ea \u00eero peyamek belav kir \u00fb t\u00eada daxwaz bich\u00ee an\u00eena peyama 10\u00ee Adar\u00ea ji r\u00eaveber\u00eeya Rojava kir\u00eeye, ev j\u00ee heman daxwaz\u00eeya Ardogan \u00fb dewleta Tirk e. Partiya gelan ya wekhev\u00ee \u00fb demokrasy\u00ea (Dem Part\u00ee), \u00eero roja s\u00ea\u015fem\u00ee 30 Kan\u00fbna 2025\u00ea peyama sersal\u00ea ya r\u00eaber\u00ea PKK\u00ea Abdulla Ocalan parve kir. Abdulla Ocalan di peyama xwe [&hellip;]","og_url":"https:\/\/darkamazi.info\/archives\/1051179","og_site_name":"Darka Maz\u00ee","article_publisher":"https:\/\/www.facebook.com\/DarMaziKurmanci","article_published_time":"2025-12-30T09:32:33+00:00","og_image":[{"width":900,"height":500,"url":"https:\/\/darkamazi.info\/file\/2025\/12\/Ocalan-Peyam-Rojava-Info.jpg","type":"image\/jpeg"}],"author":"darka mazi","twitter_card":"summary_large_image","twitter_creator":"@DarkaMaziLatini","twitter_site":"@DarkaMaziLatini","twitter_misc":{"Written by":"darka mazi","Est. reading time":"4 minutes"},"schema":{"@context":"https:\/\/schema.org","@graph":[{"@type":"Article","@id":"https:\/\/darkamazi.info\/archives\/1051179#article","isPartOf":{"@id":"https:\/\/darkamazi.info\/archives\/1051179"},"author":{"name":"darka mazi","@id":"https:\/\/darkamazi.info\/#\/schema\/person\/5ad3e24553a0567993fa8ed4bd0a776c"},"headline":"Ocalan peyamek belav kir: Heman daxwaziya dewleta Tirk ji Rojava kir\u00eeye","datePublished":"2025-12-30T09:32:33+00:00","mainEntityOfPage":{"@id":"https:\/\/darkamazi.info\/archives\/1051179"},"wordCount":964,"publisher":{"@id":"https:\/\/darkamazi.info\/#organization"},"image":{"@id":"https:\/\/darkamazi.info\/archives\/1051179#primaryimage"},"thumbnailUrl":"https:\/\/darkamazi.info\/file\/2025\/12\/Ocalan-Peyam-Rojava-Info.jpg","keywords":["sereke"],"articleSection":["Kurdistan"],"inLanguage":"en-US"},{"@type":"WebPage","@id":"https:\/\/darkamazi.info\/archives\/1051179","url":"https:\/\/darkamazi.info\/archives\/1051179","name":"Ocalan peyamek belav kir: Heman daxwaziya dewleta Tirk ji Rojava kir\u00eeye - Darka Maz\u00ee","isPartOf":{"@id":"https:\/\/darkamazi.info\/#website"},"primaryImageOfPage":{"@id":"https:\/\/darkamazi.info\/archives\/1051179#primaryimage"},"image":{"@id":"https:\/\/darkamazi.info\/archives\/1051179#primaryimage"},"thumbnailUrl":"https:\/\/darkamazi.info\/file\/2025\/12\/Ocalan-Peyam-Rojava-Info.jpg","datePublished":"2025-12-30T09:32:33+00:00","breadcrumb":{"@id":"https:\/\/darkamazi.info\/archives\/1051179#breadcrumb"},"inLanguage":"en-US","potentialAction":[{"@type":"ReadAction","target":["https:\/\/darkamazi.info\/archives\/1051179"]}]},{"@type":"ImageObject","inLanguage":"en-US","@id":"https:\/\/darkamazi.info\/archives\/1051179#primaryimage","url":"https:\/\/darkamazi.info\/file\/2025\/12\/Ocalan-Peyam-Rojava-Info.jpg","contentUrl":"https:\/\/darkamazi.info\/file\/2025\/12\/Ocalan-Peyam-Rojava-Info.jpg","width":900,"height":500,"caption":"Ocalan-Peyam-Rojava-Net"},{"@type":"BreadcrumbList","@id":"https:\/\/darkamazi.info\/archives\/1051179#breadcrumb","itemListElement":[{"@type":"ListItem","position":1,"name":"Home","item":"https:\/\/darkamazi.info\/"},{"@type":"ListItem","position":2,"name":"Ocalan peyamek belav kir: Heman daxwaziya dewleta Tirk ji Rojava kir\u00eeye"}]},{"@type":"WebSite","@id":"https:\/\/darkamazi.info\/#website","url":"https:\/\/darkamazi.info\/","name":"Darka Maz\u00ee","description":"P\u00eageha Zanyariy\u00ean Nebih\u00eest\u00ee","publisher":{"@id":"https:\/\/darkamazi.info\/#organization"},"potentialAction":[{"@type":"SearchAction","target":{"@type":"EntryPoint","urlTemplate":"https:\/\/darkamazi.info\/?s={search_term_string}"},"query-input":{"@type":"PropertyValueSpecification","valueRequired":true,"valueName":"search_term_string"}}],"inLanguage":"en-US"},{"@type":"Organization","@id":"https:\/\/darkamazi.info\/#organization","name":"Darka Maz\u00ee","url":"https:\/\/darkamazi.info\/","logo":{"@type":"ImageObject","inLanguage":"en-US","@id":"https:\/\/darkamazi.info\/#\/schema\/logo\/image\/","url":"https:\/\/darkamazi.info\/file\/2017\/12\/darka-mazi-logo.png","contentUrl":"https:\/\/darkamazi.info\/file\/2017\/12\/darka-mazi-logo.png","width":151,"height":75,"caption":"Darka Maz\u00ee"},"image":{"@id":"https:\/\/darkamazi.info\/#\/schema\/logo\/image\/"},"sameAs":["https:\/\/www.facebook.com\/DarMaziKurmanci","https:\/\/x.com\/DarkaMaziLatini","https:\/\/www.instagram.com\/darkamazi.kurmanci\/","https:\/\/www.youtube.com\/channel\/UCa5HkTdmI8U1qCUFuTw8B2g"]},{"@type":"Person","@id":"https:\/\/darkamazi.info\/#\/schema\/person\/5ad3e24553a0567993fa8ed4bd0a776c","name":"darka mazi","sameAs":["https:\/\/darkamazi.info\/"],"url":"https:\/\/darkamazi.info\/archives\/author\/kurdi"}]}},"_links":{"self":[{"href":"https:\/\/darkamazi.info\/funavuv\/wp\/v2\/posts\/1051179","targetHints":{"allow":["GET"]}}],"collection":[{"href":"https:\/\/darkamazi.info\/funavuv\/wp\/v2\/posts"}],"about":[{"href":"https:\/\/darkamazi.info\/funavuv\/wp\/v2\/types\/post"}],"author":[{"embeddable":true,"href":"https:\/\/darkamazi.info\/funavuv\/wp\/v2\/users\/2"}],"replies":[{"embeddable":true,"href":"https:\/\/darkamazi.info\/funavuv\/wp\/v2\/comments?post=1051179"}],"version-history":[{"count":0,"href":"https:\/\/darkamazi.info\/funavuv\/wp\/v2\/posts\/1051179\/revisions"}],"wp:featuredmedia":[{"embeddable":true,"href":"https:\/\/darkamazi.info\/funavuv\/wp\/v2\/media\/1051180"}],"wp:attachment":[{"href":"https:\/\/darkamazi.info\/funavuv\/wp\/v2\/media?parent=1051179"}],"wp:term":[{"taxonomy":"category","embeddable":true,"href":"https:\/\/darkamazi.info\/funavuv\/wp\/v2\/categories?post=1051179"},{"taxonomy":"post_tag","embeddable":true,"href":"https:\/\/darkamazi.info\/funavuv\/wp\/v2\/tags?post=1051179"}],"curies":[{"name":"wp","href":"https:\/\/api.w.org\/{rel}","templated":true}]}}