{"id":1051183,"date":"2025-12-30T19:14:27","date_gmt":"2025-12-30T16:14:27","guid":{"rendered":"https:\/\/darkamazi.info\/?p=1051183"},"modified":"2025-12-30T19:14:27","modified_gmt":"2025-12-30T16:14:27","slug":"parezgare-bere-ye-dihoke-weki-cigire-duye-ye-seroke-parlamentoya-iraqe-hat-hilbijartin","status":"publish","type":"post","link":"https:\/\/darkamazi.info\/archives\/1051183","title":{"rendered":"Par\u00eazgar\u00ea ber\u00ea y\u00ea Dihok\u00ea wek\u00ee C\u00eegir\u00ea Duy\u00ea y\u00ea Serok\u00ea Parlamentoya Iraq\u00ea hat hilbijartin"},"content":{"rendered":"<h3 style=\"text-align: justify\"><span style=\"font-family: 'arial black', sans-serif\">Ferhad Etr\u00fb\u015f\u00ee bi piraniya dengan wek\u00ee C\u00eegir\u00ea Duy\u00ea y\u00ea Serok\u00ea Parlamentoya Iraq\u00ea hat hilbijartin.<\/span><\/h3>\n<h3 style=\"text-align: justify\">Ferhad Etr\u00fb\u015f\u00ee \u00eero (S\u00ea\u015fem, 30.12.2025) bi piraniya deng\u00ean endam\u00ean Parlamentoya Iraq\u00ea wek\u00ee C\u00eegir\u00ea Duy\u00ea y\u00ea Serok\u00ea Parlamentoya Iraq\u00ea hat hilbijartin.<\/h3>\n<h3 style=\"text-align: justify\">Dengdan bi v\u00ee reng\u00ee b\u00fb:<\/h3>\n<h3 style=\"text-align: justify\">Ferhad Etr\u00fb\u015f\u00ee: 178 deng<\/h3>\n<h3 style=\"text-align: justify\">R\u00eabwar Ker\u00eem: 104 deng<\/h3>\n<h3 style=\"text-align: justify\">Ferhad Etr\u00fb\u015f\u00ee k\u00ee ye?<\/h3>\n<h3 style=\"text-align: justify\">Ferhad Em\u00een Sel\u00eem Etr\u00fb\u015f\u00ee.<\/h3>\n<h3 style=\"text-align: justify\">Li sala 1976\u00ea li Dihok\u00ea hatiye ser dinyay\u00ea.<\/h3>\n<h3 style=\"text-align: justify\">Ji sala 2010\u00ea heta 2014\u00ea, endam\u00ea Parlamentoya Iraq\u00ea b\u00fb.<\/h3>\n<h3 style=\"text-align: justify\">Ji sala 2014\u00ea heta 2020\u00ea, Par\u00eazgar\u00ea Dihok\u00ea b\u00fb.<\/h3>\n<h3 style=\"text-align: justify\">Li par\u00eazgeha Dihok\u00ea Serok\u00ea L\u00eesteya Partiya Demokrat a Kurdistan\u00ea (PDK) b\u00fb ji bo gera \u015fe\u015f\u00ea ya hilbijartin\u00ean Parlamentoya Iraq\u00ea.<\/h3>\n","protected":false},"excerpt":{"rendered":"<p>Ferhad Etr\u00fb\u015f\u00ee bi piraniya dengan wek\u00ee C\u00eegir\u00ea Duy\u00ea y\u00ea Serok\u00ea Parlamentoya Iraq\u00ea hat hilbijartin. Ferhad Etr\u00fb\u015f\u00ee \u00eero (S\u00ea\u015fem, 30.12.2025) bi piraniya deng\u00ean endam\u00ean Parlamentoya Iraq\u00ea wek\u00ee C\u00eegir\u00ea Duy\u00ea y\u00ea Serok\u00ea Parlamentoya Iraq\u00ea hat hilbijartin. Dengdan bi v\u00ee reng\u00ee b\u00fb: Ferhad Etr\u00fb\u015f\u00ee: 178 deng R\u00eabwar Ker\u00eem: 104 deng Ferhad Etr\u00fb\u015f\u00ee k\u00ee ye? Ferhad Em\u00een Sel\u00eem Etr\u00fb\u015f\u00ee. [&hellip;]<\/p>\n","protected":false},"author":2,"featured_media":1051184,"comment_status":"closed","ping_status":"closed","sticky":false,"template":"","format":"standard","meta":{"footnotes":""},"categories":[29],"tags":[37],"class_list":["post-1051183","post","type-post","status-publish","format-standard","has-post-thumbnail","hentry","category-kurdistan","tag-sereke"],"blocksy_meta":[],"seo_head":"<!-- This site is optimized with the Yoast SEO plugin v27.5 - https:\/\/yoast.com\/product\/yoast-seo-wordpress\/ -->\n<title>Par\u00eazgar\u00ea ber\u00ea y\u00ea Dihok\u00ea wek\u00ee C\u00eegir\u00ea Duy\u00ea y\u00ea Serok\u00ea Parlamentoya Iraq\u00ea hat hilbijartin - Darka Maz\u00ee<\/title>\n<meta name=\"robots\" content=\"index, follow, max-snippet:-1, max-image-preview:large, max-video-preview:-1\" \/>\n<link rel=\"canonical\" href=\"https:\/\/darkamazi.info\/archives\/1051183\" \/>\n<meta property=\"og:locale\" content=\"en_US\" \/>\n<meta property=\"og:type\" content=\"article\" \/>\n<meta property=\"og:title\" content=\"Par\u00eazgar\u00ea ber\u00ea y\u00ea Dihok\u00ea wek\u00ee C\u00eegir\u00ea Duy\u00ea y\u00ea Serok\u00ea Parlamentoya Iraq\u00ea hat hilbijartin - Darka Maz\u00ee\" \/>\n<meta property=\"og:description\" content=\"Ferhad Etr\u00fb\u015f\u00ee bi piraniya dengan wek\u00ee C\u00eegir\u00ea Duy\u00ea y\u00ea Serok\u00ea Parlamentoya Iraq\u00ea hat hilbijartin. Ferhad Etr\u00fb\u015f\u00ee \u00eero (S\u00ea\u015fem, 30.12.2025) bi piraniya deng\u00ean endam\u00ean Parlamentoya Iraq\u00ea wek\u00ee C\u00eegir\u00ea Duy\u00ea y\u00ea Serok\u00ea Parlamentoya Iraq\u00ea hat hilbijartin. Dengdan bi v\u00ee reng\u00ee b\u00fb: Ferhad Etr\u00fb\u015f\u00ee: 178 deng R\u00eabwar Ker\u00eem: 104 deng Ferhad Etr\u00fb\u015f\u00ee k\u00ee ye? Ferhad Em\u00een Sel\u00eem Etr\u00fb\u015f\u00ee. [&hellip;]\" \/>\n<meta property=\"og:url\" content=\"https:\/\/darkamazi.info\/archives\/1051183\" \/>\n<meta property=\"og:site_name\" content=\"Darka Maz\u00ee\" \/>\n<meta property=\"article:publisher\" content=\"https:\/\/www.facebook.com\/DarMaziKurmanci\" \/>\n<meta property=\"article:published_time\" content=\"2025-12-30T16:14:27+00:00\" \/>\n<meta property=\"og:image\" content=\"https:\/\/darkamazi.info\/file\/2025\/12\/ferhat-etrusi.jpg\" \/>\n\t<meta property=\"og:image:width\" content=\"900\" \/>\n\t<meta property=\"og:image:height\" content=\"497\" \/>\n\t<meta property=\"og:image:type\" content=\"image\/jpeg\" \/>\n<meta name=\"author\" content=\"darka mazi\" \/>\n<meta name=\"twitter:card\" content=\"summary_large_image\" \/>\n<meta name=\"twitter:creator\" content=\"@DarkaMaziLatini\" \/>\n<meta name=\"twitter:site\" content=\"@DarkaMaziLatini\" \/>\n<meta name=\"twitter:label1\" content=\"Written by\" \/>\n\t<meta name=\"twitter:data1\" content=\"darka mazi\" \/>\n\t<meta name=\"twitter:label2\" content=\"Est. reading time\" \/>\n\t<meta name=\"twitter:data2\" content=\"1 minute\" \/>\n<script type=\"application\/ld+json\" class=\"seo-schema-graph\">{\"@context\":\"https:\\\/\\\/schema.org\",\"@graph\":[{\"@type\":\"Article\",\"@id\":\"https:\\\/\\\/darkamazi.info\\\/archives\\\/1051183#article\",\"isPartOf\":{\"@id\":\"https:\\\/\\\/darkamazi.info\\\/archives\\\/1051183\"},\"author\":{\"name\":\"darka mazi\",\"@id\":\"https:\\\/\\\/darkamazi.info\\\/#\\\/schema\\\/person\\\/5ad3e24553a0567993fa8ed4bd0a776c\"},\"headline\":\"Par\u00eazgar\u00ea ber\u00ea y\u00ea Dihok\u00ea wek\u00ee C\u00eegir\u00ea Duy\u00ea y\u00ea Serok\u00ea Parlamentoya Iraq\u00ea hat hilbijartin\",\"datePublished\":\"2025-12-30T16:14:27+00:00\",\"mainEntityOfPage\":{\"@id\":\"https:\\\/\\\/darkamazi.info\\\/archives\\\/1051183\"},\"wordCount\":119,\"publisher\":{\"@id\":\"https:\\\/\\\/darkamazi.info\\\/#organization\"},\"image\":{\"@id\":\"https:\\\/\\\/darkamazi.info\\\/archives\\\/1051183#primaryimage\"},\"thumbnailUrl\":\"https:\\\/\\\/darkamazi.info\\\/darka-content\\\/uploads\\\/2025\\\/12\\\/ferhat-etrusi.jpg\",\"keywords\":[\"sereke\"],\"articleSection\":[\"Kurdistan\"],\"inLanguage\":\"en-US\"},{\"@type\":\"WebPage\",\"@id\":\"https:\\\/\\\/darkamazi.info\\\/archives\\\/1051183\",\"url\":\"https:\\\/\\\/darkamazi.info\\\/archives\\\/1051183\",\"name\":\"Par\u00eazgar\u00ea ber\u00ea y\u00ea Dihok\u00ea wek\u00ee C\u00eegir\u00ea Duy\u00ea y\u00ea Serok\u00ea Parlamentoya Iraq\u00ea hat hilbijartin - Darka Maz\u00ee\",\"isPartOf\":{\"@id\":\"https:\\\/\\\/darkamazi.info\\\/#website\"},\"primaryImageOfPage\":{\"@id\":\"https:\\\/\\\/darkamazi.info\\\/archives\\\/1051183#primaryimage\"},\"image\":{\"@id\":\"https:\\\/\\\/darkamazi.info\\\/archives\\\/1051183#primaryimage\"},\"thumbnailUrl\":\"https:\\\/\\\/darkamazi.info\\\/darka-content\\\/uploads\\\/2025\\\/12\\\/ferhat-etrusi.jpg\",\"datePublished\":\"2025-12-30T16:14:27+00:00\",\"breadcrumb\":{\"@id\":\"https:\\\/\\\/darkamazi.info\\\/archives\\\/1051183#breadcrumb\"},\"inLanguage\":\"en-US\",\"potentialAction\":[{\"@type\":\"ReadAction\",\"target\":[\"https:\\\/\\\/darkamazi.info\\\/archives\\\/1051183\"]}]},{\"@type\":\"ImageObject\",\"inLanguage\":\"en-US\",\"@id\":\"https:\\\/\\\/darkamazi.info\\\/archives\\\/1051183#primaryimage\",\"url\":\"https:\\\/\\\/darkamazi.info\\\/darka-content\\\/uploads\\\/2025\\\/12\\\/ferhat-etrusi.jpg\",\"contentUrl\":\"https:\\\/\\\/darkamazi.info\\\/darka-content\\\/uploads\\\/2025\\\/12\\\/ferhat-etrusi.jpg\",\"width\":900,\"height\":497,\"caption\":\"Par\u00eazgar\u00ea ber\u00ea y\u00ea Dihok\u00ea wek\u00ee C\u00eegir\u00ea Duy\u00ea y\u00ea Serok\u00ea Parlamentoya Iraq\u00ea hat hilbijartin\"},{\"@type\":\"BreadcrumbList\",\"@id\":\"https:\\\/\\\/darkamazi.info\\\/archives\\\/1051183#breadcrumb\",\"itemListElement\":[{\"@type\":\"ListItem\",\"position\":1,\"name\":\"Home\",\"item\":\"https:\\\/\\\/darkamazi.info\\\/\"},{\"@type\":\"ListItem\",\"position\":2,\"name\":\"Par\u00eazgar\u00ea ber\u00ea y\u00ea Dihok\u00ea wek\u00ee C\u00eegir\u00ea Duy\u00ea y\u00ea Serok\u00ea Parlamentoya Iraq\u00ea hat hilbijartin\"}]},{\"@type\":\"WebSite\",\"@id\":\"https:\\\/\\\/darkamazi.info\\\/#website\",\"url\":\"https:\\\/\\\/darkamazi.info\\\/\",\"name\":\"Darka Maz\u00ee\",\"description\":\"P\u00eageha Zanyariy\u00ean Nebih\u00eest\u00ee\",\"publisher\":{\"@id\":\"https:\\\/\\\/darkamazi.info\\\/#organization\"},\"potentialAction\":[{\"@type\":\"SearchAction\",\"target\":{\"@type\":\"EntryPoint\",\"urlTemplate\":\"https:\\\/\\\/darkamazi.info\\\/?s={search_term_string}\"},\"query-input\":{\"@type\":\"PropertyValueSpecification\",\"valueRequired\":true,\"valueName\":\"search_term_string\"}}],\"inLanguage\":\"en-US\"},{\"@type\":\"Organization\",\"@id\":\"https:\\\/\\\/darkamazi.info\\\/#organization\",\"name\":\"Darka Maz\u00ee\",\"url\":\"https:\\\/\\\/darkamazi.info\\\/\",\"logo\":{\"@type\":\"ImageObject\",\"inLanguage\":\"en-US\",\"@id\":\"https:\\\/\\\/darkamazi.info\\\/#\\\/schema\\\/logo\\\/image\\\/\",\"url\":\"https:\\\/\\\/darkamazi.info\\\/darka-content\\\/uploads\\\/2017\\\/12\\\/darka-mazi-logo.png\",\"contentUrl\":\"https:\\\/\\\/darkamazi.info\\\/darka-content\\\/uploads\\\/2017\\\/12\\\/darka-mazi-logo.png\",\"width\":151,\"height\":75,\"caption\":\"Darka Maz\u00ee\"},\"image\":{\"@id\":\"https:\\\/\\\/darkamazi.info\\\/#\\\/schema\\\/logo\\\/image\\\/\"},\"sameAs\":[\"https:\\\/\\\/www.facebook.com\\\/DarMaziKurmanci\",\"https:\\\/\\\/x.com\\\/DarkaMaziLatini\",\"https:\\\/\\\/www.instagram.com\\\/darkamazi.kurmanci\\\/\",\"https:\\\/\\\/www.youtube.com\\\/channel\\\/UCa5HkTdmI8U1qCUFuTw8B2g\"]},{\"@type\":\"Person\",\"@id\":\"https:\\\/\\\/darkamazi.info\\\/#\\\/schema\\\/person\\\/5ad3e24553a0567993fa8ed4bd0a776c\",\"name\":\"darka mazi\",\"sameAs\":[\"https:\\\/\\\/darkamazi.info\\\/\"],\"url\":\"https:\\\/\\\/darkamazi.info\\\/archives\\\/author\\\/kurdi\"}]}<\/script>\n<!-- \/ Yoast SEO plugin. -->","seo_head_json":{"title":"Par\u00eazgar\u00ea ber\u00ea y\u00ea Dihok\u00ea wek\u00ee C\u00eegir\u00ea Duy\u00ea y\u00ea Serok\u00ea Parlamentoya Iraq\u00ea hat hilbijartin - Darka Maz\u00ee","robots":{"index":"index","follow":"follow","max-snippet":"max-snippet:-1","max-image-preview":"max-image-preview:large","max-video-preview":"max-video-preview:-1"},"canonical":"https:\/\/darkamazi.info\/archives\/1051183","og_locale":"en_US","og_type":"article","og_title":"Par\u00eazgar\u00ea ber\u00ea y\u00ea Dihok\u00ea wek\u00ee C\u00eegir\u00ea Duy\u00ea y\u00ea Serok\u00ea Parlamentoya Iraq\u00ea hat hilbijartin - Darka Maz\u00ee","og_description":"Ferhad Etr\u00fb\u015f\u00ee bi piraniya dengan wek\u00ee C\u00eegir\u00ea Duy\u00ea y\u00ea Serok\u00ea Parlamentoya Iraq\u00ea hat hilbijartin. Ferhad Etr\u00fb\u015f\u00ee \u00eero (S\u00ea\u015fem, 30.12.2025) bi piraniya deng\u00ean endam\u00ean Parlamentoya Iraq\u00ea wek\u00ee C\u00eegir\u00ea Duy\u00ea y\u00ea Serok\u00ea Parlamentoya Iraq\u00ea hat hilbijartin. Dengdan bi v\u00ee reng\u00ee b\u00fb: Ferhad Etr\u00fb\u015f\u00ee: 178 deng R\u00eabwar Ker\u00eem: 104 deng Ferhad Etr\u00fb\u015f\u00ee k\u00ee ye? Ferhad Em\u00een Sel\u00eem Etr\u00fb\u015f\u00ee. [&hellip;]","og_url":"https:\/\/darkamazi.info\/archives\/1051183","og_site_name":"Darka Maz\u00ee","article_publisher":"https:\/\/www.facebook.com\/DarMaziKurmanci","article_published_time":"2025-12-30T16:14:27+00:00","og_image":[{"width":900,"height":497,"url":"https:\/\/darkamazi.info\/file\/2025\/12\/ferhat-etrusi.jpg","type":"image\/jpeg"}],"author":"darka mazi","twitter_card":"summary_large_image","twitter_creator":"@DarkaMaziLatini","twitter_site":"@DarkaMaziLatini","twitter_misc":{"Written by":"darka mazi","Est. reading time":"1 minute"},"schema":{"@context":"https:\/\/schema.org","@graph":[{"@type":"Article","@id":"https:\/\/darkamazi.info\/archives\/1051183#article","isPartOf":{"@id":"https:\/\/darkamazi.info\/archives\/1051183"},"author":{"name":"darka mazi","@id":"https:\/\/darkamazi.info\/#\/schema\/person\/5ad3e24553a0567993fa8ed4bd0a776c"},"headline":"Par\u00eazgar\u00ea ber\u00ea y\u00ea Dihok\u00ea wek\u00ee C\u00eegir\u00ea Duy\u00ea y\u00ea Serok\u00ea Parlamentoya Iraq\u00ea hat hilbijartin","datePublished":"2025-12-30T16:14:27+00:00","mainEntityOfPage":{"@id":"https:\/\/darkamazi.info\/archives\/1051183"},"wordCount":119,"publisher":{"@id":"https:\/\/darkamazi.info\/#organization"},"image":{"@id":"https:\/\/darkamazi.info\/archives\/1051183#primaryimage"},"thumbnailUrl":"https:\/\/darkamazi.info\/file\/2025\/12\/ferhat-etrusi.jpg","keywords":["sereke"],"articleSection":["Kurdistan"],"inLanguage":"en-US"},{"@type":"WebPage","@id":"https:\/\/darkamazi.info\/archives\/1051183","url":"https:\/\/darkamazi.info\/archives\/1051183","name":"Par\u00eazgar\u00ea ber\u00ea y\u00ea Dihok\u00ea wek\u00ee C\u00eegir\u00ea Duy\u00ea y\u00ea Serok\u00ea Parlamentoya Iraq\u00ea hat hilbijartin - Darka Maz\u00ee","isPartOf":{"@id":"https:\/\/darkamazi.info\/#website"},"primaryImageOfPage":{"@id":"https:\/\/darkamazi.info\/archives\/1051183#primaryimage"},"image":{"@id":"https:\/\/darkamazi.info\/archives\/1051183#primaryimage"},"thumbnailUrl":"https:\/\/darkamazi.info\/file\/2025\/12\/ferhat-etrusi.jpg","datePublished":"2025-12-30T16:14:27+00:00","breadcrumb":{"@id":"https:\/\/darkamazi.info\/archives\/1051183#breadcrumb"},"inLanguage":"en-US","potentialAction":[{"@type":"ReadAction","target":["https:\/\/darkamazi.info\/archives\/1051183"]}]},{"@type":"ImageObject","inLanguage":"en-US","@id":"https:\/\/darkamazi.info\/archives\/1051183#primaryimage","url":"https:\/\/darkamazi.info\/file\/2025\/12\/ferhat-etrusi.jpg","contentUrl":"https:\/\/darkamazi.info\/file\/2025\/12\/ferhat-etrusi.jpg","width":900,"height":497,"caption":"Par\u00eazgar\u00ea ber\u00ea y\u00ea Dihok\u00ea wek\u00ee C\u00eegir\u00ea Duy\u00ea y\u00ea Serok\u00ea Parlamentoya Iraq\u00ea hat hilbijartin"},{"@type":"BreadcrumbList","@id":"https:\/\/darkamazi.info\/archives\/1051183#breadcrumb","itemListElement":[{"@type":"ListItem","position":1,"name":"Home","item":"https:\/\/darkamazi.info\/"},{"@type":"ListItem","position":2,"name":"Par\u00eazgar\u00ea ber\u00ea y\u00ea Dihok\u00ea wek\u00ee C\u00eegir\u00ea Duy\u00ea y\u00ea Serok\u00ea Parlamentoya Iraq\u00ea hat hilbijartin"}]},{"@type":"WebSite","@id":"https:\/\/darkamazi.info\/#website","url":"https:\/\/darkamazi.info\/","name":"Darka Maz\u00ee","description":"P\u00eageha Zanyariy\u00ean Nebih\u00eest\u00ee","publisher":{"@id":"https:\/\/darkamazi.info\/#organization"},"potentialAction":[{"@type":"SearchAction","target":{"@type":"EntryPoint","urlTemplate":"https:\/\/darkamazi.info\/?s={search_term_string}"},"query-input":{"@type":"PropertyValueSpecification","valueRequired":true,"valueName":"search_term_string"}}],"inLanguage":"en-US"},{"@type":"Organization","@id":"https:\/\/darkamazi.info\/#organization","name":"Darka Maz\u00ee","url":"https:\/\/darkamazi.info\/","logo":{"@type":"ImageObject","inLanguage":"en-US","@id":"https:\/\/darkamazi.info\/#\/schema\/logo\/image\/","url":"https:\/\/darkamazi.info\/file\/2017\/12\/darka-mazi-logo.png","contentUrl":"https:\/\/darkamazi.info\/file\/2017\/12\/darka-mazi-logo.png","width":151,"height":75,"caption":"Darka Maz\u00ee"},"image":{"@id":"https:\/\/darkamazi.info\/#\/schema\/logo\/image\/"},"sameAs":["https:\/\/www.facebook.com\/DarMaziKurmanci","https:\/\/x.com\/DarkaMaziLatini","https:\/\/www.instagram.com\/darkamazi.kurmanci\/","https:\/\/www.youtube.com\/channel\/UCa5HkTdmI8U1qCUFuTw8B2g"]},{"@type":"Person","@id":"https:\/\/darkamazi.info\/#\/schema\/person\/5ad3e24553a0567993fa8ed4bd0a776c","name":"darka mazi","sameAs":["https:\/\/darkamazi.info\/"],"url":"https:\/\/darkamazi.info\/archives\/author\/kurdi"}]}},"_links":{"self":[{"href":"https:\/\/darkamazi.info\/funavuv\/wp\/v2\/posts\/1051183","targetHints":{"allow":["GET"]}}],"collection":[{"href":"https:\/\/darkamazi.info\/funavuv\/wp\/v2\/posts"}],"about":[{"href":"https:\/\/darkamazi.info\/funavuv\/wp\/v2\/types\/post"}],"author":[{"embeddable":true,"href":"https:\/\/darkamazi.info\/funavuv\/wp\/v2\/users\/2"}],"replies":[{"embeddable":true,"href":"https:\/\/darkamazi.info\/funavuv\/wp\/v2\/comments?post=1051183"}],"version-history":[{"count":0,"href":"https:\/\/darkamazi.info\/funavuv\/wp\/v2\/posts\/1051183\/revisions"}],"wp:featuredmedia":[{"embeddable":true,"href":"https:\/\/darkamazi.info\/funavuv\/wp\/v2\/media\/1051184"}],"wp:attachment":[{"href":"https:\/\/darkamazi.info\/funavuv\/wp\/v2\/media?parent=1051183"}],"wp:term":[{"taxonomy":"category","embeddable":true,"href":"https:\/\/darkamazi.info\/funavuv\/wp\/v2\/categories?post=1051183"},{"taxonomy":"post_tag","embeddable":true,"href":"https:\/\/darkamazi.info\/funavuv\/wp\/v2\/tags?post=1051183"}],"curies":[{"name":"wp","href":"https:\/\/api.w.org\/{rel}","templated":true}]}}