{"id":1051187,"date":"2026-01-03T11:53:39","date_gmt":"2026-01-03T08:53:39","guid":{"rendered":"https:\/\/darkamazi.info\/?p=1051187"},"modified":"2026-01-03T11:53:39","modified_gmt":"2026-01-03T08:53:39","slug":"gefa-guhertina-demografiye-u-bindestkirina-erde-kurdan-zedetir-buye","status":"publish","type":"post","link":"https:\/\/darkamazi.info\/archives\/1051187","title":{"rendered":"Gefa guhertina demografiy\u00ea \u00fb bindestkirina erd\u00ea Kurdan z\u00eadetir b\u00fbye"},"content":{"rendered":"<h3 style=\"text-align: justify\"><span style=\"font-family: 'arial black', sans-serif\">Enc\u00fbmena Par\u00eazgeha Diyalay\u00ea, b\u00eay\u00ee ku qan\u00fbn \u00fb madeya 140\u00ea ya dest\u00fbr\u00ea li ber \u00e7avan werbigire, biryar daye ku nahiyeya Qeretepey\u00ea bike qeza \u00fb bir\u00eavebir\u00ean yek\u00eeney\u00ean \u00eedar\u00ee y\u00ean w\u00ea biguher\u00eene. V\u00ea yek\u00ea j\u00ee n\u00eegeran\u00ee li cem \u015f\u00eaniy\u00ean w\u00ea der\u00ea y\u00ean Kurd peyda kiriye \u00fb ew w\u00ea yek\u00ea wek\u00ee bizavek ji bo temamkirina p\u00eavajoya ereb\u00eekirin \u00fb bindestkirina erd\u00ean xwe binav dikin.<\/span><\/h3>\n<h3 style=\"text-align: justify\">Li gor\u00ee zanyaran, r\u00eakar\u00ean qezakirina nahiyeya Qeretepey\u00ea li Diyalay\u00ea hatine temamkirin, b\u00eay\u00ee ku ji Hik\u00fbmeta Her\u00eama Kurdistan\u00ea an kom\u00eeteya madeya 140\u00ea b\u00ea pirs\u00een.<\/h3>\n<h3 style=\"text-align: justify\">Berpirs\u00ea Nav\u00e7eya Partiya Demokrat a Kurdistan\u00ea (PDK) Ebas Ker\u00eem ji Kurdistan24\u00ea re ragihand: &#8220;Mixabin, Enc\u00fbmena Par\u00eazgeha Diyalay\u00ea, b\u00eay\u00ee ku vegere dest\u00fbr \u00fb parlamentoy\u00ea, biryar daye ku Qeretepe bibe qeza \u00fb qayimqamek j\u00ea re b\u00ea danan.\u201d<\/h3>\n<h3 style=\"text-align: justify\">Ebas Ker\u00eem amaje j\u00ee da: \u201cJi ber ku Qeretepe li devera madeya 140\u00ea ye, div\u00ea her biryarek bi hevahengiya di navbera Bexda, Hewl\u00ear \u00fb hik\u00fbmeta xwecih\u00ee de be, ne ku bi rengek\u00ea yekal\u00ee b\u00ea ferzkirin.\u201d<\/h3>\n<h3 style=\"text-align: justify\">Welatiy\u00ean Kurd \u00ean w\u00ea dever\u00ea j\u00ee ji aliy\u00ea xwe ve haydariy\u00ea didin ku guhertin\u00ean \u00eedar\u00ee ne ten\u00ea nav\u00ean yek\u00eeneyan diguher\u00eenin, belk\u00ee armanc j\u00ea guhertina demografiy\u00ea \u00fb dagirkirina erd\u00ea ye.<\/h3>\n<h3 style=\"text-align: justify\">Salih Mihemed, ku welatiyek\u00ea w\u00ea dever\u00ea ye, got: &#8220;Li v\u00ea der\u00ea li ber \u00e7av\u00ean her kes\u00ee qan\u00fbn t\u00ea binp\u00eakirin. Ev guhertin\u00ean \u00eedar\u00ee b\u00fbne sedema dagirkirina erd\u00ea Kurdan \u00fb mana Kurdan li v\u00ee s\u00eenor\u00ee di xeter\u00ea de ye.\u201d<\/h3>\n<h3 style=\"text-align: justify\">Pi\u015ft\u00ee b\u00fbyer\u00ean 16\u00ea Cotmeha 2017\u00ea, desthilata sepand\u00ee li dever\u00ean Kurdistan\u00ee y\u00ean dervey\u00ee Her\u00eama Kurdistan\u00ea gelek zext\u00ean siyas\u00ee \u00fb \u00eedar\u00ee li ser Kurdan \u00e7\u00ea kirine. Ev siyaset b\u00fbye sedem ku hin ji \u015f\u00eaniy\u00ean resen aware bibin \u00fb nekarin vegerin ser war\u00ean xwe, herwesa pirsa erd\u00ea wek\u00ee pirsgir\u00eakeka sereke di navbera cotkar\u00ean Kurdan \u00fb Ereb\u00ean hawirdekir\u00ee de maye.<\/h3>\n","protected":false},"excerpt":{"rendered":"<p>Enc\u00fbmena Par\u00eazgeha Diyalay\u00ea, b\u00eay\u00ee ku qan\u00fbn \u00fb madeya 140\u00ea ya dest\u00fbr\u00ea li ber \u00e7avan werbigire, biryar daye ku nahiyeya Qeretepey\u00ea bike qeza \u00fb bir\u00eavebir\u00ean yek\u00eeney\u00ean \u00eedar\u00ee y\u00ean w\u00ea biguher\u00eene. V\u00ea yek\u00ea j\u00ee n\u00eegeran\u00ee li cem \u015f\u00eaniy\u00ean w\u00ea der\u00ea y\u00ean Kurd peyda kiriye \u00fb ew w\u00ea yek\u00ea wek\u00ee bizavek ji bo temamkirina p\u00eavajoya ereb\u00eekirin \u00fb bindestkirina [&hellip;]<\/p>\n","protected":false},"author":2,"featured_media":1051188,"comment_status":"closed","ping_status":"closed","sticky":false,"template":"","format":"standard","meta":{"footnotes":""},"categories":[29],"tags":[37],"class_list":["post-1051187","post","type-post","status-publish","format-standard","has-post-thumbnail","hentry","category-kurdistan","tag-sereke"],"blocksy_meta":[],"seo_head":"<!-- This site is optimized with the Yoast SEO plugin v27.5 - https:\/\/yoast.com\/product\/yoast-seo-wordpress\/ -->\n<title>Gefa guhertina demografiy\u00ea \u00fb bindestkirina erd\u00ea Kurdan z\u00eadetir b\u00fbye - Darka Maz\u00ee<\/title>\n<meta name=\"robots\" content=\"index, follow, max-snippet:-1, max-image-preview:large, max-video-preview:-1\" \/>\n<link rel=\"canonical\" href=\"https:\/\/darkamazi.info\/archives\/1051187\" \/>\n<meta property=\"og:locale\" content=\"en_US\" \/>\n<meta property=\"og:type\" content=\"article\" \/>\n<meta property=\"og:title\" content=\"Gefa guhertina demografiy\u00ea \u00fb bindestkirina erd\u00ea Kurdan z\u00eadetir b\u00fbye - Darka Maz\u00ee\" \/>\n<meta property=\"og:description\" content=\"Enc\u00fbmena Par\u00eazgeha Diyalay\u00ea, b\u00eay\u00ee ku qan\u00fbn \u00fb madeya 140\u00ea ya dest\u00fbr\u00ea li ber \u00e7avan werbigire, biryar daye ku nahiyeya Qeretepey\u00ea bike qeza \u00fb bir\u00eavebir\u00ean yek\u00eeney\u00ean \u00eedar\u00ee y\u00ean w\u00ea biguher\u00eene. V\u00ea yek\u00ea j\u00ee n\u00eegeran\u00ee li cem \u015f\u00eaniy\u00ean w\u00ea der\u00ea y\u00ean Kurd peyda kiriye \u00fb ew w\u00ea yek\u00ea wek\u00ee bizavek ji bo temamkirina p\u00eavajoya ereb\u00eekirin \u00fb bindestkirina [&hellip;]\" \/>\n<meta property=\"og:url\" content=\"https:\/\/darkamazi.info\/archives\/1051187\" \/>\n<meta property=\"og:site_name\" content=\"Darka Maz\u00ee\" \/>\n<meta property=\"article:publisher\" content=\"https:\/\/www.facebook.com\/DarMaziKurmanci\" \/>\n<meta property=\"article:published_time\" content=\"2026-01-03T08:53:39+00:00\" \/>\n<meta property=\"og:image\" content=\"https:\/\/darkamazi.info\/file\/2026\/01\/demografiya.jpg\" \/>\n\t<meta property=\"og:image:width\" content=\"900\" \/>\n\t<meta property=\"og:image:height\" content=\"497\" \/>\n\t<meta property=\"og:image:type\" content=\"image\/jpeg\" \/>\n<meta name=\"author\" content=\"darka mazi\" \/>\n<meta name=\"twitter:card\" content=\"summary_large_image\" \/>\n<meta name=\"twitter:creator\" content=\"@DarkaMaziLatini\" \/>\n<meta name=\"twitter:site\" content=\"@DarkaMaziLatini\" \/>\n<meta name=\"twitter:label1\" content=\"Written by\" \/>\n\t<meta name=\"twitter:data1\" content=\"darka mazi\" \/>\n\t<meta name=\"twitter:label2\" content=\"Est. reading time\" \/>\n\t<meta name=\"twitter:data2\" content=\"2 minutes\" \/>\n<script type=\"application\/ld+json\" class=\"seo-schema-graph\">{\"@context\":\"https:\\\/\\\/schema.org\",\"@graph\":[{\"@type\":\"Article\",\"@id\":\"https:\\\/\\\/darkamazi.info\\\/archives\\\/1051187#article\",\"isPartOf\":{\"@id\":\"https:\\\/\\\/darkamazi.info\\\/archives\\\/1051187\"},\"author\":{\"name\":\"darka mazi\",\"@id\":\"https:\\\/\\\/darkamazi.info\\\/#\\\/schema\\\/person\\\/5ad3e24553a0567993fa8ed4bd0a776c\"},\"headline\":\"Gefa guhertina demografiy\u00ea \u00fb bindestkirina erd\u00ea Kurdan z\u00eadetir b\u00fbye\",\"datePublished\":\"2026-01-03T08:53:39+00:00\",\"mainEntityOfPage\":{\"@id\":\"https:\\\/\\\/darkamazi.info\\\/archives\\\/1051187\"},\"wordCount\":323,\"publisher\":{\"@id\":\"https:\\\/\\\/darkamazi.info\\\/#organization\"},\"image\":{\"@id\":\"https:\\\/\\\/darkamazi.info\\\/archives\\\/1051187#primaryimage\"},\"thumbnailUrl\":\"https:\\\/\\\/darkamazi.info\\\/darka-content\\\/uploads\\\/2026\\\/01\\\/demografiya.jpg\",\"keywords\":[\"sereke\"],\"articleSection\":[\"Kurdistan\"],\"inLanguage\":\"en-US\"},{\"@type\":\"WebPage\",\"@id\":\"https:\\\/\\\/darkamazi.info\\\/archives\\\/1051187\",\"url\":\"https:\\\/\\\/darkamazi.info\\\/archives\\\/1051187\",\"name\":\"Gefa guhertina demografiy\u00ea \u00fb bindestkirina erd\u00ea Kurdan z\u00eadetir b\u00fbye - Darka Maz\u00ee\",\"isPartOf\":{\"@id\":\"https:\\\/\\\/darkamazi.info\\\/#website\"},\"primaryImageOfPage\":{\"@id\":\"https:\\\/\\\/darkamazi.info\\\/archives\\\/1051187#primaryimage\"},\"image\":{\"@id\":\"https:\\\/\\\/darkamazi.info\\\/archives\\\/1051187#primaryimage\"},\"thumbnailUrl\":\"https:\\\/\\\/darkamazi.info\\\/darka-content\\\/uploads\\\/2026\\\/01\\\/demografiya.jpg\",\"datePublished\":\"2026-01-03T08:53:39+00:00\",\"breadcrumb\":{\"@id\":\"https:\\\/\\\/darkamazi.info\\\/archives\\\/1051187#breadcrumb\"},\"inLanguage\":\"en-US\",\"potentialAction\":[{\"@type\":\"ReadAction\",\"target\":[\"https:\\\/\\\/darkamazi.info\\\/archives\\\/1051187\"]}]},{\"@type\":\"ImageObject\",\"inLanguage\":\"en-US\",\"@id\":\"https:\\\/\\\/darkamazi.info\\\/archives\\\/1051187#primaryimage\",\"url\":\"https:\\\/\\\/darkamazi.info\\\/darka-content\\\/uploads\\\/2026\\\/01\\\/demografiya.jpg\",\"contentUrl\":\"https:\\\/\\\/darkamazi.info\\\/darka-content\\\/uploads\\\/2026\\\/01\\\/demografiya.jpg\",\"width\":900,\"height\":497,\"caption\":\"Gefa guhertina demografiy\u00ea \u00fb bindestkirina erd\u00ea Kurdan z\u00eadetir b\u00fbye\"},{\"@type\":\"BreadcrumbList\",\"@id\":\"https:\\\/\\\/darkamazi.info\\\/archives\\\/1051187#breadcrumb\",\"itemListElement\":[{\"@type\":\"ListItem\",\"position\":1,\"name\":\"Home\",\"item\":\"https:\\\/\\\/darkamazi.info\\\/\"},{\"@type\":\"ListItem\",\"position\":2,\"name\":\"Gefa guhertina demografiy\u00ea \u00fb bindestkirina erd\u00ea Kurdan z\u00eadetir b\u00fbye\"}]},{\"@type\":\"WebSite\",\"@id\":\"https:\\\/\\\/darkamazi.info\\\/#website\",\"url\":\"https:\\\/\\\/darkamazi.info\\\/\",\"name\":\"Darka Maz\u00ee\",\"description\":\"P\u00eageha Zanyariy\u00ean Nebih\u00eest\u00ee\",\"publisher\":{\"@id\":\"https:\\\/\\\/darkamazi.info\\\/#organization\"},\"potentialAction\":[{\"@type\":\"SearchAction\",\"target\":{\"@type\":\"EntryPoint\",\"urlTemplate\":\"https:\\\/\\\/darkamazi.info\\\/?s={search_term_string}\"},\"query-input\":{\"@type\":\"PropertyValueSpecification\",\"valueRequired\":true,\"valueName\":\"search_term_string\"}}],\"inLanguage\":\"en-US\"},{\"@type\":\"Organization\",\"@id\":\"https:\\\/\\\/darkamazi.info\\\/#organization\",\"name\":\"Darka Maz\u00ee\",\"url\":\"https:\\\/\\\/darkamazi.info\\\/\",\"logo\":{\"@type\":\"ImageObject\",\"inLanguage\":\"en-US\",\"@id\":\"https:\\\/\\\/darkamazi.info\\\/#\\\/schema\\\/logo\\\/image\\\/\",\"url\":\"https:\\\/\\\/darkamazi.info\\\/darka-content\\\/uploads\\\/2017\\\/12\\\/darka-mazi-logo.png\",\"contentUrl\":\"https:\\\/\\\/darkamazi.info\\\/darka-content\\\/uploads\\\/2017\\\/12\\\/darka-mazi-logo.png\",\"width\":151,\"height\":75,\"caption\":\"Darka Maz\u00ee\"},\"image\":{\"@id\":\"https:\\\/\\\/darkamazi.info\\\/#\\\/schema\\\/logo\\\/image\\\/\"},\"sameAs\":[\"https:\\\/\\\/www.facebook.com\\\/DarMaziKurmanci\",\"https:\\\/\\\/x.com\\\/DarkaMaziLatini\",\"https:\\\/\\\/www.instagram.com\\\/darkamazi.kurmanci\\\/\",\"https:\\\/\\\/www.youtube.com\\\/channel\\\/UCa5HkTdmI8U1qCUFuTw8B2g\"]},{\"@type\":\"Person\",\"@id\":\"https:\\\/\\\/darkamazi.info\\\/#\\\/schema\\\/person\\\/5ad3e24553a0567993fa8ed4bd0a776c\",\"name\":\"darka mazi\",\"sameAs\":[\"https:\\\/\\\/darkamazi.info\\\/\"],\"url\":\"https:\\\/\\\/darkamazi.info\\\/archives\\\/author\\\/kurdi\"}]}<\/script>\n<!-- \/ Yoast SEO plugin. -->","seo_head_json":{"title":"Gefa guhertina demografiy\u00ea \u00fb bindestkirina erd\u00ea Kurdan z\u00eadetir b\u00fbye - Darka Maz\u00ee","robots":{"index":"index","follow":"follow","max-snippet":"max-snippet:-1","max-image-preview":"max-image-preview:large","max-video-preview":"max-video-preview:-1"},"canonical":"https:\/\/darkamazi.info\/archives\/1051187","og_locale":"en_US","og_type":"article","og_title":"Gefa guhertina demografiy\u00ea \u00fb bindestkirina erd\u00ea Kurdan z\u00eadetir b\u00fbye - Darka Maz\u00ee","og_description":"Enc\u00fbmena Par\u00eazgeha Diyalay\u00ea, b\u00eay\u00ee ku qan\u00fbn \u00fb madeya 140\u00ea ya dest\u00fbr\u00ea li ber \u00e7avan werbigire, biryar daye ku nahiyeya Qeretepey\u00ea bike qeza \u00fb bir\u00eavebir\u00ean yek\u00eeney\u00ean \u00eedar\u00ee y\u00ean w\u00ea biguher\u00eene. V\u00ea yek\u00ea j\u00ee n\u00eegeran\u00ee li cem \u015f\u00eaniy\u00ean w\u00ea der\u00ea y\u00ean Kurd peyda kiriye \u00fb ew w\u00ea yek\u00ea wek\u00ee bizavek ji bo temamkirina p\u00eavajoya ereb\u00eekirin \u00fb bindestkirina [&hellip;]","og_url":"https:\/\/darkamazi.info\/archives\/1051187","og_site_name":"Darka Maz\u00ee","article_publisher":"https:\/\/www.facebook.com\/DarMaziKurmanci","article_published_time":"2026-01-03T08:53:39+00:00","og_image":[{"width":900,"height":497,"url":"https:\/\/darkamazi.info\/file\/2026\/01\/demografiya.jpg","type":"image\/jpeg"}],"author":"darka mazi","twitter_card":"summary_large_image","twitter_creator":"@DarkaMaziLatini","twitter_site":"@DarkaMaziLatini","twitter_misc":{"Written by":"darka mazi","Est. reading time":"2 minutes"},"schema":{"@context":"https:\/\/schema.org","@graph":[{"@type":"Article","@id":"https:\/\/darkamazi.info\/archives\/1051187#article","isPartOf":{"@id":"https:\/\/darkamazi.info\/archives\/1051187"},"author":{"name":"darka mazi","@id":"https:\/\/darkamazi.info\/#\/schema\/person\/5ad3e24553a0567993fa8ed4bd0a776c"},"headline":"Gefa guhertina demografiy\u00ea \u00fb bindestkirina erd\u00ea Kurdan z\u00eadetir b\u00fbye","datePublished":"2026-01-03T08:53:39+00:00","mainEntityOfPage":{"@id":"https:\/\/darkamazi.info\/archives\/1051187"},"wordCount":323,"publisher":{"@id":"https:\/\/darkamazi.info\/#organization"},"image":{"@id":"https:\/\/darkamazi.info\/archives\/1051187#primaryimage"},"thumbnailUrl":"https:\/\/darkamazi.info\/file\/2026\/01\/demografiya.jpg","keywords":["sereke"],"articleSection":["Kurdistan"],"inLanguage":"en-US"},{"@type":"WebPage","@id":"https:\/\/darkamazi.info\/archives\/1051187","url":"https:\/\/darkamazi.info\/archives\/1051187","name":"Gefa guhertina demografiy\u00ea \u00fb bindestkirina erd\u00ea Kurdan z\u00eadetir b\u00fbye - Darka Maz\u00ee","isPartOf":{"@id":"https:\/\/darkamazi.info\/#website"},"primaryImageOfPage":{"@id":"https:\/\/darkamazi.info\/archives\/1051187#primaryimage"},"image":{"@id":"https:\/\/darkamazi.info\/archives\/1051187#primaryimage"},"thumbnailUrl":"https:\/\/darkamazi.info\/file\/2026\/01\/demografiya.jpg","datePublished":"2026-01-03T08:53:39+00:00","breadcrumb":{"@id":"https:\/\/darkamazi.info\/archives\/1051187#breadcrumb"},"inLanguage":"en-US","potentialAction":[{"@type":"ReadAction","target":["https:\/\/darkamazi.info\/archives\/1051187"]}]},{"@type":"ImageObject","inLanguage":"en-US","@id":"https:\/\/darkamazi.info\/archives\/1051187#primaryimage","url":"https:\/\/darkamazi.info\/file\/2026\/01\/demografiya.jpg","contentUrl":"https:\/\/darkamazi.info\/file\/2026\/01\/demografiya.jpg","width":900,"height":497,"caption":"Gefa guhertina demografiy\u00ea \u00fb bindestkirina erd\u00ea Kurdan z\u00eadetir b\u00fbye"},{"@type":"BreadcrumbList","@id":"https:\/\/darkamazi.info\/archives\/1051187#breadcrumb","itemListElement":[{"@type":"ListItem","position":1,"name":"Home","item":"https:\/\/darkamazi.info\/"},{"@type":"ListItem","position":2,"name":"Gefa guhertina demografiy\u00ea \u00fb bindestkirina erd\u00ea Kurdan z\u00eadetir b\u00fbye"}]},{"@type":"WebSite","@id":"https:\/\/darkamazi.info\/#website","url":"https:\/\/darkamazi.info\/","name":"Darka Maz\u00ee","description":"P\u00eageha Zanyariy\u00ean Nebih\u00eest\u00ee","publisher":{"@id":"https:\/\/darkamazi.info\/#organization"},"potentialAction":[{"@type":"SearchAction","target":{"@type":"EntryPoint","urlTemplate":"https:\/\/darkamazi.info\/?s={search_term_string}"},"query-input":{"@type":"PropertyValueSpecification","valueRequired":true,"valueName":"search_term_string"}}],"inLanguage":"en-US"},{"@type":"Organization","@id":"https:\/\/darkamazi.info\/#organization","name":"Darka Maz\u00ee","url":"https:\/\/darkamazi.info\/","logo":{"@type":"ImageObject","inLanguage":"en-US","@id":"https:\/\/darkamazi.info\/#\/schema\/logo\/image\/","url":"https:\/\/darkamazi.info\/file\/2017\/12\/darka-mazi-logo.png","contentUrl":"https:\/\/darkamazi.info\/file\/2017\/12\/darka-mazi-logo.png","width":151,"height":75,"caption":"Darka Maz\u00ee"},"image":{"@id":"https:\/\/darkamazi.info\/#\/schema\/logo\/image\/"},"sameAs":["https:\/\/www.facebook.com\/DarMaziKurmanci","https:\/\/x.com\/DarkaMaziLatini","https:\/\/www.instagram.com\/darkamazi.kurmanci\/","https:\/\/www.youtube.com\/channel\/UCa5HkTdmI8U1qCUFuTw8B2g"]},{"@type":"Person","@id":"https:\/\/darkamazi.info\/#\/schema\/person\/5ad3e24553a0567993fa8ed4bd0a776c","name":"darka mazi","sameAs":["https:\/\/darkamazi.info\/"],"url":"https:\/\/darkamazi.info\/archives\/author\/kurdi"}]}},"_links":{"self":[{"href":"https:\/\/darkamazi.info\/funavuv\/wp\/v2\/posts\/1051187","targetHints":{"allow":["GET"]}}],"collection":[{"href":"https:\/\/darkamazi.info\/funavuv\/wp\/v2\/posts"}],"about":[{"href":"https:\/\/darkamazi.info\/funavuv\/wp\/v2\/types\/post"}],"author":[{"embeddable":true,"href":"https:\/\/darkamazi.info\/funavuv\/wp\/v2\/users\/2"}],"replies":[{"embeddable":true,"href":"https:\/\/darkamazi.info\/funavuv\/wp\/v2\/comments?post=1051187"}],"version-history":[{"count":0,"href":"https:\/\/darkamazi.info\/funavuv\/wp\/v2\/posts\/1051187\/revisions"}],"wp:featuredmedia":[{"embeddable":true,"href":"https:\/\/darkamazi.info\/funavuv\/wp\/v2\/media\/1051188"}],"wp:attachment":[{"href":"https:\/\/darkamazi.info\/funavuv\/wp\/v2\/media?parent=1051187"}],"wp:term":[{"taxonomy":"category","embeddable":true,"href":"https:\/\/darkamazi.info\/funavuv\/wp\/v2\/categories?post=1051187"},{"taxonomy":"post_tag","embeddable":true,"href":"https:\/\/darkamazi.info\/funavuv\/wp\/v2\/tags?post=1051187"}],"curies":[{"name":"wp","href":"https:\/\/api.w.org\/{rel}","templated":true}]}}