{"id":1051197,"date":"2026-01-03T17:18:24","date_gmt":"2026-01-03T14:18:24","guid":{"rendered":"https:\/\/darkamazi.info\/?p=1051197"},"modified":"2026-01-03T17:18:24","modified_gmt":"2026-01-03T14:18:24","slug":"hsde-4-ceteyen-daise-li-reqaye-girtin","status":"publish","type":"post","link":"https:\/\/darkamazi.info\/archives\/1051197","title":{"rendered":"HSD\u00ea 4 \u00e7etey\u00ean DAI\u015e\u2019\u00ea li Reqay\u00ea girtin"},"content":{"rendered":"<h3 style=\"text-align: justify\"><span style=\"font-family: 'arial black', sans-serif\">Navenda Ragihandin\u00ea ya H\u00eaz\u00ean S\u00fbriya Demokrat\u00eek (HSD) ragihand, wan bi hevkariya Hevpeymaniya Navnetewey\u00ee \u015faneyeke \u00e7etey\u00ean DAI\u015e\u2019\u00ea li bajar\u00ea Reqay\u00ea ji hev xistiye \u00fb 4 endam\u00ean w\u00ea girtine.<\/span><\/h3>\n<h3 style=\"text-align: justify\">Navenda Ragihandin\u00ea ya HSD\u2019\u00ea \u00cero 3\u00ea \u00c7iley\u00ea bi daxuyaniyek\u00ea encam\u00ean operasyoneke n\u00fb ya ewlehiy\u00ea a\u015fkere kir. Li gor\u00ee daxuyaniy\u00ea, T\u00eem\u00ean Operasyon\u00ean Le\u015fker\u00ee (TOL) \u00ean ser bi HSD\u2019\u00ea ve, bi koord\u00eenasyona h\u00eaz\u00ean Hevpeymaniya Navnetewey\u00ee li navenda bajar\u00ea Reqay\u00ea operasyoneke serkeft\u00ee p\u00eak an\u00een.<\/h3>\n<h3 style=\"text-align: justify\">HSD\u2019\u00ea destn\u00ee\u015fan kir, di encama biserdegirtina ve\u015fartgeha \u015faney\u00ea de, 4 endam\u00ean DAI\u015e\u2019\u00ea hatin girtin. Herwiha hate ragihandin ku di operasyon\u00ea de ti ziyan negih\u00ee\u015ftiye siv\u00eelan \u00fb \u015fervanan. Di heman dem\u00ea de, hejmarek \u00e7ek \u00fb am\u00fbr\u00ean ragihandin\u00ea y\u00ean ku \u00e7eteyan ji bo \u00e7alakiy\u00ean teror\u00ee bikar dian\u00een, hatin desteserkirin.<\/h3>\n<h3 style=\"text-align: justify\">Li gor\u00ee daxuyaniy\u00ea, di l\u00eapirs\u00een\u00ean destp\u00eak\u00ea de her \u00e7ar \u00e7eteyan li ser s\u00fbc\u00ean xwe li xwer mikur hatine. Wan li dij\u00ee xal \u00fb baregeh\u00ean le\u015fker\u00ee y\u00ean HSD\u2019\u00ea agahiy\u00ean \u00eest\u00eexbarat\u00ee kom dikirin \u00fb amadekariya \u00eari\u015fan dikirin. Herwiha hat diyarkirin ku van kesan rasterast bi serk\u00ea\u015f\u00ean DAI\u015e\u2019\u00ea re di nav p\u00eawendiy\u00ea de b\u00fbn \u00fb agah\u00ee ji wan re di\u015fandin.<\/h3>\n<h3 style=\"text-align: justify\">HSD\u2019\u00ea di dawiya daxuyaniya xwe de tekez kir ku t\u00eako\u015f\u00eena wan a li dij\u00ee \u015faney\u00ean ve\u015fart\u00ee y\u00ean DAI\u015e\u2019\u00ea bi biryardar\u00ee berdewam dike.<\/h3>\n","protected":false},"excerpt":{"rendered":"<p>Navenda Ragihandin\u00ea ya H\u00eaz\u00ean S\u00fbriya Demokrat\u00eek (HSD) ragihand, wan bi hevkariya Hevpeymaniya Navnetewey\u00ee \u015faneyeke \u00e7etey\u00ean DAI\u015e\u2019\u00ea li bajar\u00ea Reqay\u00ea ji hev xistiye \u00fb 4 endam\u00ean w\u00ea girtine. Navenda Ragihandin\u00ea ya HSD\u2019\u00ea \u00cero 3\u00ea \u00c7iley\u00ea bi daxuyaniyek\u00ea encam\u00ean operasyoneke n\u00fb ya ewlehiy\u00ea a\u015fkere kir. Li gor\u00ee daxuyaniy\u00ea, T\u00eem\u00ean Operasyon\u00ean Le\u015fker\u00ee (TOL) \u00ean ser bi HSD\u2019\u00ea ve, [&hellip;]<\/p>\n","protected":false},"author":2,"featured_media":1051198,"comment_status":"closed","ping_status":"closed","sticky":false,"template":"","format":"standard","meta":{"footnotes":""},"categories":[29],"tags":[37],"class_list":["post-1051197","post","type-post","status-publish","format-standard","has-post-thumbnail","hentry","category-kurdistan","tag-sereke"],"blocksy_meta":[],"seo_head":"<!-- This site is optimized with the Yoast SEO plugin v27.5 - https:\/\/yoast.com\/product\/yoast-seo-wordpress\/ -->\n<title>HSD\u00ea 4 \u00e7etey\u00ean DAI\u015e\u2019\u00ea li Reqay\u00ea girtin - Darka Maz\u00ee<\/title>\n<meta name=\"robots\" content=\"index, follow, max-snippet:-1, max-image-preview:large, max-video-preview:-1\" \/>\n<link rel=\"canonical\" href=\"https:\/\/darkamazi.info\/archives\/1051197\" \/>\n<meta property=\"og:locale\" content=\"en_US\" \/>\n<meta property=\"og:type\" content=\"article\" \/>\n<meta property=\"og:title\" content=\"HSD\u00ea 4 \u00e7etey\u00ean DAI\u015e\u2019\u00ea li Reqay\u00ea girtin - Darka Maz\u00ee\" \/>\n<meta property=\"og:description\" content=\"Navenda Ragihandin\u00ea ya H\u00eaz\u00ean S\u00fbriya Demokrat\u00eek (HSD) ragihand, wan bi hevkariya Hevpeymaniya Navnetewey\u00ee \u015faneyeke \u00e7etey\u00ean DAI\u015e\u2019\u00ea li bajar\u00ea Reqay\u00ea ji hev xistiye \u00fb 4 endam\u00ean w\u00ea girtine. Navenda Ragihandin\u00ea ya HSD\u2019\u00ea \u00cero 3\u00ea \u00c7iley\u00ea bi daxuyaniyek\u00ea encam\u00ean operasyoneke n\u00fb ya ewlehiy\u00ea a\u015fkere kir. Li gor\u00ee daxuyaniy\u00ea, T\u00eem\u00ean Operasyon\u00ean Le\u015fker\u00ee (TOL) \u00ean ser bi HSD\u2019\u00ea ve, [&hellip;]\" \/>\n<meta property=\"og:url\" content=\"https:\/\/darkamazi.info\/archives\/1051197\" \/>\n<meta property=\"og:site_name\" content=\"Darka Maz\u00ee\" \/>\n<meta property=\"article:publisher\" content=\"https:\/\/www.facebook.com\/DarMaziKurmanci\" \/>\n<meta property=\"article:published_time\" content=\"2026-01-03T14:18:24+00:00\" \/>\n<meta property=\"og:image\" content=\"https:\/\/darkamazi.info\/file\/2026\/01\/tol-hsd.jpg\" \/>\n\t<meta property=\"og:image:width\" content=\"900\" \/>\n\t<meta property=\"og:image:height\" content=\"497\" \/>\n\t<meta property=\"og:image:type\" content=\"image\/jpeg\" \/>\n<meta name=\"author\" content=\"darka mazi\" \/>\n<meta name=\"twitter:card\" content=\"summary_large_image\" \/>\n<meta name=\"twitter:creator\" content=\"@DarkaMaziLatini\" \/>\n<meta name=\"twitter:site\" content=\"@DarkaMaziLatini\" \/>\n<meta name=\"twitter:label1\" content=\"Written by\" \/>\n\t<meta name=\"twitter:data1\" content=\"darka mazi\" \/>\n\t<meta name=\"twitter:label2\" content=\"Est. reading time\" \/>\n\t<meta name=\"twitter:data2\" content=\"2 minutes\" \/>\n<script type=\"application\/ld+json\" class=\"seo-schema-graph\">{\"@context\":\"https:\\\/\\\/schema.org\",\"@graph\":[{\"@type\":\"Article\",\"@id\":\"https:\\\/\\\/darkamazi.info\\\/archives\\\/1051197#article\",\"isPartOf\":{\"@id\":\"https:\\\/\\\/darkamazi.info\\\/archives\\\/1051197\"},\"author\":{\"name\":\"darka mazi\",\"@id\":\"https:\\\/\\\/darkamazi.info\\\/#\\\/schema\\\/person\\\/5ad3e24553a0567993fa8ed4bd0a776c\"},\"headline\":\"HSD\u00ea 4 \u00e7etey\u00ean DAI\u015e\u2019\u00ea li Reqay\u00ea girtin\",\"datePublished\":\"2026-01-03T14:18:24+00:00\",\"mainEntityOfPage\":{\"@id\":\"https:\\\/\\\/darkamazi.info\\\/archives\\\/1051197\"},\"wordCount\":240,\"publisher\":{\"@id\":\"https:\\\/\\\/darkamazi.info\\\/#organization\"},\"image\":{\"@id\":\"https:\\\/\\\/darkamazi.info\\\/archives\\\/1051197#primaryimage\"},\"thumbnailUrl\":\"https:\\\/\\\/darkamazi.info\\\/darka-content\\\/uploads\\\/2026\\\/01\\\/tol-hsd.jpg\",\"keywords\":[\"sereke\"],\"articleSection\":[\"Kurdistan\"],\"inLanguage\":\"en-US\"},{\"@type\":\"WebPage\",\"@id\":\"https:\\\/\\\/darkamazi.info\\\/archives\\\/1051197\",\"url\":\"https:\\\/\\\/darkamazi.info\\\/archives\\\/1051197\",\"name\":\"HSD\u00ea 4 \u00e7etey\u00ean DAI\u015e\u2019\u00ea li Reqay\u00ea girtin - Darka Maz\u00ee\",\"isPartOf\":{\"@id\":\"https:\\\/\\\/darkamazi.info\\\/#website\"},\"primaryImageOfPage\":{\"@id\":\"https:\\\/\\\/darkamazi.info\\\/archives\\\/1051197#primaryimage\"},\"image\":{\"@id\":\"https:\\\/\\\/darkamazi.info\\\/archives\\\/1051197#primaryimage\"},\"thumbnailUrl\":\"https:\\\/\\\/darkamazi.info\\\/darka-content\\\/uploads\\\/2026\\\/01\\\/tol-hsd.jpg\",\"datePublished\":\"2026-01-03T14:18:24+00:00\",\"breadcrumb\":{\"@id\":\"https:\\\/\\\/darkamazi.info\\\/archives\\\/1051197#breadcrumb\"},\"inLanguage\":\"en-US\",\"potentialAction\":[{\"@type\":\"ReadAction\",\"target\":[\"https:\\\/\\\/darkamazi.info\\\/archives\\\/1051197\"]}]},{\"@type\":\"ImageObject\",\"inLanguage\":\"en-US\",\"@id\":\"https:\\\/\\\/darkamazi.info\\\/archives\\\/1051197#primaryimage\",\"url\":\"https:\\\/\\\/darkamazi.info\\\/darka-content\\\/uploads\\\/2026\\\/01\\\/tol-hsd.jpg\",\"contentUrl\":\"https:\\\/\\\/darkamazi.info\\\/darka-content\\\/uploads\\\/2026\\\/01\\\/tol-hsd.jpg\",\"width\":900,\"height\":497,\"caption\":\"HSD\u00ea 4 \u00e7etey\u00ean DAI\u015e\u2019\u00ea li Reqay\u00ea girtin\"},{\"@type\":\"BreadcrumbList\",\"@id\":\"https:\\\/\\\/darkamazi.info\\\/archives\\\/1051197#breadcrumb\",\"itemListElement\":[{\"@type\":\"ListItem\",\"position\":1,\"name\":\"Home\",\"item\":\"https:\\\/\\\/darkamazi.info\\\/\"},{\"@type\":\"ListItem\",\"position\":2,\"name\":\"HSD\u00ea 4 \u00e7etey\u00ean DAI\u015e\u2019\u00ea li Reqay\u00ea girtin\"}]},{\"@type\":\"WebSite\",\"@id\":\"https:\\\/\\\/darkamazi.info\\\/#website\",\"url\":\"https:\\\/\\\/darkamazi.info\\\/\",\"name\":\"Darka Maz\u00ee\",\"description\":\"P\u00eageha Zanyariy\u00ean Nebih\u00eest\u00ee\",\"publisher\":{\"@id\":\"https:\\\/\\\/darkamazi.info\\\/#organization\"},\"potentialAction\":[{\"@type\":\"SearchAction\",\"target\":{\"@type\":\"EntryPoint\",\"urlTemplate\":\"https:\\\/\\\/darkamazi.info\\\/?s={search_term_string}\"},\"query-input\":{\"@type\":\"PropertyValueSpecification\",\"valueRequired\":true,\"valueName\":\"search_term_string\"}}],\"inLanguage\":\"en-US\"},{\"@type\":\"Organization\",\"@id\":\"https:\\\/\\\/darkamazi.info\\\/#organization\",\"name\":\"Darka Maz\u00ee\",\"url\":\"https:\\\/\\\/darkamazi.info\\\/\",\"logo\":{\"@type\":\"ImageObject\",\"inLanguage\":\"en-US\",\"@id\":\"https:\\\/\\\/darkamazi.info\\\/#\\\/schema\\\/logo\\\/image\\\/\",\"url\":\"https:\\\/\\\/darkamazi.info\\\/darka-content\\\/uploads\\\/2017\\\/12\\\/darka-mazi-logo.png\",\"contentUrl\":\"https:\\\/\\\/darkamazi.info\\\/darka-content\\\/uploads\\\/2017\\\/12\\\/darka-mazi-logo.png\",\"width\":151,\"height\":75,\"caption\":\"Darka Maz\u00ee\"},\"image\":{\"@id\":\"https:\\\/\\\/darkamazi.info\\\/#\\\/schema\\\/logo\\\/image\\\/\"},\"sameAs\":[\"https:\\\/\\\/www.facebook.com\\\/DarMaziKurmanci\",\"https:\\\/\\\/x.com\\\/DarkaMaziLatini\",\"https:\\\/\\\/www.instagram.com\\\/darkamazi.kurmanci\\\/\",\"https:\\\/\\\/www.youtube.com\\\/channel\\\/UCa5HkTdmI8U1qCUFuTw8B2g\"]},{\"@type\":\"Person\",\"@id\":\"https:\\\/\\\/darkamazi.info\\\/#\\\/schema\\\/person\\\/5ad3e24553a0567993fa8ed4bd0a776c\",\"name\":\"darka mazi\",\"sameAs\":[\"https:\\\/\\\/darkamazi.info\\\/\"],\"url\":\"https:\\\/\\\/darkamazi.info\\\/archives\\\/author\\\/kurdi\"}]}<\/script>\n<!-- \/ Yoast SEO plugin. -->","seo_head_json":{"title":"HSD\u00ea 4 \u00e7etey\u00ean DAI\u015e\u2019\u00ea li Reqay\u00ea girtin - Darka Maz\u00ee","robots":{"index":"index","follow":"follow","max-snippet":"max-snippet:-1","max-image-preview":"max-image-preview:large","max-video-preview":"max-video-preview:-1"},"canonical":"https:\/\/darkamazi.info\/archives\/1051197","og_locale":"en_US","og_type":"article","og_title":"HSD\u00ea 4 \u00e7etey\u00ean DAI\u015e\u2019\u00ea li Reqay\u00ea girtin - Darka Maz\u00ee","og_description":"Navenda Ragihandin\u00ea ya H\u00eaz\u00ean S\u00fbriya Demokrat\u00eek (HSD) ragihand, wan bi hevkariya Hevpeymaniya Navnetewey\u00ee \u015faneyeke \u00e7etey\u00ean DAI\u015e\u2019\u00ea li bajar\u00ea Reqay\u00ea ji hev xistiye \u00fb 4 endam\u00ean w\u00ea girtine. Navenda Ragihandin\u00ea ya HSD\u2019\u00ea \u00cero 3\u00ea \u00c7iley\u00ea bi daxuyaniyek\u00ea encam\u00ean operasyoneke n\u00fb ya ewlehiy\u00ea a\u015fkere kir. Li gor\u00ee daxuyaniy\u00ea, T\u00eem\u00ean Operasyon\u00ean Le\u015fker\u00ee (TOL) \u00ean ser bi HSD\u2019\u00ea ve, [&hellip;]","og_url":"https:\/\/darkamazi.info\/archives\/1051197","og_site_name":"Darka Maz\u00ee","article_publisher":"https:\/\/www.facebook.com\/DarMaziKurmanci","article_published_time":"2026-01-03T14:18:24+00:00","og_image":[{"width":900,"height":497,"url":"https:\/\/darkamazi.info\/file\/2026\/01\/tol-hsd.jpg","type":"image\/jpeg"}],"author":"darka mazi","twitter_card":"summary_large_image","twitter_creator":"@DarkaMaziLatini","twitter_site":"@DarkaMaziLatini","twitter_misc":{"Written by":"darka mazi","Est. reading time":"2 minutes"},"schema":{"@context":"https:\/\/schema.org","@graph":[{"@type":"Article","@id":"https:\/\/darkamazi.info\/archives\/1051197#article","isPartOf":{"@id":"https:\/\/darkamazi.info\/archives\/1051197"},"author":{"name":"darka mazi","@id":"https:\/\/darkamazi.info\/#\/schema\/person\/5ad3e24553a0567993fa8ed4bd0a776c"},"headline":"HSD\u00ea 4 \u00e7etey\u00ean DAI\u015e\u2019\u00ea li Reqay\u00ea girtin","datePublished":"2026-01-03T14:18:24+00:00","mainEntityOfPage":{"@id":"https:\/\/darkamazi.info\/archives\/1051197"},"wordCount":240,"publisher":{"@id":"https:\/\/darkamazi.info\/#organization"},"image":{"@id":"https:\/\/darkamazi.info\/archives\/1051197#primaryimage"},"thumbnailUrl":"https:\/\/darkamazi.info\/file\/2026\/01\/tol-hsd.jpg","keywords":["sereke"],"articleSection":["Kurdistan"],"inLanguage":"en-US"},{"@type":"WebPage","@id":"https:\/\/darkamazi.info\/archives\/1051197","url":"https:\/\/darkamazi.info\/archives\/1051197","name":"HSD\u00ea 4 \u00e7etey\u00ean DAI\u015e\u2019\u00ea li Reqay\u00ea girtin - Darka Maz\u00ee","isPartOf":{"@id":"https:\/\/darkamazi.info\/#website"},"primaryImageOfPage":{"@id":"https:\/\/darkamazi.info\/archives\/1051197#primaryimage"},"image":{"@id":"https:\/\/darkamazi.info\/archives\/1051197#primaryimage"},"thumbnailUrl":"https:\/\/darkamazi.info\/file\/2026\/01\/tol-hsd.jpg","datePublished":"2026-01-03T14:18:24+00:00","breadcrumb":{"@id":"https:\/\/darkamazi.info\/archives\/1051197#breadcrumb"},"inLanguage":"en-US","potentialAction":[{"@type":"ReadAction","target":["https:\/\/darkamazi.info\/archives\/1051197"]}]},{"@type":"ImageObject","inLanguage":"en-US","@id":"https:\/\/darkamazi.info\/archives\/1051197#primaryimage","url":"https:\/\/darkamazi.info\/file\/2026\/01\/tol-hsd.jpg","contentUrl":"https:\/\/darkamazi.info\/file\/2026\/01\/tol-hsd.jpg","width":900,"height":497,"caption":"HSD\u00ea 4 \u00e7etey\u00ean DAI\u015e\u2019\u00ea li Reqay\u00ea girtin"},{"@type":"BreadcrumbList","@id":"https:\/\/darkamazi.info\/archives\/1051197#breadcrumb","itemListElement":[{"@type":"ListItem","position":1,"name":"Home","item":"https:\/\/darkamazi.info\/"},{"@type":"ListItem","position":2,"name":"HSD\u00ea 4 \u00e7etey\u00ean DAI\u015e\u2019\u00ea li Reqay\u00ea girtin"}]},{"@type":"WebSite","@id":"https:\/\/darkamazi.info\/#website","url":"https:\/\/darkamazi.info\/","name":"Darka Maz\u00ee","description":"P\u00eageha Zanyariy\u00ean Nebih\u00eest\u00ee","publisher":{"@id":"https:\/\/darkamazi.info\/#organization"},"potentialAction":[{"@type":"SearchAction","target":{"@type":"EntryPoint","urlTemplate":"https:\/\/darkamazi.info\/?s={search_term_string}"},"query-input":{"@type":"PropertyValueSpecification","valueRequired":true,"valueName":"search_term_string"}}],"inLanguage":"en-US"},{"@type":"Organization","@id":"https:\/\/darkamazi.info\/#organization","name":"Darka Maz\u00ee","url":"https:\/\/darkamazi.info\/","logo":{"@type":"ImageObject","inLanguage":"en-US","@id":"https:\/\/darkamazi.info\/#\/schema\/logo\/image\/","url":"https:\/\/darkamazi.info\/file\/2017\/12\/darka-mazi-logo.png","contentUrl":"https:\/\/darkamazi.info\/file\/2017\/12\/darka-mazi-logo.png","width":151,"height":75,"caption":"Darka Maz\u00ee"},"image":{"@id":"https:\/\/darkamazi.info\/#\/schema\/logo\/image\/"},"sameAs":["https:\/\/www.facebook.com\/DarMaziKurmanci","https:\/\/x.com\/DarkaMaziLatini","https:\/\/www.instagram.com\/darkamazi.kurmanci\/","https:\/\/www.youtube.com\/channel\/UCa5HkTdmI8U1qCUFuTw8B2g"]},{"@type":"Person","@id":"https:\/\/darkamazi.info\/#\/schema\/person\/5ad3e24553a0567993fa8ed4bd0a776c","name":"darka mazi","sameAs":["https:\/\/darkamazi.info\/"],"url":"https:\/\/darkamazi.info\/archives\/author\/kurdi"}]}},"_links":{"self":[{"href":"https:\/\/darkamazi.info\/funavuv\/wp\/v2\/posts\/1051197","targetHints":{"allow":["GET"]}}],"collection":[{"href":"https:\/\/darkamazi.info\/funavuv\/wp\/v2\/posts"}],"about":[{"href":"https:\/\/darkamazi.info\/funavuv\/wp\/v2\/types\/post"}],"author":[{"embeddable":true,"href":"https:\/\/darkamazi.info\/funavuv\/wp\/v2\/users\/2"}],"replies":[{"embeddable":true,"href":"https:\/\/darkamazi.info\/funavuv\/wp\/v2\/comments?post=1051197"}],"version-history":[{"count":0,"href":"https:\/\/darkamazi.info\/funavuv\/wp\/v2\/posts\/1051197\/revisions"}],"wp:featuredmedia":[{"embeddable":true,"href":"https:\/\/darkamazi.info\/funavuv\/wp\/v2\/media\/1051198"}],"wp:attachment":[{"href":"https:\/\/darkamazi.info\/funavuv\/wp\/v2\/media?parent=1051197"}],"wp:term":[{"taxonomy":"category","embeddable":true,"href":"https:\/\/darkamazi.info\/funavuv\/wp\/v2\/categories?post=1051197"},{"taxonomy":"post_tag","embeddable":true,"href":"https:\/\/darkamazi.info\/funavuv\/wp\/v2\/tags?post=1051197"}],"curies":[{"name":"wp","href":"https:\/\/api.w.org\/{rel}","templated":true}]}}