{"id":1051201,"date":"2026-01-03T17:31:08","date_gmt":"2026-01-03T14:31:08","guid":{"rendered":"https:\/\/darkamazi.info\/?p=1051201"},"modified":"2026-01-03T17:31:08","modified_gmt":"2026-01-03T14:31:08","slug":"mustafa-karasu-azadkirina-ocalan-bo-qonaxa-duye-ya-pevajoya-astiye-sert-e","status":"publish","type":"post","link":"https:\/\/darkamazi.info\/archives\/1051201","title":{"rendered":"Mustafa Karasu: Azadkirina Ocalan bo qonaxa duy\u00ea ya p\u00eavajoya a\u015ftiy\u00ea \u015fert e"},"content":{"rendered":"<h3 style=\"text-align: justify\"><span style=\"font-family: 'arial black', sans-serif\">Endamek\u00ea Konseya Bir\u00eavebiriya KCK\u00ea ragihand: \u201cHeke dewleta Tirkiyey\u00ea p\u00eangav\u00ean qan\u00fbn\u00ee \u00fb siyas\u00ee neav\u00eaje, qonaxa b\u00ea ya p\u00eavajoya a\u015ftiy\u00ea d\u00ea raweste.\u201d<\/span><\/h3>\n<h3 style=\"text-align: justify\">Endam\u00ea Konseya Bir\u00eavebiriya Koma Civak\u00ean Kurdistan\u00ea (KCK) Mustafa Karasu di daxuyaniyeka rojnamevan\u00ee de ragihand: \u201cPi\u015ft\u00ee banga Abdullah Ocalan, PKK\u00ea ji bo p\u00eavajoya a\u015ftiy\u00ea gelek p\u00eangav\u00ean gir\u00eeng av\u00eatine, biryara hilwe\u015fandina xwe daye \u00fb \u015fer\u00ea \u00e7ekdariy\u00ea rawestandiye, herwesa h\u00eaz\u00ean xwe ji Bakur\u00ea Kurdistan\u00ea \u00fb dever\u00ean xeter ji bo \u00e7\u00eab\u00fbna aloziyan veki\u015fandine.\u201d<\/h3>\n<h3 style=\"text-align: justify\">Karasu tekez j\u00ee kir: \u201cNiha dem hatiye ku Tirkiye derfet\u00ea qan\u00fbn\u00ee \u00fb siyas\u00ee ji bo p\u00eangav\u00ean PKK\u00ea peyda bike.\u201d Herwesa got: &#8220;Heke qan\u00fbn\u00ean p\u00eadiv\u00ee ji bo endam \u00fb kadroy\u00ean PKK\u00ea ney\u00ean derxistin \u00fb derfet\u00ea demokrasiy\u00ea ney\u00ea afirandin, ew p\u00eavajo d\u00ea raweste \u00fb d\u00ea derbaz nebe qonaxa duy\u00ea.\u201d<\/h3>\n<h3 style=\"text-align: justify\">W\u00ee endam\u00ea Konseya Bir\u00eavebiriya KCK\u00ea herwesa ragihand: \u201cJi bo qonaxa duy\u00ea, div\u00ea Ocalan b\u00ea \u015fert b\u00ea azadkirin.\u201d<\/h3>\n<h3 style=\"text-align: justify\">P\u00eavajoya a\u015ftiy\u00ea ya n\u00fb li Tirkiyey\u00ea p\u00ea\u015fkeftineka ba\u015f tomar kiriye, xasmaj\u00ee pi\u015ft\u00ee banga d\u00eerok\u00ee ya R\u00eaber\u00ea PKK\u00ea y\u00ea girt\u00ee Abdullah Ocalan ji bo danana \u00e7ekan li roja 27\u00ea Sibat\u00ea. Li beranber\u00ee w\u00ea yek\u00ea j\u00ee, PKK\u00ea agirbest ragihand \u00fb di d\u00fb re di T\u00eermeha 2025\u00ea de bi meras\u00eemeka sembol\u00eek dest bi danana \u00e7ekan kir.<\/h3>\n<h3 style=\"text-align: justify\">Hik\u00fbmeta Tirkiyey\u00ea j\u00ee \u00e7end p\u00eangav av\u00eatine, wek\u00ee avakirina kom\u00eeteyek\u00ea li parlamentoy\u00ea li roja 5\u00ea Tebaxa 2025\u00ea bi nav\u00ea &#8220;Kom\u00eeteya Yekr\u00eaziya Netewey\u00ee, Birat\u00ee \u00fb Demokrasiy\u00ea&#8221; ji bo danana \u00e7ar\u00e7oveya qan\u00fbn\u00ee ya w\u00ea p\u00eavajoy\u00ea. Hik\u00fbmeta navbir\u00ee herwesa li ser amadekirina qan\u00fbnek\u00ea bi nav\u00ea &#8220;Qan\u00fbna Derfet\u00ea&#8221; dixebite da ku vegera endam\u00ean PKK\u00ea y\u00ean ku tund\u00fbt\u00fbj\u00ee nekirine r\u00eak bixe \u00fb rew\u015fa girtiy\u00ean siyas\u00ee \u00e7areser bike.<\/h3>\n<h3 style=\"text-align: justify\">Tev\u00ee van p\u00eangavan, qebxwaziy\u00ean mezin h\u00een j\u00ee mane \u00fb KCK\u00ea haydar\u00ee daye ku ew p\u00eavajo bi rengek\u00ea yekal\u00ee nay\u00ea me\u015fandin. \u00c7areniv\u00eesa Ocalan \u00fb daxwaza azadkirina w\u00ee yek ji mijar\u00ean sereke y\u00ean n\u00eeqa\u015fan e. Di v\u00ea navber\u00ea de, rew\u015fa H\u00eaz\u00ean S\u00fbriyeya Demokrat\u00eek (HSD) li S\u00fbriyey\u00ea \u00fb peymana wan a bi hik\u00fbmeta \u015eam\u00ea re aliyek\u00ea her\u00eam\u00ee daye w\u00ea p\u00eavajoy\u00ea.<\/h3>\n","protected":false},"excerpt":{"rendered":"<p>Endamek\u00ea Konseya Bir\u00eavebiriya KCK\u00ea ragihand: \u201cHeke dewleta Tirkiyey\u00ea p\u00eangav\u00ean qan\u00fbn\u00ee \u00fb siyas\u00ee neav\u00eaje, qonaxa b\u00ea ya p\u00eavajoya a\u015ftiy\u00ea d\u00ea raweste.\u201d Endam\u00ea Konseya Bir\u00eavebiriya Koma Civak\u00ean Kurdistan\u00ea (KCK) Mustafa Karasu di daxuyaniyeka rojnamevan\u00ee de ragihand: \u201cPi\u015ft\u00ee banga Abdullah Ocalan, PKK\u00ea ji bo p\u00eavajoya a\u015ftiy\u00ea gelek p\u00eangav\u00ean gir\u00eeng av\u00eatine, biryara hilwe\u015fandina xwe daye \u00fb \u015fer\u00ea \u00e7ekdariy\u00ea rawestandiye, [&hellip;]<\/p>\n","protected":false},"author":2,"featured_media":1051202,"comment_status":"closed","ping_status":"closed","sticky":false,"template":"","format":"standard","meta":{"footnotes":""},"categories":[29],"tags":[37],"class_list":["post-1051201","post","type-post","status-publish","format-standard","has-post-thumbnail","hentry","category-kurdistan","tag-sereke"],"blocksy_meta":[],"seo_head":"<!-- This site is optimized with the Yoast SEO plugin v27.5 - https:\/\/yoast.com\/product\/yoast-seo-wordpress\/ -->\n<title>Mustafa Karasu: Azadkirina Ocalan bo qonaxa duy\u00ea ya p\u00eavajoya a\u015ftiy\u00ea \u015fert e - Darka Maz\u00ee<\/title>\n<meta name=\"robots\" content=\"index, follow, max-snippet:-1, max-image-preview:large, max-video-preview:-1\" \/>\n<link rel=\"canonical\" href=\"https:\/\/darkamazi.info\/archives\/1051201\" \/>\n<meta property=\"og:locale\" content=\"en_US\" \/>\n<meta property=\"og:type\" content=\"article\" \/>\n<meta property=\"og:title\" content=\"Mustafa Karasu: Azadkirina Ocalan bo qonaxa duy\u00ea ya p\u00eavajoya a\u015ftiy\u00ea \u015fert e - Darka Maz\u00ee\" \/>\n<meta property=\"og:description\" content=\"Endamek\u00ea Konseya Bir\u00eavebiriya KCK\u00ea ragihand: \u201cHeke dewleta Tirkiyey\u00ea p\u00eangav\u00ean qan\u00fbn\u00ee \u00fb siyas\u00ee neav\u00eaje, qonaxa b\u00ea ya p\u00eavajoya a\u015ftiy\u00ea d\u00ea raweste.\u201d Endam\u00ea Konseya Bir\u00eavebiriya Koma Civak\u00ean Kurdistan\u00ea (KCK) Mustafa Karasu di daxuyaniyeka rojnamevan\u00ee de ragihand: \u201cPi\u015ft\u00ee banga Abdullah Ocalan, PKK\u00ea ji bo p\u00eavajoya a\u015ftiy\u00ea gelek p\u00eangav\u00ean gir\u00eeng av\u00eatine, biryara hilwe\u015fandina xwe daye \u00fb \u015fer\u00ea \u00e7ekdariy\u00ea rawestandiye, [&hellip;]\" \/>\n<meta property=\"og:url\" content=\"https:\/\/darkamazi.info\/archives\/1051201\" \/>\n<meta property=\"og:site_name\" content=\"Darka Maz\u00ee\" \/>\n<meta property=\"article:publisher\" content=\"https:\/\/www.facebook.com\/DarMaziKurmanci\" \/>\n<meta property=\"article:published_time\" content=\"2026-01-03T14:31:08+00:00\" \/>\n<meta property=\"og:image\" content=\"https:\/\/darkamazi.info\/file\/2026\/01\/Parlamentoya-Tirkiyeye-Hevditina-Ocalan-Net.jpg\" \/>\n\t<meta property=\"og:image:width\" content=\"900\" \/>\n\t<meta property=\"og:image:height\" content=\"500\" \/>\n\t<meta property=\"og:image:type\" content=\"image\/jpeg\" \/>\n<meta name=\"author\" content=\"darka mazi\" \/>\n<meta name=\"twitter:card\" content=\"summary_large_image\" \/>\n<meta name=\"twitter:creator\" content=\"@DarkaMaziLatini\" \/>\n<meta name=\"twitter:site\" content=\"@DarkaMaziLatini\" \/>\n<meta name=\"twitter:label1\" content=\"Written by\" \/>\n\t<meta name=\"twitter:data1\" content=\"darka mazi\" \/>\n\t<meta name=\"twitter:label2\" content=\"Est. reading time\" \/>\n\t<meta name=\"twitter:data2\" content=\"2 minutes\" \/>\n<script type=\"application\/ld+json\" class=\"seo-schema-graph\">{\"@context\":\"https:\\\/\\\/schema.org\",\"@graph\":[{\"@type\":\"Article\",\"@id\":\"https:\\\/\\\/darkamazi.info\\\/archives\\\/1051201#article\",\"isPartOf\":{\"@id\":\"https:\\\/\\\/darkamazi.info\\\/archives\\\/1051201\"},\"author\":{\"name\":\"darka mazi\",\"@id\":\"https:\\\/\\\/darkamazi.info\\\/#\\\/schema\\\/person\\\/5ad3e24553a0567993fa8ed4bd0a776c\"},\"headline\":\"Mustafa Karasu: Azadkirina Ocalan bo qonaxa duy\u00ea ya p\u00eavajoya a\u015ftiy\u00ea \u015fert e\",\"datePublished\":\"2026-01-03T14:31:08+00:00\",\"mainEntityOfPage\":{\"@id\":\"https:\\\/\\\/darkamazi.info\\\/archives\\\/1051201\"},\"wordCount\":380,\"publisher\":{\"@id\":\"https:\\\/\\\/darkamazi.info\\\/#organization\"},\"image\":{\"@id\":\"https:\\\/\\\/darkamazi.info\\\/archives\\\/1051201#primaryimage\"},\"thumbnailUrl\":\"https:\\\/\\\/darkamazi.info\\\/darka-content\\\/uploads\\\/2026\\\/01\\\/Parlamentoya-Tirkiyeye-Hevditina-Ocalan-Net.jpg\",\"keywords\":[\"sereke\"],\"articleSection\":[\"Kurdistan\"],\"inLanguage\":\"en-US\"},{\"@type\":\"WebPage\",\"@id\":\"https:\\\/\\\/darkamazi.info\\\/archives\\\/1051201\",\"url\":\"https:\\\/\\\/darkamazi.info\\\/archives\\\/1051201\",\"name\":\"Mustafa Karasu: Azadkirina Ocalan bo qonaxa duy\u00ea ya p\u00eavajoya a\u015ftiy\u00ea \u015fert e - Darka Maz\u00ee\",\"isPartOf\":{\"@id\":\"https:\\\/\\\/darkamazi.info\\\/#website\"},\"primaryImageOfPage\":{\"@id\":\"https:\\\/\\\/darkamazi.info\\\/archives\\\/1051201#primaryimage\"},\"image\":{\"@id\":\"https:\\\/\\\/darkamazi.info\\\/archives\\\/1051201#primaryimage\"},\"thumbnailUrl\":\"https:\\\/\\\/darkamazi.info\\\/darka-content\\\/uploads\\\/2026\\\/01\\\/Parlamentoya-Tirkiyeye-Hevditina-Ocalan-Net.jpg\",\"datePublished\":\"2026-01-03T14:31:08+00:00\",\"breadcrumb\":{\"@id\":\"https:\\\/\\\/darkamazi.info\\\/archives\\\/1051201#breadcrumb\"},\"inLanguage\":\"en-US\",\"potentialAction\":[{\"@type\":\"ReadAction\",\"target\":[\"https:\\\/\\\/darkamazi.info\\\/archives\\\/1051201\"]}]},{\"@type\":\"ImageObject\",\"inLanguage\":\"en-US\",\"@id\":\"https:\\\/\\\/darkamazi.info\\\/archives\\\/1051201#primaryimage\",\"url\":\"https:\\\/\\\/darkamazi.info\\\/darka-content\\\/uploads\\\/2026\\\/01\\\/Parlamentoya-Tirkiyeye-Hevditina-Ocalan-Net.jpg\",\"contentUrl\":\"https:\\\/\\\/darkamazi.info\\\/darka-content\\\/uploads\\\/2026\\\/01\\\/Parlamentoya-Tirkiyeye-Hevditina-Ocalan-Net.jpg\",\"width\":900,\"height\":500,\"caption\":\"Mustafa Karasu: Azadkirina Ocalan bo qonaxa duy\u00ea ya p\u00eavajoya a\u015ftiy\u00ea \u015fert e\"},{\"@type\":\"BreadcrumbList\",\"@id\":\"https:\\\/\\\/darkamazi.info\\\/archives\\\/1051201#breadcrumb\",\"itemListElement\":[{\"@type\":\"ListItem\",\"position\":1,\"name\":\"Home\",\"item\":\"https:\\\/\\\/darkamazi.info\\\/\"},{\"@type\":\"ListItem\",\"position\":2,\"name\":\"Mustafa Karasu: Azadkirina Ocalan bo qonaxa duy\u00ea ya p\u00eavajoya a\u015ftiy\u00ea \u015fert e\"}]},{\"@type\":\"WebSite\",\"@id\":\"https:\\\/\\\/darkamazi.info\\\/#website\",\"url\":\"https:\\\/\\\/darkamazi.info\\\/\",\"name\":\"Darka Maz\u00ee\",\"description\":\"P\u00eageha Zanyariy\u00ean Nebih\u00eest\u00ee\",\"publisher\":{\"@id\":\"https:\\\/\\\/darkamazi.info\\\/#organization\"},\"potentialAction\":[{\"@type\":\"SearchAction\",\"target\":{\"@type\":\"EntryPoint\",\"urlTemplate\":\"https:\\\/\\\/darkamazi.info\\\/?s={search_term_string}\"},\"query-input\":{\"@type\":\"PropertyValueSpecification\",\"valueRequired\":true,\"valueName\":\"search_term_string\"}}],\"inLanguage\":\"en-US\"},{\"@type\":\"Organization\",\"@id\":\"https:\\\/\\\/darkamazi.info\\\/#organization\",\"name\":\"Darka Maz\u00ee\",\"url\":\"https:\\\/\\\/darkamazi.info\\\/\",\"logo\":{\"@type\":\"ImageObject\",\"inLanguage\":\"en-US\",\"@id\":\"https:\\\/\\\/darkamazi.info\\\/#\\\/schema\\\/logo\\\/image\\\/\",\"url\":\"https:\\\/\\\/darkamazi.info\\\/darka-content\\\/uploads\\\/2017\\\/12\\\/darka-mazi-logo.png\",\"contentUrl\":\"https:\\\/\\\/darkamazi.info\\\/darka-content\\\/uploads\\\/2017\\\/12\\\/darka-mazi-logo.png\",\"width\":151,\"height\":75,\"caption\":\"Darka Maz\u00ee\"},\"image\":{\"@id\":\"https:\\\/\\\/darkamazi.info\\\/#\\\/schema\\\/logo\\\/image\\\/\"},\"sameAs\":[\"https:\\\/\\\/www.facebook.com\\\/DarMaziKurmanci\",\"https:\\\/\\\/x.com\\\/DarkaMaziLatini\",\"https:\\\/\\\/www.instagram.com\\\/darkamazi.kurmanci\\\/\",\"https:\\\/\\\/www.youtube.com\\\/channel\\\/UCa5HkTdmI8U1qCUFuTw8B2g\"]},{\"@type\":\"Person\",\"@id\":\"https:\\\/\\\/darkamazi.info\\\/#\\\/schema\\\/person\\\/5ad3e24553a0567993fa8ed4bd0a776c\",\"name\":\"darka mazi\",\"sameAs\":[\"https:\\\/\\\/darkamazi.info\\\/\"],\"url\":\"https:\\\/\\\/darkamazi.info\\\/archives\\\/author\\\/kurdi\"}]}<\/script>\n<!-- \/ Yoast SEO plugin. -->","seo_head_json":{"title":"Mustafa Karasu: Azadkirina Ocalan bo qonaxa duy\u00ea ya p\u00eavajoya a\u015ftiy\u00ea \u015fert e - Darka Maz\u00ee","robots":{"index":"index","follow":"follow","max-snippet":"max-snippet:-1","max-image-preview":"max-image-preview:large","max-video-preview":"max-video-preview:-1"},"canonical":"https:\/\/darkamazi.info\/archives\/1051201","og_locale":"en_US","og_type":"article","og_title":"Mustafa Karasu: Azadkirina Ocalan bo qonaxa duy\u00ea ya p\u00eavajoya a\u015ftiy\u00ea \u015fert e - Darka Maz\u00ee","og_description":"Endamek\u00ea Konseya Bir\u00eavebiriya KCK\u00ea ragihand: \u201cHeke dewleta Tirkiyey\u00ea p\u00eangav\u00ean qan\u00fbn\u00ee \u00fb siyas\u00ee neav\u00eaje, qonaxa b\u00ea ya p\u00eavajoya a\u015ftiy\u00ea d\u00ea raweste.\u201d Endam\u00ea Konseya Bir\u00eavebiriya Koma Civak\u00ean Kurdistan\u00ea (KCK) Mustafa Karasu di daxuyaniyeka rojnamevan\u00ee de ragihand: \u201cPi\u015ft\u00ee banga Abdullah Ocalan, PKK\u00ea ji bo p\u00eavajoya a\u015ftiy\u00ea gelek p\u00eangav\u00ean gir\u00eeng av\u00eatine, biryara hilwe\u015fandina xwe daye \u00fb \u015fer\u00ea \u00e7ekdariy\u00ea rawestandiye, [&hellip;]","og_url":"https:\/\/darkamazi.info\/archives\/1051201","og_site_name":"Darka Maz\u00ee","article_publisher":"https:\/\/www.facebook.com\/DarMaziKurmanci","article_published_time":"2026-01-03T14:31:08+00:00","og_image":[{"width":900,"height":500,"url":"https:\/\/darkamazi.info\/file\/2026\/01\/Parlamentoya-Tirkiyeye-Hevditina-Ocalan-Net.jpg","type":"image\/jpeg"}],"author":"darka mazi","twitter_card":"summary_large_image","twitter_creator":"@DarkaMaziLatini","twitter_site":"@DarkaMaziLatini","twitter_misc":{"Written by":"darka mazi","Est. reading time":"2 minutes"},"schema":{"@context":"https:\/\/schema.org","@graph":[{"@type":"Article","@id":"https:\/\/darkamazi.info\/archives\/1051201#article","isPartOf":{"@id":"https:\/\/darkamazi.info\/archives\/1051201"},"author":{"name":"darka mazi","@id":"https:\/\/darkamazi.info\/#\/schema\/person\/5ad3e24553a0567993fa8ed4bd0a776c"},"headline":"Mustafa Karasu: Azadkirina Ocalan bo qonaxa duy\u00ea ya p\u00eavajoya a\u015ftiy\u00ea \u015fert e","datePublished":"2026-01-03T14:31:08+00:00","mainEntityOfPage":{"@id":"https:\/\/darkamazi.info\/archives\/1051201"},"wordCount":380,"publisher":{"@id":"https:\/\/darkamazi.info\/#organization"},"image":{"@id":"https:\/\/darkamazi.info\/archives\/1051201#primaryimage"},"thumbnailUrl":"https:\/\/darkamazi.info\/file\/2026\/01\/Parlamentoya-Tirkiyeye-Hevditina-Ocalan-Net.jpg","keywords":["sereke"],"articleSection":["Kurdistan"],"inLanguage":"en-US"},{"@type":"WebPage","@id":"https:\/\/darkamazi.info\/archives\/1051201","url":"https:\/\/darkamazi.info\/archives\/1051201","name":"Mustafa Karasu: Azadkirina Ocalan bo qonaxa duy\u00ea ya p\u00eavajoya a\u015ftiy\u00ea \u015fert e - Darka Maz\u00ee","isPartOf":{"@id":"https:\/\/darkamazi.info\/#website"},"primaryImageOfPage":{"@id":"https:\/\/darkamazi.info\/archives\/1051201#primaryimage"},"image":{"@id":"https:\/\/darkamazi.info\/archives\/1051201#primaryimage"},"thumbnailUrl":"https:\/\/darkamazi.info\/file\/2026\/01\/Parlamentoya-Tirkiyeye-Hevditina-Ocalan-Net.jpg","datePublished":"2026-01-03T14:31:08+00:00","breadcrumb":{"@id":"https:\/\/darkamazi.info\/archives\/1051201#breadcrumb"},"inLanguage":"en-US","potentialAction":[{"@type":"ReadAction","target":["https:\/\/darkamazi.info\/archives\/1051201"]}]},{"@type":"ImageObject","inLanguage":"en-US","@id":"https:\/\/darkamazi.info\/archives\/1051201#primaryimage","url":"https:\/\/darkamazi.info\/file\/2026\/01\/Parlamentoya-Tirkiyeye-Hevditina-Ocalan-Net.jpg","contentUrl":"https:\/\/darkamazi.info\/file\/2026\/01\/Parlamentoya-Tirkiyeye-Hevditina-Ocalan-Net.jpg","width":900,"height":500,"caption":"Mustafa Karasu: Azadkirina Ocalan bo qonaxa duy\u00ea ya p\u00eavajoya a\u015ftiy\u00ea \u015fert e"},{"@type":"BreadcrumbList","@id":"https:\/\/darkamazi.info\/archives\/1051201#breadcrumb","itemListElement":[{"@type":"ListItem","position":1,"name":"Home","item":"https:\/\/darkamazi.info\/"},{"@type":"ListItem","position":2,"name":"Mustafa Karasu: Azadkirina Ocalan bo qonaxa duy\u00ea ya p\u00eavajoya a\u015ftiy\u00ea \u015fert e"}]},{"@type":"WebSite","@id":"https:\/\/darkamazi.info\/#website","url":"https:\/\/darkamazi.info\/","name":"Darka Maz\u00ee","description":"P\u00eageha Zanyariy\u00ean Nebih\u00eest\u00ee","publisher":{"@id":"https:\/\/darkamazi.info\/#organization"},"potentialAction":[{"@type":"SearchAction","target":{"@type":"EntryPoint","urlTemplate":"https:\/\/darkamazi.info\/?s={search_term_string}"},"query-input":{"@type":"PropertyValueSpecification","valueRequired":true,"valueName":"search_term_string"}}],"inLanguage":"en-US"},{"@type":"Organization","@id":"https:\/\/darkamazi.info\/#organization","name":"Darka Maz\u00ee","url":"https:\/\/darkamazi.info\/","logo":{"@type":"ImageObject","inLanguage":"en-US","@id":"https:\/\/darkamazi.info\/#\/schema\/logo\/image\/","url":"https:\/\/darkamazi.info\/file\/2017\/12\/darka-mazi-logo.png","contentUrl":"https:\/\/darkamazi.info\/file\/2017\/12\/darka-mazi-logo.png","width":151,"height":75,"caption":"Darka Maz\u00ee"},"image":{"@id":"https:\/\/darkamazi.info\/#\/schema\/logo\/image\/"},"sameAs":["https:\/\/www.facebook.com\/DarMaziKurmanci","https:\/\/x.com\/DarkaMaziLatini","https:\/\/www.instagram.com\/darkamazi.kurmanci\/","https:\/\/www.youtube.com\/channel\/UCa5HkTdmI8U1qCUFuTw8B2g"]},{"@type":"Person","@id":"https:\/\/darkamazi.info\/#\/schema\/person\/5ad3e24553a0567993fa8ed4bd0a776c","name":"darka mazi","sameAs":["https:\/\/darkamazi.info\/"],"url":"https:\/\/darkamazi.info\/archives\/author\/kurdi"}]}},"_links":{"self":[{"href":"https:\/\/darkamazi.info\/funavuv\/wp\/v2\/posts\/1051201","targetHints":{"allow":["GET"]}}],"collection":[{"href":"https:\/\/darkamazi.info\/funavuv\/wp\/v2\/posts"}],"about":[{"href":"https:\/\/darkamazi.info\/funavuv\/wp\/v2\/types\/post"}],"author":[{"embeddable":true,"href":"https:\/\/darkamazi.info\/funavuv\/wp\/v2\/users\/2"}],"replies":[{"embeddable":true,"href":"https:\/\/darkamazi.info\/funavuv\/wp\/v2\/comments?post=1051201"}],"version-history":[{"count":0,"href":"https:\/\/darkamazi.info\/funavuv\/wp\/v2\/posts\/1051201\/revisions"}],"wp:featuredmedia":[{"embeddable":true,"href":"https:\/\/darkamazi.info\/funavuv\/wp\/v2\/media\/1051202"}],"wp:attachment":[{"href":"https:\/\/darkamazi.info\/funavuv\/wp\/v2\/media?parent=1051201"}],"wp:term":[{"taxonomy":"category","embeddable":true,"href":"https:\/\/darkamazi.info\/funavuv\/wp\/v2\/categories?post=1051201"},{"taxonomy":"post_tag","embeddable":true,"href":"https:\/\/darkamazi.info\/funavuv\/wp\/v2\/tags?post=1051201"}],"curies":[{"name":"wp","href":"https:\/\/api.w.org\/{rel}","templated":true}]}}