{"id":1051205,"date":"2026-01-04T14:11:35","date_gmt":"2026-01-04T11:11:35","guid":{"rendered":"https:\/\/darkamazi.info\/?p=1051205"},"modified":"2026-01-04T14:11:35","modified_gmt":"2026-01-04T11:11:35","slug":"fermandare-gisti-ye-hsde-mezlum-ebdi-gihist-same","status":"publish","type":"post","link":"https:\/\/darkamazi.info\/archives\/1051205","title":{"rendered":"Fermandar\u00ea Gi\u015ft\u00ee y\u00ea HSD\u00ea Mezl\u00fbm Ebd\u00ee gih\u00ee\u015ft \u015eam\u00ea"},"content":{"rendered":"<h3 style=\"text-align: justify\"><span style=\"font-family: 'arial black', sans-serif\">\u00a0Fermandar\u00ea gi\u015ft\u00ee y\u00ea H\u00eaz\u00ean S\u00fbriya Demokrat\u00eek (HSD)\u00ea gih\u00ee\u015ft \u015eam\u00ea da ku li ser peymana 10\u00ea Adar\u00ea bi rayedar\u00ean S\u00fbriy\u00ea re biaxive.<\/span><\/h3>\n<h3 style=\"text-align: justify\">Berdevk\u00ea HSD\u00ea Ferhad \u015eam\u00ee di postek li ser tora civak\u00ee X de got ku \u015fandeyek H\u00eaz\u00ean S\u00fbriyeya Demokrat\u00eek (HSD), \u00eero 04.01.2026\u00ea ji bo hevd\u00eetinan bi rayedar\u00ean hik\u00fbmeta S\u00fbriy\u00ea re gih\u00ee\u015ft \u015eam\u00ea \u00fb li gel berpirs\u00ean hik\u00fbmeta S\u00fbriy\u00ea di civ\u00een\u00ea de ne.<\/h3>\n<h3 style=\"text-align: justify\">Ferhad \u015eam\u00ee ragehand, \u015fand d\u00ea ji h\u00eala fermandar\u00ea gi\u015ft\u00ee y\u00ea HSD\u00ea Mezl\u00fbm Ebd\u00ee ve serokatiya w\u00ea t\u00ea kirin \u00fb di civ\u00een\u00ea de d\u00ea mekan\u00eezmaya entegrekirina le\u015fker\u00ee ya h\u00eaz\u00ean HSD\u00ea bi art\u00ea\u015fa n\u00fb ya S\u00fbriy\u00ea re were n\u00eeqa\u015f kirin.<\/h3>\n<h3 style=\"text-align: justify\">Endam\u00ean \u015fandey\u00ea:<\/h3>\n<h3 style=\"text-align: justify\">&#8211; Fermandar\u00ea gi\u015ft\u00ee y\u00ea H\u00eaz\u00ean S\u00fbriyeya Demokrat\u00eek Mezl\u00fbm Ebd\u00ee<\/h3>\n<h3 style=\"text-align: justify\">&#8211; Endama Fermandariya Gi\u015ft\u00ee ya HSD\u00ea Sozdar Hac\u00ee.<\/h3>\n<h3 style=\"text-align: justify\">&#8211; Endam\u00ea Fermandariya Gi\u015ft\u00ee ya HSD\u00ea S\u00eepan Hemo<\/h3>\n<h3 style=\"text-align: justify\">Civ\u00een\u00ea de General Kevin J. Lambert, ku fermandar\u00ea Operasyona \u00c7areseriya Xwezay\u00ee ye, d\u00ea be\u015fdar\u00ee civ\u00een\u00ea bibe, ku gir\u00eengiya navnetewey\u00ee ya hevd\u00eetinan n\u00ee\u015fan dide.<\/h3>\n<h3 style=\"text-align: justify\">Serdan ji bo 29\u00ea Kan\u00fbn\u00ea hatib\u00fb plankirin, l\u00ea H\u00eaz\u00ean S\u00fbriya Demokrat\u00eek (HSD) di daxuyaniyek\u00ea de got ku serdan ji ber sedem\u00ean tekn\u00eek\u00ee hatiye pa\u015fxistin.<\/h3>\n<h3 style=\"text-align: justify\">H\u00fbrguliy\u00ean peymana 10\u00ea Adar\u00ea:<\/h3>\n<h3 style=\"text-align: justify\">Peymana 10\u00ea Adara 2025an a di navbera Mezl\u00fbm Ebd\u00ee, fermandar\u00ea gi\u015ft\u00ee y\u00ea H\u00eaz\u00ean S\u00fbriya Demokrat\u00eek (HSD) \u00fb Serok\u00ea S\u00fbriy\u00ea Ehmed \u015eera de peymanek d\u00eerok\u00ee b\u00fb ku armanc ew b\u00fb ku dabe\u015fkirin \u00fb yekb\u00fbna dever\u00ean di bin kontrola r\u00eaveberiya xweser de bi daw\u00ee bike.<\/h3>\n<h3 style=\"text-align: justify\">Peyman, ku bi navbeynkariya Dewlet\u00ean Yekb\u00fby\u00ee y\u00ean Amer\u00eekay\u00ea hat \u00eemzekirin, \u00e7end xal\u00ean sereke dihew\u00eene \u00fb biryar b\u00fb ku heta dawiya sala 2025an biqede:<\/h3>\n<h3 style=\"text-align: justify\">Xal\u00ean sereke y\u00ean peyman\u00ea ev b\u00fbn:<\/h3>\n<ol>\n<li>\n<h3>Yekb\u00fbna le\u015fker\u00ee \u00fb siv\u00eel: Yekkirina hem\u00ee saziy\u00ean siv\u00eel \u00fb le\u015fker\u00ee li bakur\u00ea rojhilat\u00ea S\u00fbriy\u00ea (Rojavay\u00ea Kurdistan\u00ea) bi r\u00eaveberiya dewleta S\u00fbriy\u00ea re. Ev deriy\u00ean s\u00eenor, balafirgeh \u00fb zeviy\u00ean petrol \u00fb gaz\u00ea dihew\u00eene.<\/h3>\n<\/li>\n<li>\n<h3>Maf\u00ean Kurdan: Civaka Kurdan wek\u00ee civatek xwecih\u00ee li dewleta S\u00fbriy\u00ea nas bikin \u00fb maf\u00ea wan \u00ea hemwelat\u00eeb\u00fbn\u00ea \u00fb hem\u00ee maf\u00ean wan \u00ean dest\u00fbr\u00ee garant\u00ee bikin.<\/h3>\n<\/li>\n<li>\n<h3>Agirbesteke berfireh: Sepandina agirbestek\u00ea li ser tevahiya axa S\u00fbriyey\u00ea.<\/h3>\n<\/li>\n<li>\n<h3>Be\u015fdariya siyas\u00ee: Misogerkirina maf\u00ea hem\u00fb S\u00fbr\u00eeyeyiyan ku di p\u00eavajoya siyas\u00ee \u00fb hem\u00fb saziy\u00ean dewlet\u00ea de werin tems\u00eelkirin \u00fb be\u015fdar bibin, b\u00eay\u00ee ku pa\u015fxaneya wan a ol\u00ee \u00fb etn\u00eek\u00ee li ber \u00e7avan were girtin.<\/h3>\n<\/li>\n<li>\n<h3>Garantiya Veger\u00ea: Misogerkirina vegera hem\u00fb penaber \u00fb ko\u00e7ber\u00ean S\u00fbriyey\u00ea bo welat\u00ea xwe \u00fb parastina ewlehiya wan ji aliy\u00ea dewleta S\u00fbriyey\u00ea ve.<\/h3>\n<\/li>\n<li>\n<h3>Berteka Gefan: Pi\u015ftgiriya dewleta S\u00fbriyey\u00ea di r\u00fbbir\u00fbb\u00fbna bermahiy\u00ean rej\u00eema Esed \u00fb hem\u00fb gef\u00ean li ser ewleh\u00ee \u00fb yekpar\u00e7eyiya axa S\u00fbriyey\u00ea de.<\/h3>\n<\/li>\n<\/ol>\n","protected":false},"excerpt":{"rendered":"<p>\u00a0Fermandar\u00ea gi\u015ft\u00ee y\u00ea H\u00eaz\u00ean S\u00fbriya Demokrat\u00eek (HSD)\u00ea gih\u00ee\u015ft \u015eam\u00ea da ku li ser peymana 10\u00ea Adar\u00ea bi rayedar\u00ean S\u00fbriy\u00ea re biaxive. Berdevk\u00ea HSD\u00ea Ferhad \u015eam\u00ee di postek li ser tora civak\u00ee X de got ku \u015fandeyek H\u00eaz\u00ean S\u00fbriyeya Demokrat\u00eek (HSD), \u00eero 04.01.2026\u00ea ji bo hevd\u00eetinan bi rayedar\u00ean hik\u00fbmeta S\u00fbriy\u00ea re gih\u00ee\u015ft \u015eam\u00ea \u00fb li gel [&hellip;]<\/p>\n","protected":false},"author":2,"featured_media":1051206,"comment_status":"closed","ping_status":"closed","sticky":false,"template":"","format":"standard","meta":{"footnotes":""},"categories":[29],"tags":[37],"class_list":["post-1051205","post","type-post","status-publish","format-standard","has-post-thumbnail","hentry","category-kurdistan","tag-sereke"],"blocksy_meta":[],"seo_head":"<!-- This site is optimized with the Yoast SEO plugin v27.5 - https:\/\/yoast.com\/product\/yoast-seo-wordpress\/ -->\n<title>Fermandar\u00ea Gi\u015ft\u00ee y\u00ea HSD\u00ea Mezl\u00fbm Ebd\u00ee gih\u00ee\u015ft \u015eam\u00ea - Darka Maz\u00ee<\/title>\n<meta name=\"robots\" content=\"index, follow, max-snippet:-1, max-image-preview:large, max-video-preview:-1\" \/>\n<link rel=\"canonical\" href=\"https:\/\/darkamazi.info\/archives\/1051205\" \/>\n<meta property=\"og:locale\" content=\"en_US\" \/>\n<meta property=\"og:type\" content=\"article\" \/>\n<meta property=\"og:title\" content=\"Fermandar\u00ea Gi\u015ft\u00ee y\u00ea HSD\u00ea Mezl\u00fbm Ebd\u00ee gih\u00ee\u015ft \u015eam\u00ea - Darka Maz\u00ee\" \/>\n<meta property=\"og:description\" content=\"\u00a0Fermandar\u00ea gi\u015ft\u00ee y\u00ea H\u00eaz\u00ean S\u00fbriya Demokrat\u00eek (HSD)\u00ea gih\u00ee\u015ft \u015eam\u00ea da ku li ser peymana 10\u00ea Adar\u00ea bi rayedar\u00ean S\u00fbriy\u00ea re biaxive. Berdevk\u00ea HSD\u00ea Ferhad \u015eam\u00ee di postek li ser tora civak\u00ee X de got ku \u015fandeyek H\u00eaz\u00ean S\u00fbriyeya Demokrat\u00eek (HSD), \u00eero 04.01.2026\u00ea ji bo hevd\u00eetinan bi rayedar\u00ean hik\u00fbmeta S\u00fbriy\u00ea re gih\u00ee\u015ft \u015eam\u00ea \u00fb li gel [&hellip;]\" \/>\n<meta property=\"og:url\" content=\"https:\/\/darkamazi.info\/archives\/1051205\" \/>\n<meta property=\"og:site_name\" content=\"Darka Maz\u00ee\" \/>\n<meta property=\"article:publisher\" content=\"https:\/\/www.facebook.com\/DarMaziKurmanci\" \/>\n<meta property=\"article:published_time\" content=\"2026-01-04T11:11:35+00:00\" \/>\n<meta property=\"og:image\" content=\"https:\/\/darkamazi.info\/file\/2026\/01\/Mezlum-Ebdi-2022-1.jpg\" \/>\n\t<meta property=\"og:image:width\" content=\"781\" \/>\n\t<meta property=\"og:image:height\" content=\"439\" \/>\n\t<meta property=\"og:image:type\" content=\"image\/jpeg\" \/>\n<meta name=\"author\" content=\"darka mazi\" \/>\n<meta name=\"twitter:card\" content=\"summary_large_image\" \/>\n<meta name=\"twitter:creator\" content=\"@DarkaMaziLatini\" \/>\n<meta name=\"twitter:site\" content=\"@DarkaMaziLatini\" \/>\n<meta name=\"twitter:label1\" content=\"Written by\" \/>\n\t<meta name=\"twitter:data1\" content=\"darka mazi\" \/>\n\t<meta name=\"twitter:label2\" content=\"Est. reading time\" \/>\n\t<meta name=\"twitter:data2\" content=\"2 minutes\" \/>\n<script type=\"application\/ld+json\" class=\"seo-schema-graph\">{\"@context\":\"https:\\\/\\\/schema.org\",\"@graph\":[{\"@type\":\"Article\",\"@id\":\"https:\\\/\\\/darkamazi.info\\\/archives\\\/1051205#article\",\"isPartOf\":{\"@id\":\"https:\\\/\\\/darkamazi.info\\\/archives\\\/1051205\"},\"author\":{\"name\":\"darka mazi\",\"@id\":\"https:\\\/\\\/darkamazi.info\\\/#\\\/schema\\\/person\\\/5ad3e24553a0567993fa8ed4bd0a776c\"},\"headline\":\"Fermandar\u00ea Gi\u015ft\u00ee y\u00ea HSD\u00ea Mezl\u00fbm Ebd\u00ee gih\u00ee\u015ft \u015eam\u00ea\",\"datePublished\":\"2026-01-04T11:11:35+00:00\",\"mainEntityOfPage\":{\"@id\":\"https:\\\/\\\/darkamazi.info\\\/archives\\\/1051205\"},\"wordCount\":500,\"publisher\":{\"@id\":\"https:\\\/\\\/darkamazi.info\\\/#organization\"},\"image\":{\"@id\":\"https:\\\/\\\/darkamazi.info\\\/archives\\\/1051205#primaryimage\"},\"thumbnailUrl\":\"https:\\\/\\\/darkamazi.info\\\/darka-content\\\/uploads\\\/2026\\\/01\\\/Mezlum-Ebdi-2022-1.jpg\",\"keywords\":[\"sereke\"],\"articleSection\":[\"Kurdistan\"],\"inLanguage\":\"en-US\"},{\"@type\":\"WebPage\",\"@id\":\"https:\\\/\\\/darkamazi.info\\\/archives\\\/1051205\",\"url\":\"https:\\\/\\\/darkamazi.info\\\/archives\\\/1051205\",\"name\":\"Fermandar\u00ea Gi\u015ft\u00ee y\u00ea HSD\u00ea Mezl\u00fbm Ebd\u00ee gih\u00ee\u015ft \u015eam\u00ea - Darka Maz\u00ee\",\"isPartOf\":{\"@id\":\"https:\\\/\\\/darkamazi.info\\\/#website\"},\"primaryImageOfPage\":{\"@id\":\"https:\\\/\\\/darkamazi.info\\\/archives\\\/1051205#primaryimage\"},\"image\":{\"@id\":\"https:\\\/\\\/darkamazi.info\\\/archives\\\/1051205#primaryimage\"},\"thumbnailUrl\":\"https:\\\/\\\/darkamazi.info\\\/darka-content\\\/uploads\\\/2026\\\/01\\\/Mezlum-Ebdi-2022-1.jpg\",\"datePublished\":\"2026-01-04T11:11:35+00:00\",\"breadcrumb\":{\"@id\":\"https:\\\/\\\/darkamazi.info\\\/archives\\\/1051205#breadcrumb\"},\"inLanguage\":\"en-US\",\"potentialAction\":[{\"@type\":\"ReadAction\",\"target\":[\"https:\\\/\\\/darkamazi.info\\\/archives\\\/1051205\"]}]},{\"@type\":\"ImageObject\",\"inLanguage\":\"en-US\",\"@id\":\"https:\\\/\\\/darkamazi.info\\\/archives\\\/1051205#primaryimage\",\"url\":\"https:\\\/\\\/darkamazi.info\\\/darka-content\\\/uploads\\\/2026\\\/01\\\/Mezlum-Ebdi-2022-1.jpg\",\"contentUrl\":\"https:\\\/\\\/darkamazi.info\\\/darka-content\\\/uploads\\\/2026\\\/01\\\/Mezlum-Ebdi-2022-1.jpg\",\"width\":781,\"height\":439,\"caption\":\"Fermandar\u00ea Gi\u015ft\u00ee y\u00ea HSD\u00ea Mezl\u00fbm Ebd\u00ee gih\u00ee\u015ft \u015eam\u00ea\"},{\"@type\":\"BreadcrumbList\",\"@id\":\"https:\\\/\\\/darkamazi.info\\\/archives\\\/1051205#breadcrumb\",\"itemListElement\":[{\"@type\":\"ListItem\",\"position\":1,\"name\":\"Home\",\"item\":\"https:\\\/\\\/darkamazi.info\\\/\"},{\"@type\":\"ListItem\",\"position\":2,\"name\":\"Fermandar\u00ea Gi\u015ft\u00ee y\u00ea HSD\u00ea Mezl\u00fbm Ebd\u00ee gih\u00ee\u015ft \u015eam\u00ea\"}]},{\"@type\":\"WebSite\",\"@id\":\"https:\\\/\\\/darkamazi.info\\\/#website\",\"url\":\"https:\\\/\\\/darkamazi.info\\\/\",\"name\":\"Darka Maz\u00ee\",\"description\":\"P\u00eageha Zanyariy\u00ean Nebih\u00eest\u00ee\",\"publisher\":{\"@id\":\"https:\\\/\\\/darkamazi.info\\\/#organization\"},\"potentialAction\":[{\"@type\":\"SearchAction\",\"target\":{\"@type\":\"EntryPoint\",\"urlTemplate\":\"https:\\\/\\\/darkamazi.info\\\/?s={search_term_string}\"},\"query-input\":{\"@type\":\"PropertyValueSpecification\",\"valueRequired\":true,\"valueName\":\"search_term_string\"}}],\"inLanguage\":\"en-US\"},{\"@type\":\"Organization\",\"@id\":\"https:\\\/\\\/darkamazi.info\\\/#organization\",\"name\":\"Darka Maz\u00ee\",\"url\":\"https:\\\/\\\/darkamazi.info\\\/\",\"logo\":{\"@type\":\"ImageObject\",\"inLanguage\":\"en-US\",\"@id\":\"https:\\\/\\\/darkamazi.info\\\/#\\\/schema\\\/logo\\\/image\\\/\",\"url\":\"https:\\\/\\\/darkamazi.info\\\/darka-content\\\/uploads\\\/2017\\\/12\\\/darka-mazi-logo.png\",\"contentUrl\":\"https:\\\/\\\/darkamazi.info\\\/darka-content\\\/uploads\\\/2017\\\/12\\\/darka-mazi-logo.png\",\"width\":151,\"height\":75,\"caption\":\"Darka Maz\u00ee\"},\"image\":{\"@id\":\"https:\\\/\\\/darkamazi.info\\\/#\\\/schema\\\/logo\\\/image\\\/\"},\"sameAs\":[\"https:\\\/\\\/www.facebook.com\\\/DarMaziKurmanci\",\"https:\\\/\\\/x.com\\\/DarkaMaziLatini\",\"https:\\\/\\\/www.instagram.com\\\/darkamazi.kurmanci\\\/\",\"https:\\\/\\\/www.youtube.com\\\/channel\\\/UCa5HkTdmI8U1qCUFuTw8B2g\"]},{\"@type\":\"Person\",\"@id\":\"https:\\\/\\\/darkamazi.info\\\/#\\\/schema\\\/person\\\/5ad3e24553a0567993fa8ed4bd0a776c\",\"name\":\"darka mazi\",\"sameAs\":[\"https:\\\/\\\/darkamazi.info\\\/\"],\"url\":\"https:\\\/\\\/darkamazi.info\\\/archives\\\/author\\\/kurdi\"}]}<\/script>\n<!-- \/ Yoast SEO plugin. -->","seo_head_json":{"title":"Fermandar\u00ea Gi\u015ft\u00ee y\u00ea HSD\u00ea Mezl\u00fbm Ebd\u00ee gih\u00ee\u015ft \u015eam\u00ea - Darka Maz\u00ee","robots":{"index":"index","follow":"follow","max-snippet":"max-snippet:-1","max-image-preview":"max-image-preview:large","max-video-preview":"max-video-preview:-1"},"canonical":"https:\/\/darkamazi.info\/archives\/1051205","og_locale":"en_US","og_type":"article","og_title":"Fermandar\u00ea Gi\u015ft\u00ee y\u00ea HSD\u00ea Mezl\u00fbm Ebd\u00ee gih\u00ee\u015ft \u015eam\u00ea - Darka Maz\u00ee","og_description":"\u00a0Fermandar\u00ea gi\u015ft\u00ee y\u00ea H\u00eaz\u00ean S\u00fbriya Demokrat\u00eek (HSD)\u00ea gih\u00ee\u015ft \u015eam\u00ea da ku li ser peymana 10\u00ea Adar\u00ea bi rayedar\u00ean S\u00fbriy\u00ea re biaxive. Berdevk\u00ea HSD\u00ea Ferhad \u015eam\u00ee di postek li ser tora civak\u00ee X de got ku \u015fandeyek H\u00eaz\u00ean S\u00fbriyeya Demokrat\u00eek (HSD), \u00eero 04.01.2026\u00ea ji bo hevd\u00eetinan bi rayedar\u00ean hik\u00fbmeta S\u00fbriy\u00ea re gih\u00ee\u015ft \u015eam\u00ea \u00fb li gel [&hellip;]","og_url":"https:\/\/darkamazi.info\/archives\/1051205","og_site_name":"Darka Maz\u00ee","article_publisher":"https:\/\/www.facebook.com\/DarMaziKurmanci","article_published_time":"2026-01-04T11:11:35+00:00","og_image":[{"width":781,"height":439,"url":"https:\/\/darkamazi.info\/file\/2026\/01\/Mezlum-Ebdi-2022-1.jpg","type":"image\/jpeg"}],"author":"darka mazi","twitter_card":"summary_large_image","twitter_creator":"@DarkaMaziLatini","twitter_site":"@DarkaMaziLatini","twitter_misc":{"Written by":"darka mazi","Est. reading time":"2 minutes"},"schema":{"@context":"https:\/\/schema.org","@graph":[{"@type":"Article","@id":"https:\/\/darkamazi.info\/archives\/1051205#article","isPartOf":{"@id":"https:\/\/darkamazi.info\/archives\/1051205"},"author":{"name":"darka mazi","@id":"https:\/\/darkamazi.info\/#\/schema\/person\/5ad3e24553a0567993fa8ed4bd0a776c"},"headline":"Fermandar\u00ea Gi\u015ft\u00ee y\u00ea HSD\u00ea Mezl\u00fbm Ebd\u00ee gih\u00ee\u015ft \u015eam\u00ea","datePublished":"2026-01-04T11:11:35+00:00","mainEntityOfPage":{"@id":"https:\/\/darkamazi.info\/archives\/1051205"},"wordCount":500,"publisher":{"@id":"https:\/\/darkamazi.info\/#organization"},"image":{"@id":"https:\/\/darkamazi.info\/archives\/1051205#primaryimage"},"thumbnailUrl":"https:\/\/darkamazi.info\/file\/2026\/01\/Mezlum-Ebdi-2022-1.jpg","keywords":["sereke"],"articleSection":["Kurdistan"],"inLanguage":"en-US"},{"@type":"WebPage","@id":"https:\/\/darkamazi.info\/archives\/1051205","url":"https:\/\/darkamazi.info\/archives\/1051205","name":"Fermandar\u00ea Gi\u015ft\u00ee y\u00ea HSD\u00ea Mezl\u00fbm Ebd\u00ee gih\u00ee\u015ft \u015eam\u00ea - Darka Maz\u00ee","isPartOf":{"@id":"https:\/\/darkamazi.info\/#website"},"primaryImageOfPage":{"@id":"https:\/\/darkamazi.info\/archives\/1051205#primaryimage"},"image":{"@id":"https:\/\/darkamazi.info\/archives\/1051205#primaryimage"},"thumbnailUrl":"https:\/\/darkamazi.info\/file\/2026\/01\/Mezlum-Ebdi-2022-1.jpg","datePublished":"2026-01-04T11:11:35+00:00","breadcrumb":{"@id":"https:\/\/darkamazi.info\/archives\/1051205#breadcrumb"},"inLanguage":"en-US","potentialAction":[{"@type":"ReadAction","target":["https:\/\/darkamazi.info\/archives\/1051205"]}]},{"@type":"ImageObject","inLanguage":"en-US","@id":"https:\/\/darkamazi.info\/archives\/1051205#primaryimage","url":"https:\/\/darkamazi.info\/file\/2026\/01\/Mezlum-Ebdi-2022-1.jpg","contentUrl":"https:\/\/darkamazi.info\/file\/2026\/01\/Mezlum-Ebdi-2022-1.jpg","width":781,"height":439,"caption":"Fermandar\u00ea Gi\u015ft\u00ee y\u00ea HSD\u00ea Mezl\u00fbm Ebd\u00ee gih\u00ee\u015ft \u015eam\u00ea"},{"@type":"BreadcrumbList","@id":"https:\/\/darkamazi.info\/archives\/1051205#breadcrumb","itemListElement":[{"@type":"ListItem","position":1,"name":"Home","item":"https:\/\/darkamazi.info\/"},{"@type":"ListItem","position":2,"name":"Fermandar\u00ea Gi\u015ft\u00ee y\u00ea HSD\u00ea Mezl\u00fbm Ebd\u00ee gih\u00ee\u015ft \u015eam\u00ea"}]},{"@type":"WebSite","@id":"https:\/\/darkamazi.info\/#website","url":"https:\/\/darkamazi.info\/","name":"Darka Maz\u00ee","description":"P\u00eageha Zanyariy\u00ean Nebih\u00eest\u00ee","publisher":{"@id":"https:\/\/darkamazi.info\/#organization"},"potentialAction":[{"@type":"SearchAction","target":{"@type":"EntryPoint","urlTemplate":"https:\/\/darkamazi.info\/?s={search_term_string}"},"query-input":{"@type":"PropertyValueSpecification","valueRequired":true,"valueName":"search_term_string"}}],"inLanguage":"en-US"},{"@type":"Organization","@id":"https:\/\/darkamazi.info\/#organization","name":"Darka Maz\u00ee","url":"https:\/\/darkamazi.info\/","logo":{"@type":"ImageObject","inLanguage":"en-US","@id":"https:\/\/darkamazi.info\/#\/schema\/logo\/image\/","url":"https:\/\/darkamazi.info\/file\/2017\/12\/darka-mazi-logo.png","contentUrl":"https:\/\/darkamazi.info\/file\/2017\/12\/darka-mazi-logo.png","width":151,"height":75,"caption":"Darka Maz\u00ee"},"image":{"@id":"https:\/\/darkamazi.info\/#\/schema\/logo\/image\/"},"sameAs":["https:\/\/www.facebook.com\/DarMaziKurmanci","https:\/\/x.com\/DarkaMaziLatini","https:\/\/www.instagram.com\/darkamazi.kurmanci\/","https:\/\/www.youtube.com\/channel\/UCa5HkTdmI8U1qCUFuTw8B2g"]},{"@type":"Person","@id":"https:\/\/darkamazi.info\/#\/schema\/person\/5ad3e24553a0567993fa8ed4bd0a776c","name":"darka mazi","sameAs":["https:\/\/darkamazi.info\/"],"url":"https:\/\/darkamazi.info\/archives\/author\/kurdi"}]}},"_links":{"self":[{"href":"https:\/\/darkamazi.info\/funavuv\/wp\/v2\/posts\/1051205","targetHints":{"allow":["GET"]}}],"collection":[{"href":"https:\/\/darkamazi.info\/funavuv\/wp\/v2\/posts"}],"about":[{"href":"https:\/\/darkamazi.info\/funavuv\/wp\/v2\/types\/post"}],"author":[{"embeddable":true,"href":"https:\/\/darkamazi.info\/funavuv\/wp\/v2\/users\/2"}],"replies":[{"embeddable":true,"href":"https:\/\/darkamazi.info\/funavuv\/wp\/v2\/comments?post=1051205"}],"version-history":[{"count":0,"href":"https:\/\/darkamazi.info\/funavuv\/wp\/v2\/posts\/1051205\/revisions"}],"wp:featuredmedia":[{"embeddable":true,"href":"https:\/\/darkamazi.info\/funavuv\/wp\/v2\/media\/1051206"}],"wp:attachment":[{"href":"https:\/\/darkamazi.info\/funavuv\/wp\/v2\/media?parent=1051205"}],"wp:term":[{"taxonomy":"category","embeddable":true,"href":"https:\/\/darkamazi.info\/funavuv\/wp\/v2\/categories?post=1051205"},{"taxonomy":"post_tag","embeddable":true,"href":"https:\/\/darkamazi.info\/funavuv\/wp\/v2\/tags?post=1051205"}],"curies":[{"name":"wp","href":"https:\/\/api.w.org\/{rel}","templated":true}]}}