{"id":1051211,"date":"2026-01-04T18:43:55","date_gmt":"2026-01-04T15:43:55","guid":{"rendered":"https:\/\/darkamazi.info\/?p=1051211"},"modified":"2026-01-04T18:43:55","modified_gmt":"2026-01-04T15:43:55","slug":"ciwanen-soresger-servaneki-hsde-revand-u-bi-hovane-iskence-da","status":"publish","type":"post","link":"https:\/\/darkamazi.info\/archives\/1051211","title":{"rendered":"Ciwan\u00ean \u015eore\u015fger \u015fervanek\u00ee HSD\u00ea revand \u00fb bi hovane \u00ee\u015fkence da"},"content":{"rendered":"<div class=\"wpb-content-wrapper\"><p>[darkamazi_row][darkamazi_column][darkamazi_column_text]<\/p>\n<h3 style=\"text-align: justify\"><span style=\"font-family: 'arial black', sans-serif\">\u00c7etey\u00ean PKK\u00ea y\u00ean bi nav\u00ea Ciwan\u00ean \u015eore\u015fger, \u015fervanek\u00ee HSD\u00ea ji Koban\u00eey\u00ea revand \u00fb bi awayek\u00ee hov \u00ee\u015fkence da.<\/span><\/h3>\n<h3 style=\"text-align: justify\"><span style=\"font-family: arial, helvetica, sans-serif\">\u00c7avkaniy\u00ean Darka Maz\u00ee y\u00ean li Rojava Kurdistan\u00ea a\u015fkere kirin, \u00e7etey\u00ean PKK\u00ea Ciwan\u00ean \u015eore\u015fger di tewana xwe ya her\u00ee daw\u00ee de, \u015fervanek\u00ee HSD\u00ea y\u00ea bi nav\u00ea Kadar Mihemed Hemo ku ji \u015f\u00eeniy\u00ean Koban\u00eey\u00ea ye, revandin \u00fb bi awayek\u00ee hovane \u00ee\u015fkence da ye.<\/span><\/h3>\n<h3 style=\"text-align: justify\"><span style=\"font-family: arial, helvetica, sans-serif\">Destn\u00ee\u015fan kirin, \u00e7etey\u00ean Ciwan\u00ean \u015eore\u015fger \u015fervan\u00ea HSD\u00ea y\u00ea bi nav\u00ea Kadar li roja 5\u00ee meha rab\u00fbr\u00ee ji navenda bajar\u00ea Koban\u00eey\u00ea revandiye, ber bi c\u00eehek\u00ea nediyar ve bir \u00fb \u00ee\u015fkenceyeke hov l\u00ea kir\u00ee ye.<\/span><\/h3>\n<h3 style=\"text-align: justify\"><span style=\"font-family: arial, helvetica, sans-serif\">\u00c7avkaniy\u00ean me her wiha a\u015fkere kirin, \u00e7etey\u00ean PKK\u00ea Kadar birb\u00fb c\u00eehek\u00ea dervey baj\u00ear \u00fb li wir pi\u015ft\u00ee ku \u00ee\u015fkence l\u00ea hatiye kirin, \u00e7eteyan ew taz\u00ee kiriye \u00fb wisa serbest berdaye.<\/span><\/h3>\n<h3 style=\"text-align: justify\"><span style=\"font-family: arial, helvetica, sans-serif\">Li gor\u00ee agahiy\u00ean dest\u00ea me, tev\u00ee \u00ee\u015fkencey\u00ea, Ciwan\u00ean \u015eore\u015fger sivkat\u00ee \u00fb heqaret j\u00ee li H\u00eaz\u00ean S\u00fbryaya Demokrat\u00eek HSD\u00ea kirine.<\/span><\/h3>\n<h3 style=\"text-align: justify\"><span style=\"font-family: arial, helvetica, sans-serif\">Pi\u015ft\u00ee ku hatiye berdan, \u015fervan\u00ea HSD\u00ea di v\u00eedyoyek\u00ea de derket \u00fb ew bi xwe behsa v\u00ea tewana Ciwan\u00ean \u015eore\u015fger \u00fb \u00ee\u015fkenceya ku li w\u00ee hatiye kirin dike.<\/span><\/h3>\n<p>[\/darkamazi_column_text][darkamazi_row_inner][darkamazi_column_inner width=&#8221;1\/3&#8243;][\/darkamazi_column_inner][darkamazi_column_inner width=&#8221;1\/3&#8243;][darkamazi_wp_text]<\/p>\n<div style=\"width: 352px;\" class=\"darka-video\"><video class=\"darka-video-shortcode\" id=\"video-1051211-1\" width=\"352\" height=\"608\" preload=\"metadata\" controls=\"controls\"><source type=\"video\/mp4\" src=\"https:\/\/darkamazi.info\/file\/2026\/01\/Ciwanen-shorashgar-HSD.mp4?_=1\" \/><a href=\"https:\/\/darkamazi.info\/file\/2026\/01\/Ciwanen-shorashgar-HSD.mp4\">https:\/\/darkamazi.info\/file\/2026\/01\/Ciwanen-shorashgar-HSD.mp4<\/a><\/video><\/div>\n<p>[\/vc_wp_text][\/vc_column_inner][vc_column_inner width=&#8221;1\/3&#8243;][\/darkamazi_column_inner][\/darkamazi_row_inner][\/darkamazi_column][\/darkamazi_row]<\/p>\n<\/div>","protected":false},"excerpt":{"rendered":"<p>[darkamazi_row][darkamazi_column][darkamazi_column_text] \u00c7etey\u00ean PKK\u00ea y\u00ean bi nav\u00ea Ciwan\u00ean \u015eore\u015fger, \u015fervanek\u00ee HSD\u00ea ji Koban\u00eey\u00ea revand \u00fb bi awayek\u00ee hov \u00ee\u015fkence da. \u00c7avkaniy\u00ean Darka Maz\u00ee y\u00ean li Rojava Kurdistan\u00ea a\u015fkere kirin, \u00e7etey\u00ean PKK\u00ea Ciwan\u00ean \u015eore\u015fger di tewana xwe ya her\u00ee daw\u00ee de, \u015fervanek\u00ee HSD\u00ea y\u00ea bi nav\u00ea Kadar Mihemed Hemo ku ji \u015f\u00eeniy\u00ean Koban\u00eey\u00ea ye, revandin \u00fb bi [&hellip;]<\/p>\n","protected":false},"author":2,"featured_media":1051214,"comment_status":"closed","ping_status":"closed","sticky":false,"template":"","format":"standard","meta":{"footnotes":""},"categories":[29],"tags":[37],"class_list":["post-1051211","post","type-post","status-publish","format-standard","has-post-thumbnail","hentry","category-kurdistan","tag-sereke"],"blocksy_meta":[],"seo_head":"<!-- This site is optimized with the Yoast SEO plugin v27.5 - https:\/\/yoast.com\/product\/yoast-seo-wordpress\/ -->\n<title>Ciwan\u00ean \u015eore\u015fger \u015fervanek\u00ee HSD\u00ea revand \u00fb bi hovane \u00ee\u015fkence da - Darka Maz\u00ee<\/title>\n<meta name=\"robots\" content=\"index, follow, max-snippet:-1, max-image-preview:large, max-video-preview:-1\" \/>\n<link rel=\"canonical\" href=\"https:\/\/darkamazi.info\/archives\/1051211\" \/>\n<meta property=\"og:locale\" content=\"en_US\" \/>\n<meta property=\"og:type\" content=\"article\" \/>\n<meta property=\"og:title\" content=\"Ciwan\u00ean \u015eore\u015fger \u015fervanek\u00ee HSD\u00ea revand \u00fb bi hovane \u00ee\u015fkence da - Darka Maz\u00ee\" \/>\n<meta property=\"og:description\" content=\"[darkamazi_row][darkamazi_column][darkamazi_column_text] \u00c7etey\u00ean PKK\u00ea y\u00ean bi nav\u00ea Ciwan\u00ean \u015eore\u015fger, \u015fervanek\u00ee HSD\u00ea ji Koban\u00eey\u00ea revand \u00fb bi awayek\u00ee hov \u00ee\u015fkence da. \u00c7avkaniy\u00ean Darka Maz\u00ee y\u00ean li Rojava Kurdistan\u00ea a\u015fkere kirin, \u00e7etey\u00ean PKK\u00ea Ciwan\u00ean \u015eore\u015fger di tewana xwe ya her\u00ee daw\u00ee de, \u015fervanek\u00ee HSD\u00ea y\u00ea bi nav\u00ea Kadar Mihemed Hemo ku ji \u015f\u00eeniy\u00ean Koban\u00eey\u00ea ye, revandin \u00fb bi [&hellip;]\" \/>\n<meta property=\"og:url\" content=\"https:\/\/darkamazi.info\/archives\/1051211\" \/>\n<meta property=\"og:site_name\" content=\"Darka Maz\u00ee\" \/>\n<meta property=\"article:publisher\" content=\"https:\/\/www.facebook.com\/DarMaziKurmanci\" \/>\n<meta property=\"article:published_time\" content=\"2026-01-04T15:43:55+00:00\" \/>\n<meta property=\"og:image\" content=\"https:\/\/darkamazi.info\/file\/2026\/01\/Ciwanen-shorashgar-HSD-info.jpg\" \/>\n\t<meta property=\"og:image:width\" content=\"900\" \/>\n\t<meta property=\"og:image:height\" content=\"500\" \/>\n\t<meta property=\"og:image:type\" content=\"image\/jpeg\" \/>\n<meta name=\"author\" content=\"darka mazi\" \/>\n<meta name=\"twitter:card\" content=\"summary_large_image\" \/>\n<meta name=\"twitter:creator\" content=\"@DarkaMaziLatini\" \/>\n<meta name=\"twitter:site\" content=\"@DarkaMaziLatini\" \/>\n<meta name=\"twitter:label1\" content=\"Written by\" \/>\n\t<meta name=\"twitter:data1\" content=\"darka mazi\" \/>\n\t<meta name=\"twitter:label2\" content=\"Est. reading time\" \/>\n\t<meta name=\"twitter:data2\" content=\"1 minute\" \/>\n<script type=\"application\/ld+json\" class=\"seo-schema-graph\">{\"@context\":\"https:\\\/\\\/schema.org\",\"@graph\":[{\"@type\":\"Article\",\"@id\":\"https:\\\/\\\/darkamazi.info\\\/archives\\\/1051211#article\",\"isPartOf\":{\"@id\":\"https:\\\/\\\/darkamazi.info\\\/archives\\\/1051211\"},\"author\":{\"name\":\"darka mazi\",\"@id\":\"https:\\\/\\\/darkamazi.info\\\/#\\\/schema\\\/person\\\/5ad3e24553a0567993fa8ed4bd0a776c\"},\"headline\":\"Ciwan\u00ean \u015eore\u015fger \u015fervanek\u00ee HSD\u00ea revand \u00fb bi hovane \u00ee\u015fkence da\",\"datePublished\":\"2026-01-04T15:43:55+00:00\",\"mainEntityOfPage\":{\"@id\":\"https:\\\/\\\/darkamazi.info\\\/archives\\\/1051211\"},\"wordCount\":266,\"publisher\":{\"@id\":\"https:\\\/\\\/darkamazi.info\\\/#organization\"},\"image\":{\"@id\":\"https:\\\/\\\/darkamazi.info\\\/archives\\\/1051211#primaryimage\"},\"thumbnailUrl\":\"https:\\\/\\\/darkamazi.info\\\/darka-content\\\/uploads\\\/2026\\\/01\\\/Ciwanen-shorashgar-HSD-info.jpg\",\"keywords\":[\"sereke\"],\"articleSection\":[\"Kurdistan\"],\"inLanguage\":\"en-US\"},{\"@type\":\"WebPage\",\"@id\":\"https:\\\/\\\/darkamazi.info\\\/archives\\\/1051211\",\"url\":\"https:\\\/\\\/darkamazi.info\\\/archives\\\/1051211\",\"name\":\"Ciwan\u00ean \u015eore\u015fger \u015fervanek\u00ee HSD\u00ea revand \u00fb bi hovane \u00ee\u015fkence da - Darka Maz\u00ee\",\"isPartOf\":{\"@id\":\"https:\\\/\\\/darkamazi.info\\\/#website\"},\"primaryImageOfPage\":{\"@id\":\"https:\\\/\\\/darkamazi.info\\\/archives\\\/1051211#primaryimage\"},\"image\":{\"@id\":\"https:\\\/\\\/darkamazi.info\\\/archives\\\/1051211#primaryimage\"},\"thumbnailUrl\":\"https:\\\/\\\/darkamazi.info\\\/darka-content\\\/uploads\\\/2026\\\/01\\\/Ciwanen-shorashgar-HSD-info.jpg\",\"datePublished\":\"2026-01-04T15:43:55+00:00\",\"breadcrumb\":{\"@id\":\"https:\\\/\\\/darkamazi.info\\\/archives\\\/1051211#breadcrumb\"},\"inLanguage\":\"en-US\",\"potentialAction\":[{\"@type\":\"ReadAction\",\"target\":[\"https:\\\/\\\/darkamazi.info\\\/archives\\\/1051211\"]}]},{\"@type\":\"ImageObject\",\"inLanguage\":\"en-US\",\"@id\":\"https:\\\/\\\/darkamazi.info\\\/archives\\\/1051211#primaryimage\",\"url\":\"https:\\\/\\\/darkamazi.info\\\/darka-content\\\/uploads\\\/2026\\\/01\\\/Ciwanen-shorashgar-HSD-info.jpg\",\"contentUrl\":\"https:\\\/\\\/darkamazi.info\\\/darka-content\\\/uploads\\\/2026\\\/01\\\/Ciwanen-shorashgar-HSD-info.jpg\",\"width\":900,\"height\":500,\"caption\":\"Ciwanen-shorashgar-HSD-info\"},{\"@type\":\"BreadcrumbList\",\"@id\":\"https:\\\/\\\/darkamazi.info\\\/archives\\\/1051211#breadcrumb\",\"itemListElement\":[{\"@type\":\"ListItem\",\"position\":1,\"name\":\"Home\",\"item\":\"https:\\\/\\\/darkamazi.info\\\/\"},{\"@type\":\"ListItem\",\"position\":2,\"name\":\"Ciwan\u00ean \u015eore\u015fger \u015fervanek\u00ee HSD\u00ea revand \u00fb bi hovane \u00ee\u015fkence da\"}]},{\"@type\":\"WebSite\",\"@id\":\"https:\\\/\\\/darkamazi.info\\\/#website\",\"url\":\"https:\\\/\\\/darkamazi.info\\\/\",\"name\":\"Darka Maz\u00ee\",\"description\":\"P\u00eageha Zanyariy\u00ean Nebih\u00eest\u00ee\",\"publisher\":{\"@id\":\"https:\\\/\\\/darkamazi.info\\\/#organization\"},\"potentialAction\":[{\"@type\":\"SearchAction\",\"target\":{\"@type\":\"EntryPoint\",\"urlTemplate\":\"https:\\\/\\\/darkamazi.info\\\/?s={search_term_string}\"},\"query-input\":{\"@type\":\"PropertyValueSpecification\",\"valueRequired\":true,\"valueName\":\"search_term_string\"}}],\"inLanguage\":\"en-US\"},{\"@type\":\"Organization\",\"@id\":\"https:\\\/\\\/darkamazi.info\\\/#organization\",\"name\":\"Darka Maz\u00ee\",\"url\":\"https:\\\/\\\/darkamazi.info\\\/\",\"logo\":{\"@type\":\"ImageObject\",\"inLanguage\":\"en-US\",\"@id\":\"https:\\\/\\\/darkamazi.info\\\/#\\\/schema\\\/logo\\\/image\\\/\",\"url\":\"https:\\\/\\\/darkamazi.info\\\/darka-content\\\/uploads\\\/2017\\\/12\\\/darka-mazi-logo.png\",\"contentUrl\":\"https:\\\/\\\/darkamazi.info\\\/darka-content\\\/uploads\\\/2017\\\/12\\\/darka-mazi-logo.png\",\"width\":151,\"height\":75,\"caption\":\"Darka Maz\u00ee\"},\"image\":{\"@id\":\"https:\\\/\\\/darkamazi.info\\\/#\\\/schema\\\/logo\\\/image\\\/\"},\"sameAs\":[\"https:\\\/\\\/www.facebook.com\\\/DarMaziKurmanci\",\"https:\\\/\\\/x.com\\\/DarkaMaziLatini\",\"https:\\\/\\\/www.instagram.com\\\/darkamazi.kurmanci\\\/\",\"https:\\\/\\\/www.youtube.com\\\/channel\\\/UCa5HkTdmI8U1qCUFuTw8B2g\"]},{\"@type\":\"Person\",\"@id\":\"https:\\\/\\\/darkamazi.info\\\/#\\\/schema\\\/person\\\/5ad3e24553a0567993fa8ed4bd0a776c\",\"name\":\"darka mazi\",\"sameAs\":[\"https:\\\/\\\/darkamazi.info\\\/\"],\"url\":\"https:\\\/\\\/darkamazi.info\\\/archives\\\/author\\\/kurdi\"}]}<\/script>\n<!-- \/ Yoast SEO plugin. -->","seo_head_json":{"title":"Ciwan\u00ean \u015eore\u015fger \u015fervanek\u00ee HSD\u00ea revand \u00fb bi hovane \u00ee\u015fkence da - Darka Maz\u00ee","robots":{"index":"index","follow":"follow","max-snippet":"max-snippet:-1","max-image-preview":"max-image-preview:large","max-video-preview":"max-video-preview:-1"},"canonical":"https:\/\/darkamazi.info\/archives\/1051211","og_locale":"en_US","og_type":"article","og_title":"Ciwan\u00ean \u015eore\u015fger \u015fervanek\u00ee HSD\u00ea revand \u00fb bi hovane \u00ee\u015fkence da - Darka Maz\u00ee","og_description":"[darkamazi_row][darkamazi_column][darkamazi_column_text] \u00c7etey\u00ean PKK\u00ea y\u00ean bi nav\u00ea Ciwan\u00ean \u015eore\u015fger, \u015fervanek\u00ee HSD\u00ea ji Koban\u00eey\u00ea revand \u00fb bi awayek\u00ee hov \u00ee\u015fkence da. \u00c7avkaniy\u00ean Darka Maz\u00ee y\u00ean li Rojava Kurdistan\u00ea a\u015fkere kirin, \u00e7etey\u00ean PKK\u00ea Ciwan\u00ean \u015eore\u015fger di tewana xwe ya her\u00ee daw\u00ee de, \u015fervanek\u00ee HSD\u00ea y\u00ea bi nav\u00ea Kadar Mihemed Hemo ku ji \u015f\u00eeniy\u00ean Koban\u00eey\u00ea ye, revandin \u00fb bi [&hellip;]","og_url":"https:\/\/darkamazi.info\/archives\/1051211","og_site_name":"Darka Maz\u00ee","article_publisher":"https:\/\/www.facebook.com\/DarMaziKurmanci","article_published_time":"2026-01-04T15:43:55+00:00","og_image":[{"width":900,"height":500,"url":"https:\/\/darkamazi.info\/file\/2026\/01\/Ciwanen-shorashgar-HSD-info.jpg","type":"image\/jpeg"}],"author":"darka mazi","twitter_card":"summary_large_image","twitter_creator":"@DarkaMaziLatini","twitter_site":"@DarkaMaziLatini","twitter_misc":{"Written by":"darka mazi","Est. reading time":"1 minute"},"schema":{"@context":"https:\/\/schema.org","@graph":[{"@type":"Article","@id":"https:\/\/darkamazi.info\/archives\/1051211#article","isPartOf":{"@id":"https:\/\/darkamazi.info\/archives\/1051211"},"author":{"name":"darka mazi","@id":"https:\/\/darkamazi.info\/#\/schema\/person\/5ad3e24553a0567993fa8ed4bd0a776c"},"headline":"Ciwan\u00ean \u015eore\u015fger \u015fervanek\u00ee HSD\u00ea revand \u00fb bi hovane \u00ee\u015fkence da","datePublished":"2026-01-04T15:43:55+00:00","mainEntityOfPage":{"@id":"https:\/\/darkamazi.info\/archives\/1051211"},"wordCount":266,"publisher":{"@id":"https:\/\/darkamazi.info\/#organization"},"image":{"@id":"https:\/\/darkamazi.info\/archives\/1051211#primaryimage"},"thumbnailUrl":"https:\/\/darkamazi.info\/file\/2026\/01\/Ciwanen-shorashgar-HSD-info.jpg","keywords":["sereke"],"articleSection":["Kurdistan"],"inLanguage":"en-US"},{"@type":"WebPage","@id":"https:\/\/darkamazi.info\/archives\/1051211","url":"https:\/\/darkamazi.info\/archives\/1051211","name":"Ciwan\u00ean \u015eore\u015fger \u015fervanek\u00ee HSD\u00ea revand \u00fb bi hovane \u00ee\u015fkence da - Darka Maz\u00ee","isPartOf":{"@id":"https:\/\/darkamazi.info\/#website"},"primaryImageOfPage":{"@id":"https:\/\/darkamazi.info\/archives\/1051211#primaryimage"},"image":{"@id":"https:\/\/darkamazi.info\/archives\/1051211#primaryimage"},"thumbnailUrl":"https:\/\/darkamazi.info\/file\/2026\/01\/Ciwanen-shorashgar-HSD-info.jpg","datePublished":"2026-01-04T15:43:55+00:00","breadcrumb":{"@id":"https:\/\/darkamazi.info\/archives\/1051211#breadcrumb"},"inLanguage":"en-US","potentialAction":[{"@type":"ReadAction","target":["https:\/\/darkamazi.info\/archives\/1051211"]}]},{"@type":"ImageObject","inLanguage":"en-US","@id":"https:\/\/darkamazi.info\/archives\/1051211#primaryimage","url":"https:\/\/darkamazi.info\/file\/2026\/01\/Ciwanen-shorashgar-HSD-info.jpg","contentUrl":"https:\/\/darkamazi.info\/file\/2026\/01\/Ciwanen-shorashgar-HSD-info.jpg","width":900,"height":500,"caption":"Ciwanen-shorashgar-HSD-info"},{"@type":"BreadcrumbList","@id":"https:\/\/darkamazi.info\/archives\/1051211#breadcrumb","itemListElement":[{"@type":"ListItem","position":1,"name":"Home","item":"https:\/\/darkamazi.info\/"},{"@type":"ListItem","position":2,"name":"Ciwan\u00ean \u015eore\u015fger \u015fervanek\u00ee HSD\u00ea revand \u00fb bi hovane \u00ee\u015fkence da"}]},{"@type":"WebSite","@id":"https:\/\/darkamazi.info\/#website","url":"https:\/\/darkamazi.info\/","name":"Darka Maz\u00ee","description":"P\u00eageha Zanyariy\u00ean Nebih\u00eest\u00ee","publisher":{"@id":"https:\/\/darkamazi.info\/#organization"},"potentialAction":[{"@type":"SearchAction","target":{"@type":"EntryPoint","urlTemplate":"https:\/\/darkamazi.info\/?s={search_term_string}"},"query-input":{"@type":"PropertyValueSpecification","valueRequired":true,"valueName":"search_term_string"}}],"inLanguage":"en-US"},{"@type":"Organization","@id":"https:\/\/darkamazi.info\/#organization","name":"Darka Maz\u00ee","url":"https:\/\/darkamazi.info\/","logo":{"@type":"ImageObject","inLanguage":"en-US","@id":"https:\/\/darkamazi.info\/#\/schema\/logo\/image\/","url":"https:\/\/darkamazi.info\/file\/2017\/12\/darka-mazi-logo.png","contentUrl":"https:\/\/darkamazi.info\/file\/2017\/12\/darka-mazi-logo.png","width":151,"height":75,"caption":"Darka Maz\u00ee"},"image":{"@id":"https:\/\/darkamazi.info\/#\/schema\/logo\/image\/"},"sameAs":["https:\/\/www.facebook.com\/DarMaziKurmanci","https:\/\/x.com\/DarkaMaziLatini","https:\/\/www.instagram.com\/darkamazi.kurmanci\/","https:\/\/www.youtube.com\/channel\/UCa5HkTdmI8U1qCUFuTw8B2g"]},{"@type":"Person","@id":"https:\/\/darkamazi.info\/#\/schema\/person\/5ad3e24553a0567993fa8ed4bd0a776c","name":"darka mazi","sameAs":["https:\/\/darkamazi.info\/"],"url":"https:\/\/darkamazi.info\/archives\/author\/kurdi"}]}},"_links":{"self":[{"href":"https:\/\/darkamazi.info\/funavuv\/wp\/v2\/posts\/1051211","targetHints":{"allow":["GET"]}}],"collection":[{"href":"https:\/\/darkamazi.info\/funavuv\/wp\/v2\/posts"}],"about":[{"href":"https:\/\/darkamazi.info\/funavuv\/wp\/v2\/types\/post"}],"author":[{"embeddable":true,"href":"https:\/\/darkamazi.info\/funavuv\/wp\/v2\/users\/2"}],"replies":[{"embeddable":true,"href":"https:\/\/darkamazi.info\/funavuv\/wp\/v2\/comments?post=1051211"}],"version-history":[{"count":0,"href":"https:\/\/darkamazi.info\/funavuv\/wp\/v2\/posts\/1051211\/revisions"}],"wp:featuredmedia":[{"embeddable":true,"href":"https:\/\/darkamazi.info\/funavuv\/wp\/v2\/media\/1051214"}],"wp:attachment":[{"href":"https:\/\/darkamazi.info\/funavuv\/wp\/v2\/media?parent=1051211"}],"wp:term":[{"taxonomy":"category","embeddable":true,"href":"https:\/\/darkamazi.info\/funavuv\/wp\/v2\/categories?post=1051211"},{"taxonomy":"post_tag","embeddable":true,"href":"https:\/\/darkamazi.info\/funavuv\/wp\/v2\/tags?post=1051211"}],"curies":[{"name":"wp","href":"https:\/\/api.w.org\/{rel}","templated":true}]}}