{"id":1051215,"date":"2026-01-04T19:32:54","date_gmt":"2026-01-04T16:32:54","guid":{"rendered":"https:\/\/darkamazi.info\/?p=1051215"},"modified":"2026-01-04T19:32:54","modified_gmt":"2026-01-04T16:32:54","slug":"di-xwenisandanen-irane-u-rojhilata-kurdistane-de-16-kurd-hatine-kustin","status":"publish","type":"post","link":"https:\/\/darkamazi.info\/archives\/1051215","title":{"rendered":"Di xwen\u00ee\u015fandan\u00ean \u00ceran\u00ea \u00fb Rojhilata Kurdistan\u00ea de 16 Kurd hatine ku\u015ftin"},"content":{"rendered":"<h3 style=\"text-align: justify\"><span style=\"font-family: 'arial black', sans-serif\">R\u00eaxistina Maf\u00ean Mirovan a Hengaw\u00ea ragihand ku di ser xwen\u00ee\u015fandan\u00ean li \u00ceran \u00fb Rojhilat\u00ea Kurdistan\u00ea re hefteyek derbas b\u00fb \u00fb heta niha mirina 17 siv\u00eelan hatiye pi\u015ftrastkirin.<\/span><\/h3>\n<h3 style=\"text-align: justify\"><span style=\"font-family: arial, helvetica, sans-serif\">Li gor\u00ee amar\u00ean ku t\u00eema Hengaw\u00ea pi\u015ftrast kirine, li bajar\u00ean Melek\u015fah\u00ee, Hemedan, Hers\u00een, N\u00fbrawa, Kode\u015ft, Azna, Lordegan, F\u00fblad\u015fehr \u00fb Merwde\u015ft\u00ea windahiy\u00ean can\u00ee \u00e7\u00eab\u00fbne.<\/span><\/h3>\n<h3 style=\"text-align: justify\"><span style=\"font-family: arial, helvetica, sans-serif\">Ev bajar li par\u00eazgeh\u00ean Kirma\u015fan, Loristan, Hemedan, Fars, \u00celam, \u00c7armehal \u00fb Bextyar\u00ee \u00fb \u00cesfehan\u00ea ne.<\/span><\/h3>\n<h3 style=\"text-align: justify\"><span style=\"font-family: arial, helvetica, sans-serif\">Hengaw\u00ea da zan\u00een ku ew l\u00eakol\u00eena li ser her\u00ee k\u00eam 6 b\u00fbyer\u00ean din didom\u00eenin \u00fb eger ev mirin b\u00ean pi\u015ftrastkirin d\u00ea bi raya gi\u015ft\u00ee re werin parvekirin.<\/span><\/h3>\n<h3 style=\"text-align: justify\"><span style=\"font-family: arial, helvetica, sans-serif\">Li gor\u00ee amar\u00ean Hengaw\u00ea, ji 17 siv\u00eelan 16 j\u00ea welatiy\u00ean Kurd in \u00fb yek j\u00ee Fars e.<\/span><\/h3>\n<h3 style=\"text-align: justify\"><span style=\"font-family: arial, helvetica, sans-serif\">Hat tomarkirin ku her\u00ee k\u00eam 9 ji wan Kurd\u00ean Lur in.<\/span><\/h3>\n","protected":false},"excerpt":{"rendered":"<p>R\u00eaxistina Maf\u00ean Mirovan a Hengaw\u00ea ragihand ku di ser xwen\u00ee\u015fandan\u00ean li \u00ceran \u00fb Rojhilat\u00ea Kurdistan\u00ea re hefteyek derbas b\u00fb \u00fb heta niha mirina 17 siv\u00eelan hatiye pi\u015ftrastkirin. Li gor\u00ee amar\u00ean ku t\u00eema Hengaw\u00ea pi\u015ftrast kirine, li bajar\u00ean Melek\u015fah\u00ee, Hemedan, Hers\u00een, N\u00fbrawa, Kode\u015ft, Azna, Lordegan, F\u00fblad\u015fehr \u00fb Merwde\u015ft\u00ea windahiy\u00ean can\u00ee \u00e7\u00eab\u00fbne. Ev bajar li par\u00eazgeh\u00ean Kirma\u015fan, [&hellip;]<\/p>\n","protected":false},"author":2,"featured_media":1051216,"comment_status":"closed","ping_status":"closed","sticky":false,"template":"","format":"standard","meta":{"footnotes":""},"categories":[29],"tags":[37],"class_list":["post-1051215","post","type-post","status-publish","format-standard","has-post-thumbnail","hentry","category-kurdistan","tag-sereke"],"blocksy_meta":[],"seo_head":"<!-- This site is optimized with the Yoast SEO plugin v27.5 - https:\/\/yoast.com\/product\/yoast-seo-wordpress\/ -->\n<title>Di xwen\u00ee\u015fandan\u00ean \u00ceran\u00ea \u00fb Rojhilata Kurdistan\u00ea de 16 Kurd hatine ku\u015ftin - Darka Maz\u00ee<\/title>\n<meta name=\"robots\" content=\"index, follow, max-snippet:-1, max-image-preview:large, max-video-preview:-1\" \/>\n<link rel=\"canonical\" href=\"https:\/\/darkamazi.info\/archives\/1051215\" \/>\n<meta property=\"og:locale\" content=\"en_US\" \/>\n<meta property=\"og:type\" content=\"article\" \/>\n<meta property=\"og:title\" content=\"Di xwen\u00ee\u015fandan\u00ean \u00ceran\u00ea \u00fb Rojhilata Kurdistan\u00ea de 16 Kurd hatine ku\u015ftin - Darka Maz\u00ee\" \/>\n<meta property=\"og:description\" content=\"R\u00eaxistina Maf\u00ean Mirovan a Hengaw\u00ea ragihand ku di ser xwen\u00ee\u015fandan\u00ean li \u00ceran \u00fb Rojhilat\u00ea Kurdistan\u00ea re hefteyek derbas b\u00fb \u00fb heta niha mirina 17 siv\u00eelan hatiye pi\u015ftrastkirin. Li gor\u00ee amar\u00ean ku t\u00eema Hengaw\u00ea pi\u015ftrast kirine, li bajar\u00ean Melek\u015fah\u00ee, Hemedan, Hers\u00een, N\u00fbrawa, Kode\u015ft, Azna, Lordegan, F\u00fblad\u015fehr \u00fb Merwde\u015ft\u00ea windahiy\u00ean can\u00ee \u00e7\u00eab\u00fbne. Ev bajar li par\u00eazgeh\u00ean Kirma\u015fan, [&hellip;]\" \/>\n<meta property=\"og:url\" content=\"https:\/\/darkamazi.info\/archives\/1051215\" \/>\n<meta property=\"og:site_name\" content=\"Darka Maz\u00ee\" \/>\n<meta property=\"article:publisher\" content=\"https:\/\/www.facebook.com\/DarMaziKurmanci\" \/>\n<meta property=\"article:published_time\" content=\"2026-01-04T16:32:54+00:00\" \/>\n<meta property=\"og:image\" content=\"https:\/\/darkamazi.info\/file\/2026\/01\/Iran-protest-info.jpg\" \/>\n\t<meta property=\"og:image:width\" content=\"900\" \/>\n\t<meta property=\"og:image:height\" content=\"500\" \/>\n\t<meta property=\"og:image:type\" content=\"image\/jpeg\" \/>\n<meta name=\"author\" content=\"darka mazi\" \/>\n<meta name=\"twitter:card\" content=\"summary_large_image\" \/>\n<meta name=\"twitter:creator\" content=\"@DarkaMaziLatini\" \/>\n<meta name=\"twitter:site\" content=\"@DarkaMaziLatini\" \/>\n<meta name=\"twitter:label1\" content=\"Written by\" \/>\n\t<meta name=\"twitter:data1\" content=\"darka mazi\" \/>\n\t<meta name=\"twitter:label2\" content=\"Est. reading time\" \/>\n\t<meta name=\"twitter:data2\" content=\"1 minute\" \/>\n<script type=\"application\/ld+json\" class=\"seo-schema-graph\">{\"@context\":\"https:\\\/\\\/schema.org\",\"@graph\":[{\"@type\":\"Article\",\"@id\":\"https:\\\/\\\/darkamazi.info\\\/archives\\\/1051215#article\",\"isPartOf\":{\"@id\":\"https:\\\/\\\/darkamazi.info\\\/archives\\\/1051215\"},\"author\":{\"name\":\"darka mazi\",\"@id\":\"https:\\\/\\\/darkamazi.info\\\/#\\\/schema\\\/person\\\/5ad3e24553a0567993fa8ed4bd0a776c\"},\"headline\":\"Di xwen\u00ee\u015fandan\u00ean \u00ceran\u00ea \u00fb Rojhilata Kurdistan\u00ea de 16 Kurd hatine ku\u015ftin\",\"datePublished\":\"2026-01-04T16:32:54+00:00\",\"mainEntityOfPage\":{\"@id\":\"https:\\\/\\\/darkamazi.info\\\/archives\\\/1051215\"},\"wordCount\":157,\"publisher\":{\"@id\":\"https:\\\/\\\/darkamazi.info\\\/#organization\"},\"image\":{\"@id\":\"https:\\\/\\\/darkamazi.info\\\/archives\\\/1051215#primaryimage\"},\"thumbnailUrl\":\"https:\\\/\\\/darkamazi.info\\\/darka-content\\\/uploads\\\/2026\\\/01\\\/Iran-protest-info.jpg\",\"keywords\":[\"sereke\"],\"articleSection\":[\"Kurdistan\"],\"inLanguage\":\"en-US\"},{\"@type\":\"WebPage\",\"@id\":\"https:\\\/\\\/darkamazi.info\\\/archives\\\/1051215\",\"url\":\"https:\\\/\\\/darkamazi.info\\\/archives\\\/1051215\",\"name\":\"Di xwen\u00ee\u015fandan\u00ean \u00ceran\u00ea \u00fb Rojhilata Kurdistan\u00ea de 16 Kurd hatine ku\u015ftin - Darka Maz\u00ee\",\"isPartOf\":{\"@id\":\"https:\\\/\\\/darkamazi.info\\\/#website\"},\"primaryImageOfPage\":{\"@id\":\"https:\\\/\\\/darkamazi.info\\\/archives\\\/1051215#primaryimage\"},\"image\":{\"@id\":\"https:\\\/\\\/darkamazi.info\\\/archives\\\/1051215#primaryimage\"},\"thumbnailUrl\":\"https:\\\/\\\/darkamazi.info\\\/darka-content\\\/uploads\\\/2026\\\/01\\\/Iran-protest-info.jpg\",\"datePublished\":\"2026-01-04T16:32:54+00:00\",\"breadcrumb\":{\"@id\":\"https:\\\/\\\/darkamazi.info\\\/archives\\\/1051215#breadcrumb\"},\"inLanguage\":\"en-US\",\"potentialAction\":[{\"@type\":\"ReadAction\",\"target\":[\"https:\\\/\\\/darkamazi.info\\\/archives\\\/1051215\"]}]},{\"@type\":\"ImageObject\",\"inLanguage\":\"en-US\",\"@id\":\"https:\\\/\\\/darkamazi.info\\\/archives\\\/1051215#primaryimage\",\"url\":\"https:\\\/\\\/darkamazi.info\\\/darka-content\\\/uploads\\\/2026\\\/01\\\/Iran-protest-info.jpg\",\"contentUrl\":\"https:\\\/\\\/darkamazi.info\\\/darka-content\\\/uploads\\\/2026\\\/01\\\/Iran-protest-info.jpg\",\"width\":900,\"height\":500,\"caption\":\"Iran-protest-info\"},{\"@type\":\"BreadcrumbList\",\"@id\":\"https:\\\/\\\/darkamazi.info\\\/archives\\\/1051215#breadcrumb\",\"itemListElement\":[{\"@type\":\"ListItem\",\"position\":1,\"name\":\"Home\",\"item\":\"https:\\\/\\\/darkamazi.info\\\/\"},{\"@type\":\"ListItem\",\"position\":2,\"name\":\"Di xwen\u00ee\u015fandan\u00ean \u00ceran\u00ea \u00fb Rojhilata Kurdistan\u00ea de 16 Kurd hatine ku\u015ftin\"}]},{\"@type\":\"WebSite\",\"@id\":\"https:\\\/\\\/darkamazi.info\\\/#website\",\"url\":\"https:\\\/\\\/darkamazi.info\\\/\",\"name\":\"Darka Maz\u00ee\",\"description\":\"P\u00eageha Zanyariy\u00ean Nebih\u00eest\u00ee\",\"publisher\":{\"@id\":\"https:\\\/\\\/darkamazi.info\\\/#organization\"},\"potentialAction\":[{\"@type\":\"SearchAction\",\"target\":{\"@type\":\"EntryPoint\",\"urlTemplate\":\"https:\\\/\\\/darkamazi.info\\\/?s={search_term_string}\"},\"query-input\":{\"@type\":\"PropertyValueSpecification\",\"valueRequired\":true,\"valueName\":\"search_term_string\"}}],\"inLanguage\":\"en-US\"},{\"@type\":\"Organization\",\"@id\":\"https:\\\/\\\/darkamazi.info\\\/#organization\",\"name\":\"Darka Maz\u00ee\",\"url\":\"https:\\\/\\\/darkamazi.info\\\/\",\"logo\":{\"@type\":\"ImageObject\",\"inLanguage\":\"en-US\",\"@id\":\"https:\\\/\\\/darkamazi.info\\\/#\\\/schema\\\/logo\\\/image\\\/\",\"url\":\"https:\\\/\\\/darkamazi.info\\\/darka-content\\\/uploads\\\/2017\\\/12\\\/darka-mazi-logo.png\",\"contentUrl\":\"https:\\\/\\\/darkamazi.info\\\/darka-content\\\/uploads\\\/2017\\\/12\\\/darka-mazi-logo.png\",\"width\":151,\"height\":75,\"caption\":\"Darka Maz\u00ee\"},\"image\":{\"@id\":\"https:\\\/\\\/darkamazi.info\\\/#\\\/schema\\\/logo\\\/image\\\/\"},\"sameAs\":[\"https:\\\/\\\/www.facebook.com\\\/DarMaziKurmanci\",\"https:\\\/\\\/x.com\\\/DarkaMaziLatini\",\"https:\\\/\\\/www.instagram.com\\\/darkamazi.kurmanci\\\/\",\"https:\\\/\\\/www.youtube.com\\\/channel\\\/UCa5HkTdmI8U1qCUFuTw8B2g\"]},{\"@type\":\"Person\",\"@id\":\"https:\\\/\\\/darkamazi.info\\\/#\\\/schema\\\/person\\\/5ad3e24553a0567993fa8ed4bd0a776c\",\"name\":\"darka mazi\",\"sameAs\":[\"https:\\\/\\\/darkamazi.info\\\/\"],\"url\":\"https:\\\/\\\/darkamazi.info\\\/archives\\\/author\\\/kurdi\"}]}<\/script>\n<!-- \/ Yoast SEO plugin. -->","seo_head_json":{"title":"Di xwen\u00ee\u015fandan\u00ean \u00ceran\u00ea \u00fb Rojhilata Kurdistan\u00ea de 16 Kurd hatine ku\u015ftin - Darka Maz\u00ee","robots":{"index":"index","follow":"follow","max-snippet":"max-snippet:-1","max-image-preview":"max-image-preview:large","max-video-preview":"max-video-preview:-1"},"canonical":"https:\/\/darkamazi.info\/archives\/1051215","og_locale":"en_US","og_type":"article","og_title":"Di xwen\u00ee\u015fandan\u00ean \u00ceran\u00ea \u00fb Rojhilata Kurdistan\u00ea de 16 Kurd hatine ku\u015ftin - Darka Maz\u00ee","og_description":"R\u00eaxistina Maf\u00ean Mirovan a Hengaw\u00ea ragihand ku di ser xwen\u00ee\u015fandan\u00ean li \u00ceran \u00fb Rojhilat\u00ea Kurdistan\u00ea re hefteyek derbas b\u00fb \u00fb heta niha mirina 17 siv\u00eelan hatiye pi\u015ftrastkirin. Li gor\u00ee amar\u00ean ku t\u00eema Hengaw\u00ea pi\u015ftrast kirine, li bajar\u00ean Melek\u015fah\u00ee, Hemedan, Hers\u00een, N\u00fbrawa, Kode\u015ft, Azna, Lordegan, F\u00fblad\u015fehr \u00fb Merwde\u015ft\u00ea windahiy\u00ean can\u00ee \u00e7\u00eab\u00fbne. Ev bajar li par\u00eazgeh\u00ean Kirma\u015fan, [&hellip;]","og_url":"https:\/\/darkamazi.info\/archives\/1051215","og_site_name":"Darka Maz\u00ee","article_publisher":"https:\/\/www.facebook.com\/DarMaziKurmanci","article_published_time":"2026-01-04T16:32:54+00:00","og_image":[{"width":900,"height":500,"url":"https:\/\/darkamazi.info\/file\/2026\/01\/Iran-protest-info.jpg","type":"image\/jpeg"}],"author":"darka mazi","twitter_card":"summary_large_image","twitter_creator":"@DarkaMaziLatini","twitter_site":"@DarkaMaziLatini","twitter_misc":{"Written by":"darka mazi","Est. reading time":"1 minute"},"schema":{"@context":"https:\/\/schema.org","@graph":[{"@type":"Article","@id":"https:\/\/darkamazi.info\/archives\/1051215#article","isPartOf":{"@id":"https:\/\/darkamazi.info\/archives\/1051215"},"author":{"name":"darka mazi","@id":"https:\/\/darkamazi.info\/#\/schema\/person\/5ad3e24553a0567993fa8ed4bd0a776c"},"headline":"Di xwen\u00ee\u015fandan\u00ean \u00ceran\u00ea \u00fb Rojhilata Kurdistan\u00ea de 16 Kurd hatine ku\u015ftin","datePublished":"2026-01-04T16:32:54+00:00","mainEntityOfPage":{"@id":"https:\/\/darkamazi.info\/archives\/1051215"},"wordCount":157,"publisher":{"@id":"https:\/\/darkamazi.info\/#organization"},"image":{"@id":"https:\/\/darkamazi.info\/archives\/1051215#primaryimage"},"thumbnailUrl":"https:\/\/darkamazi.info\/file\/2026\/01\/Iran-protest-info.jpg","keywords":["sereke"],"articleSection":["Kurdistan"],"inLanguage":"en-US"},{"@type":"WebPage","@id":"https:\/\/darkamazi.info\/archives\/1051215","url":"https:\/\/darkamazi.info\/archives\/1051215","name":"Di xwen\u00ee\u015fandan\u00ean \u00ceran\u00ea \u00fb Rojhilata Kurdistan\u00ea de 16 Kurd hatine ku\u015ftin - Darka Maz\u00ee","isPartOf":{"@id":"https:\/\/darkamazi.info\/#website"},"primaryImageOfPage":{"@id":"https:\/\/darkamazi.info\/archives\/1051215#primaryimage"},"image":{"@id":"https:\/\/darkamazi.info\/archives\/1051215#primaryimage"},"thumbnailUrl":"https:\/\/darkamazi.info\/file\/2026\/01\/Iran-protest-info.jpg","datePublished":"2026-01-04T16:32:54+00:00","breadcrumb":{"@id":"https:\/\/darkamazi.info\/archives\/1051215#breadcrumb"},"inLanguage":"en-US","potentialAction":[{"@type":"ReadAction","target":["https:\/\/darkamazi.info\/archives\/1051215"]}]},{"@type":"ImageObject","inLanguage":"en-US","@id":"https:\/\/darkamazi.info\/archives\/1051215#primaryimage","url":"https:\/\/darkamazi.info\/file\/2026\/01\/Iran-protest-info.jpg","contentUrl":"https:\/\/darkamazi.info\/file\/2026\/01\/Iran-protest-info.jpg","width":900,"height":500,"caption":"Iran-protest-info"},{"@type":"BreadcrumbList","@id":"https:\/\/darkamazi.info\/archives\/1051215#breadcrumb","itemListElement":[{"@type":"ListItem","position":1,"name":"Home","item":"https:\/\/darkamazi.info\/"},{"@type":"ListItem","position":2,"name":"Di xwen\u00ee\u015fandan\u00ean \u00ceran\u00ea \u00fb Rojhilata Kurdistan\u00ea de 16 Kurd hatine ku\u015ftin"}]},{"@type":"WebSite","@id":"https:\/\/darkamazi.info\/#website","url":"https:\/\/darkamazi.info\/","name":"Darka Maz\u00ee","description":"P\u00eageha Zanyariy\u00ean Nebih\u00eest\u00ee","publisher":{"@id":"https:\/\/darkamazi.info\/#organization"},"potentialAction":[{"@type":"SearchAction","target":{"@type":"EntryPoint","urlTemplate":"https:\/\/darkamazi.info\/?s={search_term_string}"},"query-input":{"@type":"PropertyValueSpecification","valueRequired":true,"valueName":"search_term_string"}}],"inLanguage":"en-US"},{"@type":"Organization","@id":"https:\/\/darkamazi.info\/#organization","name":"Darka Maz\u00ee","url":"https:\/\/darkamazi.info\/","logo":{"@type":"ImageObject","inLanguage":"en-US","@id":"https:\/\/darkamazi.info\/#\/schema\/logo\/image\/","url":"https:\/\/darkamazi.info\/file\/2017\/12\/darka-mazi-logo.png","contentUrl":"https:\/\/darkamazi.info\/file\/2017\/12\/darka-mazi-logo.png","width":151,"height":75,"caption":"Darka Maz\u00ee"},"image":{"@id":"https:\/\/darkamazi.info\/#\/schema\/logo\/image\/"},"sameAs":["https:\/\/www.facebook.com\/DarMaziKurmanci","https:\/\/x.com\/DarkaMaziLatini","https:\/\/www.instagram.com\/darkamazi.kurmanci\/","https:\/\/www.youtube.com\/channel\/UCa5HkTdmI8U1qCUFuTw8B2g"]},{"@type":"Person","@id":"https:\/\/darkamazi.info\/#\/schema\/person\/5ad3e24553a0567993fa8ed4bd0a776c","name":"darka mazi","sameAs":["https:\/\/darkamazi.info\/"],"url":"https:\/\/darkamazi.info\/archives\/author\/kurdi"}]}},"_links":{"self":[{"href":"https:\/\/darkamazi.info\/funavuv\/wp\/v2\/posts\/1051215","targetHints":{"allow":["GET"]}}],"collection":[{"href":"https:\/\/darkamazi.info\/funavuv\/wp\/v2\/posts"}],"about":[{"href":"https:\/\/darkamazi.info\/funavuv\/wp\/v2\/types\/post"}],"author":[{"embeddable":true,"href":"https:\/\/darkamazi.info\/funavuv\/wp\/v2\/users\/2"}],"replies":[{"embeddable":true,"href":"https:\/\/darkamazi.info\/funavuv\/wp\/v2\/comments?post=1051215"}],"version-history":[{"count":0,"href":"https:\/\/darkamazi.info\/funavuv\/wp\/v2\/posts\/1051215\/revisions"}],"wp:featuredmedia":[{"embeddable":true,"href":"https:\/\/darkamazi.info\/funavuv\/wp\/v2\/media\/1051216"}],"wp:attachment":[{"href":"https:\/\/darkamazi.info\/funavuv\/wp\/v2\/media?parent=1051215"}],"wp:term":[{"taxonomy":"category","embeddable":true,"href":"https:\/\/darkamazi.info\/funavuv\/wp\/v2\/categories?post=1051215"},{"taxonomy":"post_tag","embeddable":true,"href":"https:\/\/darkamazi.info\/funavuv\/wp\/v2\/tags?post=1051215"}],"curies":[{"name":"wp","href":"https:\/\/api.w.org\/{rel}","templated":true}]}}