{"id":1051224,"date":"2026-01-05T13:49:35","date_gmt":"2026-01-05T10:49:35","guid":{"rendered":"https:\/\/darkamazi.info\/?p=1051224"},"modified":"2026-01-05T13:49:35","modified_gmt":"2026-01-05T10:49:35","slug":"ynke-nizar-amedi-ji-bo-posta-serokkomare-iraqe-berbijar-kir","status":"publish","type":"post","link":"https:\/\/darkamazi.info\/archives\/1051224","title":{"rendered":"YNK\u2019\u00ea Nizar Am\u00ead\u00ee ji bo posta Serokkomar\u00ea Iraq\u00ea berbijar kir"},"content":{"rendered":"<h3><span style=\"font-family: 'arial black', sans-serif\">Yek\u00eetiya Ni\u015ftiman\u00ee ya Kurdistan\u00ea (YNK) ragihand, wan Nizar Am\u00ead\u00ee, Wez\u00eer\u00ea ber\u00ea y\u00ea J\u00eengeh\u00ea \u00fb endam\u00ea pol\u00eetburoya partiya xwe, wek\u00ee berbijar\u00ea ferm\u00ee ji bo posta Serokkomariya Iraq\u00ea destn\u00ee\u015fan kiriye.<\/span><\/h3>\n<h3>Berdevk\u00ea Yek\u00eetiya Ni\u015ftiman\u00ee ya Kurdistan\u00ea (YNK) Karwan Gazney\u00ee \u00eero 5\u00ea \u00c7ileya 2026an, li ser hejmara xwe ya ferm\u00ee y\u00ea medyaya civak\u00ee a\u015fkere kir ku partiya wan bi ferm\u00ee biryar daye ku Nizar Am\u00ead\u00ee bibe berbijar\u00ea wan ji bo posta Serokkomariya Iraq\u00ea.<\/h3>\n<h3>Nizar Am\u00ead\u00ee k\u00ee ye?<\/h3>\n<h3>Nizar Mihemed Se\u00eed Mihemed, ku di qada siyas\u00ee de wek\u00ee &#8220;Nizar Am\u00ead\u00ee&#8221; t\u00ea naskirin, di sala 1968an de li qezaya Am\u00eadiy\u00ea ya par\u00eazgeha Dihok\u00ea ji day\u00eek b\u00fbye. Ew xwed\u00ee ezm\u00fbneke dir\u00eaj \u00fb dewlemend e di nava saziy\u00ean dewleta Iraq\u00ea \u00fb diplomat\u00eek de.<\/h3>\n<h3>Asta Perwerdehiy\u00ea \u00fb Ziman:<\/h3>\n<h3>Nizar Am\u00ead\u00ee endezyar\u00ea mekan\u00eek\u00ea ye \u00fb Be\u015fa Endezyariy\u00ea ya Zan\u00eengeha M\u00fbsil\u00ea qedandiye. Ew bi ziman\u00ean Kurd\u00ee \u00fb Ereb\u00ee dizane.<\/h3>\n<h3>Kariyera Siyas\u00ee \u00fb \u00cedar\u00ee:<\/h3>\n<h3>Am\u00ead\u00ee di nava du dehsal\u00ean bor\u00ee de di post\u00ean her\u00ee bilind \u00ean dewlet\u00ea de cih girtiye:<\/h3>\n<h3>&#8211; Wez\u00eer\u00ea J\u00eengeh\u00ea: Di kab\u00eeneya hik\u00fbmeta Mihemed \u015eiya S\u00fbdan\u00ee de ji sala 2022an heta dawiya 2024an wek\u00ee Wez\u00eer\u00ea J\u00eengeh\u00ea kar kiriye.<\/h3>\n<h3>&#8211; \u015e\u00eawirmend\u00ea Serokkomariy\u00ea: Di navbera sal\u00ean 2005 \u00fb 2022an de \u015f\u00eawirmend\u00ea her s\u00ea serokkomar\u00ean ber\u00ea (Celal Taleban\u00ee, Fuad Mas\u00fbm \u00fb Berhem Salih) b\u00fbye.<\/h3>\n<h3>&#8211; Post\u00ean Part\u00eet\u00ee: Niha endam\u00ea Pol\u00eetburoya YNK\u2019\u00ea \u00fb berpirs\u00ea Of\u00eesa Pol\u00eetburoy\u00ea ya partiya xwe li Bexday\u00ea ye. Herwiha endam\u00ea Hevpeymaniya Bir\u00eavebirina Dewlet\u00ea ye.<\/h3>\n<h3>N\u00fbnertiya Navdewlet\u00ee<\/h3>\n<h3>Nizar Am\u00ead\u00ee di gelek qad\u00ean navnetewey\u00ee de n\u00fbnertiya Iraq\u00ea kiriye. Ew serokatiya \u015fandeya Iraq\u00ea di L\u00fbtkeya ke\u015f\u00fbheway\u00ea ya COP28 de li \u00cemarat\u00ea (2023) \u00fb di Civ\u00eena J\u00eengeh\u00ea ya Netewey\u00ean Yekb\u00fby\u00ee de li Kenyay\u00ea (2023) kiriye. Herwiha di gelek l\u00fbtkey\u00ean Ereb\u00ee \u00fb civ\u00een\u00ean NY y\u00ean li New York \u00fb Cenevrey\u00ea de amade b\u00fbye.<\/h3>\n<h3>Ev p\u00eangava YNK\u2019\u00ea di demek\u00ea de t\u00ea ku li gor\u00ee dest\u00fbr\u00ea pi\u015ft\u00ee hilbijartina desteya serokatiya parlamen\u00ea, div\u00ea di nava 30 rojan de Serokkomar\u00ea n\u00fb were hilbijartin. T\u00ea \u00e7aver\u00eakirin ku nav\u00ea Nizar Am\u00ead\u00ee di p\u00eavajoya dan\u00fbstandin\u00ean li gel aliy\u00ean din \u00ean Kurd\u00ee \u00fb Iraq\u00ee de bibe mijareke sereke.<\/h3>\n","protected":false},"excerpt":{"rendered":"<p>Yek\u00eetiya Ni\u015ftiman\u00ee ya Kurdistan\u00ea (YNK) ragihand, wan Nizar Am\u00ead\u00ee, Wez\u00eer\u00ea ber\u00ea y\u00ea J\u00eengeh\u00ea \u00fb endam\u00ea pol\u00eetburoya partiya xwe, wek\u00ee berbijar\u00ea ferm\u00ee ji bo posta Serokkomariya Iraq\u00ea destn\u00ee\u015fan kiriye. Berdevk\u00ea Yek\u00eetiya Ni\u015ftiman\u00ee ya Kurdistan\u00ea (YNK) Karwan Gazney\u00ee \u00eero 5\u00ea \u00c7ileya 2026an, li ser hejmara xwe ya ferm\u00ee y\u00ea medyaya civak\u00ee a\u015fkere kir ku partiya wan bi [&hellip;]<\/p>\n","protected":false},"author":2,"featured_media":1051225,"comment_status":"closed","ping_status":"closed","sticky":false,"template":"","format":"standard","meta":{"footnotes":""},"categories":[29],"tags":[37],"class_list":["post-1051224","post","type-post","status-publish","format-standard","has-post-thumbnail","hentry","category-kurdistan","tag-sereke"],"blocksy_meta":[],"seo_head":"<!-- This site is optimized with the Yoast SEO plugin v27.5 - https:\/\/yoast.com\/product\/yoast-seo-wordpress\/ -->\n<title>YNK\u2019\u00ea Nizar Am\u00ead\u00ee ji bo posta Serokkomar\u00ea Iraq\u00ea berbijar kir - Darka Maz\u00ee<\/title>\n<meta name=\"robots\" content=\"index, follow, max-snippet:-1, max-image-preview:large, max-video-preview:-1\" \/>\n<link rel=\"canonical\" href=\"https:\/\/darkamazi.info\/archives\/1051224\" \/>\n<meta property=\"og:locale\" content=\"en_US\" \/>\n<meta property=\"og:type\" content=\"article\" \/>\n<meta property=\"og:title\" content=\"YNK\u2019\u00ea Nizar Am\u00ead\u00ee ji bo posta Serokkomar\u00ea Iraq\u00ea berbijar kir - Darka Maz\u00ee\" \/>\n<meta property=\"og:description\" content=\"Yek\u00eetiya Ni\u015ftiman\u00ee ya Kurdistan\u00ea (YNK) ragihand, wan Nizar Am\u00ead\u00ee, Wez\u00eer\u00ea ber\u00ea y\u00ea J\u00eengeh\u00ea \u00fb endam\u00ea pol\u00eetburoya partiya xwe, wek\u00ee berbijar\u00ea ferm\u00ee ji bo posta Serokkomariya Iraq\u00ea destn\u00ee\u015fan kiriye. Berdevk\u00ea Yek\u00eetiya Ni\u015ftiman\u00ee ya Kurdistan\u00ea (YNK) Karwan Gazney\u00ee \u00eero 5\u00ea \u00c7ileya 2026an, li ser hejmara xwe ya ferm\u00ee y\u00ea medyaya civak\u00ee a\u015fkere kir ku partiya wan bi [&hellip;]\" \/>\n<meta property=\"og:url\" content=\"https:\/\/darkamazi.info\/archives\/1051224\" \/>\n<meta property=\"og:site_name\" content=\"Darka Maz\u00ee\" \/>\n<meta property=\"article:publisher\" content=\"https:\/\/www.facebook.com\/DarMaziKurmanci\" \/>\n<meta property=\"article:published_time\" content=\"2026-01-05T10:49:35+00:00\" \/>\n<meta property=\"og:image\" content=\"https:\/\/darkamazi.info\/file\/2026\/01\/nizar-amedi.jpg\" \/>\n\t<meta property=\"og:image:width\" content=\"1562\" \/>\n\t<meta property=\"og:image:height\" content=\"878\" \/>\n\t<meta property=\"og:image:type\" content=\"image\/jpeg\" \/>\n<meta name=\"author\" content=\"darka mazi\" \/>\n<meta name=\"twitter:card\" content=\"summary_large_image\" \/>\n<meta name=\"twitter:creator\" content=\"@DarkaMaziLatini\" \/>\n<meta name=\"twitter:site\" content=\"@DarkaMaziLatini\" \/>\n<meta name=\"twitter:label1\" content=\"Written by\" \/>\n\t<meta name=\"twitter:data1\" content=\"darka mazi\" \/>\n\t<meta name=\"twitter:label2\" content=\"Est. reading time\" \/>\n\t<meta name=\"twitter:data2\" content=\"2 minutes\" \/>\n<script type=\"application\/ld+json\" class=\"seo-schema-graph\">{\"@context\":\"https:\\\/\\\/schema.org\",\"@graph\":[{\"@type\":\"Article\",\"@id\":\"https:\\\/\\\/darkamazi.info\\\/archives\\\/1051224#article\",\"isPartOf\":{\"@id\":\"https:\\\/\\\/darkamazi.info\\\/archives\\\/1051224\"},\"author\":{\"name\":\"darka mazi\",\"@id\":\"https:\\\/\\\/darkamazi.info\\\/#\\\/schema\\\/person\\\/5ad3e24553a0567993fa8ed4bd0a776c\"},\"headline\":\"YNK\u2019\u00ea Nizar Am\u00ead\u00ee ji bo posta Serokkomar\u00ea Iraq\u00ea berbijar kir\",\"datePublished\":\"2026-01-05T10:49:35+00:00\",\"mainEntityOfPage\":{\"@id\":\"https:\\\/\\\/darkamazi.info\\\/archives\\\/1051224\"},\"wordCount\":391,\"publisher\":{\"@id\":\"https:\\\/\\\/darkamazi.info\\\/#organization\"},\"image\":{\"@id\":\"https:\\\/\\\/darkamazi.info\\\/archives\\\/1051224#primaryimage\"},\"thumbnailUrl\":\"https:\\\/\\\/darkamazi.info\\\/darka-content\\\/uploads\\\/2026\\\/01\\\/nizar-amedi.jpg\",\"keywords\":[\"sereke\"],\"articleSection\":[\"Kurdistan\"],\"inLanguage\":\"en-US\"},{\"@type\":\"WebPage\",\"@id\":\"https:\\\/\\\/darkamazi.info\\\/archives\\\/1051224\",\"url\":\"https:\\\/\\\/darkamazi.info\\\/archives\\\/1051224\",\"name\":\"YNK\u2019\u00ea Nizar Am\u00ead\u00ee ji bo posta Serokkomar\u00ea Iraq\u00ea berbijar kir - Darka Maz\u00ee\",\"isPartOf\":{\"@id\":\"https:\\\/\\\/darkamazi.info\\\/#website\"},\"primaryImageOfPage\":{\"@id\":\"https:\\\/\\\/darkamazi.info\\\/archives\\\/1051224#primaryimage\"},\"image\":{\"@id\":\"https:\\\/\\\/darkamazi.info\\\/archives\\\/1051224#primaryimage\"},\"thumbnailUrl\":\"https:\\\/\\\/darkamazi.info\\\/darka-content\\\/uploads\\\/2026\\\/01\\\/nizar-amedi.jpg\",\"datePublished\":\"2026-01-05T10:49:35+00:00\",\"breadcrumb\":{\"@id\":\"https:\\\/\\\/darkamazi.info\\\/archives\\\/1051224#breadcrumb\"},\"inLanguage\":\"en-US\",\"potentialAction\":[{\"@type\":\"ReadAction\",\"target\":[\"https:\\\/\\\/darkamazi.info\\\/archives\\\/1051224\"]}]},{\"@type\":\"ImageObject\",\"inLanguage\":\"en-US\",\"@id\":\"https:\\\/\\\/darkamazi.info\\\/archives\\\/1051224#primaryimage\",\"url\":\"https:\\\/\\\/darkamazi.info\\\/darka-content\\\/uploads\\\/2026\\\/01\\\/nizar-amedi.jpg\",\"contentUrl\":\"https:\\\/\\\/darkamazi.info\\\/darka-content\\\/uploads\\\/2026\\\/01\\\/nizar-amedi.jpg\",\"width\":1562,\"height\":878,\"caption\":\"YNK\u2019\u00ea Nizar Am\u00ead\u00ee ji bo posta Serokkomar\u00ea Iraq\u00ea berbijar kir\"},{\"@type\":\"BreadcrumbList\",\"@id\":\"https:\\\/\\\/darkamazi.info\\\/archives\\\/1051224#breadcrumb\",\"itemListElement\":[{\"@type\":\"ListItem\",\"position\":1,\"name\":\"Home\",\"item\":\"https:\\\/\\\/darkamazi.info\\\/\"},{\"@type\":\"ListItem\",\"position\":2,\"name\":\"YNK\u2019\u00ea Nizar Am\u00ead\u00ee ji bo posta Serokkomar\u00ea Iraq\u00ea berbijar kir\"}]},{\"@type\":\"WebSite\",\"@id\":\"https:\\\/\\\/darkamazi.info\\\/#website\",\"url\":\"https:\\\/\\\/darkamazi.info\\\/\",\"name\":\"Darka Maz\u00ee\",\"description\":\"P\u00eageha Zanyariy\u00ean Nebih\u00eest\u00ee\",\"publisher\":{\"@id\":\"https:\\\/\\\/darkamazi.info\\\/#organization\"},\"potentialAction\":[{\"@type\":\"SearchAction\",\"target\":{\"@type\":\"EntryPoint\",\"urlTemplate\":\"https:\\\/\\\/darkamazi.info\\\/?s={search_term_string}\"},\"query-input\":{\"@type\":\"PropertyValueSpecification\",\"valueRequired\":true,\"valueName\":\"search_term_string\"}}],\"inLanguage\":\"en-US\"},{\"@type\":\"Organization\",\"@id\":\"https:\\\/\\\/darkamazi.info\\\/#organization\",\"name\":\"Darka Maz\u00ee\",\"url\":\"https:\\\/\\\/darkamazi.info\\\/\",\"logo\":{\"@type\":\"ImageObject\",\"inLanguage\":\"en-US\",\"@id\":\"https:\\\/\\\/darkamazi.info\\\/#\\\/schema\\\/logo\\\/image\\\/\",\"url\":\"https:\\\/\\\/darkamazi.info\\\/darka-content\\\/uploads\\\/2017\\\/12\\\/darka-mazi-logo.png\",\"contentUrl\":\"https:\\\/\\\/darkamazi.info\\\/darka-content\\\/uploads\\\/2017\\\/12\\\/darka-mazi-logo.png\",\"width\":151,\"height\":75,\"caption\":\"Darka Maz\u00ee\"},\"image\":{\"@id\":\"https:\\\/\\\/darkamazi.info\\\/#\\\/schema\\\/logo\\\/image\\\/\"},\"sameAs\":[\"https:\\\/\\\/www.facebook.com\\\/DarMaziKurmanci\",\"https:\\\/\\\/x.com\\\/DarkaMaziLatini\",\"https:\\\/\\\/www.instagram.com\\\/darkamazi.kurmanci\\\/\",\"https:\\\/\\\/www.youtube.com\\\/channel\\\/UCa5HkTdmI8U1qCUFuTw8B2g\"]},{\"@type\":\"Person\",\"@id\":\"https:\\\/\\\/darkamazi.info\\\/#\\\/schema\\\/person\\\/5ad3e24553a0567993fa8ed4bd0a776c\",\"name\":\"darka mazi\",\"sameAs\":[\"https:\\\/\\\/darkamazi.info\\\/\"],\"url\":\"https:\\\/\\\/darkamazi.info\\\/archives\\\/author\\\/kurdi\"}]}<\/script>\n<!-- \/ Yoast SEO plugin. -->","seo_head_json":{"title":"YNK\u2019\u00ea Nizar Am\u00ead\u00ee ji bo posta Serokkomar\u00ea Iraq\u00ea berbijar kir - Darka Maz\u00ee","robots":{"index":"index","follow":"follow","max-snippet":"max-snippet:-1","max-image-preview":"max-image-preview:large","max-video-preview":"max-video-preview:-1"},"canonical":"https:\/\/darkamazi.info\/archives\/1051224","og_locale":"en_US","og_type":"article","og_title":"YNK\u2019\u00ea Nizar Am\u00ead\u00ee ji bo posta Serokkomar\u00ea Iraq\u00ea berbijar kir - Darka Maz\u00ee","og_description":"Yek\u00eetiya Ni\u015ftiman\u00ee ya Kurdistan\u00ea (YNK) ragihand, wan Nizar Am\u00ead\u00ee, Wez\u00eer\u00ea ber\u00ea y\u00ea J\u00eengeh\u00ea \u00fb endam\u00ea pol\u00eetburoya partiya xwe, wek\u00ee berbijar\u00ea ferm\u00ee ji bo posta Serokkomariya Iraq\u00ea destn\u00ee\u015fan kiriye. Berdevk\u00ea Yek\u00eetiya Ni\u015ftiman\u00ee ya Kurdistan\u00ea (YNK) Karwan Gazney\u00ee \u00eero 5\u00ea \u00c7ileya 2026an, li ser hejmara xwe ya ferm\u00ee y\u00ea medyaya civak\u00ee a\u015fkere kir ku partiya wan bi [&hellip;]","og_url":"https:\/\/darkamazi.info\/archives\/1051224","og_site_name":"Darka Maz\u00ee","article_publisher":"https:\/\/www.facebook.com\/DarMaziKurmanci","article_published_time":"2026-01-05T10:49:35+00:00","og_image":[{"width":1562,"height":878,"url":"https:\/\/darkamazi.info\/file\/2026\/01\/nizar-amedi.jpg","type":"image\/jpeg"}],"author":"darka mazi","twitter_card":"summary_large_image","twitter_creator":"@DarkaMaziLatini","twitter_site":"@DarkaMaziLatini","twitter_misc":{"Written by":"darka mazi","Est. reading time":"2 minutes"},"schema":{"@context":"https:\/\/schema.org","@graph":[{"@type":"Article","@id":"https:\/\/darkamazi.info\/archives\/1051224#article","isPartOf":{"@id":"https:\/\/darkamazi.info\/archives\/1051224"},"author":{"name":"darka mazi","@id":"https:\/\/darkamazi.info\/#\/schema\/person\/5ad3e24553a0567993fa8ed4bd0a776c"},"headline":"YNK\u2019\u00ea Nizar Am\u00ead\u00ee ji bo posta Serokkomar\u00ea Iraq\u00ea berbijar kir","datePublished":"2026-01-05T10:49:35+00:00","mainEntityOfPage":{"@id":"https:\/\/darkamazi.info\/archives\/1051224"},"wordCount":391,"publisher":{"@id":"https:\/\/darkamazi.info\/#organization"},"image":{"@id":"https:\/\/darkamazi.info\/archives\/1051224#primaryimage"},"thumbnailUrl":"https:\/\/darkamazi.info\/file\/2026\/01\/nizar-amedi.jpg","keywords":["sereke"],"articleSection":["Kurdistan"],"inLanguage":"en-US"},{"@type":"WebPage","@id":"https:\/\/darkamazi.info\/archives\/1051224","url":"https:\/\/darkamazi.info\/archives\/1051224","name":"YNK\u2019\u00ea Nizar Am\u00ead\u00ee ji bo posta Serokkomar\u00ea Iraq\u00ea berbijar kir - Darka Maz\u00ee","isPartOf":{"@id":"https:\/\/darkamazi.info\/#website"},"primaryImageOfPage":{"@id":"https:\/\/darkamazi.info\/archives\/1051224#primaryimage"},"image":{"@id":"https:\/\/darkamazi.info\/archives\/1051224#primaryimage"},"thumbnailUrl":"https:\/\/darkamazi.info\/file\/2026\/01\/nizar-amedi.jpg","datePublished":"2026-01-05T10:49:35+00:00","breadcrumb":{"@id":"https:\/\/darkamazi.info\/archives\/1051224#breadcrumb"},"inLanguage":"en-US","potentialAction":[{"@type":"ReadAction","target":["https:\/\/darkamazi.info\/archives\/1051224"]}]},{"@type":"ImageObject","inLanguage":"en-US","@id":"https:\/\/darkamazi.info\/archives\/1051224#primaryimage","url":"https:\/\/darkamazi.info\/file\/2026\/01\/nizar-amedi.jpg","contentUrl":"https:\/\/darkamazi.info\/file\/2026\/01\/nizar-amedi.jpg","width":1562,"height":878,"caption":"YNK\u2019\u00ea Nizar Am\u00ead\u00ee ji bo posta Serokkomar\u00ea Iraq\u00ea berbijar kir"},{"@type":"BreadcrumbList","@id":"https:\/\/darkamazi.info\/archives\/1051224#breadcrumb","itemListElement":[{"@type":"ListItem","position":1,"name":"Home","item":"https:\/\/darkamazi.info\/"},{"@type":"ListItem","position":2,"name":"YNK\u2019\u00ea Nizar Am\u00ead\u00ee ji bo posta Serokkomar\u00ea Iraq\u00ea berbijar kir"}]},{"@type":"WebSite","@id":"https:\/\/darkamazi.info\/#website","url":"https:\/\/darkamazi.info\/","name":"Darka Maz\u00ee","description":"P\u00eageha Zanyariy\u00ean Nebih\u00eest\u00ee","publisher":{"@id":"https:\/\/darkamazi.info\/#organization"},"potentialAction":[{"@type":"SearchAction","target":{"@type":"EntryPoint","urlTemplate":"https:\/\/darkamazi.info\/?s={search_term_string}"},"query-input":{"@type":"PropertyValueSpecification","valueRequired":true,"valueName":"search_term_string"}}],"inLanguage":"en-US"},{"@type":"Organization","@id":"https:\/\/darkamazi.info\/#organization","name":"Darka Maz\u00ee","url":"https:\/\/darkamazi.info\/","logo":{"@type":"ImageObject","inLanguage":"en-US","@id":"https:\/\/darkamazi.info\/#\/schema\/logo\/image\/","url":"https:\/\/darkamazi.info\/file\/2017\/12\/darka-mazi-logo.png","contentUrl":"https:\/\/darkamazi.info\/file\/2017\/12\/darka-mazi-logo.png","width":151,"height":75,"caption":"Darka Maz\u00ee"},"image":{"@id":"https:\/\/darkamazi.info\/#\/schema\/logo\/image\/"},"sameAs":["https:\/\/www.facebook.com\/DarMaziKurmanci","https:\/\/x.com\/DarkaMaziLatini","https:\/\/www.instagram.com\/darkamazi.kurmanci\/","https:\/\/www.youtube.com\/channel\/UCa5HkTdmI8U1qCUFuTw8B2g"]},{"@type":"Person","@id":"https:\/\/darkamazi.info\/#\/schema\/person\/5ad3e24553a0567993fa8ed4bd0a776c","name":"darka mazi","sameAs":["https:\/\/darkamazi.info\/"],"url":"https:\/\/darkamazi.info\/archives\/author\/kurdi"}]}},"_links":{"self":[{"href":"https:\/\/darkamazi.info\/funavuv\/wp\/v2\/posts\/1051224","targetHints":{"allow":["GET"]}}],"collection":[{"href":"https:\/\/darkamazi.info\/funavuv\/wp\/v2\/posts"}],"about":[{"href":"https:\/\/darkamazi.info\/funavuv\/wp\/v2\/types\/post"}],"author":[{"embeddable":true,"href":"https:\/\/darkamazi.info\/funavuv\/wp\/v2\/users\/2"}],"replies":[{"embeddable":true,"href":"https:\/\/darkamazi.info\/funavuv\/wp\/v2\/comments?post=1051224"}],"version-history":[{"count":0,"href":"https:\/\/darkamazi.info\/funavuv\/wp\/v2\/posts\/1051224\/revisions"}],"wp:featuredmedia":[{"embeddable":true,"href":"https:\/\/darkamazi.info\/funavuv\/wp\/v2\/media\/1051225"}],"wp:attachment":[{"href":"https:\/\/darkamazi.info\/funavuv\/wp\/v2\/media?parent=1051224"}],"wp:term":[{"taxonomy":"category","embeddable":true,"href":"https:\/\/darkamazi.info\/funavuv\/wp\/v2\/categories?post=1051224"},{"taxonomy":"post_tag","embeddable":true,"href":"https:\/\/darkamazi.info\/funavuv\/wp\/v2\/tags?post=1051224"}],"curies":[{"name":"wp","href":"https:\/\/api.w.org\/{rel}","templated":true}]}}