{"id":1051227,"date":"2026-01-06T10:33:06","date_gmt":"2026-01-06T07:33:06","guid":{"rendered":"https:\/\/darkamazi.info\/?p=1051227"},"modified":"2026-01-06T10:33:06","modified_gmt":"2026-01-06T07:33:06","slug":"li-kirmasane-2-bira-di-xwenisandanan-de-hatin-kustin","status":"publish","type":"post","link":"https:\/\/darkamazi.info\/archives\/1051227","title":{"rendered":"Li Kirma\u015fan\u00ea 2 bira di xwen\u00ee\u015fandanan de hatin ku\u015ftin"},"content":{"rendered":"<h3 style=\"text-align: justify\"><span style=\"font-family: 'arial black', sans-serif\">Li bajar\u00ea Kirma\u015fan\u00ea y\u00ea Rojhilat\u00ea Kurdistan\u00eadi encama gulere\u015fandina h\u00eaz\u00ean ewlehiy\u00ea de du biray\u00ean ciwan jiyana xwe ji dest da.<\/span><\/h3>\n<h3 style=\"text-align: justify\"><span style=\"font-family: arial, helvetica, sans-serif\">Xwen\u00ee\u015fandan\u00ean ku li \u00ceran \u00fb Rojhilat\u00ea Kurdistan\u00ea ji ber kr\u00eeza abor\u00ee dest p\u00ea kirine can\u00ea mirovan dist\u00eenin.<\/span><\/h3>\n<h3 style=\"text-align: justify\"><span style=\"font-family: arial, helvetica, sans-serif\">Li \u00ceran\u00ea bilan\u00e7oya xwen\u00ee\u015fandan\u00ean ku ji 28\u00ea Kan\u00fbna P\u00ea\u015f\u00een a 2025an ve li dij\u00ee bilindb\u00fbna z\u00eade ya nirx\u00ea diravan \u00fb bihayan didomin giran dibe.<\/span><\/h3>\n<h3 style=\"text-align: justify\"><span style=\"font-family: arial, helvetica, sans-serif\">Her\u00ee daw\u00ee hat ragihandin ku li par\u00eazgeha Kirma\u015fan\u00ea du bira ji aliy\u00ea h\u00eaz\u00ean ewlehiy\u00ea ve hatine ku\u015ftin.<\/span><\/h3>\n<h3 style=\"text-align: justify\"><span style=\"font-family: arial, helvetica, sans-serif\">Li gor\u00ee zanyariy\u00ean Ajansa N\u00fb\u00e7eyan a Kurdpay\u00ea, di dema midaxeleya h\u00eaz\u00ean ewlehiy\u00ea de du biray\u00ean bi nav\u00ea Res\u00fbl Ked\u00eeveryan \u00fb Reza Ked\u00eeveryan hatine hedefgirtin.<\/span><\/h3>\n<h3 style=\"text-align: justify\"><span style=\"font-family: arial, helvetica, sans-serif\">Hat diyarkirin ku Res\u00fbl Ked\u00eeveryan\u00ea 17 sal\u00ee li cih\u00ea b\u00fbyer\u00ea can\u00ea xwe ji dest daye.<\/span><\/h3>\n<h3 style=\"text-align: justify\"><span style=\"font-family: arial, helvetica, sans-serif\">Biray\u00ea w\u00ee Reza Ked\u00eeveryan\u00ea 20 sal\u00ee j\u00ee bi giran\u00ee bir\u00eendar b\u00fbye \u00fb \u015feva yek\u015fem\u00ea li Nexwe\u015fxaneya Teleqaniy\u00ea ya ku l\u00ea dihat dermankirin can\u00ea xwe ji dest daye.<\/span><\/h3>\n<h3 style=\"text-align: justify\"><span style=\"font-family: arial, helvetica, sans-serif\">R\u00eaxistin\u00ean maf\u00ean mirovan ragihand ku term\u00ean her du ciwanan h\u00een radest\u00ee malbat\u00ean wan nehatine kirin.<\/span><\/h3>\n","protected":false},"excerpt":{"rendered":"<p>Li bajar\u00ea Kirma\u015fan\u00ea y\u00ea Rojhilat\u00ea Kurdistan\u00eadi encama gulere\u015fandina h\u00eaz\u00ean ewlehiy\u00ea de du biray\u00ean ciwan jiyana xwe ji dest da. Xwen\u00ee\u015fandan\u00ean ku li \u00ceran \u00fb Rojhilat\u00ea Kurdistan\u00ea ji ber kr\u00eeza abor\u00ee dest p\u00ea kirine can\u00ea mirovan dist\u00eenin. Li \u00ceran\u00ea bilan\u00e7oya xwen\u00ee\u015fandan\u00ean ku ji 28\u00ea Kan\u00fbna P\u00ea\u015f\u00een a 2025an ve li dij\u00ee bilindb\u00fbna z\u00eade ya nirx\u00ea diravan [&hellip;]<\/p>\n","protected":false},"author":2,"featured_media":1051228,"comment_status":"closed","ping_status":"closed","sticky":false,"template":"","format":"standard","meta":{"footnotes":""},"categories":[29],"tags":[37],"class_list":["post-1051227","post","type-post","status-publish","format-standard","has-post-thumbnail","hentry","category-kurdistan","tag-sereke"],"blocksy_meta":[],"seo_head":"<!-- This site is optimized with the Yoast SEO plugin v27.5 - https:\/\/yoast.com\/product\/yoast-seo-wordpress\/ -->\n<title>Li Kirma\u015fan\u00ea 2 bira di xwen\u00ee\u015fandanan de hatin ku\u015ftin - Darka Maz\u00ee<\/title>\n<meta name=\"robots\" content=\"index, follow, max-snippet:-1, max-image-preview:large, max-video-preview:-1\" \/>\n<link rel=\"canonical\" href=\"https:\/\/darkamazi.info\/archives\/1051227\" \/>\n<meta property=\"og:locale\" content=\"en_US\" \/>\n<meta property=\"og:type\" content=\"article\" \/>\n<meta property=\"og:title\" content=\"Li Kirma\u015fan\u00ea 2 bira di xwen\u00ee\u015fandanan de hatin ku\u015ftin - Darka Maz\u00ee\" \/>\n<meta property=\"og:description\" content=\"Li bajar\u00ea Kirma\u015fan\u00ea y\u00ea Rojhilat\u00ea Kurdistan\u00eadi encama gulere\u015fandina h\u00eaz\u00ean ewlehiy\u00ea de du biray\u00ean ciwan jiyana xwe ji dest da. Xwen\u00ee\u015fandan\u00ean ku li \u00ceran \u00fb Rojhilat\u00ea Kurdistan\u00ea ji ber kr\u00eeza abor\u00ee dest p\u00ea kirine can\u00ea mirovan dist\u00eenin. Li \u00ceran\u00ea bilan\u00e7oya xwen\u00ee\u015fandan\u00ean ku ji 28\u00ea Kan\u00fbna P\u00ea\u015f\u00een a 2025an ve li dij\u00ee bilindb\u00fbna z\u00eade ya nirx\u00ea diravan [&hellip;]\" \/>\n<meta property=\"og:url\" content=\"https:\/\/darkamazi.info\/archives\/1051227\" \/>\n<meta property=\"og:site_name\" content=\"Darka Maz\u00ee\" \/>\n<meta property=\"article:publisher\" content=\"https:\/\/www.facebook.com\/DarMaziKurmanci\" \/>\n<meta property=\"article:published_time\" content=\"2026-01-06T07:33:06+00:00\" \/>\n<meta property=\"og:image\" content=\"https:\/\/darkamazi.info\/file\/2026\/01\/kirmanshan-2-bira-info.jpg\" \/>\n\t<meta property=\"og:image:width\" content=\"900\" \/>\n\t<meta property=\"og:image:height\" content=\"500\" \/>\n\t<meta property=\"og:image:type\" content=\"image\/jpeg\" \/>\n<meta name=\"author\" content=\"darka mazi\" \/>\n<meta name=\"twitter:card\" content=\"summary_large_image\" \/>\n<meta name=\"twitter:creator\" content=\"@DarkaMaziLatini\" \/>\n<meta name=\"twitter:site\" content=\"@DarkaMaziLatini\" \/>\n<meta name=\"twitter:label1\" content=\"Written by\" \/>\n\t<meta name=\"twitter:data1\" content=\"darka mazi\" \/>\n\t<meta name=\"twitter:label2\" content=\"Est. reading time\" \/>\n\t<meta name=\"twitter:data2\" content=\"1 minute\" \/>\n<script type=\"application\/ld+json\" class=\"seo-schema-graph\">{\"@context\":\"https:\\\/\\\/schema.org\",\"@graph\":[{\"@type\":\"Article\",\"@id\":\"https:\\\/\\\/darkamazi.info\\\/archives\\\/1051227#article\",\"isPartOf\":{\"@id\":\"https:\\\/\\\/darkamazi.info\\\/archives\\\/1051227\"},\"author\":{\"name\":\"darka mazi\",\"@id\":\"https:\\\/\\\/darkamazi.info\\\/#\\\/schema\\\/person\\\/5ad3e24553a0567993fa8ed4bd0a776c\"},\"headline\":\"Li Kirma\u015fan\u00ea 2 bira di xwen\u00ee\u015fandanan de hatin ku\u015ftin\",\"datePublished\":\"2026-01-06T07:33:06+00:00\",\"mainEntityOfPage\":{\"@id\":\"https:\\\/\\\/darkamazi.info\\\/archives\\\/1051227\"},\"wordCount\":206,\"publisher\":{\"@id\":\"https:\\\/\\\/darkamazi.info\\\/#organization\"},\"image\":{\"@id\":\"https:\\\/\\\/darkamazi.info\\\/archives\\\/1051227#primaryimage\"},\"thumbnailUrl\":\"https:\\\/\\\/darkamazi.info\\\/darka-content\\\/uploads\\\/2026\\\/01\\\/kirmanshan-2-bira-info.jpg\",\"keywords\":[\"sereke\"],\"articleSection\":[\"Kurdistan\"],\"inLanguage\":\"en-US\"},{\"@type\":\"WebPage\",\"@id\":\"https:\\\/\\\/darkamazi.info\\\/archives\\\/1051227\",\"url\":\"https:\\\/\\\/darkamazi.info\\\/archives\\\/1051227\",\"name\":\"Li Kirma\u015fan\u00ea 2 bira di xwen\u00ee\u015fandanan de hatin ku\u015ftin - Darka Maz\u00ee\",\"isPartOf\":{\"@id\":\"https:\\\/\\\/darkamazi.info\\\/#website\"},\"primaryImageOfPage\":{\"@id\":\"https:\\\/\\\/darkamazi.info\\\/archives\\\/1051227#primaryimage\"},\"image\":{\"@id\":\"https:\\\/\\\/darkamazi.info\\\/archives\\\/1051227#primaryimage\"},\"thumbnailUrl\":\"https:\\\/\\\/darkamazi.info\\\/darka-content\\\/uploads\\\/2026\\\/01\\\/kirmanshan-2-bira-info.jpg\",\"datePublished\":\"2026-01-06T07:33:06+00:00\",\"breadcrumb\":{\"@id\":\"https:\\\/\\\/darkamazi.info\\\/archives\\\/1051227#breadcrumb\"},\"inLanguage\":\"en-US\",\"potentialAction\":[{\"@type\":\"ReadAction\",\"target\":[\"https:\\\/\\\/darkamazi.info\\\/archives\\\/1051227\"]}]},{\"@type\":\"ImageObject\",\"inLanguage\":\"en-US\",\"@id\":\"https:\\\/\\\/darkamazi.info\\\/archives\\\/1051227#primaryimage\",\"url\":\"https:\\\/\\\/darkamazi.info\\\/darka-content\\\/uploads\\\/2026\\\/01\\\/kirmanshan-2-bira-info.jpg\",\"contentUrl\":\"https:\\\/\\\/darkamazi.info\\\/darka-content\\\/uploads\\\/2026\\\/01\\\/kirmanshan-2-bira-info.jpg\",\"width\":900,\"height\":500,\"caption\":\"kirmanshan-2-bira-net\"},{\"@type\":\"BreadcrumbList\",\"@id\":\"https:\\\/\\\/darkamazi.info\\\/archives\\\/1051227#breadcrumb\",\"itemListElement\":[{\"@type\":\"ListItem\",\"position\":1,\"name\":\"Home\",\"item\":\"https:\\\/\\\/darkamazi.info\\\/\"},{\"@type\":\"ListItem\",\"position\":2,\"name\":\"Li Kirma\u015fan\u00ea 2 bira di xwen\u00ee\u015fandanan de hatin ku\u015ftin\"}]},{\"@type\":\"WebSite\",\"@id\":\"https:\\\/\\\/darkamazi.info\\\/#website\",\"url\":\"https:\\\/\\\/darkamazi.info\\\/\",\"name\":\"Darka Maz\u00ee\",\"description\":\"P\u00eageha Zanyariy\u00ean Nebih\u00eest\u00ee\",\"publisher\":{\"@id\":\"https:\\\/\\\/darkamazi.info\\\/#organization\"},\"potentialAction\":[{\"@type\":\"SearchAction\",\"target\":{\"@type\":\"EntryPoint\",\"urlTemplate\":\"https:\\\/\\\/darkamazi.info\\\/?s={search_term_string}\"},\"query-input\":{\"@type\":\"PropertyValueSpecification\",\"valueRequired\":true,\"valueName\":\"search_term_string\"}}],\"inLanguage\":\"en-US\"},{\"@type\":\"Organization\",\"@id\":\"https:\\\/\\\/darkamazi.info\\\/#organization\",\"name\":\"Darka Maz\u00ee\",\"url\":\"https:\\\/\\\/darkamazi.info\\\/\",\"logo\":{\"@type\":\"ImageObject\",\"inLanguage\":\"en-US\",\"@id\":\"https:\\\/\\\/darkamazi.info\\\/#\\\/schema\\\/logo\\\/image\\\/\",\"url\":\"https:\\\/\\\/darkamazi.info\\\/darka-content\\\/uploads\\\/2017\\\/12\\\/darka-mazi-logo.png\",\"contentUrl\":\"https:\\\/\\\/darkamazi.info\\\/darka-content\\\/uploads\\\/2017\\\/12\\\/darka-mazi-logo.png\",\"width\":151,\"height\":75,\"caption\":\"Darka Maz\u00ee\"},\"image\":{\"@id\":\"https:\\\/\\\/darkamazi.info\\\/#\\\/schema\\\/logo\\\/image\\\/\"},\"sameAs\":[\"https:\\\/\\\/www.facebook.com\\\/DarMaziKurmanci\",\"https:\\\/\\\/x.com\\\/DarkaMaziLatini\",\"https:\\\/\\\/www.instagram.com\\\/darkamazi.kurmanci\\\/\",\"https:\\\/\\\/www.youtube.com\\\/channel\\\/UCa5HkTdmI8U1qCUFuTw8B2g\"]},{\"@type\":\"Person\",\"@id\":\"https:\\\/\\\/darkamazi.info\\\/#\\\/schema\\\/person\\\/5ad3e24553a0567993fa8ed4bd0a776c\",\"name\":\"darka mazi\",\"sameAs\":[\"https:\\\/\\\/darkamazi.info\\\/\"],\"url\":\"https:\\\/\\\/darkamazi.info\\\/archives\\\/author\\\/kurdi\"}]}<\/script>\n<!-- \/ Yoast SEO plugin. -->","seo_head_json":{"title":"Li Kirma\u015fan\u00ea 2 bira di xwen\u00ee\u015fandanan de hatin ku\u015ftin - Darka Maz\u00ee","robots":{"index":"index","follow":"follow","max-snippet":"max-snippet:-1","max-image-preview":"max-image-preview:large","max-video-preview":"max-video-preview:-1"},"canonical":"https:\/\/darkamazi.info\/archives\/1051227","og_locale":"en_US","og_type":"article","og_title":"Li Kirma\u015fan\u00ea 2 bira di xwen\u00ee\u015fandanan de hatin ku\u015ftin - Darka Maz\u00ee","og_description":"Li bajar\u00ea Kirma\u015fan\u00ea y\u00ea Rojhilat\u00ea Kurdistan\u00eadi encama gulere\u015fandina h\u00eaz\u00ean ewlehiy\u00ea de du biray\u00ean ciwan jiyana xwe ji dest da. Xwen\u00ee\u015fandan\u00ean ku li \u00ceran \u00fb Rojhilat\u00ea Kurdistan\u00ea ji ber kr\u00eeza abor\u00ee dest p\u00ea kirine can\u00ea mirovan dist\u00eenin. Li \u00ceran\u00ea bilan\u00e7oya xwen\u00ee\u015fandan\u00ean ku ji 28\u00ea Kan\u00fbna P\u00ea\u015f\u00een a 2025an ve li dij\u00ee bilindb\u00fbna z\u00eade ya nirx\u00ea diravan [&hellip;]","og_url":"https:\/\/darkamazi.info\/archives\/1051227","og_site_name":"Darka Maz\u00ee","article_publisher":"https:\/\/www.facebook.com\/DarMaziKurmanci","article_published_time":"2026-01-06T07:33:06+00:00","og_image":[{"width":900,"height":500,"url":"https:\/\/darkamazi.info\/file\/2026\/01\/kirmanshan-2-bira-info.jpg","type":"image\/jpeg"}],"author":"darka mazi","twitter_card":"summary_large_image","twitter_creator":"@DarkaMaziLatini","twitter_site":"@DarkaMaziLatini","twitter_misc":{"Written by":"darka mazi","Est. reading time":"1 minute"},"schema":{"@context":"https:\/\/schema.org","@graph":[{"@type":"Article","@id":"https:\/\/darkamazi.info\/archives\/1051227#article","isPartOf":{"@id":"https:\/\/darkamazi.info\/archives\/1051227"},"author":{"name":"darka mazi","@id":"https:\/\/darkamazi.info\/#\/schema\/person\/5ad3e24553a0567993fa8ed4bd0a776c"},"headline":"Li Kirma\u015fan\u00ea 2 bira di xwen\u00ee\u015fandanan de hatin ku\u015ftin","datePublished":"2026-01-06T07:33:06+00:00","mainEntityOfPage":{"@id":"https:\/\/darkamazi.info\/archives\/1051227"},"wordCount":206,"publisher":{"@id":"https:\/\/darkamazi.info\/#organization"},"image":{"@id":"https:\/\/darkamazi.info\/archives\/1051227#primaryimage"},"thumbnailUrl":"https:\/\/darkamazi.info\/file\/2026\/01\/kirmanshan-2-bira-info.jpg","keywords":["sereke"],"articleSection":["Kurdistan"],"inLanguage":"en-US"},{"@type":"WebPage","@id":"https:\/\/darkamazi.info\/archives\/1051227","url":"https:\/\/darkamazi.info\/archives\/1051227","name":"Li Kirma\u015fan\u00ea 2 bira di xwen\u00ee\u015fandanan de hatin ku\u015ftin - Darka Maz\u00ee","isPartOf":{"@id":"https:\/\/darkamazi.info\/#website"},"primaryImageOfPage":{"@id":"https:\/\/darkamazi.info\/archives\/1051227#primaryimage"},"image":{"@id":"https:\/\/darkamazi.info\/archives\/1051227#primaryimage"},"thumbnailUrl":"https:\/\/darkamazi.info\/file\/2026\/01\/kirmanshan-2-bira-info.jpg","datePublished":"2026-01-06T07:33:06+00:00","breadcrumb":{"@id":"https:\/\/darkamazi.info\/archives\/1051227#breadcrumb"},"inLanguage":"en-US","potentialAction":[{"@type":"ReadAction","target":["https:\/\/darkamazi.info\/archives\/1051227"]}]},{"@type":"ImageObject","inLanguage":"en-US","@id":"https:\/\/darkamazi.info\/archives\/1051227#primaryimage","url":"https:\/\/darkamazi.info\/file\/2026\/01\/kirmanshan-2-bira-info.jpg","contentUrl":"https:\/\/darkamazi.info\/file\/2026\/01\/kirmanshan-2-bira-info.jpg","width":900,"height":500,"caption":"kirmanshan-2-bira-net"},{"@type":"BreadcrumbList","@id":"https:\/\/darkamazi.info\/archives\/1051227#breadcrumb","itemListElement":[{"@type":"ListItem","position":1,"name":"Home","item":"https:\/\/darkamazi.info\/"},{"@type":"ListItem","position":2,"name":"Li Kirma\u015fan\u00ea 2 bira di xwen\u00ee\u015fandanan de hatin ku\u015ftin"}]},{"@type":"WebSite","@id":"https:\/\/darkamazi.info\/#website","url":"https:\/\/darkamazi.info\/","name":"Darka Maz\u00ee","description":"P\u00eageha Zanyariy\u00ean Nebih\u00eest\u00ee","publisher":{"@id":"https:\/\/darkamazi.info\/#organization"},"potentialAction":[{"@type":"SearchAction","target":{"@type":"EntryPoint","urlTemplate":"https:\/\/darkamazi.info\/?s={search_term_string}"},"query-input":{"@type":"PropertyValueSpecification","valueRequired":true,"valueName":"search_term_string"}}],"inLanguage":"en-US"},{"@type":"Organization","@id":"https:\/\/darkamazi.info\/#organization","name":"Darka Maz\u00ee","url":"https:\/\/darkamazi.info\/","logo":{"@type":"ImageObject","inLanguage":"en-US","@id":"https:\/\/darkamazi.info\/#\/schema\/logo\/image\/","url":"https:\/\/darkamazi.info\/file\/2017\/12\/darka-mazi-logo.png","contentUrl":"https:\/\/darkamazi.info\/file\/2017\/12\/darka-mazi-logo.png","width":151,"height":75,"caption":"Darka Maz\u00ee"},"image":{"@id":"https:\/\/darkamazi.info\/#\/schema\/logo\/image\/"},"sameAs":["https:\/\/www.facebook.com\/DarMaziKurmanci","https:\/\/x.com\/DarkaMaziLatini","https:\/\/www.instagram.com\/darkamazi.kurmanci\/","https:\/\/www.youtube.com\/channel\/UCa5HkTdmI8U1qCUFuTw8B2g"]},{"@type":"Person","@id":"https:\/\/darkamazi.info\/#\/schema\/person\/5ad3e24553a0567993fa8ed4bd0a776c","name":"darka mazi","sameAs":["https:\/\/darkamazi.info\/"],"url":"https:\/\/darkamazi.info\/archives\/author\/kurdi"}]}},"_links":{"self":[{"href":"https:\/\/darkamazi.info\/funavuv\/wp\/v2\/posts\/1051227","targetHints":{"allow":["GET"]}}],"collection":[{"href":"https:\/\/darkamazi.info\/funavuv\/wp\/v2\/posts"}],"about":[{"href":"https:\/\/darkamazi.info\/funavuv\/wp\/v2\/types\/post"}],"author":[{"embeddable":true,"href":"https:\/\/darkamazi.info\/funavuv\/wp\/v2\/users\/2"}],"replies":[{"embeddable":true,"href":"https:\/\/darkamazi.info\/funavuv\/wp\/v2\/comments?post=1051227"}],"version-history":[{"count":0,"href":"https:\/\/darkamazi.info\/funavuv\/wp\/v2\/posts\/1051227\/revisions"}],"wp:featuredmedia":[{"embeddable":true,"href":"https:\/\/darkamazi.info\/funavuv\/wp\/v2\/media\/1051228"}],"wp:attachment":[{"href":"https:\/\/darkamazi.info\/funavuv\/wp\/v2\/media?parent=1051227"}],"wp:term":[{"taxonomy":"category","embeddable":true,"href":"https:\/\/darkamazi.info\/funavuv\/wp\/v2\/categories?post=1051227"},{"taxonomy":"post_tag","embeddable":true,"href":"https:\/\/darkamazi.info\/funavuv\/wp\/v2\/tags?post=1051227"}],"curies":[{"name":"wp","href":"https:\/\/api.w.org\/{rel}","templated":true}]}}