{"id":1051231,"date":"2026-01-06T17:10:31","date_gmt":"2026-01-06T14:10:31","guid":{"rendered":"https:\/\/darkamazi.info\/?p=1051231"},"modified":"2026-01-06T17:10:31","modified_gmt":"2026-01-06T14:10:31","slug":"gelo-di-sala-nu-de-we-partiyen-me-ci-bikin","status":"publish","type":"post","link":"https:\/\/darkamazi.info\/archives\/1051231","title":{"rendered":"Gelo di sala n\u00fb de w\u00ea partiy\u00ean me \u00e7i bikin???"},"content":{"rendered":"<h3 style=\"text-align: justify\"><span style=\"font-family: 'arial black', sans-serif;color: #0000ff\">B\u00fbb\u00ea Eser<\/span><\/h3>\n<h3 style=\"text-align: justify\"><span style=\"font-family: 'arial black', sans-serif\">Bi qas\u00ee em dizan\u00ean \u00fb f\u00ear b\u00fbne ku di her saleke n\u00fb de li seranser\u00ea c\u00eehan\u00ea guherandin\u00ean cid\u00ee p\u00eak t\u00ean. Di nava saz\u00ee \u00fb dezgeh\u00ean welatan de j\u00ee guherandin\u00ean n\u00fb \u00e7i dibe. Dengb\u00eaj stran\u00ean n\u00fb. Niv\u00eeskar berhem\u00ean n\u00fb diafir\u00eenin \u00fbhwd.<\/span><\/h3>\n<h3 style=\"text-align: justify\">Di war\u00ea avahiyan de guherandin\u00ean xwe\u015fik \u00fb rindik j\u00ee t\u00ea kirin ku k\u00eejan welat dikarin bi k\u00eejan avahiy\u00ea nav\u00ea welat\u00ea xwe derxin p\u00ea\u015f, l\u00ea dixebitin. Kurtasiya gotin\u00ea ew e ku di sala n\u00fb de div\u00ea guherandin bibin da ku mirov bizanibe me re salek bi \u015fah\u00ee, bi k\u00eaf, bi \u00ea\u015f \u00fb elem li d\u00fb xwe hi\u015ftiye. Li ser v\u00ee asas\u00ea mirov. Part\u00ee, hukumet \u00fb desthilat dest bi kar\u00ea n\u00fb dikin.<\/h3>\n<h3 style=\"text-align: justify\">Di gelek welatande ji bona demokras\u00ee \u00fb kar\u00ea\u00a0 ba\u015f, partiy\u00ean siyas\u00ee guherandin\u00ean berbi \u00e7av dikin. Da ku li gor daxwaza gel\u00ea xwe tevbigerin. Kurtasiya gotine ew e ku di her saleke n\u00fb de guherandin\u00ean ba\u015f li cihan\u00ea p\u00eak t\u00ean. L\u00ea li bakur\u00ea Kurdistan\u00ea?<\/h3>\n<h3 style=\"text-align: justify\">L\u00ea mixabin em kurd\u00ean li c\u00eehan\u00ea vana yek\u00ea nab\u00eenin. Loma j\u00ee p\u00ea\u015fiy\u00ean me gotine: \u201csal bi sal xwez\u00ee bi par\u201d. Bawerim ev gotin tenha ji bona me kurdan derbas dibe. Ji ber ku p\u00ea\u015fiy\u00ean me ev ji bona ku em dersek\u00ea j\u00ea derxin gotine. Yan\u00ee div\u00ea em j\u00ee xwe biguherin\u2026<\/h3>\n<h3 style=\"text-align: justify\"><strong>Min xwest di v\u00ea niv\u00ees\u00ea de hinek\u00ea v\u00ea vekim<\/strong><\/h3>\n<h3 style=\"text-align: justify\">Em \u015fore\u015fger \u00fb welatpar\u00eazin bakur\u00ea kurdistan\u00ea nikarin \u00fb naxwazin xwe biguherin. Ji destp\u00eaka sal\u00ean 1970 ku p\u00eala welatpar\u00eaz\u00ee li bakur\u00ea Kurdistan\u00ea ge\u015f \u00fb xurt b\u00fb, hin kes\u00ean zana ku daxwaza wan azadiya welat\u00ea wan b\u00fb. Dest bi kar\u00ean r\u00eaxistin\u00ee kirin. Mala wan ava b\u00ee, destp\u00eakek ba\u015f b\u00fb. Xebat\u00ean ba\u015f \u00fb delal bi saya wan kar\u00ean r\u00eaxistiniy\u00ea, p\u00ea\u015fketin\u00ean h\u00eaja j\u00ee \u00e7i b\u00fb.<\/h3>\n<h3 style=\"text-align: justify\">Me piran\u00ee di wan xebat\u00ean xwe de pi\u015ft\u00ee hukmu le\u015fkler\u00ea ya 12 \u00eelona sala 1980 ku weke agirek\u00ee g\u00fbr Kurdistan \u015fewitaned. Em weke noka tu li kevir bixe, li me hat. Ji ber b\u00ea tecrubey\u00ee \u00fb nekamilb\u00fbna me ya siyaseteke rast, me wenda kirin \u00fb em t\u00eak \u00e7\u00fbn. Pi\u015ft\u00ee b\u00eadengiya bi salan me herkesan li xwe \u00fb li kar\u00ea xwe ner\u00ee.<\/h3>\n<h3 style=\"text-align: justify\">Kurdistan \u00fb kar\u00ea r\u00eaxistiniy\u00ea neket b\u00eera piraniy\u00ea. L\u00ea pi\u015ft\u00ee azadiya ba\u015f\u00fbr\u00ea Kurdistan\u00ea (1992) \u00fb derbasb\u00fbna sala 2000 \u015fert \u00fb merc li tirkiy\u00ea \u00fb bakur\u00ea Kurdistan\u00ea hatin guherandin \u00fb hinek nerm\u00ee \u00fb aram\u00ee \u00e7\u00ea b\u00fb. Loma j\u00ee ji wan mezin\u00ean me y\u00ean welat di nava \u00eagir de hi\u015ftib\u00fbn \u00fb reviyan b\u00fb. Xwe \u00fb hem\u00ee malbat\u00ean xwe li ewropa bi cih kirin. Xwestin w\u00ea \u00eemkana peyde b\u00fbye d\u00eesa ji bona xwe \u00fb malbat\u00ean bi kar b\u00eenin, destbi kar\u00ea r\u00eaxistiniy\u00ea kirin.<\/h3>\n<h3 style=\"text-align: justify\">Hinan part\u00ee \u00fb r\u00eaxistin\u00ean n\u00fb vekirin, hin j\u00ee li ser koka xwe ya ku w\u00ee ew terikandib\u00fb \u00fb reviya b\u00fb, ji n\u00fb de dest bi kar\u00ea r\u00eaxistiniy\u00ea kirin. Mala wan j\u00ee ava b\u00ee. Li gor min ew j\u00ee ba\u015f b\u00fb<\/h3>\n<h3 style=\"text-align: justify\">L\u00ea ti\u015ft\u00ean neba\u015f \u00fb xerab ew b\u00fb ku vana ango j\u00eahatiy\u00ean me(!) ketin ser\u00ea kaniyan hem\u00ee \u00eemkan r\u00ea \u00fb r\u00eabaz xistin dest\u00ean xwe. Li wel\u00eat \u00fb li ewropa nehi\u015ftin ciwan an kes\u00ean ji wan zanatir bibin berpirs da ku kar\u00ea r\u00eaxistiniy\u00ea li gor dem\u00ea bi r\u00eave bime\u015fe.<\/h3>\n<h3 style=\"text-align: justify\">Part\u00ee \u00fb r\u00eaxistin\u00ean hey\u00ee her ma ji wan re ku di dema xwe de bi serneketib\u00fbn \u00fb reviyab\u00fbn. Loma l\u00ea xebit\u00een ku \u00e7end kes\u00ean weke xwe y\u00ean revok \u00fb berjewend\u00eeperest j\u00ee d\u00eetin. Bi niv\u00ees \u00fb belavokan daxuyan\u00ee dan ku w\u00ea ji n\u00fbde kar\u00ea ji bona serxweb\u00fbna Kurdistan\u00ea bikin.<\/h3>\n<h3 style=\"text-align: justify\">L\u00ea mixabin gavek\u00ea p\u00ea\u015fve ne\u00e7\u00fbn. Ji ber ku xwestin partiy\u00ea ji bona xwe \u00fb malbat\u00ean xwe bi kar b\u00eenin. Kes\u00ean zana \u00fb j\u00ear n\u00eaz\u00eek\u00ea xwe \u00fb partiy\u00ea nekirin. Hin bi \u015fa\u015f\u00ee j\u00ee ketin nava wan ew j\u00ee bi tirs \u00fb tehd\u00eetan b\u00eadeng kirin da ku bikaribin saltanata xwe bidom\u00eenin.<\/h3>\n<h3 style=\"text-align: justify\">Gelek civ\u00een, konferans \u00fb kongre j\u00ee p\u00eak an\u00een. Mixabin hem\u00ee j\u00ee ji eyn\u00ee kesan p\u00eak dihatin. Her car\u00ea j\u00ee ew kes\u00ean min bi nav kirin dib\u00fbn serok \u00fb berpirs. L\u00ea min bi xwe ned\u00eet \u00fb neb\u00fbn \u015fahid\u00ea w\u00ea yek\u00ea ku vana rojek\u00ea xwe guher\u00een. Her car bi mejiy\u00ea sal\u00ean 1970 xwestin \u00fb dixwazin kar\u00ea r\u00eaxistiniy\u00ea bikin. Ji ber ku ev tam j\u00ee li gor berjewendiya wan ya sexs\u00ee b\u00fb.<\/h3>\n<h3 style=\"text-align: justify\">Di \u015fahiyan de p\u00ea\u015fk\u00ea\u015f\u00ee ew in. Di civ\u00een \u00fb kongreyan de ew in. Di televizyonan\u00a0 de ew in. Yan\u00ee her ew in. Ciwan dest dav\u00eajin kar l\u00ea di nava kar\u00ean wan de j\u00ee her ew in. Di serk\u00ea\u015fiya partiyan de ew in. Di \u015f\u00een \u00fb \u015fahiyan de ew in.<\/h3>\n<h3 style=\"text-align: justify\">Di civ\u00een \u00fb konferansan de ew in. Di p\u00ea\u015fewaziya m\u00eavanan de ew in. Yan\u00ee \u00ead\u00ee em j\u00ee b\u00fbne ew. Dema ku em j\u00ee b\u00fbne ew h\u00fbn bizanibin azadiy\u00ea kurdistan\u00ea j\u00ee ji me d\u00fbr e. L\u00ea neb\u00fbn \u015fah\u00eed\u00ea v\u00ea yek\u00ea ku wan z\u00eerekana rojek\u00ea ji malbata xwe kesek kirin endam\u00ea partiya xwe. Min ned\u00eet wan zarok \u00fb nebiy\u00ean xwe j\u00ee kirine endam\u00ea partiy\u00ean xwe.<\/h3>\n<h3 style=\"text-align: justify\">Ev b\u00fb ser\u00ea p\u00eanc\u00ee salan ku em tim eyn\u00ee r\u00fby\u00ea dib\u00eenin. Gotin\u00ean wan guhdar\u00ee dikin. Xebat\u00ean wan j\u00ee ji bona malbat\u00ean xwe dikin j\u00ee nas dikin. L\u00ea min ned\u00eetiye ku vana li ser ner\u00eena partiya xwe, fikir \u00fb raman\u00ean w\u00ea bi niv\u00ees\u00eene. Ji ber ku naxwazin r\u00eesk bigirin. Niv\u00ees her dim\u00eene ew dikare rojek\u00ea ji ber wan niv\u00ees\u00ean xwe zerara \u015fexs\u00ee bib\u00eene, loma naniv\u00ees\u00eenin. L\u00ea ji belavkirina niv\u00ees\u00ean serok\u00ean xwe re j\u00ee j\u00eahat\u00eene. Ementubillah\u2026<\/h3>\n<h3 style=\"text-align: justify\">Nay\u00ea b\u00eera wan ku ew j\u00ee r\u00eavebir in. Div\u00ea biniv\u00ees\u00eenin \u00fb ner\u00eena partiya xwe belav bikin. Ji bona part\u00ee an r\u00eaxistineke serket\u00ee dib\u00ea p\u00ea\u015fniyar\u00ean xwe p\u00ea\u015fk\u00ea\u015f bikin. Ji bona kar\u00ea partiy\u00ea bi serbikeve div\u00ea ew p\u00ea\u015fk\u00ea\u015fiya kar\u00ean siyas\u00ee bikin. Div\u00ea ew zarok, neb\u00ee \u00fb mirov\u00ean xwe bikin endam\u00ea partiya xwe da ku bikaribin zarok\u00ean kes\u00ean din j\u00ee bixwazin. Ev j\u00ee tune ye.<\/h3>\n<h3 style=\"text-align: justify\">\u00cad\u00ee ez bi xwe ji d\u00eetina gelek r\u00fby\u00ean weha ku min bi nav kir aciz b\u00fbme. Ji sal\u00ean 1970 heta roja \u00eero her ew in \u00fb gotin\u00ean wan hema hema tim weke hev in. Xwe n\u00fbjen \u00fb \u00e7alak j\u00ee nakin. Kes\u00ean weha heval\u00ean me re y\u00ean partiy\u00ea j\u00ee bin, mirov naxwaze r\u00fby\u00ean wan j\u00ee bib\u00eenim. Gelo xelk\u00ea din \u00e7awa difikirin? Ha van canik \u00fb cam\u00earana ner\u00een \u00fb d\u00eetin\u00ean partiy\u00ean xwe biniv\u00ees\u00eenin mirov d\u00eesa dikare tehamula wan bike. Ev j\u00ee tune ye \u00fb her mezin ew in.<\/h3>\n<h3 style=\"text-align: justify\">P\u00eaw\u00eest e \u00ead\u00ee em li gel hev guherandinek\u00ea di partiy\u00ean xwe de bikin. Di sala n\u00fb de bi d\u00eetine r\u00fby\u00ean n\u00fb, xw\u00eena taze part\u00ee dikare bi p\u00ea\u015fbikeve. Di sala n\u00fb de serokat\u00ee \u00fb p\u00ea\u015fk\u00ea\u015f\u00ea div\u00ea bibe para ciwan \u00fb jinan. \u00cad\u00ee bi sal mezin\u00ean her yek ji me bi \u00e7end nexwe\u015fiyanin part\u00ee bi p\u00ea\u015fnakeve \u00fb bi fikir \u00fb raman\u00ean me y\u00ean kevn, em \u00ea nikaribin n\u00fbjeniyek\u00ea j\u00ee b\u00eenin.<\/h3>\n<h3 style=\"text-align: justify\">Lewra guherandin ango referand\u00fbm\u00ean cid\u00ee di partiy\u00ean kurdistan\u00ea de p\u00eaw\u00eest e. Div\u00ea em qeb\u00fbl bikin ku em bi serneketin \u00fb bi v\u00ee hal\u00ea xwe em \u00ea bi ser j\u00ee nekevin. \u00c7aresriya v\u00ea yekitiyek rast \u00fb ba\u015f Ii ser xeta netewey\u00ee ji r\u00eavebiriya salmezinan d\u00fbr dibe.<\/h3>\n<h3 style=\"text-align: justify\">Wek\u00ee din em \u00ea b\u00eajin: \u201dsal bi sal xwez\u00ee bi par\u201d.<\/h3>\n","protected":false},"excerpt":{"rendered":"<p>B\u00fbb\u00ea Eser Bi qas\u00ee em dizan\u00ean \u00fb f\u00ear b\u00fbne ku di her saleke n\u00fb de li seranser\u00ea c\u00eehan\u00ea guherandin\u00ean cid\u00ee p\u00eak t\u00ean. Di nava saz\u00ee \u00fb dezgeh\u00ean welatan de j\u00ee guherandin\u00ean n\u00fb \u00e7i dibe. Dengb\u00eaj stran\u00ean n\u00fb. Niv\u00eeskar berhem\u00ean n\u00fb diafir\u00eenin \u00fbhwd. Di war\u00ea avahiyan de guherandin\u00ean xwe\u015fik \u00fb rindik j\u00ee t\u00ea kirin ku k\u00eejan [&hellip;]<\/p>\n","protected":false},"author":2,"featured_media":1050407,"comment_status":"closed","ping_status":"closed","sticky":false,"template":"","format":"standard","meta":{"footnotes":""},"categories":[28],"tags":[37],"class_list":["post-1051231","post","type-post","status-publish","format-standard","has-post-thumbnail","hentry","category-nerin","tag-sereke"],"blocksy_meta":[],"seo_head":"<!-- This site is optimized with the Yoast SEO plugin v27.5 - https:\/\/yoast.com\/product\/yoast-seo-wordpress\/ -->\n<title>Gelo di sala n\u00fb de w\u00ea partiy\u00ean me \u00e7i bikin??? - Darka Maz\u00ee<\/title>\n<meta name=\"robots\" content=\"index, follow, max-snippet:-1, max-image-preview:large, max-video-preview:-1\" \/>\n<link rel=\"canonical\" href=\"https:\/\/darkamazi.info\/archives\/1051231\" \/>\n<meta property=\"og:locale\" content=\"en_US\" \/>\n<meta property=\"og:type\" content=\"article\" \/>\n<meta property=\"og:title\" content=\"Gelo di sala n\u00fb de w\u00ea partiy\u00ean me \u00e7i bikin??? - Darka Maz\u00ee\" \/>\n<meta property=\"og:description\" content=\"B\u00fbb\u00ea Eser Bi qas\u00ee em dizan\u00ean \u00fb f\u00ear b\u00fbne ku di her saleke n\u00fb de li seranser\u00ea c\u00eehan\u00ea guherandin\u00ean cid\u00ee p\u00eak t\u00ean. Di nava saz\u00ee \u00fb dezgeh\u00ean welatan de j\u00ee guherandin\u00ean n\u00fb \u00e7i dibe. Dengb\u00eaj stran\u00ean n\u00fb. Niv\u00eeskar berhem\u00ean n\u00fb diafir\u00eenin \u00fbhwd. Di war\u00ea avahiyan de guherandin\u00ean xwe\u015fik \u00fb rindik j\u00ee t\u00ea kirin ku k\u00eejan [&hellip;]\" \/>\n<meta property=\"og:url\" content=\"https:\/\/darkamazi.info\/archives\/1051231\" \/>\n<meta property=\"og:site_name\" content=\"Darka Maz\u00ee\" \/>\n<meta property=\"article:publisher\" content=\"https:\/\/www.facebook.com\/DarMaziKurmanci\" \/>\n<meta property=\"article:published_time\" content=\"2026-01-06T14:10:31+00:00\" \/>\n<meta property=\"og:image\" content=\"https:\/\/darkamazi.info\/file\/2025\/10\/Bube-eser-1-1.jpg\" \/>\n\t<meta property=\"og:image:width\" content=\"900\" \/>\n\t<meta property=\"og:image:height\" content=\"497\" \/>\n\t<meta property=\"og:image:type\" content=\"image\/jpeg\" \/>\n<meta name=\"author\" content=\"darka mazi\" \/>\n<meta name=\"twitter:card\" content=\"summary_large_image\" \/>\n<meta name=\"twitter:creator\" content=\"@DarkaMaziLatini\" \/>\n<meta name=\"twitter:site\" content=\"@DarkaMaziLatini\" \/>\n<meta name=\"twitter:label1\" content=\"Written by\" \/>\n\t<meta name=\"twitter:data1\" content=\"darka mazi\" \/>\n\t<meta name=\"twitter:label2\" content=\"Est. reading time\" \/>\n\t<meta name=\"twitter:data2\" content=\"6 minutes\" \/>\n<script type=\"application\/ld+json\" class=\"seo-schema-graph\">{\"@context\":\"https:\\\/\\\/schema.org\",\"@graph\":[{\"@type\":\"Article\",\"@id\":\"https:\\\/\\\/darkamazi.info\\\/archives\\\/1051231#article\",\"isPartOf\":{\"@id\":\"https:\\\/\\\/darkamazi.info\\\/archives\\\/1051231\"},\"author\":{\"name\":\"darka mazi\",\"@id\":\"https:\\\/\\\/darkamazi.info\\\/#\\\/schema\\\/person\\\/5ad3e24553a0567993fa8ed4bd0a776c\"},\"headline\":\"Gelo di sala n\u00fb de w\u00ea partiy\u00ean me \u00e7i bikin???\",\"datePublished\":\"2026-01-06T14:10:31+00:00\",\"mainEntityOfPage\":{\"@id\":\"https:\\\/\\\/darkamazi.info\\\/archives\\\/1051231\"},\"wordCount\":1292,\"publisher\":{\"@id\":\"https:\\\/\\\/darkamazi.info\\\/#organization\"},\"image\":{\"@id\":\"https:\\\/\\\/darkamazi.info\\\/archives\\\/1051231#primaryimage\"},\"thumbnailUrl\":\"https:\\\/\\\/darkamazi.info\\\/darka-content\\\/uploads\\\/2025\\\/10\\\/Bube-eser-1-1.jpg\",\"keywords\":[\"sereke\"],\"articleSection\":[\"Ner\u00een\"],\"inLanguage\":\"en-US\"},{\"@type\":\"WebPage\",\"@id\":\"https:\\\/\\\/darkamazi.info\\\/archives\\\/1051231\",\"url\":\"https:\\\/\\\/darkamazi.info\\\/archives\\\/1051231\",\"name\":\"Gelo di sala n\u00fb de w\u00ea partiy\u00ean me \u00e7i bikin??? - Darka Maz\u00ee\",\"isPartOf\":{\"@id\":\"https:\\\/\\\/darkamazi.info\\\/#website\"},\"primaryImageOfPage\":{\"@id\":\"https:\\\/\\\/darkamazi.info\\\/archives\\\/1051231#primaryimage\"},\"image\":{\"@id\":\"https:\\\/\\\/darkamazi.info\\\/archives\\\/1051231#primaryimage\"},\"thumbnailUrl\":\"https:\\\/\\\/darkamazi.info\\\/darka-content\\\/uploads\\\/2025\\\/10\\\/Bube-eser-1-1.jpg\",\"datePublished\":\"2026-01-06T14:10:31+00:00\",\"breadcrumb\":{\"@id\":\"https:\\\/\\\/darkamazi.info\\\/archives\\\/1051231#breadcrumb\"},\"inLanguage\":\"en-US\",\"potentialAction\":[{\"@type\":\"ReadAction\",\"target\":[\"https:\\\/\\\/darkamazi.info\\\/archives\\\/1051231\"]}]},{\"@type\":\"ImageObject\",\"inLanguage\":\"en-US\",\"@id\":\"https:\\\/\\\/darkamazi.info\\\/archives\\\/1051231#primaryimage\",\"url\":\"https:\\\/\\\/darkamazi.info\\\/darka-content\\\/uploads\\\/2025\\\/10\\\/Bube-eser-1-1.jpg\",\"contentUrl\":\"https:\\\/\\\/darkamazi.info\\\/darka-content\\\/uploads\\\/2025\\\/10\\\/Bube-eser-1-1.jpg\",\"width\":900,\"height\":497,\"caption\":\"Ey milet\u00ea b\u00ea dewlet!!! Tu diqede xwe bib\u00eene\u2026\"},{\"@type\":\"BreadcrumbList\",\"@id\":\"https:\\\/\\\/darkamazi.info\\\/archives\\\/1051231#breadcrumb\",\"itemListElement\":[{\"@type\":\"ListItem\",\"position\":1,\"name\":\"Home\",\"item\":\"https:\\\/\\\/darkamazi.info\\\/\"},{\"@type\":\"ListItem\",\"position\":2,\"name\":\"Gelo di sala n\u00fb de w\u00ea partiy\u00ean me \u00e7i bikin???\"}]},{\"@type\":\"WebSite\",\"@id\":\"https:\\\/\\\/darkamazi.info\\\/#website\",\"url\":\"https:\\\/\\\/darkamazi.info\\\/\",\"name\":\"Darka Maz\u00ee\",\"description\":\"P\u00eageha Zanyariy\u00ean Nebih\u00eest\u00ee\",\"publisher\":{\"@id\":\"https:\\\/\\\/darkamazi.info\\\/#organization\"},\"potentialAction\":[{\"@type\":\"SearchAction\",\"target\":{\"@type\":\"EntryPoint\",\"urlTemplate\":\"https:\\\/\\\/darkamazi.info\\\/?s={search_term_string}\"},\"query-input\":{\"@type\":\"PropertyValueSpecification\",\"valueRequired\":true,\"valueName\":\"search_term_string\"}}],\"inLanguage\":\"en-US\"},{\"@type\":\"Organization\",\"@id\":\"https:\\\/\\\/darkamazi.info\\\/#organization\",\"name\":\"Darka Maz\u00ee\",\"url\":\"https:\\\/\\\/darkamazi.info\\\/\",\"logo\":{\"@type\":\"ImageObject\",\"inLanguage\":\"en-US\",\"@id\":\"https:\\\/\\\/darkamazi.info\\\/#\\\/schema\\\/logo\\\/image\\\/\",\"url\":\"https:\\\/\\\/darkamazi.info\\\/darka-content\\\/uploads\\\/2017\\\/12\\\/darka-mazi-logo.png\",\"contentUrl\":\"https:\\\/\\\/darkamazi.info\\\/darka-content\\\/uploads\\\/2017\\\/12\\\/darka-mazi-logo.png\",\"width\":151,\"height\":75,\"caption\":\"Darka Maz\u00ee\"},\"image\":{\"@id\":\"https:\\\/\\\/darkamazi.info\\\/#\\\/schema\\\/logo\\\/image\\\/\"},\"sameAs\":[\"https:\\\/\\\/www.facebook.com\\\/DarMaziKurmanci\",\"https:\\\/\\\/x.com\\\/DarkaMaziLatini\",\"https:\\\/\\\/www.instagram.com\\\/darkamazi.kurmanci\\\/\",\"https:\\\/\\\/www.youtube.com\\\/channel\\\/UCa5HkTdmI8U1qCUFuTw8B2g\"]},{\"@type\":\"Person\",\"@id\":\"https:\\\/\\\/darkamazi.info\\\/#\\\/schema\\\/person\\\/5ad3e24553a0567993fa8ed4bd0a776c\",\"name\":\"darka mazi\",\"sameAs\":[\"https:\\\/\\\/darkamazi.info\\\/\"],\"url\":\"https:\\\/\\\/darkamazi.info\\\/archives\\\/author\\\/kurdi\"}]}<\/script>\n<!-- \/ Yoast SEO plugin. -->","seo_head_json":{"title":"Gelo di sala n\u00fb de w\u00ea partiy\u00ean me \u00e7i bikin??? - Darka Maz\u00ee","robots":{"index":"index","follow":"follow","max-snippet":"max-snippet:-1","max-image-preview":"max-image-preview:large","max-video-preview":"max-video-preview:-1"},"canonical":"https:\/\/darkamazi.info\/archives\/1051231","og_locale":"en_US","og_type":"article","og_title":"Gelo di sala n\u00fb de w\u00ea partiy\u00ean me \u00e7i bikin??? - Darka Maz\u00ee","og_description":"B\u00fbb\u00ea Eser Bi qas\u00ee em dizan\u00ean \u00fb f\u00ear b\u00fbne ku di her saleke n\u00fb de li seranser\u00ea c\u00eehan\u00ea guherandin\u00ean cid\u00ee p\u00eak t\u00ean. Di nava saz\u00ee \u00fb dezgeh\u00ean welatan de j\u00ee guherandin\u00ean n\u00fb \u00e7i dibe. Dengb\u00eaj stran\u00ean n\u00fb. Niv\u00eeskar berhem\u00ean n\u00fb diafir\u00eenin \u00fbhwd. Di war\u00ea avahiyan de guherandin\u00ean xwe\u015fik \u00fb rindik j\u00ee t\u00ea kirin ku k\u00eejan [&hellip;]","og_url":"https:\/\/darkamazi.info\/archives\/1051231","og_site_name":"Darka Maz\u00ee","article_publisher":"https:\/\/www.facebook.com\/DarMaziKurmanci","article_published_time":"2026-01-06T14:10:31+00:00","og_image":[{"width":900,"height":497,"url":"https:\/\/darkamazi.info\/file\/2025\/10\/Bube-eser-1-1.jpg","type":"image\/jpeg"}],"author":"darka mazi","twitter_card":"summary_large_image","twitter_creator":"@DarkaMaziLatini","twitter_site":"@DarkaMaziLatini","twitter_misc":{"Written by":"darka mazi","Est. reading time":"6 minutes"},"schema":{"@context":"https:\/\/schema.org","@graph":[{"@type":"Article","@id":"https:\/\/darkamazi.info\/archives\/1051231#article","isPartOf":{"@id":"https:\/\/darkamazi.info\/archives\/1051231"},"author":{"name":"darka mazi","@id":"https:\/\/darkamazi.info\/#\/schema\/person\/5ad3e24553a0567993fa8ed4bd0a776c"},"headline":"Gelo di sala n\u00fb de w\u00ea partiy\u00ean me \u00e7i bikin???","datePublished":"2026-01-06T14:10:31+00:00","mainEntityOfPage":{"@id":"https:\/\/darkamazi.info\/archives\/1051231"},"wordCount":1292,"publisher":{"@id":"https:\/\/darkamazi.info\/#organization"},"image":{"@id":"https:\/\/darkamazi.info\/archives\/1051231#primaryimage"},"thumbnailUrl":"https:\/\/darkamazi.info\/file\/2025\/10\/Bube-eser-1-1.jpg","keywords":["sereke"],"articleSection":["Ner\u00een"],"inLanguage":"en-US"},{"@type":"WebPage","@id":"https:\/\/darkamazi.info\/archives\/1051231","url":"https:\/\/darkamazi.info\/archives\/1051231","name":"Gelo di sala n\u00fb de w\u00ea partiy\u00ean me \u00e7i bikin??? - Darka Maz\u00ee","isPartOf":{"@id":"https:\/\/darkamazi.info\/#website"},"primaryImageOfPage":{"@id":"https:\/\/darkamazi.info\/archives\/1051231#primaryimage"},"image":{"@id":"https:\/\/darkamazi.info\/archives\/1051231#primaryimage"},"thumbnailUrl":"https:\/\/darkamazi.info\/file\/2025\/10\/Bube-eser-1-1.jpg","datePublished":"2026-01-06T14:10:31+00:00","breadcrumb":{"@id":"https:\/\/darkamazi.info\/archives\/1051231#breadcrumb"},"inLanguage":"en-US","potentialAction":[{"@type":"ReadAction","target":["https:\/\/darkamazi.info\/archives\/1051231"]}]},{"@type":"ImageObject","inLanguage":"en-US","@id":"https:\/\/darkamazi.info\/archives\/1051231#primaryimage","url":"https:\/\/darkamazi.info\/file\/2025\/10\/Bube-eser-1-1.jpg","contentUrl":"https:\/\/darkamazi.info\/file\/2025\/10\/Bube-eser-1-1.jpg","width":900,"height":497,"caption":"Ey milet\u00ea b\u00ea dewlet!!! Tu diqede xwe bib\u00eene\u2026"},{"@type":"BreadcrumbList","@id":"https:\/\/darkamazi.info\/archives\/1051231#breadcrumb","itemListElement":[{"@type":"ListItem","position":1,"name":"Home","item":"https:\/\/darkamazi.info\/"},{"@type":"ListItem","position":2,"name":"Gelo di sala n\u00fb de w\u00ea partiy\u00ean me \u00e7i bikin???"}]},{"@type":"WebSite","@id":"https:\/\/darkamazi.info\/#website","url":"https:\/\/darkamazi.info\/","name":"Darka Maz\u00ee","description":"P\u00eageha Zanyariy\u00ean Nebih\u00eest\u00ee","publisher":{"@id":"https:\/\/darkamazi.info\/#organization"},"potentialAction":[{"@type":"SearchAction","target":{"@type":"EntryPoint","urlTemplate":"https:\/\/darkamazi.info\/?s={search_term_string}"},"query-input":{"@type":"PropertyValueSpecification","valueRequired":true,"valueName":"search_term_string"}}],"inLanguage":"en-US"},{"@type":"Organization","@id":"https:\/\/darkamazi.info\/#organization","name":"Darka Maz\u00ee","url":"https:\/\/darkamazi.info\/","logo":{"@type":"ImageObject","inLanguage":"en-US","@id":"https:\/\/darkamazi.info\/#\/schema\/logo\/image\/","url":"https:\/\/darkamazi.info\/file\/2017\/12\/darka-mazi-logo.png","contentUrl":"https:\/\/darkamazi.info\/file\/2017\/12\/darka-mazi-logo.png","width":151,"height":75,"caption":"Darka Maz\u00ee"},"image":{"@id":"https:\/\/darkamazi.info\/#\/schema\/logo\/image\/"},"sameAs":["https:\/\/www.facebook.com\/DarMaziKurmanci","https:\/\/x.com\/DarkaMaziLatini","https:\/\/www.instagram.com\/darkamazi.kurmanci\/","https:\/\/www.youtube.com\/channel\/UCa5HkTdmI8U1qCUFuTw8B2g"]},{"@type":"Person","@id":"https:\/\/darkamazi.info\/#\/schema\/person\/5ad3e24553a0567993fa8ed4bd0a776c","name":"darka mazi","sameAs":["https:\/\/darkamazi.info\/"],"url":"https:\/\/darkamazi.info\/archives\/author\/kurdi"}]}},"_links":{"self":[{"href":"https:\/\/darkamazi.info\/funavuv\/wp\/v2\/posts\/1051231","targetHints":{"allow":["GET"]}}],"collection":[{"href":"https:\/\/darkamazi.info\/funavuv\/wp\/v2\/posts"}],"about":[{"href":"https:\/\/darkamazi.info\/funavuv\/wp\/v2\/types\/post"}],"author":[{"embeddable":true,"href":"https:\/\/darkamazi.info\/funavuv\/wp\/v2\/users\/2"}],"replies":[{"embeddable":true,"href":"https:\/\/darkamazi.info\/funavuv\/wp\/v2\/comments?post=1051231"}],"version-history":[{"count":0,"href":"https:\/\/darkamazi.info\/funavuv\/wp\/v2\/posts\/1051231\/revisions"}],"wp:featuredmedia":[{"embeddable":true,"href":"https:\/\/darkamazi.info\/funavuv\/wp\/v2\/media\/1050407"}],"wp:attachment":[{"href":"https:\/\/darkamazi.info\/funavuv\/wp\/v2\/media?parent=1051231"}],"wp:term":[{"taxonomy":"category","embeddable":true,"href":"https:\/\/darkamazi.info\/funavuv\/wp\/v2\/categories?post=1051231"},{"taxonomy":"post_tag","embeddable":true,"href":"https:\/\/darkamazi.info\/funavuv\/wp\/v2\/tags?post=1051231"}],"curies":[{"name":"wp","href":"https:\/\/api.w.org\/{rel}","templated":true}]}}