{"id":1051235,"date":"2026-01-06T18:32:35","date_gmt":"2026-01-06T15:32:35","guid":{"rendered":"https:\/\/darkamazi.info\/?p=1051235"},"modified":"2026-01-06T18:32:35","modified_gmt":"2026-01-06T15:32:35","slug":"salek-u-5-meh-u-15-roj-cezaye-zindane-li-selahattin-demirtas-hat-birin","status":"publish","type":"post","link":"https:\/\/darkamazi.info\/archives\/1051235","title":{"rendered":"Salek \u00fb 5 meh \u00fb 15 roj cezay\u00ea z\u00eendan\u00ea li Selahatt\u00een Dem\u00eerta\u015f hat bir\u00een"},"content":{"rendered":"<h3 style=\"text-align: justify\"><span style=\"font-family: 'arial black', sans-serif\">Bi \u00eediaya &#8220;sivikat\u00ee li serokkomar kiriye&#8221;, dadgeheke Tirkiyey\u00ea salek \u00fb 5 meh \u00fb 15 roj cezay\u00ea z\u00eendan\u00ea li Hevserok\u00ea Gi\u015ft\u00ee y\u00ea HDP&#8217;\u00ea y\u00ea ber\u00ea Selahatt\u00een Dem\u00eerta\u015f bir\u00ee.<\/span><\/h3>\n<h3 style=\"text-align: justify\">14\u2019em\u00een Dadgeha Cezay\u00ean Giran a M\u00ears\u00een\u00ea \u00eero 6\u00ea \u00c7iley\u00ea biryara xwe ya derbar\u00ea doza Selahatt\u00een Dem\u00eerta\u015f de e\u015fkere kir. Dadgeh\u00ea ji ber axaftin\u00ean w\u00ee y\u00ean sal\u00ean 2015 \u00fb 2016an \u00ean li bajar\u00ean M\u00ears\u00een \u00fb Amed\u00ea, ceza li Dem\u00eerta\u015f bir\u00ee.<\/h3>\n<h3 style=\"text-align: justify\">Selahatt\u00een Dem\u00eerta\u015f, ku niha li Girt\u00eegeha Edirney\u00ea girt\u00ee ye, xwast ku bi xwe be\u015fdar\u00ee r\u00fbni\u015ftina dadgeh\u00ea bibe. L\u00ea bel\u00ea dadgeh\u00ea bi hinceta &#8220;ewlehiy\u00ea&#8221; daxwaza w\u00ee red kir \u00fb ten\u00ea par\u00eazer\u00ean w\u00ee di r\u00fbni\u015ftin\u00ea de amade b\u00fbn.<\/h3>\n<h3 style=\"text-align: justify\">Daxwaza par\u00eazeran hat redkirin<\/h3>\n<h3 style=\"text-align: justify\">Di r\u00fbni\u015ftin\u00ea de par\u00eazer\u00ean Dem\u00eerta\u015f ji bo ku bersiva daxwaza dozger bidin \u00fb parastina xwe amade bikin, dem xwestin. L\u00ea dadger ev daxwaz qeb\u00fbl nekir \u00fb got ku ber\u00ea wext hatib\u00fb day\u00een. Li ser v\u00ea yek\u00ea par\u00eazeran diyar kir ku maf\u00ea &#8220;darizandina adilane&#8221; hatiye binp\u00eakirin \u00fb daxwaza guhertina dadger kirin, l\u00ea ev daxwaza wan j\u00ee nehat pejirandin<\/h3>\n<h3 style=\"text-align: justify\">9 sal in di girt\u00eegeh\u00ea de ye<\/h3>\n<h3 style=\"text-align: justify\">Selahatt\u00een Dem\u00eerta\u015f ji meha Mijdara 2016an ve li Girt\u00eegeha Edirney\u00ea t\u00ea ragirtin \u00fb heta niha bi dehan doz\u00ean cuda li dij\u00ee w\u00ee hatine vekirin. Di giringtir\u00een ge\u015fedana hiq\u00fbq\u00ee de, di meha Gulana 2024an de di &#8220;Doza Koban\u00ea&#8221; de 42 sal cezay\u00ea zindan\u00ea li Dem\u00eerta\u015f hatib\u00fb bir\u00een.<\/h3>\n<h3 style=\"text-align: justify\">Tev\u00ee ku Dadgeha Maf\u00ean Mirovan a Ewropay\u00ea (DMME) gelek caran biryara azadkirina w\u00ee ya lezg\u00een daye \u00fb doz\u00ean li dij\u00ee w\u00ee wek\u00ee &#8220;siyas\u00ee&#8221; p\u00eanase kirine, l\u00ea dewleta Tirkiyey\u00ea heta niha li gor\u00ee van biryaran tevnegeriya ye.<\/h3>\n<h3 style=\"text-align: justify\">Guman\u00ean li ser &#8216;P\u00eavajoya A\u015fitiy\u00ea&#8217;<\/h3>\n<h3 style=\"text-align: justify\">Ev cezay\u00ea n\u00fb di demek\u00ea de t\u00ea ku li Tirkiyey\u00ea n\u00eeqa\u015f\u00ean li ser destp\u00eakirina &#8220;P\u00eavajoyeke n\u00fb ya a\u015fitiy\u00ea&#8221; careke din germ b\u00fbne. \u00c7avd\u00ear\u00ean siyas\u00ee bal\u00ea diki\u015f\u00eenin ku berdewamiya cezakirina siyasetmedar\u00ean Kurd, gumanan li ser daxuyaniy\u00ean rayedar\u00ean hik\u00fbmet\u00ea y\u00ean derbar\u00ea a\u015fit\u00ee \u00fb demokrasiy\u00ea de h\u00ean h\u00ean z\u00eadetir dike.<\/h3>\n","protected":false},"excerpt":{"rendered":"<p>Bi \u00eediaya &#8220;sivikat\u00ee li serokkomar kiriye&#8221;, dadgeheke Tirkiyey\u00ea salek \u00fb 5 meh \u00fb 15 roj cezay\u00ea z\u00eendan\u00ea li Hevserok\u00ea Gi\u015ft\u00ee y\u00ea HDP&#8217;\u00ea y\u00ea ber\u00ea Selahatt\u00een Dem\u00eerta\u015f bir\u00ee. 14\u2019em\u00een Dadgeha Cezay\u00ean Giran a M\u00ears\u00een\u00ea \u00eero 6\u00ea \u00c7iley\u00ea biryara xwe ya derbar\u00ea doza Selahatt\u00een Dem\u00eerta\u015f de e\u015fkere kir. Dadgeh\u00ea ji ber axaftin\u00ean w\u00ee y\u00ean sal\u00ean 2015 \u00fb [&hellip;]<\/p>\n","protected":false},"author":2,"featured_media":1051236,"comment_status":"closed","ping_status":"closed","sticky":false,"template":"","format":"standard","meta":{"footnotes":""},"categories":[29],"tags":[],"class_list":["post-1051235","post","type-post","status-publish","format-standard","has-post-thumbnail","hentry","category-kurdistan"],"blocksy_meta":[],"seo_head":"<!-- This site is optimized with the Yoast SEO plugin v27.5 - https:\/\/yoast.com\/product\/yoast-seo-wordpress\/ -->\n<title>Salek \u00fb 5 meh \u00fb 15 roj cezay\u00ea z\u00eendan\u00ea li Selahatt\u00een Dem\u00eerta\u015f hat bir\u00een - Darka Maz\u00ee<\/title>\n<meta name=\"robots\" content=\"index, follow, max-snippet:-1, max-image-preview:large, max-video-preview:-1\" \/>\n<link rel=\"canonical\" href=\"https:\/\/darkamazi.info\/archives\/1051235\" \/>\n<meta property=\"og:locale\" content=\"en_US\" \/>\n<meta property=\"og:type\" content=\"article\" \/>\n<meta property=\"og:title\" content=\"Salek \u00fb 5 meh \u00fb 15 roj cezay\u00ea z\u00eendan\u00ea li Selahatt\u00een Dem\u00eerta\u015f hat bir\u00een - Darka Maz\u00ee\" \/>\n<meta property=\"og:description\" content=\"Bi \u00eediaya &#8220;sivikat\u00ee li serokkomar kiriye&#8221;, dadgeheke Tirkiyey\u00ea salek \u00fb 5 meh \u00fb 15 roj cezay\u00ea z\u00eendan\u00ea li Hevserok\u00ea Gi\u015ft\u00ee y\u00ea HDP&#8217;\u00ea y\u00ea ber\u00ea Selahatt\u00een Dem\u00eerta\u015f bir\u00ee. 14\u2019em\u00een Dadgeha Cezay\u00ean Giran a M\u00ears\u00een\u00ea \u00eero 6\u00ea \u00c7iley\u00ea biryara xwe ya derbar\u00ea doza Selahatt\u00een Dem\u00eerta\u015f de e\u015fkere kir. Dadgeh\u00ea ji ber axaftin\u00ean w\u00ee y\u00ean sal\u00ean 2015 \u00fb [&hellip;]\" \/>\n<meta property=\"og:url\" content=\"https:\/\/darkamazi.info\/archives\/1051235\" \/>\n<meta property=\"og:site_name\" content=\"Darka Maz\u00ee\" \/>\n<meta property=\"article:publisher\" content=\"https:\/\/www.facebook.com\/DarMaziKurmanci\" \/>\n<meta property=\"article:published_time\" content=\"2026-01-06T15:32:35+00:00\" \/>\n<meta property=\"og:image\" content=\"https:\/\/darkamazi.info\/file\/2026\/01\/demirtash-ederne-net.jpg\" \/>\n\t<meta property=\"og:image:width\" content=\"900\" \/>\n\t<meta property=\"og:image:height\" content=\"500\" \/>\n\t<meta property=\"og:image:type\" content=\"image\/jpeg\" \/>\n<meta name=\"author\" content=\"darka mazi\" \/>\n<meta name=\"twitter:card\" content=\"summary_large_image\" \/>\n<meta name=\"twitter:creator\" content=\"@DarkaMaziLatini\" \/>\n<meta name=\"twitter:site\" content=\"@DarkaMaziLatini\" \/>\n<meta name=\"twitter:label1\" content=\"Written by\" \/>\n\t<meta name=\"twitter:data1\" content=\"darka mazi\" \/>\n\t<meta name=\"twitter:label2\" content=\"Est. reading time\" \/>\n\t<meta name=\"twitter:data2\" content=\"2 minutes\" \/>\n<script type=\"application\/ld+json\" class=\"seo-schema-graph\">{\"@context\":\"https:\\\/\\\/schema.org\",\"@graph\":[{\"@type\":\"Article\",\"@id\":\"https:\\\/\\\/darkamazi.info\\\/archives\\\/1051235#article\",\"isPartOf\":{\"@id\":\"https:\\\/\\\/darkamazi.info\\\/archives\\\/1051235\"},\"author\":{\"name\":\"darka mazi\",\"@id\":\"https:\\\/\\\/darkamazi.info\\\/#\\\/schema\\\/person\\\/5ad3e24553a0567993fa8ed4bd0a776c\"},\"headline\":\"Salek \u00fb 5 meh \u00fb 15 roj cezay\u00ea z\u00eendan\u00ea li Selahatt\u00een Dem\u00eerta\u015f hat bir\u00een\",\"datePublished\":\"2026-01-06T15:32:35+00:00\",\"mainEntityOfPage\":{\"@id\":\"https:\\\/\\\/darkamazi.info\\\/archives\\\/1051235\"},\"wordCount\":375,\"publisher\":{\"@id\":\"https:\\\/\\\/darkamazi.info\\\/#organization\"},\"image\":{\"@id\":\"https:\\\/\\\/darkamazi.info\\\/archives\\\/1051235#primaryimage\"},\"thumbnailUrl\":\"https:\\\/\\\/darkamazi.info\\\/darka-content\\\/uploads\\\/2026\\\/01\\\/demirtash-ederne-net.jpg\",\"articleSection\":[\"Kurdistan\"],\"inLanguage\":\"en-US\"},{\"@type\":\"WebPage\",\"@id\":\"https:\\\/\\\/darkamazi.info\\\/archives\\\/1051235\",\"url\":\"https:\\\/\\\/darkamazi.info\\\/archives\\\/1051235\",\"name\":\"Salek \u00fb 5 meh \u00fb 15 roj cezay\u00ea z\u00eendan\u00ea li Selahatt\u00een Dem\u00eerta\u015f hat bir\u00een - Darka Maz\u00ee\",\"isPartOf\":{\"@id\":\"https:\\\/\\\/darkamazi.info\\\/#website\"},\"primaryImageOfPage\":{\"@id\":\"https:\\\/\\\/darkamazi.info\\\/archives\\\/1051235#primaryimage\"},\"image\":{\"@id\":\"https:\\\/\\\/darkamazi.info\\\/archives\\\/1051235#primaryimage\"},\"thumbnailUrl\":\"https:\\\/\\\/darkamazi.info\\\/darka-content\\\/uploads\\\/2026\\\/01\\\/demirtash-ederne-net.jpg\",\"datePublished\":\"2026-01-06T15:32:35+00:00\",\"breadcrumb\":{\"@id\":\"https:\\\/\\\/darkamazi.info\\\/archives\\\/1051235#breadcrumb\"},\"inLanguage\":\"en-US\",\"potentialAction\":[{\"@type\":\"ReadAction\",\"target\":[\"https:\\\/\\\/darkamazi.info\\\/archives\\\/1051235\"]}]},{\"@type\":\"ImageObject\",\"inLanguage\":\"en-US\",\"@id\":\"https:\\\/\\\/darkamazi.info\\\/archives\\\/1051235#primaryimage\",\"url\":\"https:\\\/\\\/darkamazi.info\\\/darka-content\\\/uploads\\\/2026\\\/01\\\/demirtash-ederne-net.jpg\",\"contentUrl\":\"https:\\\/\\\/darkamazi.info\\\/darka-content\\\/uploads\\\/2026\\\/01\\\/demirtash-ederne-net.jpg\",\"width\":900,\"height\":500,\"caption\":\"Salek \u00fb 5 meh \u00fb 15 roj cezay\u00ea z\u00eendan\u00ea li Selahatt\u00een Dem\u00eerta\u015f hat bir\u00een\"},{\"@type\":\"BreadcrumbList\",\"@id\":\"https:\\\/\\\/darkamazi.info\\\/archives\\\/1051235#breadcrumb\",\"itemListElement\":[{\"@type\":\"ListItem\",\"position\":1,\"name\":\"Home\",\"item\":\"https:\\\/\\\/darkamazi.info\\\/\"},{\"@type\":\"ListItem\",\"position\":2,\"name\":\"Salek \u00fb 5 meh \u00fb 15 roj cezay\u00ea z\u00eendan\u00ea li Selahatt\u00een Dem\u00eerta\u015f hat bir\u00een\"}]},{\"@type\":\"WebSite\",\"@id\":\"https:\\\/\\\/darkamazi.info\\\/#website\",\"url\":\"https:\\\/\\\/darkamazi.info\\\/\",\"name\":\"Darka Maz\u00ee\",\"description\":\"P\u00eageha Zanyariy\u00ean Nebih\u00eest\u00ee\",\"publisher\":{\"@id\":\"https:\\\/\\\/darkamazi.info\\\/#organization\"},\"potentialAction\":[{\"@type\":\"SearchAction\",\"target\":{\"@type\":\"EntryPoint\",\"urlTemplate\":\"https:\\\/\\\/darkamazi.info\\\/?s={search_term_string}\"},\"query-input\":{\"@type\":\"PropertyValueSpecification\",\"valueRequired\":true,\"valueName\":\"search_term_string\"}}],\"inLanguage\":\"en-US\"},{\"@type\":\"Organization\",\"@id\":\"https:\\\/\\\/darkamazi.info\\\/#organization\",\"name\":\"Darka Maz\u00ee\",\"url\":\"https:\\\/\\\/darkamazi.info\\\/\",\"logo\":{\"@type\":\"ImageObject\",\"inLanguage\":\"en-US\",\"@id\":\"https:\\\/\\\/darkamazi.info\\\/#\\\/schema\\\/logo\\\/image\\\/\",\"url\":\"https:\\\/\\\/darkamazi.info\\\/darka-content\\\/uploads\\\/2017\\\/12\\\/darka-mazi-logo.png\",\"contentUrl\":\"https:\\\/\\\/darkamazi.info\\\/darka-content\\\/uploads\\\/2017\\\/12\\\/darka-mazi-logo.png\",\"width\":151,\"height\":75,\"caption\":\"Darka Maz\u00ee\"},\"image\":{\"@id\":\"https:\\\/\\\/darkamazi.info\\\/#\\\/schema\\\/logo\\\/image\\\/\"},\"sameAs\":[\"https:\\\/\\\/www.facebook.com\\\/DarMaziKurmanci\",\"https:\\\/\\\/x.com\\\/DarkaMaziLatini\",\"https:\\\/\\\/www.instagram.com\\\/darkamazi.kurmanci\\\/\",\"https:\\\/\\\/www.youtube.com\\\/channel\\\/UCa5HkTdmI8U1qCUFuTw8B2g\"]},{\"@type\":\"Person\",\"@id\":\"https:\\\/\\\/darkamazi.info\\\/#\\\/schema\\\/person\\\/5ad3e24553a0567993fa8ed4bd0a776c\",\"name\":\"darka mazi\",\"sameAs\":[\"https:\\\/\\\/darkamazi.info\\\/\"],\"url\":\"https:\\\/\\\/darkamazi.info\\\/archives\\\/author\\\/kurdi\"}]}<\/script>\n<!-- \/ Yoast SEO plugin. -->","seo_head_json":{"title":"Salek \u00fb 5 meh \u00fb 15 roj cezay\u00ea z\u00eendan\u00ea li Selahatt\u00een Dem\u00eerta\u015f hat bir\u00een - Darka Maz\u00ee","robots":{"index":"index","follow":"follow","max-snippet":"max-snippet:-1","max-image-preview":"max-image-preview:large","max-video-preview":"max-video-preview:-1"},"canonical":"https:\/\/darkamazi.info\/archives\/1051235","og_locale":"en_US","og_type":"article","og_title":"Salek \u00fb 5 meh \u00fb 15 roj cezay\u00ea z\u00eendan\u00ea li Selahatt\u00een Dem\u00eerta\u015f hat bir\u00een - Darka Maz\u00ee","og_description":"Bi \u00eediaya &#8220;sivikat\u00ee li serokkomar kiriye&#8221;, dadgeheke Tirkiyey\u00ea salek \u00fb 5 meh \u00fb 15 roj cezay\u00ea z\u00eendan\u00ea li Hevserok\u00ea Gi\u015ft\u00ee y\u00ea HDP&#8217;\u00ea y\u00ea ber\u00ea Selahatt\u00een Dem\u00eerta\u015f bir\u00ee. 14\u2019em\u00een Dadgeha Cezay\u00ean Giran a M\u00ears\u00een\u00ea \u00eero 6\u00ea \u00c7iley\u00ea biryara xwe ya derbar\u00ea doza Selahatt\u00een Dem\u00eerta\u015f de e\u015fkere kir. Dadgeh\u00ea ji ber axaftin\u00ean w\u00ee y\u00ean sal\u00ean 2015 \u00fb [&hellip;]","og_url":"https:\/\/darkamazi.info\/archives\/1051235","og_site_name":"Darka Maz\u00ee","article_publisher":"https:\/\/www.facebook.com\/DarMaziKurmanci","article_published_time":"2026-01-06T15:32:35+00:00","og_image":[{"width":900,"height":500,"url":"https:\/\/darkamazi.info\/file\/2026\/01\/demirtash-ederne-net.jpg","type":"image\/jpeg"}],"author":"darka mazi","twitter_card":"summary_large_image","twitter_creator":"@DarkaMaziLatini","twitter_site":"@DarkaMaziLatini","twitter_misc":{"Written by":"darka mazi","Est. reading time":"2 minutes"},"schema":{"@context":"https:\/\/schema.org","@graph":[{"@type":"Article","@id":"https:\/\/darkamazi.info\/archives\/1051235#article","isPartOf":{"@id":"https:\/\/darkamazi.info\/archives\/1051235"},"author":{"name":"darka mazi","@id":"https:\/\/darkamazi.info\/#\/schema\/person\/5ad3e24553a0567993fa8ed4bd0a776c"},"headline":"Salek \u00fb 5 meh \u00fb 15 roj cezay\u00ea z\u00eendan\u00ea li Selahatt\u00een Dem\u00eerta\u015f hat bir\u00een","datePublished":"2026-01-06T15:32:35+00:00","mainEntityOfPage":{"@id":"https:\/\/darkamazi.info\/archives\/1051235"},"wordCount":375,"publisher":{"@id":"https:\/\/darkamazi.info\/#organization"},"image":{"@id":"https:\/\/darkamazi.info\/archives\/1051235#primaryimage"},"thumbnailUrl":"https:\/\/darkamazi.info\/file\/2026\/01\/demirtash-ederne-net.jpg","articleSection":["Kurdistan"],"inLanguage":"en-US"},{"@type":"WebPage","@id":"https:\/\/darkamazi.info\/archives\/1051235","url":"https:\/\/darkamazi.info\/archives\/1051235","name":"Salek \u00fb 5 meh \u00fb 15 roj cezay\u00ea z\u00eendan\u00ea li Selahatt\u00een Dem\u00eerta\u015f hat bir\u00een - Darka Maz\u00ee","isPartOf":{"@id":"https:\/\/darkamazi.info\/#website"},"primaryImageOfPage":{"@id":"https:\/\/darkamazi.info\/archives\/1051235#primaryimage"},"image":{"@id":"https:\/\/darkamazi.info\/archives\/1051235#primaryimage"},"thumbnailUrl":"https:\/\/darkamazi.info\/file\/2026\/01\/demirtash-ederne-net.jpg","datePublished":"2026-01-06T15:32:35+00:00","breadcrumb":{"@id":"https:\/\/darkamazi.info\/archives\/1051235#breadcrumb"},"inLanguage":"en-US","potentialAction":[{"@type":"ReadAction","target":["https:\/\/darkamazi.info\/archives\/1051235"]}]},{"@type":"ImageObject","inLanguage":"en-US","@id":"https:\/\/darkamazi.info\/archives\/1051235#primaryimage","url":"https:\/\/darkamazi.info\/file\/2026\/01\/demirtash-ederne-net.jpg","contentUrl":"https:\/\/darkamazi.info\/file\/2026\/01\/demirtash-ederne-net.jpg","width":900,"height":500,"caption":"Salek \u00fb 5 meh \u00fb 15 roj cezay\u00ea z\u00eendan\u00ea li Selahatt\u00een Dem\u00eerta\u015f hat bir\u00een"},{"@type":"BreadcrumbList","@id":"https:\/\/darkamazi.info\/archives\/1051235#breadcrumb","itemListElement":[{"@type":"ListItem","position":1,"name":"Home","item":"https:\/\/darkamazi.info\/"},{"@type":"ListItem","position":2,"name":"Salek \u00fb 5 meh \u00fb 15 roj cezay\u00ea z\u00eendan\u00ea li Selahatt\u00een Dem\u00eerta\u015f hat bir\u00een"}]},{"@type":"WebSite","@id":"https:\/\/darkamazi.info\/#website","url":"https:\/\/darkamazi.info\/","name":"Darka Maz\u00ee","description":"P\u00eageha Zanyariy\u00ean Nebih\u00eest\u00ee","publisher":{"@id":"https:\/\/darkamazi.info\/#organization"},"potentialAction":[{"@type":"SearchAction","target":{"@type":"EntryPoint","urlTemplate":"https:\/\/darkamazi.info\/?s={search_term_string}"},"query-input":{"@type":"PropertyValueSpecification","valueRequired":true,"valueName":"search_term_string"}}],"inLanguage":"en-US"},{"@type":"Organization","@id":"https:\/\/darkamazi.info\/#organization","name":"Darka Maz\u00ee","url":"https:\/\/darkamazi.info\/","logo":{"@type":"ImageObject","inLanguage":"en-US","@id":"https:\/\/darkamazi.info\/#\/schema\/logo\/image\/","url":"https:\/\/darkamazi.info\/file\/2017\/12\/darka-mazi-logo.png","contentUrl":"https:\/\/darkamazi.info\/file\/2017\/12\/darka-mazi-logo.png","width":151,"height":75,"caption":"Darka Maz\u00ee"},"image":{"@id":"https:\/\/darkamazi.info\/#\/schema\/logo\/image\/"},"sameAs":["https:\/\/www.facebook.com\/DarMaziKurmanci","https:\/\/x.com\/DarkaMaziLatini","https:\/\/www.instagram.com\/darkamazi.kurmanci\/","https:\/\/www.youtube.com\/channel\/UCa5HkTdmI8U1qCUFuTw8B2g"]},{"@type":"Person","@id":"https:\/\/darkamazi.info\/#\/schema\/person\/5ad3e24553a0567993fa8ed4bd0a776c","name":"darka mazi","sameAs":["https:\/\/darkamazi.info\/"],"url":"https:\/\/darkamazi.info\/archives\/author\/kurdi"}]}},"_links":{"self":[{"href":"https:\/\/darkamazi.info\/funavuv\/wp\/v2\/posts\/1051235","targetHints":{"allow":["GET"]}}],"collection":[{"href":"https:\/\/darkamazi.info\/funavuv\/wp\/v2\/posts"}],"about":[{"href":"https:\/\/darkamazi.info\/funavuv\/wp\/v2\/types\/post"}],"author":[{"embeddable":true,"href":"https:\/\/darkamazi.info\/funavuv\/wp\/v2\/users\/2"}],"replies":[{"embeddable":true,"href":"https:\/\/darkamazi.info\/funavuv\/wp\/v2\/comments?post=1051235"}],"version-history":[{"count":0,"href":"https:\/\/darkamazi.info\/funavuv\/wp\/v2\/posts\/1051235\/revisions"}],"wp:featuredmedia":[{"embeddable":true,"href":"https:\/\/darkamazi.info\/funavuv\/wp\/v2\/media\/1051236"}],"wp:attachment":[{"href":"https:\/\/darkamazi.info\/funavuv\/wp\/v2\/media?parent=1051235"}],"wp:term":[{"taxonomy":"category","embeddable":true,"href":"https:\/\/darkamazi.info\/funavuv\/wp\/v2\/categories?post=1051235"},{"taxonomy":"post_tag","embeddable":true,"href":"https:\/\/darkamazi.info\/funavuv\/wp\/v2\/tags?post=1051235"}],"curies":[{"name":"wp","href":"https:\/\/api.w.org\/{rel}","templated":true}]}}