{"id":1051238,"date":"2026-01-06T19:16:11","date_gmt":"2026-01-06T16:16:11","guid":{"rendered":"https:\/\/darkamazi.info\/?p=1051238"},"modified":"2026-01-06T19:16:11","modified_gmt":"2026-01-06T16:16:11","slug":"di-erisen-artesa-suriyeye-yen-li-ser-taxen-kurdan-yen-helebe-5-kes-hatine-kustin","status":"publish","type":"post","link":"https:\/\/darkamazi.info\/archives\/1051238","title":{"rendered":"Di \u00ear\u00ee\u015f\u00ean art\u00ea\u015fa S\u00fbriyey\u00ea y\u00ean li ser tax\u00ean kurdan y\u00ean Heleb\u00ea 5 kes hatine ku\u015ftin"},"content":{"rendered":"<h3 style=\"text-align: justify\"><span style=\"font-family: 'arial black', sans-serif\">Di encama pev\u00e7\u00fbn\u00ean le\u015fker\u00ee y\u00ean di navbera H\u00eaz\u00ean Hik\u00fbmeta S\u00fbriyey\u00ea \u00fb H\u00eaz\u00ean S\u00fbriyeya Demokrat\u00eek (HSD) de li bajar\u00ea Heleb\u00ea p\u00eanc kes hatine ku\u015ftin, ku \u00e7ar ji wan welatiy\u00ean siv\u00eel b\u00fbn.<\/span><\/h3>\n<h3 style=\"text-align: justify\">Ev p\u00ea\u015fketina meydan\u00ee ya xeter pi\u015ft\u00ee \u00e7end mehan ji sist\u00ee \u00fb b\u00eah\u00eav\u00eeb\u00fbna dan\u00fbstandin\u00ean siyas\u00ee y\u00ean di navbera her du aliyan de t\u00ea, ku b\u00fbye sedema \u00e7\u00eab\u00fbna aloziy\u00ea li dever\u00ea.<\/h3>\n<h3 style=\"text-align: justify\">\u00c7avkaniy\u00ean medyay\u00ea amajey\u00ea didin ku, her du al\u00ee hevdu bi destp\u00eakirina \u00ear\u00ee\u015fan tometbar dikin. H\u00eaz\u00ean S\u00fbriyeya Demokrat\u00eek (HSD) ragihandiye ku, droneka Wezareta Berevaniy\u00ea ya Demk\u00ee taxa \u015e\u00eax Meqs\u00fbd\u00ea ya Heleb\u00ea kiriye armanc \u00fb di encam\u00ea de welatiyek\u00ea siv\u00eel hatiye ku\u015ftin \u00fb du kes\u00ean din j\u00ee bir\u00eendar b\u00fbne.<\/h3>\n<h3 style=\"text-align: justify\">HSD\u00ea herwesa gotiye ku, h\u00eaz\u00ean art\u00ea\u015fa S\u00fbriyey\u00ea bi \u00e7ek\u00ean giran dever\u00ean D\u00ear Hafir\u00ea \u00fb derdora Bendava Ti\u015fr\u00een\u00ea bombebaran kirine, ji ber w\u00ea yek\u00ea ew maf\u00ea bersivdan\u00ea ji bo parastina dever\u00ean xwe rewa dib\u00eenin.<\/h3>\n<h3 style=\"text-align: justify\">Ji aliyek\u00ea din ve rayedar\u00ean xwecih\u00ee y\u00ean Heleb\u00ea HSD\u00ea bi binp\u00eakirina peymanan tometbar dikin \u00fb dib\u00eajin: \u201cJi ber armanckirina devera \u00e7ar\u00e7oveya \u015eeyhan\u00ea, endamek\u00ea Wezareta Berevaniy\u00ea hatiye ku\u015ftin \u00fb s\u00ea kes\u00ean din j\u00ee bir\u00eendar b\u00fbne.\u201d<\/h3>\n<h3 style=\"text-align: justify\">Herwesa Ajansa SANAy\u00ea ya ferm\u00ee ya n\u00fb\u00e7eyan j\u00ee belav kiriye ku, di encama topbarankirina avahiy\u00ean akinc\u00eeb\u00fbn\u00ea y\u00ean taxa Meydan\u00ea de, s\u00ea welatiy\u00ean siv\u00eel hatine ku\u015ftin ku du ji wan jin b\u00fbn.<\/h3>\n<h3 style=\"text-align: justify\">Ev aloz\u00ee ten\u00ea du rojan pi\u015ft\u00ee lidarxistina gereka n\u00fb ya dan\u00fbstandinan li \u015eam\u00ea t\u00ea, ku bi awayek\u00ea b\u00ea encam bi daw\u00ee b\u00fb. Mijara sereke ya wan hevd\u00eetinan tevlihevkirina h\u00eaz\u00ean HSD\u00ea di nav art\u00ea\u015fa S\u00fbriyey\u00ea de b\u00fb, l\u00ea bel\u00ea tu lihevkirineka konkir\u00eet\u00ee nehat bidestxistin.<\/h3>\n<h3 style=\"text-align: justify\">Her \u00e7end Mezl\u00fbm Ebd\u00ee \u00fb Ehmed \u015eera li roja 10\u00ea Adara sala bor\u00ee ji bo yekkirina dezgehan peymanek \u00eemze kirib\u00fb \u00fb biryar b\u00fb ku heta dawiya sala 2025\u00ea ew peyman hatiba bic\u00eehan\u00een, l\u00ea cudahiya ner\u00een\u00ean her du aliyan r\u00ea li ber p\u00ea\u015fve\u00e7\u00fbna w\u00ea p\u00eavajoy\u00ea girtiye.<\/h3>\n<h3 style=\"text-align: justify\">Kurd\u00ean Rojavay\u00ea Kurdistan\u00ea daxwaza pergaleka nenavend\u00ee \u00fb binecihb\u00fbna maf\u00ean xwe di dest\u00fbr\u00ea de dikin, l\u00ea \u015eam\u00ea heta niha bersiva wan daxwaz\u00ean wan nedaye. Ev pev\u00e7\u00fbn di demek\u00ea de ye ku zext\u00ean navnetewey\u00ee \u00fb her\u00eam\u00ee bandoreka rasterast li ser pa\u015feroja t\u00eakiliy\u00ean di navbera HSD \u00fb Hik\u00fbmeta S\u00fbriyey\u00ea de heb\u00fbye \u00fb navber navber dibe sedema serhildana \u015fer \u00fb pev\u00e7\u00fbnan li Heleb\u00ea \u00fb dever\u00ean din.<\/h3>\n","protected":false},"excerpt":{"rendered":"<p>Di encama pev\u00e7\u00fbn\u00ean le\u015fker\u00ee y\u00ean di navbera H\u00eaz\u00ean Hik\u00fbmeta S\u00fbriyey\u00ea \u00fb H\u00eaz\u00ean S\u00fbriyeya Demokrat\u00eek (HSD) de li bajar\u00ea Heleb\u00ea p\u00eanc kes hatine ku\u015ftin, ku \u00e7ar ji wan welatiy\u00ean siv\u00eel b\u00fbn. Ev p\u00ea\u015fketina meydan\u00ee ya xeter pi\u015ft\u00ee \u00e7end mehan ji sist\u00ee \u00fb b\u00eah\u00eav\u00eeb\u00fbna dan\u00fbstandin\u00ean siyas\u00ee y\u00ean di navbera her du aliyan de t\u00ea, ku b\u00fbye sedema [&hellip;]<\/p>\n","protected":false},"author":2,"featured_media":1051239,"comment_status":"closed","ping_status":"closed","sticky":false,"template":"","format":"standard","meta":{"footnotes":""},"categories":[29],"tags":[37],"class_list":["post-1051238","post","type-post","status-publish","format-standard","has-post-thumbnail","hentry","category-kurdistan","tag-sereke"],"blocksy_meta":[],"seo_head":"<!-- This site is optimized with the Yoast SEO plugin v27.5 - https:\/\/yoast.com\/product\/yoast-seo-wordpress\/ -->\n<title>Di \u00ear\u00ee\u015f\u00ean art\u00ea\u015fa S\u00fbriyey\u00ea y\u00ean li ser tax\u00ean kurdan y\u00ean Heleb\u00ea 5 kes hatine ku\u015ftin - Darka Maz\u00ee<\/title>\n<meta name=\"robots\" content=\"index, follow, max-snippet:-1, max-image-preview:large, max-video-preview:-1\" \/>\n<link rel=\"canonical\" href=\"https:\/\/darkamazi.info\/archives\/1051238\" \/>\n<meta property=\"og:locale\" content=\"en_US\" \/>\n<meta property=\"og:type\" content=\"article\" \/>\n<meta property=\"og:title\" content=\"Di \u00ear\u00ee\u015f\u00ean art\u00ea\u015fa S\u00fbriyey\u00ea y\u00ean li ser tax\u00ean kurdan y\u00ean Heleb\u00ea 5 kes hatine ku\u015ftin - Darka Maz\u00ee\" \/>\n<meta property=\"og:description\" content=\"Di encama pev\u00e7\u00fbn\u00ean le\u015fker\u00ee y\u00ean di navbera H\u00eaz\u00ean Hik\u00fbmeta S\u00fbriyey\u00ea \u00fb H\u00eaz\u00ean S\u00fbriyeya Demokrat\u00eek (HSD) de li bajar\u00ea Heleb\u00ea p\u00eanc kes hatine ku\u015ftin, ku \u00e7ar ji wan welatiy\u00ean siv\u00eel b\u00fbn. Ev p\u00ea\u015fketina meydan\u00ee ya xeter pi\u015ft\u00ee \u00e7end mehan ji sist\u00ee \u00fb b\u00eah\u00eav\u00eeb\u00fbna dan\u00fbstandin\u00ean siyas\u00ee y\u00ean di navbera her du aliyan de t\u00ea, ku b\u00fbye sedema [&hellip;]\" \/>\n<meta property=\"og:url\" content=\"https:\/\/darkamazi.info\/archives\/1051238\" \/>\n<meta property=\"og:site_name\" content=\"Darka Maz\u00ee\" \/>\n<meta property=\"article:publisher\" content=\"https:\/\/www.facebook.com\/DarMaziKurmanci\" \/>\n<meta property=\"article:published_time\" content=\"2026-01-06T16:16:11+00:00\" \/>\n<meta property=\"og:image\" content=\"https:\/\/darkamazi.info\/file\/2026\/01\/heleb-kurd.jpg\" \/>\n\t<meta property=\"og:image:width\" content=\"900\" \/>\n\t<meta property=\"og:image:height\" content=\"497\" \/>\n\t<meta property=\"og:image:type\" content=\"image\/jpeg\" \/>\n<meta name=\"author\" content=\"darka mazi\" \/>\n<meta name=\"twitter:card\" content=\"summary_large_image\" \/>\n<meta name=\"twitter:creator\" content=\"@DarkaMaziLatini\" \/>\n<meta name=\"twitter:site\" content=\"@DarkaMaziLatini\" \/>\n<meta name=\"twitter:label1\" content=\"Written by\" \/>\n\t<meta name=\"twitter:data1\" content=\"darka mazi\" \/>\n\t<meta name=\"twitter:label2\" content=\"Est. reading time\" \/>\n\t<meta name=\"twitter:data2\" content=\"2 minutes\" \/>\n<script type=\"application\/ld+json\" class=\"seo-schema-graph\">{\"@context\":\"https:\\\/\\\/schema.org\",\"@graph\":[{\"@type\":\"Article\",\"@id\":\"https:\\\/\\\/darkamazi.info\\\/archives\\\/1051238#article\",\"isPartOf\":{\"@id\":\"https:\\\/\\\/darkamazi.info\\\/archives\\\/1051238\"},\"author\":{\"name\":\"darka mazi\",\"@id\":\"https:\\\/\\\/darkamazi.info\\\/#\\\/schema\\\/person\\\/5ad3e24553a0567993fa8ed4bd0a776c\"},\"headline\":\"Di \u00ear\u00ee\u015f\u00ean art\u00ea\u015fa S\u00fbriyey\u00ea y\u00ean li ser tax\u00ean kurdan y\u00ean Heleb\u00ea 5 kes hatine ku\u015ftin\",\"datePublished\":\"2026-01-06T16:16:11+00:00\",\"mainEntityOfPage\":{\"@id\":\"https:\\\/\\\/darkamazi.info\\\/archives\\\/1051238\"},\"wordCount\":460,\"publisher\":{\"@id\":\"https:\\\/\\\/darkamazi.info\\\/#organization\"},\"image\":{\"@id\":\"https:\\\/\\\/darkamazi.info\\\/archives\\\/1051238#primaryimage\"},\"thumbnailUrl\":\"https:\\\/\\\/darkamazi.info\\\/darka-content\\\/uploads\\\/2026\\\/01\\\/heleb-kurd.jpg\",\"keywords\":[\"sereke\"],\"articleSection\":[\"Kurdistan\"],\"inLanguage\":\"en-US\"},{\"@type\":\"WebPage\",\"@id\":\"https:\\\/\\\/darkamazi.info\\\/archives\\\/1051238\",\"url\":\"https:\\\/\\\/darkamazi.info\\\/archives\\\/1051238\",\"name\":\"Di \u00ear\u00ee\u015f\u00ean art\u00ea\u015fa S\u00fbriyey\u00ea y\u00ean li ser tax\u00ean kurdan y\u00ean Heleb\u00ea 5 kes hatine ku\u015ftin - Darka Maz\u00ee\",\"isPartOf\":{\"@id\":\"https:\\\/\\\/darkamazi.info\\\/#website\"},\"primaryImageOfPage\":{\"@id\":\"https:\\\/\\\/darkamazi.info\\\/archives\\\/1051238#primaryimage\"},\"image\":{\"@id\":\"https:\\\/\\\/darkamazi.info\\\/archives\\\/1051238#primaryimage\"},\"thumbnailUrl\":\"https:\\\/\\\/darkamazi.info\\\/darka-content\\\/uploads\\\/2026\\\/01\\\/heleb-kurd.jpg\",\"datePublished\":\"2026-01-06T16:16:11+00:00\",\"breadcrumb\":{\"@id\":\"https:\\\/\\\/darkamazi.info\\\/archives\\\/1051238#breadcrumb\"},\"inLanguage\":\"en-US\",\"potentialAction\":[{\"@type\":\"ReadAction\",\"target\":[\"https:\\\/\\\/darkamazi.info\\\/archives\\\/1051238\"]}]},{\"@type\":\"ImageObject\",\"inLanguage\":\"en-US\",\"@id\":\"https:\\\/\\\/darkamazi.info\\\/archives\\\/1051238#primaryimage\",\"url\":\"https:\\\/\\\/darkamazi.info\\\/darka-content\\\/uploads\\\/2026\\\/01\\\/heleb-kurd.jpg\",\"contentUrl\":\"https:\\\/\\\/darkamazi.info\\\/darka-content\\\/uploads\\\/2026\\\/01\\\/heleb-kurd.jpg\",\"width\":900,\"height\":497,\"caption\":\"Di \u00ear\u00ee\u015f\u00ean art\u00ea\u015fa S\u00fbriyey\u00ea y\u00ean li ser tax\u00ean kurdan y\u00ean Heleb\u00ea 5 kes hatine ku\u015ftin\"},{\"@type\":\"BreadcrumbList\",\"@id\":\"https:\\\/\\\/darkamazi.info\\\/archives\\\/1051238#breadcrumb\",\"itemListElement\":[{\"@type\":\"ListItem\",\"position\":1,\"name\":\"Home\",\"item\":\"https:\\\/\\\/darkamazi.info\\\/\"},{\"@type\":\"ListItem\",\"position\":2,\"name\":\"Di \u00ear\u00ee\u015f\u00ean art\u00ea\u015fa S\u00fbriyey\u00ea y\u00ean li ser tax\u00ean kurdan y\u00ean Heleb\u00ea 5 kes hatine ku\u015ftin\"}]},{\"@type\":\"WebSite\",\"@id\":\"https:\\\/\\\/darkamazi.info\\\/#website\",\"url\":\"https:\\\/\\\/darkamazi.info\\\/\",\"name\":\"Darka Maz\u00ee\",\"description\":\"P\u00eageha Zanyariy\u00ean Nebih\u00eest\u00ee\",\"publisher\":{\"@id\":\"https:\\\/\\\/darkamazi.info\\\/#organization\"},\"potentialAction\":[{\"@type\":\"SearchAction\",\"target\":{\"@type\":\"EntryPoint\",\"urlTemplate\":\"https:\\\/\\\/darkamazi.info\\\/?s={search_term_string}\"},\"query-input\":{\"@type\":\"PropertyValueSpecification\",\"valueRequired\":true,\"valueName\":\"search_term_string\"}}],\"inLanguage\":\"en-US\"},{\"@type\":\"Organization\",\"@id\":\"https:\\\/\\\/darkamazi.info\\\/#organization\",\"name\":\"Darka Maz\u00ee\",\"url\":\"https:\\\/\\\/darkamazi.info\\\/\",\"logo\":{\"@type\":\"ImageObject\",\"inLanguage\":\"en-US\",\"@id\":\"https:\\\/\\\/darkamazi.info\\\/#\\\/schema\\\/logo\\\/image\\\/\",\"url\":\"https:\\\/\\\/darkamazi.info\\\/darka-content\\\/uploads\\\/2017\\\/12\\\/darka-mazi-logo.png\",\"contentUrl\":\"https:\\\/\\\/darkamazi.info\\\/darka-content\\\/uploads\\\/2017\\\/12\\\/darka-mazi-logo.png\",\"width\":151,\"height\":75,\"caption\":\"Darka Maz\u00ee\"},\"image\":{\"@id\":\"https:\\\/\\\/darkamazi.info\\\/#\\\/schema\\\/logo\\\/image\\\/\"},\"sameAs\":[\"https:\\\/\\\/www.facebook.com\\\/DarMaziKurmanci\",\"https:\\\/\\\/x.com\\\/DarkaMaziLatini\",\"https:\\\/\\\/www.instagram.com\\\/darkamazi.kurmanci\\\/\",\"https:\\\/\\\/www.youtube.com\\\/channel\\\/UCa5HkTdmI8U1qCUFuTw8B2g\"]},{\"@type\":\"Person\",\"@id\":\"https:\\\/\\\/darkamazi.info\\\/#\\\/schema\\\/person\\\/5ad3e24553a0567993fa8ed4bd0a776c\",\"name\":\"darka mazi\",\"sameAs\":[\"https:\\\/\\\/darkamazi.info\\\/\"],\"url\":\"https:\\\/\\\/darkamazi.info\\\/archives\\\/author\\\/kurdi\"}]}<\/script>\n<!-- \/ Yoast SEO plugin. -->","seo_head_json":{"title":"Di \u00ear\u00ee\u015f\u00ean art\u00ea\u015fa S\u00fbriyey\u00ea y\u00ean li ser tax\u00ean kurdan y\u00ean Heleb\u00ea 5 kes hatine ku\u015ftin - Darka Maz\u00ee","robots":{"index":"index","follow":"follow","max-snippet":"max-snippet:-1","max-image-preview":"max-image-preview:large","max-video-preview":"max-video-preview:-1"},"canonical":"https:\/\/darkamazi.info\/archives\/1051238","og_locale":"en_US","og_type":"article","og_title":"Di \u00ear\u00ee\u015f\u00ean art\u00ea\u015fa S\u00fbriyey\u00ea y\u00ean li ser tax\u00ean kurdan y\u00ean Heleb\u00ea 5 kes hatine ku\u015ftin - Darka Maz\u00ee","og_description":"Di encama pev\u00e7\u00fbn\u00ean le\u015fker\u00ee y\u00ean di navbera H\u00eaz\u00ean Hik\u00fbmeta S\u00fbriyey\u00ea \u00fb H\u00eaz\u00ean S\u00fbriyeya Demokrat\u00eek (HSD) de li bajar\u00ea Heleb\u00ea p\u00eanc kes hatine ku\u015ftin, ku \u00e7ar ji wan welatiy\u00ean siv\u00eel b\u00fbn. Ev p\u00ea\u015fketina meydan\u00ee ya xeter pi\u015ft\u00ee \u00e7end mehan ji sist\u00ee \u00fb b\u00eah\u00eav\u00eeb\u00fbna dan\u00fbstandin\u00ean siyas\u00ee y\u00ean di navbera her du aliyan de t\u00ea, ku b\u00fbye sedema [&hellip;]","og_url":"https:\/\/darkamazi.info\/archives\/1051238","og_site_name":"Darka Maz\u00ee","article_publisher":"https:\/\/www.facebook.com\/DarMaziKurmanci","article_published_time":"2026-01-06T16:16:11+00:00","og_image":[{"width":900,"height":497,"url":"https:\/\/darkamazi.info\/file\/2026\/01\/heleb-kurd.jpg","type":"image\/jpeg"}],"author":"darka mazi","twitter_card":"summary_large_image","twitter_creator":"@DarkaMaziLatini","twitter_site":"@DarkaMaziLatini","twitter_misc":{"Written by":"darka mazi","Est. reading time":"2 minutes"},"schema":{"@context":"https:\/\/schema.org","@graph":[{"@type":"Article","@id":"https:\/\/darkamazi.info\/archives\/1051238#article","isPartOf":{"@id":"https:\/\/darkamazi.info\/archives\/1051238"},"author":{"name":"darka mazi","@id":"https:\/\/darkamazi.info\/#\/schema\/person\/5ad3e24553a0567993fa8ed4bd0a776c"},"headline":"Di \u00ear\u00ee\u015f\u00ean art\u00ea\u015fa S\u00fbriyey\u00ea y\u00ean li ser tax\u00ean kurdan y\u00ean Heleb\u00ea 5 kes hatine ku\u015ftin","datePublished":"2026-01-06T16:16:11+00:00","mainEntityOfPage":{"@id":"https:\/\/darkamazi.info\/archives\/1051238"},"wordCount":460,"publisher":{"@id":"https:\/\/darkamazi.info\/#organization"},"image":{"@id":"https:\/\/darkamazi.info\/archives\/1051238#primaryimage"},"thumbnailUrl":"https:\/\/darkamazi.info\/file\/2026\/01\/heleb-kurd.jpg","keywords":["sereke"],"articleSection":["Kurdistan"],"inLanguage":"en-US"},{"@type":"WebPage","@id":"https:\/\/darkamazi.info\/archives\/1051238","url":"https:\/\/darkamazi.info\/archives\/1051238","name":"Di \u00ear\u00ee\u015f\u00ean art\u00ea\u015fa S\u00fbriyey\u00ea y\u00ean li ser tax\u00ean kurdan y\u00ean Heleb\u00ea 5 kes hatine ku\u015ftin - Darka Maz\u00ee","isPartOf":{"@id":"https:\/\/darkamazi.info\/#website"},"primaryImageOfPage":{"@id":"https:\/\/darkamazi.info\/archives\/1051238#primaryimage"},"image":{"@id":"https:\/\/darkamazi.info\/archives\/1051238#primaryimage"},"thumbnailUrl":"https:\/\/darkamazi.info\/file\/2026\/01\/heleb-kurd.jpg","datePublished":"2026-01-06T16:16:11+00:00","breadcrumb":{"@id":"https:\/\/darkamazi.info\/archives\/1051238#breadcrumb"},"inLanguage":"en-US","potentialAction":[{"@type":"ReadAction","target":["https:\/\/darkamazi.info\/archives\/1051238"]}]},{"@type":"ImageObject","inLanguage":"en-US","@id":"https:\/\/darkamazi.info\/archives\/1051238#primaryimage","url":"https:\/\/darkamazi.info\/file\/2026\/01\/heleb-kurd.jpg","contentUrl":"https:\/\/darkamazi.info\/file\/2026\/01\/heleb-kurd.jpg","width":900,"height":497,"caption":"Di \u00ear\u00ee\u015f\u00ean art\u00ea\u015fa S\u00fbriyey\u00ea y\u00ean li ser tax\u00ean kurdan y\u00ean Heleb\u00ea 5 kes hatine ku\u015ftin"},{"@type":"BreadcrumbList","@id":"https:\/\/darkamazi.info\/archives\/1051238#breadcrumb","itemListElement":[{"@type":"ListItem","position":1,"name":"Home","item":"https:\/\/darkamazi.info\/"},{"@type":"ListItem","position":2,"name":"Di \u00ear\u00ee\u015f\u00ean art\u00ea\u015fa S\u00fbriyey\u00ea y\u00ean li ser tax\u00ean kurdan y\u00ean Heleb\u00ea 5 kes hatine ku\u015ftin"}]},{"@type":"WebSite","@id":"https:\/\/darkamazi.info\/#website","url":"https:\/\/darkamazi.info\/","name":"Darka Maz\u00ee","description":"P\u00eageha Zanyariy\u00ean Nebih\u00eest\u00ee","publisher":{"@id":"https:\/\/darkamazi.info\/#organization"},"potentialAction":[{"@type":"SearchAction","target":{"@type":"EntryPoint","urlTemplate":"https:\/\/darkamazi.info\/?s={search_term_string}"},"query-input":{"@type":"PropertyValueSpecification","valueRequired":true,"valueName":"search_term_string"}}],"inLanguage":"en-US"},{"@type":"Organization","@id":"https:\/\/darkamazi.info\/#organization","name":"Darka Maz\u00ee","url":"https:\/\/darkamazi.info\/","logo":{"@type":"ImageObject","inLanguage":"en-US","@id":"https:\/\/darkamazi.info\/#\/schema\/logo\/image\/","url":"https:\/\/darkamazi.info\/file\/2017\/12\/darka-mazi-logo.png","contentUrl":"https:\/\/darkamazi.info\/file\/2017\/12\/darka-mazi-logo.png","width":151,"height":75,"caption":"Darka Maz\u00ee"},"image":{"@id":"https:\/\/darkamazi.info\/#\/schema\/logo\/image\/"},"sameAs":["https:\/\/www.facebook.com\/DarMaziKurmanci","https:\/\/x.com\/DarkaMaziLatini","https:\/\/www.instagram.com\/darkamazi.kurmanci\/","https:\/\/www.youtube.com\/channel\/UCa5HkTdmI8U1qCUFuTw8B2g"]},{"@type":"Person","@id":"https:\/\/darkamazi.info\/#\/schema\/person\/5ad3e24553a0567993fa8ed4bd0a776c","name":"darka mazi","sameAs":["https:\/\/darkamazi.info\/"],"url":"https:\/\/darkamazi.info\/archives\/author\/kurdi"}]}},"_links":{"self":[{"href":"https:\/\/darkamazi.info\/funavuv\/wp\/v2\/posts\/1051238","targetHints":{"allow":["GET"]}}],"collection":[{"href":"https:\/\/darkamazi.info\/funavuv\/wp\/v2\/posts"}],"about":[{"href":"https:\/\/darkamazi.info\/funavuv\/wp\/v2\/types\/post"}],"author":[{"embeddable":true,"href":"https:\/\/darkamazi.info\/funavuv\/wp\/v2\/users\/2"}],"replies":[{"embeddable":true,"href":"https:\/\/darkamazi.info\/funavuv\/wp\/v2\/comments?post=1051238"}],"version-history":[{"count":0,"href":"https:\/\/darkamazi.info\/funavuv\/wp\/v2\/posts\/1051238\/revisions"}],"wp:featuredmedia":[{"embeddable":true,"href":"https:\/\/darkamazi.info\/funavuv\/wp\/v2\/media\/1051239"}],"wp:attachment":[{"href":"https:\/\/darkamazi.info\/funavuv\/wp\/v2\/media?parent=1051238"}],"wp:term":[{"taxonomy":"category","embeddable":true,"href":"https:\/\/darkamazi.info\/funavuv\/wp\/v2\/categories?post=1051238"},{"taxonomy":"post_tag","embeddable":true,"href":"https:\/\/darkamazi.info\/funavuv\/wp\/v2\/tags?post=1051238"}],"curies":[{"name":"wp","href":"https:\/\/api.w.org\/{rel}","templated":true}]}}