{"id":1051241,"date":"2026-01-06T19:46:46","date_gmt":"2026-01-06T16:46:46","guid":{"rendered":"https:\/\/darkamazi.info\/?p=1051241"},"modified":"2026-01-06T19:46:46","modified_gmt":"2026-01-06T16:46:46","slug":"bahceli-li-demeka-nezik-tirkiyeyeka-be-ser-u-alozi-te-bidestxistin","status":"publish","type":"post","link":"https:\/\/darkamazi.info\/archives\/1051241","title":{"rendered":"Bah\u00e7eli: Li demeka n\u00eaz\u00eek Tirkiyeyeka b\u00ea \u015fer \u00fb aloz\u00ee t\u00ea bidestxistin"},"content":{"rendered":"<h3 style=\"text-align: justify\"><span style=\"font-family: 'arial black', sans-serif\">Serok\u00ea Partiya Tevgera Netewey\u00ee ya Tirkiyey\u00ea (MHP) ragihand: \u201cLi demeka n\u00eaz\u00eek Tirkiyeyeka b\u00ea \u015fer \u00fb aloz\u00ee p\u00eangav p\u00eangav t\u00ea bidestxistin \u00fb bizav\u00ean biserxistina p\u00eavajoya a\u015ftiy\u00ea d\u00ea berdewam bin.\u201d<\/span><\/h3>\n<h3 style=\"text-align: justify\">Serok\u00ea Partiya Tevgera Netewey\u00ee ya Tirkiyey\u00ea (MHP) Devlet Bah\u00e7eli \u00eero (S\u00ea\u015fem, 06.01.2026) ragihand: \u201cLi demeka n\u00eaz\u00eek Tirkiyeyeka b\u00ea \u015fer \u00fb aloz\u00ee p\u00eangav p\u00eangav t\u00ea bidestxistin. Em r\u00eay\u00ea nadin tu kesek\u00ee ku v\u00ea p\u00eavajoy\u00ea t\u00eak bide. Em d\u00ea bi tund\u00ee li dij\u00ee wan kesan rawestin \u00ean ku li derfetek\u00ea digerin da ku v\u00ea p\u00eavajoy\u00ea t\u00eak bibin.\u201d<\/h3>\n<h3 style=\"text-align: justify\">Bah\u00e7el\u00ee herwesa got: &#8220;Em li ser bidestxistina Tirkiyeyeka b\u00ea \u015fer cid\u00ee ne \u00fb me \u00eeradeyeka xurt \u00fb b\u00eanavber ji berevan\u00eekirina ji hevgirtin, hevseng\u00ee \u00fb biratiy\u00ea heye. Em bi aram\u00ee li ser bizav\u00ean xwe berdewam in, da ku ev p\u00eavajo bigih\u00eeje armanca xwe.&#8221;<\/h3>\n<h3 style=\"text-align: justify\">Endam\u00ea Konseya R\u00eaveber a Koma Civak\u00ean Kurdistan\u00ea (KCK) Sebr\u00ee Ok li roja Yek\u015fem\u00ea (26\u00ea Cotmeha 2025\u00ea) li quntara \u00c7iyay\u00ea Qend\u00eel\u00ee bi tevl\u00eeb\u00fbna 25 \u00e7ekdaran di konferanseka rojnamevan\u00ee de p\u00eangaveka kiryark\u00ee ya n\u00fb ya partiya xwe li ser p\u00eavajoya a\u015ftiy\u00ea ya n\u00fb li Bakur\u00ea Kurdistan\u00ea \u00fb Tirkiyey\u00ea ragihand.<\/h3>\n<h3 style=\"text-align: justify\">Parlamentoya Tirkiyey\u00ea j\u00ee li roja \u00cen\u00ea (21\u00ea Mijdara 2025\u00ea) bi deng\u00ean s\u00ea li ser p\u00eanc\u00ea y\u00ean tevaya endam\u00ean Kom\u00eesyona Hevdengiya Netewey\u00ee, Birat\u00ee \u00fb Demokrasiy\u00ea biryar da ku serdana Abdullah Ocalan li girava \u00cemraliy\u00ea bikin.<\/h3>\n<h3 style=\"text-align: justify\">Di w\u00ea kom\u00eesyon\u00ea de, 32 deng\u00ean er\u00ea, s\u00ea deng\u00ean b\u00eaal\u00ee \u00fb du deng\u00ea nex\u00ear heb\u00fbn.<\/h3>\n","protected":false},"excerpt":{"rendered":"<p>Serok\u00ea Partiya Tevgera Netewey\u00ee ya Tirkiyey\u00ea (MHP) ragihand: \u201cLi demeka n\u00eaz\u00eek Tirkiyeyeka b\u00ea \u015fer \u00fb aloz\u00ee p\u00eangav p\u00eangav t\u00ea bidestxistin \u00fb bizav\u00ean biserxistina p\u00eavajoya a\u015ftiy\u00ea d\u00ea berdewam bin.\u201d Serok\u00ea Partiya Tevgera Netewey\u00ee ya Tirkiyey\u00ea (MHP) Devlet Bah\u00e7eli \u00eero (S\u00ea\u015fem, 06.01.2026) ragihand: \u201cLi demeka n\u00eaz\u00eek Tirkiyeyeka b\u00ea \u015fer \u00fb aloz\u00ee p\u00eangav p\u00eangav t\u00ea bidestxistin. Em r\u00eay\u00ea [&hellip;]<\/p>\n","protected":false},"author":2,"featured_media":1051242,"comment_status":"closed","ping_status":"closed","sticky":false,"template":"","format":"standard","meta":{"footnotes":""},"categories":[31],"tags":[37],"class_list":["post-1051241","post","type-post","status-publish","format-standard","has-post-thumbnail","hentry","category-rojhelata-navin","tag-sereke"],"blocksy_meta":[],"seo_head":"<!-- This site is optimized with the Yoast SEO plugin v27.5 - https:\/\/yoast.com\/product\/yoast-seo-wordpress\/ -->\n<title>Bah\u00e7eli: Li demeka n\u00eaz\u00eek Tirkiyeyeka b\u00ea \u015fer \u00fb aloz\u00ee t\u00ea bidestxistin - Darka Maz\u00ee<\/title>\n<meta name=\"robots\" content=\"index, follow, max-snippet:-1, max-image-preview:large, max-video-preview:-1\" \/>\n<link rel=\"canonical\" href=\"https:\/\/darkamazi.info\/archives\/1051241\" \/>\n<meta property=\"og:locale\" content=\"en_US\" \/>\n<meta property=\"og:type\" content=\"article\" \/>\n<meta property=\"og:title\" content=\"Bah\u00e7eli: Li demeka n\u00eaz\u00eek Tirkiyeyeka b\u00ea \u015fer \u00fb aloz\u00ee t\u00ea bidestxistin - Darka Maz\u00ee\" \/>\n<meta property=\"og:description\" content=\"Serok\u00ea Partiya Tevgera Netewey\u00ee ya Tirkiyey\u00ea (MHP) ragihand: \u201cLi demeka n\u00eaz\u00eek Tirkiyeyeka b\u00ea \u015fer \u00fb aloz\u00ee p\u00eangav p\u00eangav t\u00ea bidestxistin \u00fb bizav\u00ean biserxistina p\u00eavajoya a\u015ftiy\u00ea d\u00ea berdewam bin.\u201d Serok\u00ea Partiya Tevgera Netewey\u00ee ya Tirkiyey\u00ea (MHP) Devlet Bah\u00e7eli \u00eero (S\u00ea\u015fem, 06.01.2026) ragihand: \u201cLi demeka n\u00eaz\u00eek Tirkiyeyeka b\u00ea \u015fer \u00fb aloz\u00ee p\u00eangav p\u00eangav t\u00ea bidestxistin. Em r\u00eay\u00ea [&hellip;]\" \/>\n<meta property=\"og:url\" content=\"https:\/\/darkamazi.info\/archives\/1051241\" \/>\n<meta property=\"og:site_name\" content=\"Darka Maz\u00ee\" \/>\n<meta property=\"article:publisher\" content=\"https:\/\/www.facebook.com\/DarMaziKurmanci\" \/>\n<meta property=\"article:published_time\" content=\"2026-01-06T16:46:46+00:00\" \/>\n<meta property=\"og:image\" content=\"https:\/\/darkamazi.info\/file\/2026\/01\/devlet-bahceli.jpg\" \/>\n\t<meta property=\"og:image:width\" content=\"900\" \/>\n\t<meta property=\"og:image:height\" content=\"497\" \/>\n\t<meta property=\"og:image:type\" content=\"image\/jpeg\" \/>\n<meta name=\"author\" content=\"darka mazi\" \/>\n<meta name=\"twitter:card\" content=\"summary_large_image\" \/>\n<meta name=\"twitter:creator\" content=\"@DarkaMaziLatini\" \/>\n<meta name=\"twitter:site\" content=\"@DarkaMaziLatini\" \/>\n<meta name=\"twitter:label1\" content=\"Written by\" \/>\n\t<meta name=\"twitter:data1\" content=\"darka mazi\" \/>\n\t<meta name=\"twitter:label2\" content=\"Est. reading time\" \/>\n\t<meta name=\"twitter:data2\" content=\"2 minutes\" \/>\n<script type=\"application\/ld+json\" class=\"seo-schema-graph\">{\"@context\":\"https:\\\/\\\/schema.org\",\"@graph\":[{\"@type\":\"Article\",\"@id\":\"https:\\\/\\\/darkamazi.info\\\/archives\\\/1051241#article\",\"isPartOf\":{\"@id\":\"https:\\\/\\\/darkamazi.info\\\/archives\\\/1051241\"},\"author\":{\"name\":\"darka mazi\",\"@id\":\"https:\\\/\\\/darkamazi.info\\\/#\\\/schema\\\/person\\\/5ad3e24553a0567993fa8ed4bd0a776c\"},\"headline\":\"Bah\u00e7eli: Li demeka n\u00eaz\u00eek Tirkiyeyeka b\u00ea \u015fer \u00fb aloz\u00ee t\u00ea bidestxistin\",\"datePublished\":\"2026-01-06T16:46:46+00:00\",\"mainEntityOfPage\":{\"@id\":\"https:\\\/\\\/darkamazi.info\\\/archives\\\/1051241\"},\"wordCount\":262,\"publisher\":{\"@id\":\"https:\\\/\\\/darkamazi.info\\\/#organization\"},\"image\":{\"@id\":\"https:\\\/\\\/darkamazi.info\\\/archives\\\/1051241#primaryimage\"},\"thumbnailUrl\":\"https:\\\/\\\/darkamazi.info\\\/darka-content\\\/uploads\\\/2026\\\/01\\\/devlet-bahceli.jpg\",\"keywords\":[\"sereke\"],\"articleSection\":[\"Rojhelata nav\u00een\"],\"inLanguage\":\"en-US\"},{\"@type\":\"WebPage\",\"@id\":\"https:\\\/\\\/darkamazi.info\\\/archives\\\/1051241\",\"url\":\"https:\\\/\\\/darkamazi.info\\\/archives\\\/1051241\",\"name\":\"Bah\u00e7eli: Li demeka n\u00eaz\u00eek Tirkiyeyeka b\u00ea \u015fer \u00fb aloz\u00ee t\u00ea bidestxistin - Darka Maz\u00ee\",\"isPartOf\":{\"@id\":\"https:\\\/\\\/darkamazi.info\\\/#website\"},\"primaryImageOfPage\":{\"@id\":\"https:\\\/\\\/darkamazi.info\\\/archives\\\/1051241#primaryimage\"},\"image\":{\"@id\":\"https:\\\/\\\/darkamazi.info\\\/archives\\\/1051241#primaryimage\"},\"thumbnailUrl\":\"https:\\\/\\\/darkamazi.info\\\/darka-content\\\/uploads\\\/2026\\\/01\\\/devlet-bahceli.jpg\",\"datePublished\":\"2026-01-06T16:46:46+00:00\",\"breadcrumb\":{\"@id\":\"https:\\\/\\\/darkamazi.info\\\/archives\\\/1051241#breadcrumb\"},\"inLanguage\":\"en-US\",\"potentialAction\":[{\"@type\":\"ReadAction\",\"target\":[\"https:\\\/\\\/darkamazi.info\\\/archives\\\/1051241\"]}]},{\"@type\":\"ImageObject\",\"inLanguage\":\"en-US\",\"@id\":\"https:\\\/\\\/darkamazi.info\\\/archives\\\/1051241#primaryimage\",\"url\":\"https:\\\/\\\/darkamazi.info\\\/darka-content\\\/uploads\\\/2026\\\/01\\\/devlet-bahceli.jpg\",\"contentUrl\":\"https:\\\/\\\/darkamazi.info\\\/darka-content\\\/uploads\\\/2026\\\/01\\\/devlet-bahceli.jpg\",\"width\":900,\"height\":497,\"caption\":\"Bah\u00e7eli: Li demeka n\u00eaz\u00eek Tirkiyeyeka b\u00ea \u015fer \u00fb aloz\u00ee t\u00ea bidestxistin\"},{\"@type\":\"BreadcrumbList\",\"@id\":\"https:\\\/\\\/darkamazi.info\\\/archives\\\/1051241#breadcrumb\",\"itemListElement\":[{\"@type\":\"ListItem\",\"position\":1,\"name\":\"Home\",\"item\":\"https:\\\/\\\/darkamazi.info\\\/\"},{\"@type\":\"ListItem\",\"position\":2,\"name\":\"Bah\u00e7eli: Li demeka n\u00eaz\u00eek Tirkiyeyeka b\u00ea \u015fer \u00fb aloz\u00ee t\u00ea bidestxistin\"}]},{\"@type\":\"WebSite\",\"@id\":\"https:\\\/\\\/darkamazi.info\\\/#website\",\"url\":\"https:\\\/\\\/darkamazi.info\\\/\",\"name\":\"Darka Maz\u00ee\",\"description\":\"P\u00eageha Zanyariy\u00ean Nebih\u00eest\u00ee\",\"publisher\":{\"@id\":\"https:\\\/\\\/darkamazi.info\\\/#organization\"},\"potentialAction\":[{\"@type\":\"SearchAction\",\"target\":{\"@type\":\"EntryPoint\",\"urlTemplate\":\"https:\\\/\\\/darkamazi.info\\\/?s={search_term_string}\"},\"query-input\":{\"@type\":\"PropertyValueSpecification\",\"valueRequired\":true,\"valueName\":\"search_term_string\"}}],\"inLanguage\":\"en-US\"},{\"@type\":\"Organization\",\"@id\":\"https:\\\/\\\/darkamazi.info\\\/#organization\",\"name\":\"Darka Maz\u00ee\",\"url\":\"https:\\\/\\\/darkamazi.info\\\/\",\"logo\":{\"@type\":\"ImageObject\",\"inLanguage\":\"en-US\",\"@id\":\"https:\\\/\\\/darkamazi.info\\\/#\\\/schema\\\/logo\\\/image\\\/\",\"url\":\"https:\\\/\\\/darkamazi.info\\\/darka-content\\\/uploads\\\/2017\\\/12\\\/darka-mazi-logo.png\",\"contentUrl\":\"https:\\\/\\\/darkamazi.info\\\/darka-content\\\/uploads\\\/2017\\\/12\\\/darka-mazi-logo.png\",\"width\":151,\"height\":75,\"caption\":\"Darka Maz\u00ee\"},\"image\":{\"@id\":\"https:\\\/\\\/darkamazi.info\\\/#\\\/schema\\\/logo\\\/image\\\/\"},\"sameAs\":[\"https:\\\/\\\/www.facebook.com\\\/DarMaziKurmanci\",\"https:\\\/\\\/x.com\\\/DarkaMaziLatini\",\"https:\\\/\\\/www.instagram.com\\\/darkamazi.kurmanci\\\/\",\"https:\\\/\\\/www.youtube.com\\\/channel\\\/UCa5HkTdmI8U1qCUFuTw8B2g\"]},{\"@type\":\"Person\",\"@id\":\"https:\\\/\\\/darkamazi.info\\\/#\\\/schema\\\/person\\\/5ad3e24553a0567993fa8ed4bd0a776c\",\"name\":\"darka mazi\",\"sameAs\":[\"https:\\\/\\\/darkamazi.info\\\/\"],\"url\":\"https:\\\/\\\/darkamazi.info\\\/archives\\\/author\\\/kurdi\"}]}<\/script>\n<!-- \/ Yoast SEO plugin. -->","seo_head_json":{"title":"Bah\u00e7eli: Li demeka n\u00eaz\u00eek Tirkiyeyeka b\u00ea \u015fer \u00fb aloz\u00ee t\u00ea bidestxistin - Darka Maz\u00ee","robots":{"index":"index","follow":"follow","max-snippet":"max-snippet:-1","max-image-preview":"max-image-preview:large","max-video-preview":"max-video-preview:-1"},"canonical":"https:\/\/darkamazi.info\/archives\/1051241","og_locale":"en_US","og_type":"article","og_title":"Bah\u00e7eli: Li demeka n\u00eaz\u00eek Tirkiyeyeka b\u00ea \u015fer \u00fb aloz\u00ee t\u00ea bidestxistin - Darka Maz\u00ee","og_description":"Serok\u00ea Partiya Tevgera Netewey\u00ee ya Tirkiyey\u00ea (MHP) ragihand: \u201cLi demeka n\u00eaz\u00eek Tirkiyeyeka b\u00ea \u015fer \u00fb aloz\u00ee p\u00eangav p\u00eangav t\u00ea bidestxistin \u00fb bizav\u00ean biserxistina p\u00eavajoya a\u015ftiy\u00ea d\u00ea berdewam bin.\u201d Serok\u00ea Partiya Tevgera Netewey\u00ee ya Tirkiyey\u00ea (MHP) Devlet Bah\u00e7eli \u00eero (S\u00ea\u015fem, 06.01.2026) ragihand: \u201cLi demeka n\u00eaz\u00eek Tirkiyeyeka b\u00ea \u015fer \u00fb aloz\u00ee p\u00eangav p\u00eangav t\u00ea bidestxistin. Em r\u00eay\u00ea [&hellip;]","og_url":"https:\/\/darkamazi.info\/archives\/1051241","og_site_name":"Darka Maz\u00ee","article_publisher":"https:\/\/www.facebook.com\/DarMaziKurmanci","article_published_time":"2026-01-06T16:46:46+00:00","og_image":[{"width":900,"height":497,"url":"https:\/\/darkamazi.info\/file\/2026\/01\/devlet-bahceli.jpg","type":"image\/jpeg"}],"author":"darka mazi","twitter_card":"summary_large_image","twitter_creator":"@DarkaMaziLatini","twitter_site":"@DarkaMaziLatini","twitter_misc":{"Written by":"darka mazi","Est. reading time":"2 minutes"},"schema":{"@context":"https:\/\/schema.org","@graph":[{"@type":"Article","@id":"https:\/\/darkamazi.info\/archives\/1051241#article","isPartOf":{"@id":"https:\/\/darkamazi.info\/archives\/1051241"},"author":{"name":"darka mazi","@id":"https:\/\/darkamazi.info\/#\/schema\/person\/5ad3e24553a0567993fa8ed4bd0a776c"},"headline":"Bah\u00e7eli: Li demeka n\u00eaz\u00eek Tirkiyeyeka b\u00ea \u015fer \u00fb aloz\u00ee t\u00ea bidestxistin","datePublished":"2026-01-06T16:46:46+00:00","mainEntityOfPage":{"@id":"https:\/\/darkamazi.info\/archives\/1051241"},"wordCount":262,"publisher":{"@id":"https:\/\/darkamazi.info\/#organization"},"image":{"@id":"https:\/\/darkamazi.info\/archives\/1051241#primaryimage"},"thumbnailUrl":"https:\/\/darkamazi.info\/file\/2026\/01\/devlet-bahceli.jpg","keywords":["sereke"],"articleSection":["Rojhelata nav\u00een"],"inLanguage":"en-US"},{"@type":"WebPage","@id":"https:\/\/darkamazi.info\/archives\/1051241","url":"https:\/\/darkamazi.info\/archives\/1051241","name":"Bah\u00e7eli: Li demeka n\u00eaz\u00eek Tirkiyeyeka b\u00ea \u015fer \u00fb aloz\u00ee t\u00ea bidestxistin - Darka Maz\u00ee","isPartOf":{"@id":"https:\/\/darkamazi.info\/#website"},"primaryImageOfPage":{"@id":"https:\/\/darkamazi.info\/archives\/1051241#primaryimage"},"image":{"@id":"https:\/\/darkamazi.info\/archives\/1051241#primaryimage"},"thumbnailUrl":"https:\/\/darkamazi.info\/file\/2026\/01\/devlet-bahceli.jpg","datePublished":"2026-01-06T16:46:46+00:00","breadcrumb":{"@id":"https:\/\/darkamazi.info\/archives\/1051241#breadcrumb"},"inLanguage":"en-US","potentialAction":[{"@type":"ReadAction","target":["https:\/\/darkamazi.info\/archives\/1051241"]}]},{"@type":"ImageObject","inLanguage":"en-US","@id":"https:\/\/darkamazi.info\/archives\/1051241#primaryimage","url":"https:\/\/darkamazi.info\/file\/2026\/01\/devlet-bahceli.jpg","contentUrl":"https:\/\/darkamazi.info\/file\/2026\/01\/devlet-bahceli.jpg","width":900,"height":497,"caption":"Bah\u00e7eli: Li demeka n\u00eaz\u00eek Tirkiyeyeka b\u00ea \u015fer \u00fb aloz\u00ee t\u00ea bidestxistin"},{"@type":"BreadcrumbList","@id":"https:\/\/darkamazi.info\/archives\/1051241#breadcrumb","itemListElement":[{"@type":"ListItem","position":1,"name":"Home","item":"https:\/\/darkamazi.info\/"},{"@type":"ListItem","position":2,"name":"Bah\u00e7eli: Li demeka n\u00eaz\u00eek Tirkiyeyeka b\u00ea \u015fer \u00fb aloz\u00ee t\u00ea bidestxistin"}]},{"@type":"WebSite","@id":"https:\/\/darkamazi.info\/#website","url":"https:\/\/darkamazi.info\/","name":"Darka Maz\u00ee","description":"P\u00eageha Zanyariy\u00ean Nebih\u00eest\u00ee","publisher":{"@id":"https:\/\/darkamazi.info\/#organization"},"potentialAction":[{"@type":"SearchAction","target":{"@type":"EntryPoint","urlTemplate":"https:\/\/darkamazi.info\/?s={search_term_string}"},"query-input":{"@type":"PropertyValueSpecification","valueRequired":true,"valueName":"search_term_string"}}],"inLanguage":"en-US"},{"@type":"Organization","@id":"https:\/\/darkamazi.info\/#organization","name":"Darka Maz\u00ee","url":"https:\/\/darkamazi.info\/","logo":{"@type":"ImageObject","inLanguage":"en-US","@id":"https:\/\/darkamazi.info\/#\/schema\/logo\/image\/","url":"https:\/\/darkamazi.info\/file\/2017\/12\/darka-mazi-logo.png","contentUrl":"https:\/\/darkamazi.info\/file\/2017\/12\/darka-mazi-logo.png","width":151,"height":75,"caption":"Darka Maz\u00ee"},"image":{"@id":"https:\/\/darkamazi.info\/#\/schema\/logo\/image\/"},"sameAs":["https:\/\/www.facebook.com\/DarMaziKurmanci","https:\/\/x.com\/DarkaMaziLatini","https:\/\/www.instagram.com\/darkamazi.kurmanci\/","https:\/\/www.youtube.com\/channel\/UCa5HkTdmI8U1qCUFuTw8B2g"]},{"@type":"Person","@id":"https:\/\/darkamazi.info\/#\/schema\/person\/5ad3e24553a0567993fa8ed4bd0a776c","name":"darka mazi","sameAs":["https:\/\/darkamazi.info\/"],"url":"https:\/\/darkamazi.info\/archives\/author\/kurdi"}]}},"_links":{"self":[{"href":"https:\/\/darkamazi.info\/funavuv\/wp\/v2\/posts\/1051241","targetHints":{"allow":["GET"]}}],"collection":[{"href":"https:\/\/darkamazi.info\/funavuv\/wp\/v2\/posts"}],"about":[{"href":"https:\/\/darkamazi.info\/funavuv\/wp\/v2\/types\/post"}],"author":[{"embeddable":true,"href":"https:\/\/darkamazi.info\/funavuv\/wp\/v2\/users\/2"}],"replies":[{"embeddable":true,"href":"https:\/\/darkamazi.info\/funavuv\/wp\/v2\/comments?post=1051241"}],"version-history":[{"count":0,"href":"https:\/\/darkamazi.info\/funavuv\/wp\/v2\/posts\/1051241\/revisions"}],"wp:featuredmedia":[{"embeddable":true,"href":"https:\/\/darkamazi.info\/funavuv\/wp\/v2\/media\/1051242"}],"wp:attachment":[{"href":"https:\/\/darkamazi.info\/funavuv\/wp\/v2\/media?parent=1051241"}],"wp:term":[{"taxonomy":"category","embeddable":true,"href":"https:\/\/darkamazi.info\/funavuv\/wp\/v2\/categories?post=1051241"},{"taxonomy":"post_tag","embeddable":true,"href":"https:\/\/darkamazi.info\/funavuv\/wp\/v2\/tags?post=1051241"}],"curies":[{"name":"wp","href":"https:\/\/api.w.org\/{rel}","templated":true}]}}