{"id":1051244,"date":"2026-01-07T09:45:06","date_gmt":"2026-01-07T06:45:06","guid":{"rendered":"https:\/\/darkamazi.info\/?p=1051244"},"modified":"2026-01-07T09:45:06","modified_gmt":"2026-01-07T06:45:06","slug":"li-rojhilate-kurdistane-banga-greva-gisti-hat-kirin","status":"publish","type":"post","link":"https:\/\/darkamazi.info\/archives\/1051244","title":{"rendered":"Li Rojhilat\u00ea Kurdistan\u00ea banga greva gi\u015ft\u00ee hat kirin"},"content":{"rendered":"<h3 style=\"text-align: justify\"><span style=\"font-family: 'arial black', sans-serif\">Xwen\u00ee\u015fandan\u00ean li \u00ceran \u00fb Rojhilat\u00ea Kurdistan\u00ea didomin. Partiy\u00ean siyas\u00ee y\u00ean Rojhilat\u00ea Kurdistan\u00ea ji bo roja p\u00eanc\u015fem\u00ea banga greva gi\u015ft\u00ee kir.<\/span><\/h3>\n<h3 style=\"text-align: justify\"><span style=\"font-family: arial, helvetica, sans-serif\">Armanca biryar\u00ea pi\u015ftgiriya xwen\u00ee\u015fandan\u00ean ku li Tehran\u00ea dest p\u00ea kirine \u00fb \u015fermezarkirina ku\u015ftina welatiyan a li par\u00eazgeh\u00ean Kirma\u015fan, \u00celam \u00fb Loristan\u00ea ye.<\/span><\/h3>\n<h3 style=\"text-align: justify\"><span style=\"font-family: arial, helvetica, sans-serif\">Part\u00ee \u00fb r\u00eaxistin\u00ean Rojhilat\u00ea Kurdistan\u00ea di daxuyaniya xwe ya hevbe\u015f de diyar kir ku xwen\u00ee\u015fandan\u00ean ku li \u00ceran\u00ea didomin t\u00eako\u015f\u00eena &#8220;maf, azad\u00ee, vegerandina r\u00fbmeta mirovahiy\u00ea \u00fb bidaw\u00eean\u00eena cudakariy\u00ea&#8221; ne.<\/span><\/h3>\n<h3 style=\"text-align: justify\"><span style=\"font-family: arial, helvetica, sans-serif\">Di daxuyaniy\u00ea de midaxeleya tund a li hember\u00ee daxwaz\u00ean gel hat \u015fermezarkirin.<\/span><\/h3>\n<h3 style=\"text-align: justify\"><span style=\"font-family: arial, helvetica, sans-serif\">Her wiha bang li xelk\u00ea hat kirin ku roja 8\u00ea Kan\u00fbna Pa\u015f\u00eena 2026an li seranser\u00ea Rojhilat\u00ea Kurdistan\u00ea deriy\u00ean dikanan venekin \u00fb greva gi\u015ft\u00ee bikin.<\/span><\/h3>\n","protected":false},"excerpt":{"rendered":"<p>Xwen\u00ee\u015fandan\u00ean li \u00ceran \u00fb Rojhilat\u00ea Kurdistan\u00ea didomin. Partiy\u00ean siyas\u00ee y\u00ean Rojhilat\u00ea Kurdistan\u00ea ji bo roja p\u00eanc\u015fem\u00ea banga greva gi\u015ft\u00ee kir. Armanca biryar\u00ea pi\u015ftgiriya xwen\u00ee\u015fandan\u00ean ku li Tehran\u00ea dest p\u00ea kirine \u00fb \u015fermezarkirina ku\u015ftina welatiyan a li par\u00eazgeh\u00ean Kirma\u015fan, \u00celam \u00fb Loristan\u00ea ye. Part\u00ee \u00fb r\u00eaxistin\u00ean Rojhilat\u00ea Kurdistan\u00ea di daxuyaniya xwe ya hevbe\u015f de diyar kir [&hellip;]<\/p>\n","protected":false},"author":2,"featured_media":1051245,"comment_status":"closed","ping_status":"closed","sticky":false,"template":"","format":"standard","meta":{"footnotes":""},"categories":[29],"tags":[37],"class_list":["post-1051244","post","type-post","status-publish","format-standard","has-post-thumbnail","hentry","category-kurdistan","tag-sereke"],"blocksy_meta":[],"seo_head":"<!-- This site is optimized with the Yoast SEO plugin v27.5 - https:\/\/yoast.com\/product\/yoast-seo-wordpress\/ -->\n<title>Li Rojhilat\u00ea Kurdistan\u00ea banga greva gi\u015ft\u00ee hat kirin - Darka Maz\u00ee<\/title>\n<meta name=\"robots\" content=\"index, follow, max-snippet:-1, max-image-preview:large, max-video-preview:-1\" \/>\n<link rel=\"canonical\" href=\"https:\/\/darkamazi.info\/archives\/1051244\" \/>\n<meta property=\"og:locale\" content=\"en_US\" \/>\n<meta property=\"og:type\" content=\"article\" \/>\n<meta property=\"og:title\" content=\"Li Rojhilat\u00ea Kurdistan\u00ea banga greva gi\u015ft\u00ee hat kirin - Darka Maz\u00ee\" \/>\n<meta property=\"og:description\" content=\"Xwen\u00ee\u015fandan\u00ean li \u00ceran \u00fb Rojhilat\u00ea Kurdistan\u00ea didomin. Partiy\u00ean siyas\u00ee y\u00ean Rojhilat\u00ea Kurdistan\u00ea ji bo roja p\u00eanc\u015fem\u00ea banga greva gi\u015ft\u00ee kir. Armanca biryar\u00ea pi\u015ftgiriya xwen\u00ee\u015fandan\u00ean ku li Tehran\u00ea dest p\u00ea kirine \u00fb \u015fermezarkirina ku\u015ftina welatiyan a li par\u00eazgeh\u00ean Kirma\u015fan, \u00celam \u00fb Loristan\u00ea ye. Part\u00ee \u00fb r\u00eaxistin\u00ean Rojhilat\u00ea Kurdistan\u00ea di daxuyaniya xwe ya hevbe\u015f de diyar kir [&hellip;]\" \/>\n<meta property=\"og:url\" content=\"https:\/\/darkamazi.info\/archives\/1051244\" \/>\n<meta property=\"og:site_name\" content=\"Darka Maz\u00ee\" \/>\n<meta property=\"article:publisher\" content=\"https:\/\/www.facebook.com\/DarMaziKurmanci\" \/>\n<meta property=\"article:published_time\" content=\"2026-01-07T06:45:06+00:00\" \/>\n<meta property=\"og:image\" content=\"https:\/\/darkamazi.info\/file\/2026\/01\/Iran-Rojhilat.jpg\" \/>\n\t<meta property=\"og:image:width\" content=\"900\" \/>\n\t<meta property=\"og:image:height\" content=\"500\" \/>\n\t<meta property=\"og:image:type\" content=\"image\/jpeg\" \/>\n<meta name=\"author\" content=\"darka mazi\" \/>\n<meta name=\"twitter:card\" content=\"summary_large_image\" \/>\n<meta name=\"twitter:creator\" content=\"@DarkaMaziLatini\" \/>\n<meta name=\"twitter:site\" content=\"@DarkaMaziLatini\" \/>\n<meta name=\"twitter:label1\" content=\"Written by\" \/>\n\t<meta name=\"twitter:data1\" content=\"darka mazi\" \/>\n\t<meta name=\"twitter:label2\" content=\"Est. reading time\" \/>\n\t<meta name=\"twitter:data2\" content=\"1 minute\" \/>\n<script type=\"application\/ld+json\" class=\"seo-schema-graph\">{\"@context\":\"https:\\\/\\\/schema.org\",\"@graph\":[{\"@type\":\"Article\",\"@id\":\"https:\\\/\\\/darkamazi.info\\\/archives\\\/1051244#article\",\"isPartOf\":{\"@id\":\"https:\\\/\\\/darkamazi.info\\\/archives\\\/1051244\"},\"author\":{\"name\":\"darka mazi\",\"@id\":\"https:\\\/\\\/darkamazi.info\\\/#\\\/schema\\\/person\\\/5ad3e24553a0567993fa8ed4bd0a776c\"},\"headline\":\"Li Rojhilat\u00ea Kurdistan\u00ea banga greva gi\u015ft\u00ee hat kirin\",\"datePublished\":\"2026-01-07T06:45:06+00:00\",\"mainEntityOfPage\":{\"@id\":\"https:\\\/\\\/darkamazi.info\\\/archives\\\/1051244\"},\"wordCount\":137,\"publisher\":{\"@id\":\"https:\\\/\\\/darkamazi.info\\\/#organization\"},\"image\":{\"@id\":\"https:\\\/\\\/darkamazi.info\\\/archives\\\/1051244#primaryimage\"},\"thumbnailUrl\":\"https:\\\/\\\/darkamazi.info\\\/darka-content\\\/uploads\\\/2026\\\/01\\\/Iran-Rojhilat.jpg\",\"keywords\":[\"sereke\"],\"articleSection\":[\"Kurdistan\"],\"inLanguage\":\"en-US\"},{\"@type\":\"WebPage\",\"@id\":\"https:\\\/\\\/darkamazi.info\\\/archives\\\/1051244\",\"url\":\"https:\\\/\\\/darkamazi.info\\\/archives\\\/1051244\",\"name\":\"Li Rojhilat\u00ea Kurdistan\u00ea banga greva gi\u015ft\u00ee hat kirin - Darka Maz\u00ee\",\"isPartOf\":{\"@id\":\"https:\\\/\\\/darkamazi.info\\\/#website\"},\"primaryImageOfPage\":{\"@id\":\"https:\\\/\\\/darkamazi.info\\\/archives\\\/1051244#primaryimage\"},\"image\":{\"@id\":\"https:\\\/\\\/darkamazi.info\\\/archives\\\/1051244#primaryimage\"},\"thumbnailUrl\":\"https:\\\/\\\/darkamazi.info\\\/darka-content\\\/uploads\\\/2026\\\/01\\\/Iran-Rojhilat.jpg\",\"datePublished\":\"2026-01-07T06:45:06+00:00\",\"breadcrumb\":{\"@id\":\"https:\\\/\\\/darkamazi.info\\\/archives\\\/1051244#breadcrumb\"},\"inLanguage\":\"en-US\",\"potentialAction\":[{\"@type\":\"ReadAction\",\"target\":[\"https:\\\/\\\/darkamazi.info\\\/archives\\\/1051244\"]}]},{\"@type\":\"ImageObject\",\"inLanguage\":\"en-US\",\"@id\":\"https:\\\/\\\/darkamazi.info\\\/archives\\\/1051244#primaryimage\",\"url\":\"https:\\\/\\\/darkamazi.info\\\/darka-content\\\/uploads\\\/2026\\\/01\\\/Iran-Rojhilat.jpg\",\"contentUrl\":\"https:\\\/\\\/darkamazi.info\\\/darka-content\\\/uploads\\\/2026\\\/01\\\/Iran-Rojhilat.jpg\",\"width\":900,\"height\":500,\"caption\":\"Iran-Rojhilat\"},{\"@type\":\"BreadcrumbList\",\"@id\":\"https:\\\/\\\/darkamazi.info\\\/archives\\\/1051244#breadcrumb\",\"itemListElement\":[{\"@type\":\"ListItem\",\"position\":1,\"name\":\"Home\",\"item\":\"https:\\\/\\\/darkamazi.info\\\/\"},{\"@type\":\"ListItem\",\"position\":2,\"name\":\"Li Rojhilat\u00ea Kurdistan\u00ea banga greva gi\u015ft\u00ee hat kirin\"}]},{\"@type\":\"WebSite\",\"@id\":\"https:\\\/\\\/darkamazi.info\\\/#website\",\"url\":\"https:\\\/\\\/darkamazi.info\\\/\",\"name\":\"Darka Maz\u00ee\",\"description\":\"P\u00eageha Zanyariy\u00ean Nebih\u00eest\u00ee\",\"publisher\":{\"@id\":\"https:\\\/\\\/darkamazi.info\\\/#organization\"},\"potentialAction\":[{\"@type\":\"SearchAction\",\"target\":{\"@type\":\"EntryPoint\",\"urlTemplate\":\"https:\\\/\\\/darkamazi.info\\\/?s={search_term_string}\"},\"query-input\":{\"@type\":\"PropertyValueSpecification\",\"valueRequired\":true,\"valueName\":\"search_term_string\"}}],\"inLanguage\":\"en-US\"},{\"@type\":\"Organization\",\"@id\":\"https:\\\/\\\/darkamazi.info\\\/#organization\",\"name\":\"Darka Maz\u00ee\",\"url\":\"https:\\\/\\\/darkamazi.info\\\/\",\"logo\":{\"@type\":\"ImageObject\",\"inLanguage\":\"en-US\",\"@id\":\"https:\\\/\\\/darkamazi.info\\\/#\\\/schema\\\/logo\\\/image\\\/\",\"url\":\"https:\\\/\\\/darkamazi.info\\\/darka-content\\\/uploads\\\/2017\\\/12\\\/darka-mazi-logo.png\",\"contentUrl\":\"https:\\\/\\\/darkamazi.info\\\/darka-content\\\/uploads\\\/2017\\\/12\\\/darka-mazi-logo.png\",\"width\":151,\"height\":75,\"caption\":\"Darka Maz\u00ee\"},\"image\":{\"@id\":\"https:\\\/\\\/darkamazi.info\\\/#\\\/schema\\\/logo\\\/image\\\/\"},\"sameAs\":[\"https:\\\/\\\/www.facebook.com\\\/DarMaziKurmanci\",\"https:\\\/\\\/x.com\\\/DarkaMaziLatini\",\"https:\\\/\\\/www.instagram.com\\\/darkamazi.kurmanci\\\/\",\"https:\\\/\\\/www.youtube.com\\\/channel\\\/UCa5HkTdmI8U1qCUFuTw8B2g\"]},{\"@type\":\"Person\",\"@id\":\"https:\\\/\\\/darkamazi.info\\\/#\\\/schema\\\/person\\\/5ad3e24553a0567993fa8ed4bd0a776c\",\"name\":\"darka mazi\",\"sameAs\":[\"https:\\\/\\\/darkamazi.info\\\/\"],\"url\":\"https:\\\/\\\/darkamazi.info\\\/archives\\\/author\\\/kurdi\"}]}<\/script>\n<!-- \/ Yoast SEO plugin. -->","seo_head_json":{"title":"Li Rojhilat\u00ea Kurdistan\u00ea banga greva gi\u015ft\u00ee hat kirin - Darka Maz\u00ee","robots":{"index":"index","follow":"follow","max-snippet":"max-snippet:-1","max-image-preview":"max-image-preview:large","max-video-preview":"max-video-preview:-1"},"canonical":"https:\/\/darkamazi.info\/archives\/1051244","og_locale":"en_US","og_type":"article","og_title":"Li Rojhilat\u00ea Kurdistan\u00ea banga greva gi\u015ft\u00ee hat kirin - Darka Maz\u00ee","og_description":"Xwen\u00ee\u015fandan\u00ean li \u00ceran \u00fb Rojhilat\u00ea Kurdistan\u00ea didomin. Partiy\u00ean siyas\u00ee y\u00ean Rojhilat\u00ea Kurdistan\u00ea ji bo roja p\u00eanc\u015fem\u00ea banga greva gi\u015ft\u00ee kir. Armanca biryar\u00ea pi\u015ftgiriya xwen\u00ee\u015fandan\u00ean ku li Tehran\u00ea dest p\u00ea kirine \u00fb \u015fermezarkirina ku\u015ftina welatiyan a li par\u00eazgeh\u00ean Kirma\u015fan, \u00celam \u00fb Loristan\u00ea ye. Part\u00ee \u00fb r\u00eaxistin\u00ean Rojhilat\u00ea Kurdistan\u00ea di daxuyaniya xwe ya hevbe\u015f de diyar kir [&hellip;]","og_url":"https:\/\/darkamazi.info\/archives\/1051244","og_site_name":"Darka Maz\u00ee","article_publisher":"https:\/\/www.facebook.com\/DarMaziKurmanci","article_published_time":"2026-01-07T06:45:06+00:00","og_image":[{"width":900,"height":500,"url":"https:\/\/darkamazi.info\/file\/2026\/01\/Iran-Rojhilat.jpg","type":"image\/jpeg"}],"author":"darka mazi","twitter_card":"summary_large_image","twitter_creator":"@DarkaMaziLatini","twitter_site":"@DarkaMaziLatini","twitter_misc":{"Written by":"darka mazi","Est. reading time":"1 minute"},"schema":{"@context":"https:\/\/schema.org","@graph":[{"@type":"Article","@id":"https:\/\/darkamazi.info\/archives\/1051244#article","isPartOf":{"@id":"https:\/\/darkamazi.info\/archives\/1051244"},"author":{"name":"darka mazi","@id":"https:\/\/darkamazi.info\/#\/schema\/person\/5ad3e24553a0567993fa8ed4bd0a776c"},"headline":"Li Rojhilat\u00ea Kurdistan\u00ea banga greva gi\u015ft\u00ee hat kirin","datePublished":"2026-01-07T06:45:06+00:00","mainEntityOfPage":{"@id":"https:\/\/darkamazi.info\/archives\/1051244"},"wordCount":137,"publisher":{"@id":"https:\/\/darkamazi.info\/#organization"},"image":{"@id":"https:\/\/darkamazi.info\/archives\/1051244#primaryimage"},"thumbnailUrl":"https:\/\/darkamazi.info\/file\/2026\/01\/Iran-Rojhilat.jpg","keywords":["sereke"],"articleSection":["Kurdistan"],"inLanguage":"en-US"},{"@type":"WebPage","@id":"https:\/\/darkamazi.info\/archives\/1051244","url":"https:\/\/darkamazi.info\/archives\/1051244","name":"Li Rojhilat\u00ea Kurdistan\u00ea banga greva gi\u015ft\u00ee hat kirin - Darka Maz\u00ee","isPartOf":{"@id":"https:\/\/darkamazi.info\/#website"},"primaryImageOfPage":{"@id":"https:\/\/darkamazi.info\/archives\/1051244#primaryimage"},"image":{"@id":"https:\/\/darkamazi.info\/archives\/1051244#primaryimage"},"thumbnailUrl":"https:\/\/darkamazi.info\/file\/2026\/01\/Iran-Rojhilat.jpg","datePublished":"2026-01-07T06:45:06+00:00","breadcrumb":{"@id":"https:\/\/darkamazi.info\/archives\/1051244#breadcrumb"},"inLanguage":"en-US","potentialAction":[{"@type":"ReadAction","target":["https:\/\/darkamazi.info\/archives\/1051244"]}]},{"@type":"ImageObject","inLanguage":"en-US","@id":"https:\/\/darkamazi.info\/archives\/1051244#primaryimage","url":"https:\/\/darkamazi.info\/file\/2026\/01\/Iran-Rojhilat.jpg","contentUrl":"https:\/\/darkamazi.info\/file\/2026\/01\/Iran-Rojhilat.jpg","width":900,"height":500,"caption":"Iran-Rojhilat"},{"@type":"BreadcrumbList","@id":"https:\/\/darkamazi.info\/archives\/1051244#breadcrumb","itemListElement":[{"@type":"ListItem","position":1,"name":"Home","item":"https:\/\/darkamazi.info\/"},{"@type":"ListItem","position":2,"name":"Li Rojhilat\u00ea Kurdistan\u00ea banga greva gi\u015ft\u00ee hat kirin"}]},{"@type":"WebSite","@id":"https:\/\/darkamazi.info\/#website","url":"https:\/\/darkamazi.info\/","name":"Darka Maz\u00ee","description":"P\u00eageha Zanyariy\u00ean Nebih\u00eest\u00ee","publisher":{"@id":"https:\/\/darkamazi.info\/#organization"},"potentialAction":[{"@type":"SearchAction","target":{"@type":"EntryPoint","urlTemplate":"https:\/\/darkamazi.info\/?s={search_term_string}"},"query-input":{"@type":"PropertyValueSpecification","valueRequired":true,"valueName":"search_term_string"}}],"inLanguage":"en-US"},{"@type":"Organization","@id":"https:\/\/darkamazi.info\/#organization","name":"Darka Maz\u00ee","url":"https:\/\/darkamazi.info\/","logo":{"@type":"ImageObject","inLanguage":"en-US","@id":"https:\/\/darkamazi.info\/#\/schema\/logo\/image\/","url":"https:\/\/darkamazi.info\/file\/2017\/12\/darka-mazi-logo.png","contentUrl":"https:\/\/darkamazi.info\/file\/2017\/12\/darka-mazi-logo.png","width":151,"height":75,"caption":"Darka Maz\u00ee"},"image":{"@id":"https:\/\/darkamazi.info\/#\/schema\/logo\/image\/"},"sameAs":["https:\/\/www.facebook.com\/DarMaziKurmanci","https:\/\/x.com\/DarkaMaziLatini","https:\/\/www.instagram.com\/darkamazi.kurmanci\/","https:\/\/www.youtube.com\/channel\/UCa5HkTdmI8U1qCUFuTw8B2g"]},{"@type":"Person","@id":"https:\/\/darkamazi.info\/#\/schema\/person\/5ad3e24553a0567993fa8ed4bd0a776c","name":"darka mazi","sameAs":["https:\/\/darkamazi.info\/"],"url":"https:\/\/darkamazi.info\/archives\/author\/kurdi"}]}},"_links":{"self":[{"href":"https:\/\/darkamazi.info\/funavuv\/wp\/v2\/posts\/1051244","targetHints":{"allow":["GET"]}}],"collection":[{"href":"https:\/\/darkamazi.info\/funavuv\/wp\/v2\/posts"}],"about":[{"href":"https:\/\/darkamazi.info\/funavuv\/wp\/v2\/types\/post"}],"author":[{"embeddable":true,"href":"https:\/\/darkamazi.info\/funavuv\/wp\/v2\/users\/2"}],"replies":[{"embeddable":true,"href":"https:\/\/darkamazi.info\/funavuv\/wp\/v2\/comments?post=1051244"}],"version-history":[{"count":0,"href":"https:\/\/darkamazi.info\/funavuv\/wp\/v2\/posts\/1051244\/revisions"}],"wp:featuredmedia":[{"embeddable":true,"href":"https:\/\/darkamazi.info\/funavuv\/wp\/v2\/media\/1051245"}],"wp:attachment":[{"href":"https:\/\/darkamazi.info\/funavuv\/wp\/v2\/media?parent=1051244"}],"wp:term":[{"taxonomy":"category","embeddable":true,"href":"https:\/\/darkamazi.info\/funavuv\/wp\/v2\/categories?post=1051244"},{"taxonomy":"post_tag","embeddable":true,"href":"https:\/\/darkamazi.info\/funavuv\/wp\/v2\/tags?post=1051244"}],"curies":[{"name":"wp","href":"https:\/\/api.w.org\/{rel}","templated":true}]}}