{"id":1051250,"date":"2026-01-07T12:54:53","date_gmt":"2026-01-07T09:54:53","guid":{"rendered":"https:\/\/darkamazi.info\/?p=1051250"},"modified":"2026-01-07T12:54:53","modified_gmt":"2026-01-07T09:54:53","slug":"artesa-suriyeye-li-taxen-kurdan-ser-ragihand-baregehen-hsdye-armancen-me-yen-rewa-ne","status":"publish","type":"post","link":"https:\/\/darkamazi.info\/archives\/1051250","title":{"rendered":"Art\u00ea\u015fa S\u00fbriyey\u00ea li tax\u00ean Kurdan \u015fer ragihand: &#8216;Baregeh\u00ean HSDy\u00ea armanc\u00ean me y\u00ean rewa ne&#8217;"},"content":{"rendered":"<h3 style=\"text-align: justify\"><span style=\"font-family: 'arial black', sans-serif\">Desteya Operasyonan a Art\u00ea\u015fa Ereb\u00ee ya S\u00fbriyey\u00ea ragihand ku ji niha \u00fb p\u00ea ve hem\u00fb p\u00eageh\u00ean le\u015fker\u00ee y\u00ean H\u00eaz\u00ean S\u00fbriyeya Demokrat\u00eek (HSD) \u00ean li tax\u00ean \u015e\u00eaxmeqs\u00fbd \u00fb E\u015frefiy\u00ea y\u00ean bajar\u00ea Heleb\u00ea, wek\u00ee &#8220;hedef\u00ean le\u015fker\u00ee y\u00ean rewa&#8221; t\u00ean d\u00eetin \u00fb d\u00ea b\u00ean armanckirin.<\/span><\/h3>\n<h3 style=\"text-align: justify\"><span style=\"font-family: arial, helvetica, sans-serif\">Art\u00ea\u015fa S\u00fbriyey\u00ea di daxuyaniyek\u00ea de amaje bi w\u00ea yek\u00ea kir ku ev gav pi\u015ft\u00ee w\u00ea yek\u00ea t\u00ea ku wan h\u00eazan (HSD) aloziy\u00ean xwe ber bi tax\u00ean din \u00ean bajar\u00ea Heleb\u00ea ve berfireh kirine \u00fb li dij\u00ee welatiy\u00ean siv\u00eel &#8220;komkuj\u00ee&#8221; kirine.<\/span><\/h3>\n<h3 style=\"text-align: justify\"><span style=\"font-family: arial, helvetica, sans-serif\">Di daxuyaniy\u00ea de hi\u015fyar\u00ee ji ni\u015ftecih\u00ean siv\u00eel \u00ean tax\u00ean \u015e\u00eaxmeqs\u00fbd \u00fb E\u015frefiy\u00ea hat day\u00een ku di demeke her\u00ee z\u00fb de ji baregeh \u00fb navend\u00ean le\u015fker\u00ee y\u00ean HSDy\u00ea d\u00fbr bikevin da ku can\u00ea wan parast\u00ee be.<\/span><\/h3>\n<h3 style=\"text-align: justify\"><span style=\"font-family: arial, helvetica, sans-serif\">Her wiha Art\u00ea\u015fa S\u00fbriyey\u00ea ragihand ku ji bo derketina welatiyan du kor\u00eedor\u00ean mirov\u00ee y\u00ean ewle vekirine ku ew j\u00ee &#8220;Deriy\u00ea Ewariz&#8221; \u00fb &#8220;Deriy\u00ea Kolana Zuh\u00fbr\u00ea&#8221; ne.<\/span><\/h3>\n<h3 style=\"text-align: justify\"><span style=\"font-family: arial, helvetica, sans-serif\">Art\u00ea\u015fa S\u00fbriyey\u00ea destn\u00ee\u015fan kir ku ew der\u00ee d\u00ea heta saet 15:00\u00ea \u00eero pi\u015ft\u00ee n\u00eevro vekir\u00ee bim\u00eenin.<\/span><\/h3>\n","protected":false},"excerpt":{"rendered":"<p>Desteya Operasyonan a Art\u00ea\u015fa Ereb\u00ee ya S\u00fbriyey\u00ea ragihand ku ji niha \u00fb p\u00ea ve hem\u00fb p\u00eageh\u00ean le\u015fker\u00ee y\u00ean H\u00eaz\u00ean S\u00fbriyeya Demokrat\u00eek (HSD) \u00ean li tax\u00ean \u015e\u00eaxmeqs\u00fbd \u00fb E\u015frefiy\u00ea y\u00ean bajar\u00ea Heleb\u00ea, wek\u00ee &#8220;hedef\u00ean le\u015fker\u00ee y\u00ean rewa&#8221; t\u00ean d\u00eetin \u00fb d\u00ea b\u00ean armanckirin. Art\u00ea\u015fa S\u00fbriyey\u00ea di daxuyaniyek\u00ea de amaje bi w\u00ea yek\u00ea kir ku ev gav [&hellip;]<\/p>\n","protected":false},"author":2,"featured_media":1051251,"comment_status":"closed","ping_status":"closed","sticky":false,"template":"","format":"standard","meta":{"footnotes":""},"categories":[31],"tags":[37],"class_list":["post-1051250","post","type-post","status-publish","format-standard","has-post-thumbnail","hentry","category-rojhelata-navin","tag-sereke"],"blocksy_meta":[],"seo_head":"<!-- This site is optimized with the Yoast SEO plugin v27.5 - https:\/\/yoast.com\/product\/yoast-seo-wordpress\/ -->\n<title>Art\u00ea\u015fa S\u00fbriyey\u00ea li tax\u00ean Kurdan \u015fer ragihand: &#039;Baregeh\u00ean HSDy\u00ea armanc\u00ean me y\u00ean rewa ne&#039; - Darka Maz\u00ee<\/title>\n<meta name=\"robots\" content=\"index, follow, max-snippet:-1, max-image-preview:large, max-video-preview:-1\" \/>\n<link rel=\"canonical\" href=\"https:\/\/darkamazi.info\/archives\/1051250\" \/>\n<meta property=\"og:locale\" content=\"en_US\" \/>\n<meta property=\"og:type\" content=\"article\" \/>\n<meta property=\"og:title\" content=\"Art\u00ea\u015fa S\u00fbriyey\u00ea li tax\u00ean Kurdan \u015fer ragihand: &#039;Baregeh\u00ean HSDy\u00ea armanc\u00ean me y\u00ean rewa ne&#039; - Darka Maz\u00ee\" \/>\n<meta property=\"og:description\" content=\"Desteya Operasyonan a Art\u00ea\u015fa Ereb\u00ee ya S\u00fbriyey\u00ea ragihand ku ji niha \u00fb p\u00ea ve hem\u00fb p\u00eageh\u00ean le\u015fker\u00ee y\u00ean H\u00eaz\u00ean S\u00fbriyeya Demokrat\u00eek (HSD) \u00ean li tax\u00ean \u015e\u00eaxmeqs\u00fbd \u00fb E\u015frefiy\u00ea y\u00ean bajar\u00ea Heleb\u00ea, wek\u00ee &#8220;hedef\u00ean le\u015fker\u00ee y\u00ean rewa&#8221; t\u00ean d\u00eetin \u00fb d\u00ea b\u00ean armanckirin. Art\u00ea\u015fa S\u00fbriyey\u00ea di daxuyaniyek\u00ea de amaje bi w\u00ea yek\u00ea kir ku ev gav [&hellip;]\" \/>\n<meta property=\"og:url\" content=\"https:\/\/darkamazi.info\/archives\/1051250\" \/>\n<meta property=\"og:site_name\" content=\"Darka Maz\u00ee\" \/>\n<meta property=\"article:publisher\" content=\"https:\/\/www.facebook.com\/DarMaziKurmanci\" \/>\n<meta property=\"article:published_time\" content=\"2026-01-07T09:54:53+00:00\" \/>\n<meta property=\"og:image\" content=\"https:\/\/darkamazi.info\/file\/2026\/01\/syria-armi-halab-QSD-info.jpg\" \/>\n\t<meta property=\"og:image:width\" content=\"900\" \/>\n\t<meta property=\"og:image:height\" content=\"500\" \/>\n\t<meta property=\"og:image:type\" content=\"image\/jpeg\" \/>\n<meta name=\"author\" content=\"darka mazi\" \/>\n<meta name=\"twitter:card\" content=\"summary_large_image\" \/>\n<meta name=\"twitter:creator\" content=\"@DarkaMaziLatini\" \/>\n<meta name=\"twitter:site\" content=\"@DarkaMaziLatini\" \/>\n<meta name=\"twitter:label1\" content=\"Written by\" \/>\n\t<meta name=\"twitter:data1\" content=\"darka mazi\" \/>\n\t<meta name=\"twitter:label2\" content=\"Est. reading time\" \/>\n\t<meta name=\"twitter:data2\" content=\"1 minute\" \/>\n<script type=\"application\/ld+json\" class=\"seo-schema-graph\">{\"@context\":\"https:\\\/\\\/schema.org\",\"@graph\":[{\"@type\":\"Article\",\"@id\":\"https:\\\/\\\/darkamazi.info\\\/archives\\\/1051250#article\",\"isPartOf\":{\"@id\":\"https:\\\/\\\/darkamazi.info\\\/archives\\\/1051250\"},\"author\":{\"name\":\"darka mazi\",\"@id\":\"https:\\\/\\\/darkamazi.info\\\/#\\\/schema\\\/person\\\/5ad3e24553a0567993fa8ed4bd0a776c\"},\"headline\":\"Art\u00ea\u015fa S\u00fbriyey\u00ea li tax\u00ean Kurdan \u015fer ragihand: &#8216;Baregeh\u00ean HSDy\u00ea armanc\u00ean me y\u00ean rewa ne&#8217;\",\"datePublished\":\"2026-01-07T09:54:53+00:00\",\"mainEntityOfPage\":{\"@id\":\"https:\\\/\\\/darkamazi.info\\\/archives\\\/1051250\"},\"wordCount\":223,\"publisher\":{\"@id\":\"https:\\\/\\\/darkamazi.info\\\/#organization\"},\"image\":{\"@id\":\"https:\\\/\\\/darkamazi.info\\\/archives\\\/1051250#primaryimage\"},\"thumbnailUrl\":\"https:\\\/\\\/darkamazi.info\\\/darka-content\\\/uploads\\\/2026\\\/01\\\/syria-armi-halab-QSD-info.jpg\",\"keywords\":[\"sereke\"],\"articleSection\":[\"Rojhelata nav\u00een\"],\"inLanguage\":\"en-US\"},{\"@type\":\"WebPage\",\"@id\":\"https:\\\/\\\/darkamazi.info\\\/archives\\\/1051250\",\"url\":\"https:\\\/\\\/darkamazi.info\\\/archives\\\/1051250\",\"name\":\"Art\u00ea\u015fa S\u00fbriyey\u00ea li tax\u00ean Kurdan \u015fer ragihand: 'Baregeh\u00ean HSDy\u00ea armanc\u00ean me y\u00ean rewa ne' - Darka Maz\u00ee\",\"isPartOf\":{\"@id\":\"https:\\\/\\\/darkamazi.info\\\/#website\"},\"primaryImageOfPage\":{\"@id\":\"https:\\\/\\\/darkamazi.info\\\/archives\\\/1051250#primaryimage\"},\"image\":{\"@id\":\"https:\\\/\\\/darkamazi.info\\\/archives\\\/1051250#primaryimage\"},\"thumbnailUrl\":\"https:\\\/\\\/darkamazi.info\\\/darka-content\\\/uploads\\\/2026\\\/01\\\/syria-armi-halab-QSD-info.jpg\",\"datePublished\":\"2026-01-07T09:54:53+00:00\",\"breadcrumb\":{\"@id\":\"https:\\\/\\\/darkamazi.info\\\/archives\\\/1051250#breadcrumb\"},\"inLanguage\":\"en-US\",\"potentialAction\":[{\"@type\":\"ReadAction\",\"target\":[\"https:\\\/\\\/darkamazi.info\\\/archives\\\/1051250\"]}]},{\"@type\":\"ImageObject\",\"inLanguage\":\"en-US\",\"@id\":\"https:\\\/\\\/darkamazi.info\\\/archives\\\/1051250#primaryimage\",\"url\":\"https:\\\/\\\/darkamazi.info\\\/darka-content\\\/uploads\\\/2026\\\/01\\\/syria-armi-halab-QSD-info.jpg\",\"contentUrl\":\"https:\\\/\\\/darkamazi.info\\\/darka-content\\\/uploads\\\/2026\\\/01\\\/syria-armi-halab-QSD-info.jpg\",\"width\":900,\"height\":500,\"caption\":\"syria armi-halab-QSD-net\"},{\"@type\":\"BreadcrumbList\",\"@id\":\"https:\\\/\\\/darkamazi.info\\\/archives\\\/1051250#breadcrumb\",\"itemListElement\":[{\"@type\":\"ListItem\",\"position\":1,\"name\":\"Home\",\"item\":\"https:\\\/\\\/darkamazi.info\\\/\"},{\"@type\":\"ListItem\",\"position\":2,\"name\":\"Art\u00ea\u015fa S\u00fbriyey\u00ea li tax\u00ean Kurdan \u015fer ragihand: &#8216;Baregeh\u00ean HSDy\u00ea armanc\u00ean me y\u00ean rewa ne&#8217;\"}]},{\"@type\":\"WebSite\",\"@id\":\"https:\\\/\\\/darkamazi.info\\\/#website\",\"url\":\"https:\\\/\\\/darkamazi.info\\\/\",\"name\":\"Darka Maz\u00ee\",\"description\":\"P\u00eageha Zanyariy\u00ean Nebih\u00eest\u00ee\",\"publisher\":{\"@id\":\"https:\\\/\\\/darkamazi.info\\\/#organization\"},\"potentialAction\":[{\"@type\":\"SearchAction\",\"target\":{\"@type\":\"EntryPoint\",\"urlTemplate\":\"https:\\\/\\\/darkamazi.info\\\/?s={search_term_string}\"},\"query-input\":{\"@type\":\"PropertyValueSpecification\",\"valueRequired\":true,\"valueName\":\"search_term_string\"}}],\"inLanguage\":\"en-US\"},{\"@type\":\"Organization\",\"@id\":\"https:\\\/\\\/darkamazi.info\\\/#organization\",\"name\":\"Darka Maz\u00ee\",\"url\":\"https:\\\/\\\/darkamazi.info\\\/\",\"logo\":{\"@type\":\"ImageObject\",\"inLanguage\":\"en-US\",\"@id\":\"https:\\\/\\\/darkamazi.info\\\/#\\\/schema\\\/logo\\\/image\\\/\",\"url\":\"https:\\\/\\\/darkamazi.info\\\/darka-content\\\/uploads\\\/2017\\\/12\\\/darka-mazi-logo.png\",\"contentUrl\":\"https:\\\/\\\/darkamazi.info\\\/darka-content\\\/uploads\\\/2017\\\/12\\\/darka-mazi-logo.png\",\"width\":151,\"height\":75,\"caption\":\"Darka Maz\u00ee\"},\"image\":{\"@id\":\"https:\\\/\\\/darkamazi.info\\\/#\\\/schema\\\/logo\\\/image\\\/\"},\"sameAs\":[\"https:\\\/\\\/www.facebook.com\\\/DarMaziKurmanci\",\"https:\\\/\\\/x.com\\\/DarkaMaziLatini\",\"https:\\\/\\\/www.instagram.com\\\/darkamazi.kurmanci\\\/\",\"https:\\\/\\\/www.youtube.com\\\/channel\\\/UCa5HkTdmI8U1qCUFuTw8B2g\"]},{\"@type\":\"Person\",\"@id\":\"https:\\\/\\\/darkamazi.info\\\/#\\\/schema\\\/person\\\/5ad3e24553a0567993fa8ed4bd0a776c\",\"name\":\"darka mazi\",\"sameAs\":[\"https:\\\/\\\/darkamazi.info\\\/\"],\"url\":\"https:\\\/\\\/darkamazi.info\\\/archives\\\/author\\\/kurdi\"}]}<\/script>\n<!-- \/ Yoast SEO plugin. -->","seo_head_json":{"title":"Art\u00ea\u015fa S\u00fbriyey\u00ea li tax\u00ean Kurdan \u015fer ragihand: 'Baregeh\u00ean HSDy\u00ea armanc\u00ean me y\u00ean rewa ne' - Darka Maz\u00ee","robots":{"index":"index","follow":"follow","max-snippet":"max-snippet:-1","max-image-preview":"max-image-preview:large","max-video-preview":"max-video-preview:-1"},"canonical":"https:\/\/darkamazi.info\/archives\/1051250","og_locale":"en_US","og_type":"article","og_title":"Art\u00ea\u015fa S\u00fbriyey\u00ea li tax\u00ean Kurdan \u015fer ragihand: 'Baregeh\u00ean HSDy\u00ea armanc\u00ean me y\u00ean rewa ne' - Darka Maz\u00ee","og_description":"Desteya Operasyonan a Art\u00ea\u015fa Ereb\u00ee ya S\u00fbriyey\u00ea ragihand ku ji niha \u00fb p\u00ea ve hem\u00fb p\u00eageh\u00ean le\u015fker\u00ee y\u00ean H\u00eaz\u00ean S\u00fbriyeya Demokrat\u00eek (HSD) \u00ean li tax\u00ean \u015e\u00eaxmeqs\u00fbd \u00fb E\u015frefiy\u00ea y\u00ean bajar\u00ea Heleb\u00ea, wek\u00ee &#8220;hedef\u00ean le\u015fker\u00ee y\u00ean rewa&#8221; t\u00ean d\u00eetin \u00fb d\u00ea b\u00ean armanckirin. Art\u00ea\u015fa S\u00fbriyey\u00ea di daxuyaniyek\u00ea de amaje bi w\u00ea yek\u00ea kir ku ev gav [&hellip;]","og_url":"https:\/\/darkamazi.info\/archives\/1051250","og_site_name":"Darka Maz\u00ee","article_publisher":"https:\/\/www.facebook.com\/DarMaziKurmanci","article_published_time":"2026-01-07T09:54:53+00:00","og_image":[{"width":900,"height":500,"url":"https:\/\/darkamazi.info\/file\/2026\/01\/syria-armi-halab-QSD-info.jpg","type":"image\/jpeg"}],"author":"darka mazi","twitter_card":"summary_large_image","twitter_creator":"@DarkaMaziLatini","twitter_site":"@DarkaMaziLatini","twitter_misc":{"Written by":"darka mazi","Est. reading time":"1 minute"},"schema":{"@context":"https:\/\/schema.org","@graph":[{"@type":"Article","@id":"https:\/\/darkamazi.info\/archives\/1051250#article","isPartOf":{"@id":"https:\/\/darkamazi.info\/archives\/1051250"},"author":{"name":"darka mazi","@id":"https:\/\/darkamazi.info\/#\/schema\/person\/5ad3e24553a0567993fa8ed4bd0a776c"},"headline":"Art\u00ea\u015fa S\u00fbriyey\u00ea li tax\u00ean Kurdan \u015fer ragihand: &#8216;Baregeh\u00ean HSDy\u00ea armanc\u00ean me y\u00ean rewa ne&#8217;","datePublished":"2026-01-07T09:54:53+00:00","mainEntityOfPage":{"@id":"https:\/\/darkamazi.info\/archives\/1051250"},"wordCount":223,"publisher":{"@id":"https:\/\/darkamazi.info\/#organization"},"image":{"@id":"https:\/\/darkamazi.info\/archives\/1051250#primaryimage"},"thumbnailUrl":"https:\/\/darkamazi.info\/file\/2026\/01\/syria-armi-halab-QSD-info.jpg","keywords":["sereke"],"articleSection":["Rojhelata nav\u00een"],"inLanguage":"en-US"},{"@type":"WebPage","@id":"https:\/\/darkamazi.info\/archives\/1051250","url":"https:\/\/darkamazi.info\/archives\/1051250","name":"Art\u00ea\u015fa S\u00fbriyey\u00ea li tax\u00ean Kurdan \u015fer ragihand: 'Baregeh\u00ean HSDy\u00ea armanc\u00ean me y\u00ean rewa ne' - Darka Maz\u00ee","isPartOf":{"@id":"https:\/\/darkamazi.info\/#website"},"primaryImageOfPage":{"@id":"https:\/\/darkamazi.info\/archives\/1051250#primaryimage"},"image":{"@id":"https:\/\/darkamazi.info\/archives\/1051250#primaryimage"},"thumbnailUrl":"https:\/\/darkamazi.info\/file\/2026\/01\/syria-armi-halab-QSD-info.jpg","datePublished":"2026-01-07T09:54:53+00:00","breadcrumb":{"@id":"https:\/\/darkamazi.info\/archives\/1051250#breadcrumb"},"inLanguage":"en-US","potentialAction":[{"@type":"ReadAction","target":["https:\/\/darkamazi.info\/archives\/1051250"]}]},{"@type":"ImageObject","inLanguage":"en-US","@id":"https:\/\/darkamazi.info\/archives\/1051250#primaryimage","url":"https:\/\/darkamazi.info\/file\/2026\/01\/syria-armi-halab-QSD-info.jpg","contentUrl":"https:\/\/darkamazi.info\/file\/2026\/01\/syria-armi-halab-QSD-info.jpg","width":900,"height":500,"caption":"syria armi-halab-QSD-net"},{"@type":"BreadcrumbList","@id":"https:\/\/darkamazi.info\/archives\/1051250#breadcrumb","itemListElement":[{"@type":"ListItem","position":1,"name":"Home","item":"https:\/\/darkamazi.info\/"},{"@type":"ListItem","position":2,"name":"Art\u00ea\u015fa S\u00fbriyey\u00ea li tax\u00ean Kurdan \u015fer ragihand: &#8216;Baregeh\u00ean HSDy\u00ea armanc\u00ean me y\u00ean rewa ne&#8217;"}]},{"@type":"WebSite","@id":"https:\/\/darkamazi.info\/#website","url":"https:\/\/darkamazi.info\/","name":"Darka Maz\u00ee","description":"P\u00eageha Zanyariy\u00ean Nebih\u00eest\u00ee","publisher":{"@id":"https:\/\/darkamazi.info\/#organization"},"potentialAction":[{"@type":"SearchAction","target":{"@type":"EntryPoint","urlTemplate":"https:\/\/darkamazi.info\/?s={search_term_string}"},"query-input":{"@type":"PropertyValueSpecification","valueRequired":true,"valueName":"search_term_string"}}],"inLanguage":"en-US"},{"@type":"Organization","@id":"https:\/\/darkamazi.info\/#organization","name":"Darka Maz\u00ee","url":"https:\/\/darkamazi.info\/","logo":{"@type":"ImageObject","inLanguage":"en-US","@id":"https:\/\/darkamazi.info\/#\/schema\/logo\/image\/","url":"https:\/\/darkamazi.info\/file\/2017\/12\/darka-mazi-logo.png","contentUrl":"https:\/\/darkamazi.info\/file\/2017\/12\/darka-mazi-logo.png","width":151,"height":75,"caption":"Darka Maz\u00ee"},"image":{"@id":"https:\/\/darkamazi.info\/#\/schema\/logo\/image\/"},"sameAs":["https:\/\/www.facebook.com\/DarMaziKurmanci","https:\/\/x.com\/DarkaMaziLatini","https:\/\/www.instagram.com\/darkamazi.kurmanci\/","https:\/\/www.youtube.com\/channel\/UCa5HkTdmI8U1qCUFuTw8B2g"]},{"@type":"Person","@id":"https:\/\/darkamazi.info\/#\/schema\/person\/5ad3e24553a0567993fa8ed4bd0a776c","name":"darka mazi","sameAs":["https:\/\/darkamazi.info\/"],"url":"https:\/\/darkamazi.info\/archives\/author\/kurdi"}]}},"_links":{"self":[{"href":"https:\/\/darkamazi.info\/funavuv\/wp\/v2\/posts\/1051250","targetHints":{"allow":["GET"]}}],"collection":[{"href":"https:\/\/darkamazi.info\/funavuv\/wp\/v2\/posts"}],"about":[{"href":"https:\/\/darkamazi.info\/funavuv\/wp\/v2\/types\/post"}],"author":[{"embeddable":true,"href":"https:\/\/darkamazi.info\/funavuv\/wp\/v2\/users\/2"}],"replies":[{"embeddable":true,"href":"https:\/\/darkamazi.info\/funavuv\/wp\/v2\/comments?post=1051250"}],"version-history":[{"count":0,"href":"https:\/\/darkamazi.info\/funavuv\/wp\/v2\/posts\/1051250\/revisions"}],"wp:featuredmedia":[{"embeddable":true,"href":"https:\/\/darkamazi.info\/funavuv\/wp\/v2\/media\/1051251"}],"wp:attachment":[{"href":"https:\/\/darkamazi.info\/funavuv\/wp\/v2\/media?parent=1051250"}],"wp:term":[{"taxonomy":"category","embeddable":true,"href":"https:\/\/darkamazi.info\/funavuv\/wp\/v2\/categories?post=1051250"},{"taxonomy":"post_tag","embeddable":true,"href":"https:\/\/darkamazi.info\/funavuv\/wp\/v2\/tags?post=1051250"}],"curies":[{"name":"wp","href":"https:\/\/api.w.org\/{rel}","templated":true}]}}