{"id":1051254,"date":"2026-01-07T16:48:58","date_gmt":"2026-01-07T13:48:58","guid":{"rendered":"https:\/\/darkamazi.info\/?p=1051254"},"modified":"2026-01-07T16:48:58","modified_gmt":"2026-01-07T13:48:58","slug":"reveberiya-xweser-u-rewsa-rojavaye-kurdistane","status":"publish","type":"post","link":"https:\/\/darkamazi.info\/archives\/1051254","title":{"rendered":"R\u00eaveberiya Xweser \u00fb Rew\u015fa Rojavay\u00ea Kurdistan\u00ea!"},"content":{"rendered":"<h3><span style=\"font-family: 'arial black', sans-serif\">Peymana 10\u00ea Adara 2025an dest \u00fb ling\u00ea kurdan gir\u00eada ye!<\/span><\/h3>\n<h3><span style=\"font-family: 'arial black', sans-serif\">R\u00eaveber\u00eeya Xweser a Rojavay\u00ea Kurdistan\u00ea, di p\u00ea\u015fwaz\u00eekirina peymana 10\u00ea Adar\u00ea ya 2025\u00ea de, ku di navbera fermandar\u00ea H\u00eaz\u00ean S\u00fbriya Demokrat\u00eek (HSD) Mazl\u00fbm Abd\u00ee \u00fb serok\u00ea demk\u00ee y\u00ea S\u00fbriy\u00ea Ahmed el-\u015eara (ku bi nav\u00ea Eb\u00fb Mihemed el-Colan\u00ee t\u00ea naskirin) de hatiye \u00eemzekirin, d\u00eeyare stratejiyeke xapandin\u00ea li hember\u00ee milet\u00ea Kurd dime\u015f\u00eene.<\/span><\/h3>\n<h3>Ev peyman, wek\u00ee ku di agahiy\u00ean liber dest de t\u00ea d\u00eetin, ne ten\u00ea wek\u00ee<em> &#8220;mizg\u00eeniyek\u00ea&#8221;<\/em> t\u00ea p\u00ea\u015fk\u00ea\u015fkirin, l\u00ea bel\u00ea di rastiy\u00ea de dest \u00fb ling\u00ean Kurdan gir\u00ea dide \u00fb armanc\u00ean w\u00ea y\u00ean rast\u00een ji milet\u00ea Kurd t\u00ea ve\u015fartin.<\/h3>\n<h3>Ev peyman, bi dest\u00ea \u00eest\u00eexbarata tirk (M\u0130T \u00ea) hatiye amadekirin \u00fb bi zexta dewleta tirk, bi navbeynkariya Abdullah Ocalan, hatiye \u00eemzekirin!<\/h3>\n<h3>Ev \u00eed\u00eea bi belge \u00fb agahiy\u00ean ji \u00e7avkaniy\u00ean cuda t\u00ea pi\u015ftgir\u00eekirin \u00fb diyar dike ku Ocalan, ji girt\u00eegeha \u00cemraliy\u00ea, bi name \u00fb telefonan, telekonferansan rasterast bandor\u00ea li ser r\u00eaveberiya Rojavay\u00ea Kurdistan\u00ea dike \u00fb daxwaza <em>\u201centegrekirina wan bi dewleta S\u00fbriy\u00ea re\u201d<\/em> ji wan dixwaze. Ev xwestin j\u00ee daxwaza Tirk\u00eeyey\u00ea bi xwe ye.<\/h3>\n<h3>Destp\u00eaka Peyman\u00ea \u00fb Bandora Tirkiy\u00ea<\/h3>\n<h3>Peymana 10\u00ea Adar\u00ea, ku di 2025an de hatiye \u00eemzekirin, bi gelemper\u00ee wek\u00ee gavek\u00ea ber bi yekitiya S\u00fbriy\u00ea ve t\u00ea binavkirin. Di naveroka peyman\u00ea de, ti\u015ft\u00ean wek\u00ee rawestandina \u015fer, entegrekirina h\u00eaz\u00ean HSD di nav art\u00ea\u015fa S\u00fbriy\u00ea de, vegera penaberan \u00fb parastina maf\u00ean Kurdan t\u00eane gotin. Di madey\u00ea \u00e7aran de ev rew\u015f pir zelal e:<\/h3>\n<h3><em>\u201c4- Hem\u00fb saziy\u00ean siv\u00eel \u00fb le\u015fker\u00ee y\u00ean Bakur \u00fb Rojhilat\u00ea S\u00fbriyey\u00ea, deriy\u00ean s\u00eenor, balafirgeh, qad\u00ean petrol \u00fb gaza xwezay\u00ee entegrey\u00ee r\u00eaveberiya dewleta S\u00fbriyey\u00ea b\u00ea kirin.<\/em><em>\u201d<\/em><\/h3>\n<h3>Ji d\u00ealva <em>\u201cradeskirin\u00ea\u201d,<\/em> peyva <em>\u201centegrekirin\u00ea\u201d <\/em>hat\u00eeye bikaran\u00een. Ev peyva <em>\u201centegrekirin\u00ea\u201d<\/em> ji bona rast\u00eeya mesel\u00ea ney\u00ea f\u00eahmkirin, demeke ji teref\u00ea dewleta Tirk\u00eeyey\u00ea \u00fb A. Ocalan ve t\u00eat bikaran\u00een. Armanca bikaran\u00eena v\u00ea peyv\u00ea man\u00eepulekirina kurdan bi xwe ye.<\/h3>\n<h3>L\u00ea bel\u00ea, wek\u00ee ku min diyar kir\u00eeye, ev peyman ne di berjewendiy\u00ean Kurdan de ye.<\/h3>\n<h3>Agahiy\u00ean ji \u00e7avkaniy\u00ean wek\u00ee Rudaw, Enab Baladi \u00fb France 24 \u00fb daxwuyan\u00eey\u00ea r\u00eaveber\u00ean dewleta tirkan, diyar dikin ku Tirkiye, bi r\u00eaya Ocalan, ev 11 meh in zext\u00ea li ser HSD \u00fb Mazl\u00fbm Abd\u00ee dime\u015f\u00eene \u00fb bi gefa dagirkirina Rojavay\u00ea Kurdistan\u00ea re, hewl dide ku Kurdan be\u015fdar\u00ee nav dewleta S\u00fbriyey\u00ea bike, b\u00eay\u00ee statuyek s\u00eeyas\u00ee ya diyar ji kurdan re b\u00eat avakirin. Bingeha van hewldan\u00ean dewleta Tirk\u00eeyey\u00ea j\u00ee bilez bic\u00eehkirina peymana 10\u00ea Adara 2025an bi xwe ye.<\/h3>\n<h3>Ocalan, ku di girt\u00eegeha \u00cemraliy\u00ea de ye, bi name \u00fb telekonferansan rasterast bi r\u00eaveberiya Rojava re t\u00eakil\u00ee dat\u00eene \u00fb daxwaza <em>&#8220;entegrekirina kurdan bi dewleta S\u00fbriy\u00ea re&#8221;<\/em> dike. Ev rast\u00ee ji milet\u00ea Kurd t\u00ea ve\u015fartin. Di sala 2025an de, Ocalan bi e\u015fkerey\u00ee bang li Tirkiy\u00ea kir ku di p\u00eavajoya entegrekirin\u00ea de rolek poz\u00eet\u00eef bil\u00eeze. Heb\u00fbna Tirk\u00eeyey\u00ea ya le\u015fker\u00ee \u00fb \u0130st\u00eehbarat\u00ee li S\u00fbyey\u00ea \u00fb bandora wan a li ser HT\u015e\u00ea d\u00eeyare \u00fb ev yek j\u00ee n\u00ee\u015fan dide ku peyman bi bandora Tirkiy\u00ea hatiye \u00e7\u00eakirin. Dewleta Tirk\u00eeyey\u00ea, ku HSD wek\u00ee tehd\u00eedek\u00ea dib\u00eene, bi r\u00eaya Ocalan hewl dide ku Kurdan di nav dewleta S\u00fbriy\u00ea de entegre bike, b\u00eay\u00ee ku otonom\u00ee an federasyon\u00ea bide wan.<\/h3>\n<h3>Xapandina Milt\u00ea Kurd \u00fb Neb\u00fbna Statuyek Siyas\u00ee<\/h3>\n<h3>Bi qas\u00ee ku d\u00eeyar e; <em>\u201cR\u00eaveberiya xweser\u201d<\/em>, bi taybet\u00ee bi gotin\u00ean wek\u00ee Ebdulker\u00eem Omer, peyman\u00ea wek\u00ee <em>&#8220;mizg\u00eeniyek\u00ea&#8221;<\/em> p\u00ea\u015fk\u00ea\u015f dike, l\u00ea bel\u00ea ev t\u00eanegih\u00ee\u015ft\u00eenek e, yan j\u00ee hewldanek ve\u015fartin\u00ea ye?<\/h3>\n<h3>Peyman diyar nake ku statuya s\u00eeyas\u00ee ya Rojavay\u00ea Kurdistan\u00ea \u00e7awa be \u2013 <em>otonom\u00ee, federasyon<\/em> an j\u00ee ten\u00ea <em>entegrekirin<\/em>a bi dewleta S\u00fbriy\u00ea re. Li gor\u00ee agahiy\u00ean ji 04.01.2026\u00ea, heyetek le\u015fker\u00ee ya di bin serokat\u00eeya Mazl\u00fbm Abd\u00ee de li \u015eam\u00ea ye \u00fb ew rew\u015fa h\u00eaz\u00ean le\u015fker\u00ee \u00fb asay\u00ee\u015f\u00ea n\u00eeqa\u015f dikin, b\u00eay\u00ee ku p\u00ea\u015f\u00ee statuya s\u00eeyas\u00ee ron\u00ee bikin. Ev j\u00ee, wek\u00ee ku min lijor got\u00eeye, xapandinek e! Ji ber ku heb\u00fbna h\u00eaz\u00ean parastin\u00ea bi statuyek s\u00eeyas\u00ee ve gir\u00eaday\u00ee ye.<\/h3>\n<h3>-\u00c7ima r\u00eaveber\u00eeya Xweser peyva<em> \u201cS\u00fbr\u00eeyek nenavend\u00ee\u201d<\/em> bikart\u00eene \u00fb nab\u00eaje <em>&#8220;Em S\u00fbriyeke federal dixwazin&#8221;?<\/em><\/h3>\n<h3>-\u00c7ima R\u00eaveber\u00eeya xweser e\u015fkere nab\u00eaje ji bona Rojavay\u00ea Kurdistan\u00ea em <em>&#8220;Otonomiy\u00ea\u201d<\/em>, an j\u00ee <em>\u201cfederasyon\u00ea\u201d<\/em> dixwazin&#8221;?<\/h3>\n<h3>Ev yek n\u00ee\u015fan dide ku ew li gor\u00ee peymana bi Colan\u00ee re tevdigerin \u00fb bi tena ser\u00ea xwe t\u00eakiliyan dime\u015f\u00eenin, b\u00eay\u00ee ku bi opoz\u00eesyona Kurd re hevr\u00eaz bin.<\/h3>\n<h3><em>\u201cKonferansa Qam\u00ee\u015floy\u00ea\u201d<\/em> j\u00ee, ku diviyab\u00fb kom\u00eeteyek s\u00eeyas\u00ee ava bikira, ten\u00ea ji bo gir\u00eadana opoz\u00eesyon\u00ea bi r\u00eaveberiy\u00ea ve hate bikaran\u00een. Ev j\u00ee daxwaza Tirkiy\u00ea \u00fb Ocalan e, ku dixwazin Kurdan b\u00ea statu bih\u00ealin.<\/h3>\n<h3>Bandora Derve \u00fb P\u00ea\u015feroja Peyman\u00ea<\/h3>\n<h3>Amer\u00eeka, ku pi\u015ftgiriya HSD dike, di p\u00eavajoy\u00ea de rolek gir\u00eeng dil\u00eeze, l\u00ea bel\u00ea peyman h\u00een j\u00ee nehat\u00eeye bic\u00eehan\u00een. Di dawiya 2025\u00ea de, ku demjim\u00eara peyman\u00ea ye, hevd\u00eetin\u00ean li \u015eam\u00ea h\u00een j\u00ee t\u00eane pa\u015fxistin an j\u00ee bi pirsgir\u00eakan re r\u00fb bi r\u00fb dim\u00eenin. Tirkiye j\u00ee, bi gotina wez\u00eer\u00ea kar\u00ean derve Hakan F\u00eedan, daxwaz dike ku ev peyman z\u00fb were bic\u00eehan\u00een da ku HSD\u00a0 radest\u00ee dewleta S\u00fbr\u00eeyey\u00ea bibe \u00fb Kurd t\u00eak bi\u00e7in.<\/h3>\n<h3>Di encam\u00ea de, ev peyman, wek\u00ee ku\u00a0 Ebdulker\u00eem Omer dib\u00eaj\u00ee, ne <em>\u201cmizg\u00een\u00ee\u201d <\/em>ye, l\u00ea bel\u00ea gefek\u00ea li ser \u00eerada Kurdan e!<\/h3>\n<h3>Kurd div\u00ea p\u00ea\u015f\u00ee statuya xwe ya s\u00eeyas\u00ee diyar bikin, ber\u00ee ku h\u00eaz\u00ean le\u015fker\u00ee entegre bikin!<\/h3>\n<h3>R\u00eaveberiya xweser, bi \u015f\u00eerovekirina peyman\u00ea wek\u00ee <em>&#8220;S\u00fbriyeke nenavend\u00ee&#8221;<\/em>, gel dixap\u00eene, ji ber ku ev t\u00eageh b\u00eay\u00ee statuyek diyar haveroka w\u00ea vala ye.<\/h3>\n<h3>P\u00ea\u015feroja Rojavay\u00ea Kurdistan\u00ea bi v\u00ea peyman\u00ea re di xeter\u00ea de ye \u00fb heger ney\u00ea redkirin, dibe ku Kurd b\u00eay\u00ee otonomiyek rast\u00een bim\u00eenin.<\/h3>\n","protected":false},"excerpt":{"rendered":"<p>Peymana 10\u00ea Adara 2025an dest \u00fb ling\u00ea kurdan gir\u00eada ye! R\u00eaveber\u00eeya Xweser a Rojavay\u00ea Kurdistan\u00ea, di p\u00ea\u015fwaz\u00eekirina peymana 10\u00ea Adar\u00ea ya 2025\u00ea de, ku di navbera fermandar\u00ea H\u00eaz\u00ean S\u00fbriya Demokrat\u00eek (HSD) Mazl\u00fbm Abd\u00ee \u00fb serok\u00ea demk\u00ee y\u00ea S\u00fbriy\u00ea Ahmed el-\u015eara (ku bi nav\u00ea Eb\u00fb Mihemed el-Colan\u00ee t\u00ea naskirin) de hatiye \u00eemzekirin, d\u00eeyare stratejiyeke xapandin\u00ea li [&hellip;]<\/p>\n","protected":false},"author":2,"featured_media":1050363,"comment_status":"closed","ping_status":"closed","sticky":false,"template":"","format":"standard","meta":{"footnotes":""},"categories":[28],"tags":[37],"class_list":["post-1051254","post","type-post","status-publish","format-standard","has-post-thumbnail","hentry","category-nerin","tag-sereke"],"blocksy_meta":[],"seo_head":"<!-- This site is optimized with the Yoast SEO plugin v27.5 - https:\/\/yoast.com\/product\/yoast-seo-wordpress\/ -->\n<title>R\u00eaveberiya Xweser \u00fb Rew\u015fa Rojavay\u00ea Kurdistan\u00ea! - Darka Maz\u00ee<\/title>\n<meta name=\"robots\" content=\"index, follow, max-snippet:-1, max-image-preview:large, max-video-preview:-1\" \/>\n<link rel=\"canonical\" href=\"https:\/\/darkamazi.info\/archives\/1051254\" \/>\n<meta property=\"og:locale\" content=\"en_US\" \/>\n<meta property=\"og:type\" content=\"article\" \/>\n<meta property=\"og:title\" content=\"R\u00eaveberiya Xweser \u00fb Rew\u015fa Rojavay\u00ea Kurdistan\u00ea! - Darka Maz\u00ee\" \/>\n<meta property=\"og:description\" content=\"Peymana 10\u00ea Adara 2025an dest \u00fb ling\u00ea kurdan gir\u00eada ye! R\u00eaveber\u00eeya Xweser a Rojavay\u00ea Kurdistan\u00ea, di p\u00ea\u015fwaz\u00eekirina peymana 10\u00ea Adar\u00ea ya 2025\u00ea de, ku di navbera fermandar\u00ea H\u00eaz\u00ean S\u00fbriya Demokrat\u00eek (HSD) Mazl\u00fbm Abd\u00ee \u00fb serok\u00ea demk\u00ee y\u00ea S\u00fbriy\u00ea Ahmed el-\u015eara (ku bi nav\u00ea Eb\u00fb Mihemed el-Colan\u00ee t\u00ea naskirin) de hatiye \u00eemzekirin, d\u00eeyare stratejiyeke xapandin\u00ea li [&hellip;]\" \/>\n<meta property=\"og:url\" content=\"https:\/\/darkamazi.info\/archives\/1051254\" \/>\n<meta property=\"og:site_name\" content=\"Darka Maz\u00ee\" \/>\n<meta property=\"article:publisher\" content=\"https:\/\/www.facebook.com\/DarMaziKurmanci\" \/>\n<meta property=\"article:published_time\" content=\"2026-01-07T13:48:58+00:00\" \/>\n<meta property=\"og:image\" content=\"https:\/\/darkamazi.info\/file\/2025\/10\/sheyhmus-ozengin.jpg\" \/>\n\t<meta property=\"og:image:width\" content=\"900\" \/>\n\t<meta property=\"og:image:height\" content=\"475\" \/>\n\t<meta property=\"og:image:type\" content=\"image\/jpeg\" \/>\n<meta name=\"author\" content=\"darka mazi\" \/>\n<meta name=\"twitter:card\" content=\"summary_large_image\" \/>\n<meta name=\"twitter:creator\" content=\"@DarkaMaziLatini\" \/>\n<meta name=\"twitter:site\" content=\"@DarkaMaziLatini\" \/>\n<meta name=\"twitter:label1\" content=\"Written by\" \/>\n\t<meta name=\"twitter:data1\" content=\"darka mazi\" \/>\n\t<meta name=\"twitter:label2\" content=\"Est. reading time\" \/>\n\t<meta name=\"twitter:data2\" content=\"4 minutes\" \/>\n<script type=\"application\/ld+json\" class=\"seo-schema-graph\">{\"@context\":\"https:\\\/\\\/schema.org\",\"@graph\":[{\"@type\":\"Article\",\"@id\":\"https:\\\/\\\/darkamazi.info\\\/archives\\\/1051254#article\",\"isPartOf\":{\"@id\":\"https:\\\/\\\/darkamazi.info\\\/archives\\\/1051254\"},\"author\":{\"name\":\"darka mazi\",\"@id\":\"https:\\\/\\\/darkamazi.info\\\/#\\\/schema\\\/person\\\/5ad3e24553a0567993fa8ed4bd0a776c\"},\"headline\":\"R\u00eaveberiya Xweser \u00fb Rew\u015fa Rojavay\u00ea Kurdistan\u00ea!\",\"datePublished\":\"2026-01-07T13:48:58+00:00\",\"mainEntityOfPage\":{\"@id\":\"https:\\\/\\\/darkamazi.info\\\/archives\\\/1051254\"},\"wordCount\":1013,\"publisher\":{\"@id\":\"https:\\\/\\\/darkamazi.info\\\/#organization\"},\"image\":{\"@id\":\"https:\\\/\\\/darkamazi.info\\\/archives\\\/1051254#primaryimage\"},\"thumbnailUrl\":\"https:\\\/\\\/darkamazi.info\\\/darka-content\\\/uploads\\\/2025\\\/10\\\/sheyhmus-ozengin.jpg\",\"keywords\":[\"sereke\"],\"articleSection\":[\"Ner\u00een\"],\"inLanguage\":\"en-US\"},{\"@type\":\"WebPage\",\"@id\":\"https:\\\/\\\/darkamazi.info\\\/archives\\\/1051254\",\"url\":\"https:\\\/\\\/darkamazi.info\\\/archives\\\/1051254\",\"name\":\"R\u00eaveberiya Xweser \u00fb Rew\u015fa Rojavay\u00ea Kurdistan\u00ea! - Darka Maz\u00ee\",\"isPartOf\":{\"@id\":\"https:\\\/\\\/darkamazi.info\\\/#website\"},\"primaryImageOfPage\":{\"@id\":\"https:\\\/\\\/darkamazi.info\\\/archives\\\/1051254#primaryimage\"},\"image\":{\"@id\":\"https:\\\/\\\/darkamazi.info\\\/archives\\\/1051254#primaryimage\"},\"thumbnailUrl\":\"https:\\\/\\\/darkamazi.info\\\/darka-content\\\/uploads\\\/2025\\\/10\\\/sheyhmus-ozengin.jpg\",\"datePublished\":\"2026-01-07T13:48:58+00:00\",\"breadcrumb\":{\"@id\":\"https:\\\/\\\/darkamazi.info\\\/archives\\\/1051254#breadcrumb\"},\"inLanguage\":\"en-US\",\"potentialAction\":[{\"@type\":\"ReadAction\",\"target\":[\"https:\\\/\\\/darkamazi.info\\\/archives\\\/1051254\"]}]},{\"@type\":\"ImageObject\",\"inLanguage\":\"en-US\",\"@id\":\"https:\\\/\\\/darkamazi.info\\\/archives\\\/1051254#primaryimage\",\"url\":\"https:\\\/\\\/darkamazi.info\\\/darka-content\\\/uploads\\\/2025\\\/10\\\/sheyhmus-ozengin.jpg\",\"contentUrl\":\"https:\\\/\\\/darkamazi.info\\\/darka-content\\\/uploads\\\/2025\\\/10\\\/sheyhmus-ozengin.jpg\",\"width\":900,\"height\":475,\"caption\":\"Bandora \u0130mral\u0131 li ser Rojavay\u00ea Kurdistan\u00ea!\"},{\"@type\":\"BreadcrumbList\",\"@id\":\"https:\\\/\\\/darkamazi.info\\\/archives\\\/1051254#breadcrumb\",\"itemListElement\":[{\"@type\":\"ListItem\",\"position\":1,\"name\":\"Home\",\"item\":\"https:\\\/\\\/darkamazi.info\\\/\"},{\"@type\":\"ListItem\",\"position\":2,\"name\":\"R\u00eaveberiya Xweser \u00fb Rew\u015fa Rojavay\u00ea Kurdistan\u00ea!\"}]},{\"@type\":\"WebSite\",\"@id\":\"https:\\\/\\\/darkamazi.info\\\/#website\",\"url\":\"https:\\\/\\\/darkamazi.info\\\/\",\"name\":\"Darka Maz\u00ee\",\"description\":\"P\u00eageha Zanyariy\u00ean Nebih\u00eest\u00ee\",\"publisher\":{\"@id\":\"https:\\\/\\\/darkamazi.info\\\/#organization\"},\"potentialAction\":[{\"@type\":\"SearchAction\",\"target\":{\"@type\":\"EntryPoint\",\"urlTemplate\":\"https:\\\/\\\/darkamazi.info\\\/?s={search_term_string}\"},\"query-input\":{\"@type\":\"PropertyValueSpecification\",\"valueRequired\":true,\"valueName\":\"search_term_string\"}}],\"inLanguage\":\"en-US\"},{\"@type\":\"Organization\",\"@id\":\"https:\\\/\\\/darkamazi.info\\\/#organization\",\"name\":\"Darka Maz\u00ee\",\"url\":\"https:\\\/\\\/darkamazi.info\\\/\",\"logo\":{\"@type\":\"ImageObject\",\"inLanguage\":\"en-US\",\"@id\":\"https:\\\/\\\/darkamazi.info\\\/#\\\/schema\\\/logo\\\/image\\\/\",\"url\":\"https:\\\/\\\/darkamazi.info\\\/darka-content\\\/uploads\\\/2017\\\/12\\\/darka-mazi-logo.png\",\"contentUrl\":\"https:\\\/\\\/darkamazi.info\\\/darka-content\\\/uploads\\\/2017\\\/12\\\/darka-mazi-logo.png\",\"width\":151,\"height\":75,\"caption\":\"Darka Maz\u00ee\"},\"image\":{\"@id\":\"https:\\\/\\\/darkamazi.info\\\/#\\\/schema\\\/logo\\\/image\\\/\"},\"sameAs\":[\"https:\\\/\\\/www.facebook.com\\\/DarMaziKurmanci\",\"https:\\\/\\\/x.com\\\/DarkaMaziLatini\",\"https:\\\/\\\/www.instagram.com\\\/darkamazi.kurmanci\\\/\",\"https:\\\/\\\/www.youtube.com\\\/channel\\\/UCa5HkTdmI8U1qCUFuTw8B2g\"]},{\"@type\":\"Person\",\"@id\":\"https:\\\/\\\/darkamazi.info\\\/#\\\/schema\\\/person\\\/5ad3e24553a0567993fa8ed4bd0a776c\",\"name\":\"darka mazi\",\"sameAs\":[\"https:\\\/\\\/darkamazi.info\\\/\"],\"url\":\"https:\\\/\\\/darkamazi.info\\\/archives\\\/author\\\/kurdi\"}]}<\/script>\n<!-- \/ Yoast SEO plugin. -->","seo_head_json":{"title":"R\u00eaveberiya Xweser \u00fb Rew\u015fa Rojavay\u00ea Kurdistan\u00ea! - Darka Maz\u00ee","robots":{"index":"index","follow":"follow","max-snippet":"max-snippet:-1","max-image-preview":"max-image-preview:large","max-video-preview":"max-video-preview:-1"},"canonical":"https:\/\/darkamazi.info\/archives\/1051254","og_locale":"en_US","og_type":"article","og_title":"R\u00eaveberiya Xweser \u00fb Rew\u015fa Rojavay\u00ea Kurdistan\u00ea! - Darka Maz\u00ee","og_description":"Peymana 10\u00ea Adara 2025an dest \u00fb ling\u00ea kurdan gir\u00eada ye! R\u00eaveber\u00eeya Xweser a Rojavay\u00ea Kurdistan\u00ea, di p\u00ea\u015fwaz\u00eekirina peymana 10\u00ea Adar\u00ea ya 2025\u00ea de, ku di navbera fermandar\u00ea H\u00eaz\u00ean S\u00fbriya Demokrat\u00eek (HSD) Mazl\u00fbm Abd\u00ee \u00fb serok\u00ea demk\u00ee y\u00ea S\u00fbriy\u00ea Ahmed el-\u015eara (ku bi nav\u00ea Eb\u00fb Mihemed el-Colan\u00ee t\u00ea naskirin) de hatiye \u00eemzekirin, d\u00eeyare stratejiyeke xapandin\u00ea li [&hellip;]","og_url":"https:\/\/darkamazi.info\/archives\/1051254","og_site_name":"Darka Maz\u00ee","article_publisher":"https:\/\/www.facebook.com\/DarMaziKurmanci","article_published_time":"2026-01-07T13:48:58+00:00","og_image":[{"width":900,"height":475,"url":"https:\/\/darkamazi.info\/file\/2025\/10\/sheyhmus-ozengin.jpg","type":"image\/jpeg"}],"author":"darka mazi","twitter_card":"summary_large_image","twitter_creator":"@DarkaMaziLatini","twitter_site":"@DarkaMaziLatini","twitter_misc":{"Written by":"darka mazi","Est. reading time":"4 minutes"},"schema":{"@context":"https:\/\/schema.org","@graph":[{"@type":"Article","@id":"https:\/\/darkamazi.info\/archives\/1051254#article","isPartOf":{"@id":"https:\/\/darkamazi.info\/archives\/1051254"},"author":{"name":"darka mazi","@id":"https:\/\/darkamazi.info\/#\/schema\/person\/5ad3e24553a0567993fa8ed4bd0a776c"},"headline":"R\u00eaveberiya Xweser \u00fb Rew\u015fa Rojavay\u00ea Kurdistan\u00ea!","datePublished":"2026-01-07T13:48:58+00:00","mainEntityOfPage":{"@id":"https:\/\/darkamazi.info\/archives\/1051254"},"wordCount":1013,"publisher":{"@id":"https:\/\/darkamazi.info\/#organization"},"image":{"@id":"https:\/\/darkamazi.info\/archives\/1051254#primaryimage"},"thumbnailUrl":"https:\/\/darkamazi.info\/file\/2025\/10\/sheyhmus-ozengin.jpg","keywords":["sereke"],"articleSection":["Ner\u00een"],"inLanguage":"en-US"},{"@type":"WebPage","@id":"https:\/\/darkamazi.info\/archives\/1051254","url":"https:\/\/darkamazi.info\/archives\/1051254","name":"R\u00eaveberiya Xweser \u00fb Rew\u015fa Rojavay\u00ea Kurdistan\u00ea! - Darka Maz\u00ee","isPartOf":{"@id":"https:\/\/darkamazi.info\/#website"},"primaryImageOfPage":{"@id":"https:\/\/darkamazi.info\/archives\/1051254#primaryimage"},"image":{"@id":"https:\/\/darkamazi.info\/archives\/1051254#primaryimage"},"thumbnailUrl":"https:\/\/darkamazi.info\/file\/2025\/10\/sheyhmus-ozengin.jpg","datePublished":"2026-01-07T13:48:58+00:00","breadcrumb":{"@id":"https:\/\/darkamazi.info\/archives\/1051254#breadcrumb"},"inLanguage":"en-US","potentialAction":[{"@type":"ReadAction","target":["https:\/\/darkamazi.info\/archives\/1051254"]}]},{"@type":"ImageObject","inLanguage":"en-US","@id":"https:\/\/darkamazi.info\/archives\/1051254#primaryimage","url":"https:\/\/darkamazi.info\/file\/2025\/10\/sheyhmus-ozengin.jpg","contentUrl":"https:\/\/darkamazi.info\/file\/2025\/10\/sheyhmus-ozengin.jpg","width":900,"height":475,"caption":"Bandora \u0130mral\u0131 li ser Rojavay\u00ea Kurdistan\u00ea!"},{"@type":"BreadcrumbList","@id":"https:\/\/darkamazi.info\/archives\/1051254#breadcrumb","itemListElement":[{"@type":"ListItem","position":1,"name":"Home","item":"https:\/\/darkamazi.info\/"},{"@type":"ListItem","position":2,"name":"R\u00eaveberiya Xweser \u00fb Rew\u015fa Rojavay\u00ea Kurdistan\u00ea!"}]},{"@type":"WebSite","@id":"https:\/\/darkamazi.info\/#website","url":"https:\/\/darkamazi.info\/","name":"Darka Maz\u00ee","description":"P\u00eageha Zanyariy\u00ean Nebih\u00eest\u00ee","publisher":{"@id":"https:\/\/darkamazi.info\/#organization"},"potentialAction":[{"@type":"SearchAction","target":{"@type":"EntryPoint","urlTemplate":"https:\/\/darkamazi.info\/?s={search_term_string}"},"query-input":{"@type":"PropertyValueSpecification","valueRequired":true,"valueName":"search_term_string"}}],"inLanguage":"en-US"},{"@type":"Organization","@id":"https:\/\/darkamazi.info\/#organization","name":"Darka Maz\u00ee","url":"https:\/\/darkamazi.info\/","logo":{"@type":"ImageObject","inLanguage":"en-US","@id":"https:\/\/darkamazi.info\/#\/schema\/logo\/image\/","url":"https:\/\/darkamazi.info\/file\/2017\/12\/darka-mazi-logo.png","contentUrl":"https:\/\/darkamazi.info\/file\/2017\/12\/darka-mazi-logo.png","width":151,"height":75,"caption":"Darka Maz\u00ee"},"image":{"@id":"https:\/\/darkamazi.info\/#\/schema\/logo\/image\/"},"sameAs":["https:\/\/www.facebook.com\/DarMaziKurmanci","https:\/\/x.com\/DarkaMaziLatini","https:\/\/www.instagram.com\/darkamazi.kurmanci\/","https:\/\/www.youtube.com\/channel\/UCa5HkTdmI8U1qCUFuTw8B2g"]},{"@type":"Person","@id":"https:\/\/darkamazi.info\/#\/schema\/person\/5ad3e24553a0567993fa8ed4bd0a776c","name":"darka mazi","sameAs":["https:\/\/darkamazi.info\/"],"url":"https:\/\/darkamazi.info\/archives\/author\/kurdi"}]}},"_links":{"self":[{"href":"https:\/\/darkamazi.info\/funavuv\/wp\/v2\/posts\/1051254","targetHints":{"allow":["GET"]}}],"collection":[{"href":"https:\/\/darkamazi.info\/funavuv\/wp\/v2\/posts"}],"about":[{"href":"https:\/\/darkamazi.info\/funavuv\/wp\/v2\/types\/post"}],"author":[{"embeddable":true,"href":"https:\/\/darkamazi.info\/funavuv\/wp\/v2\/users\/2"}],"replies":[{"embeddable":true,"href":"https:\/\/darkamazi.info\/funavuv\/wp\/v2\/comments?post=1051254"}],"version-history":[{"count":0,"href":"https:\/\/darkamazi.info\/funavuv\/wp\/v2\/posts\/1051254\/revisions"}],"wp:featuredmedia":[{"embeddable":true,"href":"https:\/\/darkamazi.info\/funavuv\/wp\/v2\/media\/1050363"}],"wp:attachment":[{"href":"https:\/\/darkamazi.info\/funavuv\/wp\/v2\/media?parent=1051254"}],"wp:term":[{"taxonomy":"category","embeddable":true,"href":"https:\/\/darkamazi.info\/funavuv\/wp\/v2\/categories?post=1051254"},{"taxonomy":"post_tag","embeddable":true,"href":"https:\/\/darkamazi.info\/funavuv\/wp\/v2\/tags?post=1051254"}],"curies":[{"name":"wp","href":"https:\/\/api.w.org\/{rel}","templated":true}]}}