{"id":1051256,"date":"2026-01-07T17:32:40","date_gmt":"2026-01-07T14:32:40","guid":{"rendered":"https:\/\/darkamazi.info\/?p=1051256"},"modified":"2026-01-07T17:32:40","modified_gmt":"2026-01-07T14:32:40","slug":"reveberiya-xweser-hsd-li-sex-meqsud-tune-ye","status":"publish","type":"post","link":"https:\/\/darkamazi.info\/archives\/1051256","title":{"rendered":"R\u00eaveberiya Xweser: HSD li \u015e\u00eax Meqs\u00fbd tune ye"},"content":{"rendered":"<h3 style=\"text-align: justify\"><span style=\"font-family: 'arial black', sans-serif\">R\u00eaveberiya Xweser, daxuyaniya &#8220;Hikumeta Demk\u00ee&#8221; ya ku tax\u00ean \u015e\u00eax Meqs\u00fbd \u00fb E\u015frefiy\u00ea wek\u00ee armanc\u00ean le\u015fker\u00ee n\u00ee\u015fan dide, \u015fermezar kir \u00fb destn\u00ee\u015fan kir ku h\u00eaz\u00ean HSD\u2019\u00ea li van taxan tune ne. Herwiha got, Wezareta Parastin\u00ea ya Hikumeta Demk\u00ee hem\u00fb r\u00eay\u00ean diyalog\u00ea girtine.<\/span><\/h3>\n<h3 style=\"text-align: justify\">R\u00eaveberiya Xweser \u00eero 7\u00ea \u00c7iley\u00ea t\u00eakildar\u00ee gef\u00ean n\u00fb y\u00ean h\u00eaz\u00ean &#8220;Hikumeta Demk\u00ee&#8221; y\u00ean li dij\u00ee tax\u00ean Kurdan \u00ean Heleb\u00ea daxuyaniyeke we\u015fand. R\u00eaveberiy\u00ea hi\u015fyar\u00ee da ku armancgirtina van taxan binp\u00eakirineke giran a qan\u00fbn\u00ean navnetewey\u00ee ye.<\/h3>\n<h3 style=\"text-align: justify\">\u2018Tax\u00ean siv\u00eelan in, HSD l\u00ea tune ye\u2019<\/h3>\n<h3 style=\"text-align: justify\">R\u00eaveberiya Xweser \u00eediay\u00ean Hikumeta Demk\u00ee y\u00ean ku van taxan wek\u00ee &#8220;armanc\u00ean le\u015fker\u00ee y\u00ean rewa&#8221; binav dike, red kirin \u00fb wiha got:<\/h3>\n<h3 style=\"text-align: justify\">&#8220;Em bi a\u015fkera radigih\u00eenin ku HSD li tax\u00ean \u015e\u00eax Meqs\u00fbd \u00fb E\u015frefiy\u00ea tune ye. Ev tax dever\u00ean ni\u015ftecihb\u00fbn\u00ea ne \u00fb bi dehhezaran siv\u00eel l\u00ea dij\u00een. Piraniya \u015f\u00eaniyan Kurd in \u00fb hejmareke mezin ji wan ko\u00e7ber\u00ean Efr\u00een\u00ea ne ku bi dar\u00ea zor\u00ea ji war\u00ean xwe hatine derxistin.&#8221;<\/h3>\n<h3 style=\"text-align: justify\">\u2018Hikumeta Demk\u00ee di ziman\u00ea \u015fer de bi israr e\u2019<\/h3>\n<h3 style=\"text-align: justify\">Di daxuyaniy\u00ea de hat destn\u00ee\u015fankirin, aliy\u00ea Kurd\u00ee bi peymana 1\u2019\u00ea N\u00eesan\u00ea ve gir\u00eaday\u00ee maye, l\u00ea Hikumeta Demk\u00ee dorp\u00ea\u00e7 \u00fb rage\u015f\u00ee z\u00eade kirine. R\u00eaveberiy\u00ea e\u015fkere kir ku tev\u00ee hewldan\u00ean wan \u00ean dubare ji bo vekirina r\u00eay\u00ean diyalog\u00ea, Wezareta Berevaniy\u00ea ya Hikumeta Demk\u00ee her car\u00ea diyalog red kiriye \u00fb li ser ziman\u00ea gef \u00fb \u015fer israr kiriye.<\/h3>\n<h3 style=\"text-align: justify\">Banga li berpirsan \u00fb ciwan\u00ean S\u00fbriyey\u00ee<\/h3>\n<h3 style=\"text-align: justify\">R\u00eaveberiya Xweser bang li berpirs\u00ean Hik\u00fbmeta Demk\u00ee kir ku vegerin ser &#8220;riya hi\u015f \u00fb mentiq\u00ea&#8221; \u00fb diyalog\u00ea wek\u00ee r\u00eaya yekane ya \u00e7areseriy\u00ea bikar b\u00eenin. Herwiha bang li ciwan\u00ean S\u00fbr\u00ee hat kirin ku d\u00fbr\u00ee mentiqa \u00e7ek \u00fb \u015fer bikevin \u00fb nirx\u00ean jiyana hevbe\u015f \u00fb biratiy\u00ea bipar\u00eazin.<\/h3>\n<h3 style=\"text-align: justify\">\u00c7areseriya siyas\u00ee \u00fb S\u00fbriyeya nenavend\u00ee<\/h3>\n<h3 style=\"text-align: justify\">R\u00eaveberiya Xweser di dawiya daxuyaniya xwe de pi\u015ftgiriya xwe ji bo \u015f\u00eaniy\u00ea \u015e\u00eax Meqs\u00fbd \u00fb E\u015frefiy\u00ea ragihand \u00fb helwesta xwe ya ji bo \u00e7areseriyeke siyas\u00ee dubare kir: &#8220;Em pabend\u00ee \u00e7areseriya siyas\u00ee \u00fb avakirina S\u00fbriyeyeke yekb\u00fby\u00ee, demokrat\u00eek \u00fb nenavend\u00ee ne, ku maf \u00fb r\u00fbmeta hem\u00fb p\u00eakhateyan garant\u00ee bike.&#8221;<\/h3>\n","protected":false},"excerpt":{"rendered":"<p>R\u00eaveberiya Xweser, daxuyaniya &#8220;Hikumeta Demk\u00ee&#8221; ya ku tax\u00ean \u015e\u00eax Meqs\u00fbd \u00fb E\u015frefiy\u00ea wek\u00ee armanc\u00ean le\u015fker\u00ee n\u00ee\u015fan dide, \u015fermezar kir \u00fb destn\u00ee\u015fan kir ku h\u00eaz\u00ean HSD\u2019\u00ea li van taxan tune ne. Herwiha got, Wezareta Parastin\u00ea ya Hikumeta Demk\u00ee hem\u00fb r\u00eay\u00ean diyalog\u00ea girtine. R\u00eaveberiya Xweser \u00eero 7\u00ea \u00c7iley\u00ea t\u00eakildar\u00ee gef\u00ean n\u00fb y\u00ean h\u00eaz\u00ean &#8220;Hikumeta Demk\u00ee&#8221; y\u00ean li [&hellip;]<\/p>\n","protected":false},"author":2,"featured_media":1051257,"comment_status":"closed","ping_status":"closed","sticky":false,"template":"","format":"standard","meta":{"footnotes":""},"categories":[29],"tags":[37],"class_list":["post-1051256","post","type-post","status-publish","format-standard","has-post-thumbnail","hentry","category-kurdistan","tag-sereke"],"blocksy_meta":[],"seo_head":"<!-- This site is optimized with the Yoast SEO plugin v27.5 - https:\/\/yoast.com\/product\/yoast-seo-wordpress\/ -->\n<title>R\u00eaveberiya Xweser: HSD li \u015e\u00eax Meqs\u00fbd tune ye - Darka Maz\u00ee<\/title>\n<meta name=\"robots\" content=\"index, follow, max-snippet:-1, max-image-preview:large, max-video-preview:-1\" \/>\n<link rel=\"canonical\" href=\"https:\/\/darkamazi.info\/archives\/1051256\" \/>\n<meta property=\"og:locale\" content=\"en_US\" \/>\n<meta property=\"og:type\" content=\"article\" \/>\n<meta property=\"og:title\" content=\"R\u00eaveberiya Xweser: HSD li \u015e\u00eax Meqs\u00fbd tune ye - Darka Maz\u00ee\" \/>\n<meta property=\"og:description\" content=\"R\u00eaveberiya Xweser, daxuyaniya &#8220;Hikumeta Demk\u00ee&#8221; ya ku tax\u00ean \u015e\u00eax Meqs\u00fbd \u00fb E\u015frefiy\u00ea wek\u00ee armanc\u00ean le\u015fker\u00ee n\u00ee\u015fan dide, \u015fermezar kir \u00fb destn\u00ee\u015fan kir ku h\u00eaz\u00ean HSD\u2019\u00ea li van taxan tune ne. Herwiha got, Wezareta Parastin\u00ea ya Hikumeta Demk\u00ee hem\u00fb r\u00eay\u00ean diyalog\u00ea girtine. R\u00eaveberiya Xweser \u00eero 7\u00ea \u00c7iley\u00ea t\u00eakildar\u00ee gef\u00ean n\u00fb y\u00ean h\u00eaz\u00ean &#8220;Hikumeta Demk\u00ee&#8221; y\u00ean li [&hellip;]\" \/>\n<meta property=\"og:url\" content=\"https:\/\/darkamazi.info\/archives\/1051256\" \/>\n<meta property=\"og:site_name\" content=\"Darka Maz\u00ee\" \/>\n<meta property=\"article:publisher\" content=\"https:\/\/www.facebook.com\/DarMaziKurmanci\" \/>\n<meta property=\"article:published_time\" content=\"2026-01-07T14:32:40+00:00\" \/>\n<meta property=\"og:image\" content=\"https:\/\/darkamazi.info\/file\/2026\/01\/rojava-kurdistan-768x424-1.jpg\" \/>\n\t<meta property=\"og:image:width\" content=\"768\" \/>\n\t<meta property=\"og:image:height\" content=\"424\" \/>\n\t<meta property=\"og:image:type\" content=\"image\/jpeg\" \/>\n<meta name=\"author\" content=\"darka mazi\" \/>\n<meta name=\"twitter:card\" content=\"summary_large_image\" \/>\n<meta name=\"twitter:creator\" content=\"@DarkaMaziLatini\" \/>\n<meta name=\"twitter:site\" content=\"@DarkaMaziLatini\" \/>\n<meta name=\"twitter:label1\" content=\"Written by\" \/>\n\t<meta name=\"twitter:data1\" content=\"darka mazi\" \/>\n\t<meta name=\"twitter:label2\" content=\"Est. reading time\" \/>\n\t<meta name=\"twitter:data2\" content=\"2 minutes\" \/>\n<script type=\"application\/ld+json\" class=\"seo-schema-graph\">{\"@context\":\"https:\\\/\\\/schema.org\",\"@graph\":[{\"@type\":\"Article\",\"@id\":\"https:\\\/\\\/darkamazi.info\\\/archives\\\/1051256#article\",\"isPartOf\":{\"@id\":\"https:\\\/\\\/darkamazi.info\\\/archives\\\/1051256\"},\"author\":{\"name\":\"darka mazi\",\"@id\":\"https:\\\/\\\/darkamazi.info\\\/#\\\/schema\\\/person\\\/5ad3e24553a0567993fa8ed4bd0a776c\"},\"headline\":\"R\u00eaveberiya Xweser: HSD li \u015e\u00eax Meqs\u00fbd tune ye\",\"datePublished\":\"2026-01-07T14:32:40+00:00\",\"mainEntityOfPage\":{\"@id\":\"https:\\\/\\\/darkamazi.info\\\/archives\\\/1051256\"},\"wordCount\":382,\"publisher\":{\"@id\":\"https:\\\/\\\/darkamazi.info\\\/#organization\"},\"image\":{\"@id\":\"https:\\\/\\\/darkamazi.info\\\/archives\\\/1051256#primaryimage\"},\"thumbnailUrl\":\"https:\\\/\\\/darkamazi.info\\\/darka-content\\\/uploads\\\/2026\\\/01\\\/rojava-kurdistan-768x424-1.jpg\",\"keywords\":[\"sereke\"],\"articleSection\":[\"Kurdistan\"],\"inLanguage\":\"en-US\"},{\"@type\":\"WebPage\",\"@id\":\"https:\\\/\\\/darkamazi.info\\\/archives\\\/1051256\",\"url\":\"https:\\\/\\\/darkamazi.info\\\/archives\\\/1051256\",\"name\":\"R\u00eaveberiya Xweser: HSD li \u015e\u00eax Meqs\u00fbd tune ye - Darka Maz\u00ee\",\"isPartOf\":{\"@id\":\"https:\\\/\\\/darkamazi.info\\\/#website\"},\"primaryImageOfPage\":{\"@id\":\"https:\\\/\\\/darkamazi.info\\\/archives\\\/1051256#primaryimage\"},\"image\":{\"@id\":\"https:\\\/\\\/darkamazi.info\\\/archives\\\/1051256#primaryimage\"},\"thumbnailUrl\":\"https:\\\/\\\/darkamazi.info\\\/darka-content\\\/uploads\\\/2026\\\/01\\\/rojava-kurdistan-768x424-1.jpg\",\"datePublished\":\"2026-01-07T14:32:40+00:00\",\"breadcrumb\":{\"@id\":\"https:\\\/\\\/darkamazi.info\\\/archives\\\/1051256#breadcrumb\"},\"inLanguage\":\"en-US\",\"potentialAction\":[{\"@type\":\"ReadAction\",\"target\":[\"https:\\\/\\\/darkamazi.info\\\/archives\\\/1051256\"]}]},{\"@type\":\"ImageObject\",\"inLanguage\":\"en-US\",\"@id\":\"https:\\\/\\\/darkamazi.info\\\/archives\\\/1051256#primaryimage\",\"url\":\"https:\\\/\\\/darkamazi.info\\\/darka-content\\\/uploads\\\/2026\\\/01\\\/rojava-kurdistan-768x424-1.jpg\",\"contentUrl\":\"https:\\\/\\\/darkamazi.info\\\/darka-content\\\/uploads\\\/2026\\\/01\\\/rojava-kurdistan-768x424-1.jpg\",\"width\":768,\"height\":424,\"caption\":\"R\u00eaveberiya Xweser: HSD li \u015e\u00eax Meqs\u00fbd tune ye\"},{\"@type\":\"BreadcrumbList\",\"@id\":\"https:\\\/\\\/darkamazi.info\\\/archives\\\/1051256#breadcrumb\",\"itemListElement\":[{\"@type\":\"ListItem\",\"position\":1,\"name\":\"Home\",\"item\":\"https:\\\/\\\/darkamazi.info\\\/\"},{\"@type\":\"ListItem\",\"position\":2,\"name\":\"R\u00eaveberiya Xweser: HSD li \u015e\u00eax Meqs\u00fbd tune ye\"}]},{\"@type\":\"WebSite\",\"@id\":\"https:\\\/\\\/darkamazi.info\\\/#website\",\"url\":\"https:\\\/\\\/darkamazi.info\\\/\",\"name\":\"Darka Maz\u00ee\",\"description\":\"P\u00eageha Zanyariy\u00ean Nebih\u00eest\u00ee\",\"publisher\":{\"@id\":\"https:\\\/\\\/darkamazi.info\\\/#organization\"},\"potentialAction\":[{\"@type\":\"SearchAction\",\"target\":{\"@type\":\"EntryPoint\",\"urlTemplate\":\"https:\\\/\\\/darkamazi.info\\\/?s={search_term_string}\"},\"query-input\":{\"@type\":\"PropertyValueSpecification\",\"valueRequired\":true,\"valueName\":\"search_term_string\"}}],\"inLanguage\":\"en-US\"},{\"@type\":\"Organization\",\"@id\":\"https:\\\/\\\/darkamazi.info\\\/#organization\",\"name\":\"Darka Maz\u00ee\",\"url\":\"https:\\\/\\\/darkamazi.info\\\/\",\"logo\":{\"@type\":\"ImageObject\",\"inLanguage\":\"en-US\",\"@id\":\"https:\\\/\\\/darkamazi.info\\\/#\\\/schema\\\/logo\\\/image\\\/\",\"url\":\"https:\\\/\\\/darkamazi.info\\\/darka-content\\\/uploads\\\/2017\\\/12\\\/darka-mazi-logo.png\",\"contentUrl\":\"https:\\\/\\\/darkamazi.info\\\/darka-content\\\/uploads\\\/2017\\\/12\\\/darka-mazi-logo.png\",\"width\":151,\"height\":75,\"caption\":\"Darka Maz\u00ee\"},\"image\":{\"@id\":\"https:\\\/\\\/darkamazi.info\\\/#\\\/schema\\\/logo\\\/image\\\/\"},\"sameAs\":[\"https:\\\/\\\/www.facebook.com\\\/DarMaziKurmanci\",\"https:\\\/\\\/x.com\\\/DarkaMaziLatini\",\"https:\\\/\\\/www.instagram.com\\\/darkamazi.kurmanci\\\/\",\"https:\\\/\\\/www.youtube.com\\\/channel\\\/UCa5HkTdmI8U1qCUFuTw8B2g\"]},{\"@type\":\"Person\",\"@id\":\"https:\\\/\\\/darkamazi.info\\\/#\\\/schema\\\/person\\\/5ad3e24553a0567993fa8ed4bd0a776c\",\"name\":\"darka mazi\",\"sameAs\":[\"https:\\\/\\\/darkamazi.info\\\/\"],\"url\":\"https:\\\/\\\/darkamazi.info\\\/archives\\\/author\\\/kurdi\"}]}<\/script>\n<!-- \/ Yoast SEO plugin. -->","seo_head_json":{"title":"R\u00eaveberiya Xweser: HSD li \u015e\u00eax Meqs\u00fbd tune ye - Darka Maz\u00ee","robots":{"index":"index","follow":"follow","max-snippet":"max-snippet:-1","max-image-preview":"max-image-preview:large","max-video-preview":"max-video-preview:-1"},"canonical":"https:\/\/darkamazi.info\/archives\/1051256","og_locale":"en_US","og_type":"article","og_title":"R\u00eaveberiya Xweser: HSD li \u015e\u00eax Meqs\u00fbd tune ye - Darka Maz\u00ee","og_description":"R\u00eaveberiya Xweser, daxuyaniya &#8220;Hikumeta Demk\u00ee&#8221; ya ku tax\u00ean \u015e\u00eax Meqs\u00fbd \u00fb E\u015frefiy\u00ea wek\u00ee armanc\u00ean le\u015fker\u00ee n\u00ee\u015fan dide, \u015fermezar kir \u00fb destn\u00ee\u015fan kir ku h\u00eaz\u00ean HSD\u2019\u00ea li van taxan tune ne. Herwiha got, Wezareta Parastin\u00ea ya Hikumeta Demk\u00ee hem\u00fb r\u00eay\u00ean diyalog\u00ea girtine. R\u00eaveberiya Xweser \u00eero 7\u00ea \u00c7iley\u00ea t\u00eakildar\u00ee gef\u00ean n\u00fb y\u00ean h\u00eaz\u00ean &#8220;Hikumeta Demk\u00ee&#8221; y\u00ean li [&hellip;]","og_url":"https:\/\/darkamazi.info\/archives\/1051256","og_site_name":"Darka Maz\u00ee","article_publisher":"https:\/\/www.facebook.com\/DarMaziKurmanci","article_published_time":"2026-01-07T14:32:40+00:00","og_image":[{"width":768,"height":424,"url":"https:\/\/darkamazi.info\/file\/2026\/01\/rojava-kurdistan-768x424-1.jpg","type":"image\/jpeg"}],"author":"darka mazi","twitter_card":"summary_large_image","twitter_creator":"@DarkaMaziLatini","twitter_site":"@DarkaMaziLatini","twitter_misc":{"Written by":"darka mazi","Est. reading time":"2 minutes"},"schema":{"@context":"https:\/\/schema.org","@graph":[{"@type":"Article","@id":"https:\/\/darkamazi.info\/archives\/1051256#article","isPartOf":{"@id":"https:\/\/darkamazi.info\/archives\/1051256"},"author":{"name":"darka mazi","@id":"https:\/\/darkamazi.info\/#\/schema\/person\/5ad3e24553a0567993fa8ed4bd0a776c"},"headline":"R\u00eaveberiya Xweser: HSD li \u015e\u00eax Meqs\u00fbd tune ye","datePublished":"2026-01-07T14:32:40+00:00","mainEntityOfPage":{"@id":"https:\/\/darkamazi.info\/archives\/1051256"},"wordCount":382,"publisher":{"@id":"https:\/\/darkamazi.info\/#organization"},"image":{"@id":"https:\/\/darkamazi.info\/archives\/1051256#primaryimage"},"thumbnailUrl":"https:\/\/darkamazi.info\/file\/2026\/01\/rojava-kurdistan-768x424-1.jpg","keywords":["sereke"],"articleSection":["Kurdistan"],"inLanguage":"en-US"},{"@type":"WebPage","@id":"https:\/\/darkamazi.info\/archives\/1051256","url":"https:\/\/darkamazi.info\/archives\/1051256","name":"R\u00eaveberiya Xweser: HSD li \u015e\u00eax Meqs\u00fbd tune ye - Darka Maz\u00ee","isPartOf":{"@id":"https:\/\/darkamazi.info\/#website"},"primaryImageOfPage":{"@id":"https:\/\/darkamazi.info\/archives\/1051256#primaryimage"},"image":{"@id":"https:\/\/darkamazi.info\/archives\/1051256#primaryimage"},"thumbnailUrl":"https:\/\/darkamazi.info\/file\/2026\/01\/rojava-kurdistan-768x424-1.jpg","datePublished":"2026-01-07T14:32:40+00:00","breadcrumb":{"@id":"https:\/\/darkamazi.info\/archives\/1051256#breadcrumb"},"inLanguage":"en-US","potentialAction":[{"@type":"ReadAction","target":["https:\/\/darkamazi.info\/archives\/1051256"]}]},{"@type":"ImageObject","inLanguage":"en-US","@id":"https:\/\/darkamazi.info\/archives\/1051256#primaryimage","url":"https:\/\/darkamazi.info\/file\/2026\/01\/rojava-kurdistan-768x424-1.jpg","contentUrl":"https:\/\/darkamazi.info\/file\/2026\/01\/rojava-kurdistan-768x424-1.jpg","width":768,"height":424,"caption":"R\u00eaveberiya Xweser: HSD li \u015e\u00eax Meqs\u00fbd tune ye"},{"@type":"BreadcrumbList","@id":"https:\/\/darkamazi.info\/archives\/1051256#breadcrumb","itemListElement":[{"@type":"ListItem","position":1,"name":"Home","item":"https:\/\/darkamazi.info\/"},{"@type":"ListItem","position":2,"name":"R\u00eaveberiya Xweser: HSD li \u015e\u00eax Meqs\u00fbd tune ye"}]},{"@type":"WebSite","@id":"https:\/\/darkamazi.info\/#website","url":"https:\/\/darkamazi.info\/","name":"Darka Maz\u00ee","description":"P\u00eageha Zanyariy\u00ean Nebih\u00eest\u00ee","publisher":{"@id":"https:\/\/darkamazi.info\/#organization"},"potentialAction":[{"@type":"SearchAction","target":{"@type":"EntryPoint","urlTemplate":"https:\/\/darkamazi.info\/?s={search_term_string}"},"query-input":{"@type":"PropertyValueSpecification","valueRequired":true,"valueName":"search_term_string"}}],"inLanguage":"en-US"},{"@type":"Organization","@id":"https:\/\/darkamazi.info\/#organization","name":"Darka Maz\u00ee","url":"https:\/\/darkamazi.info\/","logo":{"@type":"ImageObject","inLanguage":"en-US","@id":"https:\/\/darkamazi.info\/#\/schema\/logo\/image\/","url":"https:\/\/darkamazi.info\/file\/2017\/12\/darka-mazi-logo.png","contentUrl":"https:\/\/darkamazi.info\/file\/2017\/12\/darka-mazi-logo.png","width":151,"height":75,"caption":"Darka Maz\u00ee"},"image":{"@id":"https:\/\/darkamazi.info\/#\/schema\/logo\/image\/"},"sameAs":["https:\/\/www.facebook.com\/DarMaziKurmanci","https:\/\/x.com\/DarkaMaziLatini","https:\/\/www.instagram.com\/darkamazi.kurmanci\/","https:\/\/www.youtube.com\/channel\/UCa5HkTdmI8U1qCUFuTw8B2g"]},{"@type":"Person","@id":"https:\/\/darkamazi.info\/#\/schema\/person\/5ad3e24553a0567993fa8ed4bd0a776c","name":"darka mazi","sameAs":["https:\/\/darkamazi.info\/"],"url":"https:\/\/darkamazi.info\/archives\/author\/kurdi"}]}},"_links":{"self":[{"href":"https:\/\/darkamazi.info\/funavuv\/wp\/v2\/posts\/1051256","targetHints":{"allow":["GET"]}}],"collection":[{"href":"https:\/\/darkamazi.info\/funavuv\/wp\/v2\/posts"}],"about":[{"href":"https:\/\/darkamazi.info\/funavuv\/wp\/v2\/types\/post"}],"author":[{"embeddable":true,"href":"https:\/\/darkamazi.info\/funavuv\/wp\/v2\/users\/2"}],"replies":[{"embeddable":true,"href":"https:\/\/darkamazi.info\/funavuv\/wp\/v2\/comments?post=1051256"}],"version-history":[{"count":0,"href":"https:\/\/darkamazi.info\/funavuv\/wp\/v2\/posts\/1051256\/revisions"}],"wp:featuredmedia":[{"embeddable":true,"href":"https:\/\/darkamazi.info\/funavuv\/wp\/v2\/media\/1051257"}],"wp:attachment":[{"href":"https:\/\/darkamazi.info\/funavuv\/wp\/v2\/media?parent=1051256"}],"wp:term":[{"taxonomy":"category","embeddable":true,"href":"https:\/\/darkamazi.info\/funavuv\/wp\/v2\/categories?post=1051256"},{"taxonomy":"post_tag","embeddable":true,"href":"https:\/\/darkamazi.info\/funavuv\/wp\/v2\/tags?post=1051256"}],"curies":[{"name":"wp","href":"https:\/\/api.w.org\/{rel}","templated":true}]}}