{"id":1051270,"date":"2026-01-08T16:52:41","date_gmt":"2026-01-08T13:52:41","guid":{"rendered":"https:\/\/darkamazi.info\/?p=1051270"},"modified":"2026-01-08T16:52:41","modified_gmt":"2026-01-08T13:52:41","slug":"mesrur-barzani-hedefgirtina-kurden-helebe-ji-bo-guhertina-demografiye-ye","status":"publish","type":"post","link":"https:\/\/darkamazi.info\/archives\/1051270","title":{"rendered":"Mesr\u00fbr Barzan\u00ee: Hedefgirtina Kurd\u00ean Heleb\u00ea ji bo guhertina demografiy\u00ea ye"},"content":{"rendered":"<h3 style=\"text-align: justify\"><span style=\"font-family: 'arial black', sans-serif\">Mesr\u00fbr Barzan\u00ee ragihand ku armancgirtina Kurdan a li Heleb\u00ea ji bo guhertina demografiya her\u00eam\u00ea ye \u00fb ev yek w\u00eecdana civaka navnetewey\u00ee dixe bin pirsyar\u00ea.<\/span><\/h3>\n<h3 style=\"text-align: justify\"><span style=\"font-family: arial, helvetica, sans-serif\">Serokwez\u00eer\u00ea Her\u00eama Kurdistan\u00ea Mesr\u00fbr Barzan\u00ee li ser r\u00fbdan\u00ean daw\u00ee y\u00ean li Heleb\u00ea daxuyaniyek da.<\/span><\/h3>\n<h3 style=\"text-align: justify\"><span style=\"font-family: arial, helvetica, sans-serif\">Serokwez\u00eer\u00ea Her\u00eama Kurdistan\u00ea Mesr\u00fbr Barzan\u00ee li ser \u00eari\u015f\u00ean ku li tax\u00ean Kurdan \u00ean Heleb\u00ea t\u00ean kirin helwesta xwe n\u00ee\u015fan da.<\/span><\/h3>\n<h3 style=\"text-align: justify\"><span style=\"font-family: arial, helvetica, sans-serif\">Mesr\u00fbr Barzan\u00ee diyar kir ku ev b\u00fbyer metirsiy\u00ea li ser jiyana welatiy\u00ean siv\u00eel \u00e7\u00eadikin \u00fb got:<\/span><\/h3>\n<h3 style=\"text-align: justify\"><span style=\"font-family: arial, helvetica, sans-serif\">&#8220;B\u00fbyer\u00ean li Heleb\u00ea \u00fb hedefgirtina Kurdan a ji bo guhertina demografiya her\u00eam\u00ea \u00fb \u00e7\u00eakirina gef\u00ea li ser jiyana siv\u00eelan, rayedar\u00ean \u015eam\u00ea \u00fb wijdan\u00ea civaka navnetewey\u00ee dixe bin pirsyar\u00ea.&#8221;<\/span><\/h3>\n<h3 style=\"text-align: justify\"><span style=\"font-family: arial, helvetica, sans-serif\">Mesr\u00fbr Barzan\u00ee diyar kir ku \u015fer \u00e7areser\u00ee n\u00eene \u00fb wiha p\u00ea de \u00e7\u00fb:<\/span><\/h3>\n<h3 style=\"text-align: justify\"><span style=\"font-family: arial, helvetica, sans-serif\">&#8220;\u015eer \u00fb tund\u00fbt\u00fbj\u00ee bi awayek\u00ee bingeh\u00een ti pirsgir\u00eak \u00e7areser nakin. Div\u00ea ti hincet r\u00ea nede paqijkirina etn\u00eek\u00ee.<\/span><\/h3>\n<h3 style=\"text-align: justify\"><span style=\"font-family: arial, helvetica, sans-serif\">\u00cari\u015f\u00ean li ser tax\u00ean Kurdan \u00ean bajar\u00ea Heleb\u00ea, em bi awayek\u00ee k\u00fbr dilgiran kirine.&#8221;<\/span><\/h3>\n<h3 style=\"text-align: justify\"><span style=\"font-family: arial, helvetica, sans-serif\">Serokwez\u00eer\u00ea Her\u00eama Kurdistan\u00ea xwest ku pirsgir\u00eak bi r\u00eaya a\u015ftiyane b\u00ean \u00e7areserkirin \u00fb got:<\/span><\/h3>\n<h3 style=\"text-align: justify\"><span style=\"font-family: arial, helvetica, sans-serif\">&#8220;Em h\u00eav\u00eedar in hem\u00fb al\u00ee aramiy\u00ea bipar\u00eazin, jiyana welatiyan bipar\u00eazin \u00fb ji bo \u00e7areseriya pirsgir\u00eakan, ser\u00ee li diyalog \u00fb got\u00fbb\u00eajan b\u00ea day\u00een.&#8221;<\/span><\/h3>\n<h3 style=\"text-align: justify\"><span style=\"font-family: arial, helvetica, sans-serif\">Mesr\u00fbr Barzan\u00ee di dawiya peyama xwe de behsa \u015f\u00eawaz\u00ea bir\u00eavebiriya S\u00fbriyey\u00ea j\u00ee kir \u00fb an\u00ee zim\u00ean:<\/span><\/h3>\n<h3 style=\"text-align: justify\"><span style=\"font-family: arial, helvetica, sans-serif\">&#8220;Her wiha em h\u00eav\u00eedar in s\u00eestema bir\u00eavebiriya niha ya S\u00fbriyey\u00ea, di asta berpirsyariya desthilateke demokrat \u00fb gi\u015ftg\u00eer de be ji bo hem\u00fb xelk\u00ea S\u00fbriyey\u00ea.&#8221;<\/span><\/h3>\n","protected":false},"excerpt":{"rendered":"<p>Mesr\u00fbr Barzan\u00ee ragihand ku armancgirtina Kurdan a li Heleb\u00ea ji bo guhertina demografiya her\u00eam\u00ea ye \u00fb ev yek w\u00eecdana civaka navnetewey\u00ee dixe bin pirsyar\u00ea. Serokwez\u00eer\u00ea Her\u00eama Kurdistan\u00ea Mesr\u00fbr Barzan\u00ee li ser r\u00fbdan\u00ean daw\u00ee y\u00ean li Heleb\u00ea daxuyaniyek da. Serokwez\u00eer\u00ea Her\u00eama Kurdistan\u00ea Mesr\u00fbr Barzan\u00ee li ser \u00eari\u015f\u00ean ku li tax\u00ean Kurdan \u00ean Heleb\u00ea t\u00ean kirin helwesta [&hellip;]<\/p>\n","protected":false},"author":2,"featured_media":1051271,"comment_status":"closed","ping_status":"closed","sticky":false,"template":"","format":"standard","meta":{"footnotes":""},"categories":[29],"tags":[37],"class_list":["post-1051270","post","type-post","status-publish","format-standard","has-post-thumbnail","hentry","category-kurdistan","tag-sereke"],"blocksy_meta":[],"seo_head":"<!-- This site is optimized with the Yoast SEO plugin v27.5 - https:\/\/yoast.com\/product\/yoast-seo-wordpress\/ -->\n<title>Mesr\u00fbr Barzan\u00ee: Hedefgirtina Kurd\u00ean Heleb\u00ea ji bo guhertina demografiy\u00ea ye - Darka Maz\u00ee<\/title>\n<meta name=\"robots\" content=\"index, follow, max-snippet:-1, max-image-preview:large, max-video-preview:-1\" \/>\n<link rel=\"canonical\" href=\"https:\/\/darkamazi.info\/archives\/1051270\" \/>\n<meta property=\"og:locale\" content=\"en_US\" \/>\n<meta property=\"og:type\" content=\"article\" \/>\n<meta property=\"og:title\" content=\"Mesr\u00fbr Barzan\u00ee: Hedefgirtina Kurd\u00ean Heleb\u00ea ji bo guhertina demografiy\u00ea ye - Darka Maz\u00ee\" \/>\n<meta property=\"og:description\" content=\"Mesr\u00fbr Barzan\u00ee ragihand ku armancgirtina Kurdan a li Heleb\u00ea ji bo guhertina demografiya her\u00eam\u00ea ye \u00fb ev yek w\u00eecdana civaka navnetewey\u00ee dixe bin pirsyar\u00ea. Serokwez\u00eer\u00ea Her\u00eama Kurdistan\u00ea Mesr\u00fbr Barzan\u00ee li ser r\u00fbdan\u00ean daw\u00ee y\u00ean li Heleb\u00ea daxuyaniyek da. Serokwez\u00eer\u00ea Her\u00eama Kurdistan\u00ea Mesr\u00fbr Barzan\u00ee li ser \u00eari\u015f\u00ean ku li tax\u00ean Kurdan \u00ean Heleb\u00ea t\u00ean kirin helwesta [&hellip;]\" \/>\n<meta property=\"og:url\" content=\"https:\/\/darkamazi.info\/archives\/1051270\" \/>\n<meta property=\"og:site_name\" content=\"Darka Maz\u00ee\" \/>\n<meta property=\"article:publisher\" content=\"https:\/\/www.facebook.com\/DarMaziKurmanci\" \/>\n<meta property=\"article:published_time\" content=\"2026-01-08T13:52:41+00:00\" \/>\n<meta property=\"og:image\" content=\"https:\/\/darkamazi.info\/file\/2026\/01\/Masrour-Barzani-Halab-Info.jpg\" \/>\n\t<meta property=\"og:image:width\" content=\"900\" \/>\n\t<meta property=\"og:image:height\" content=\"500\" \/>\n\t<meta property=\"og:image:type\" content=\"image\/jpeg\" \/>\n<meta name=\"author\" content=\"darka mazi\" \/>\n<meta name=\"twitter:card\" content=\"summary_large_image\" \/>\n<meta name=\"twitter:creator\" content=\"@DarkaMaziLatini\" \/>\n<meta name=\"twitter:site\" content=\"@DarkaMaziLatini\" \/>\n<meta name=\"twitter:label1\" content=\"Written by\" \/>\n\t<meta name=\"twitter:data1\" content=\"darka mazi\" \/>\n\t<meta name=\"twitter:label2\" content=\"Est. reading time\" \/>\n\t<meta name=\"twitter:data2\" content=\"2 minutes\" \/>\n<script type=\"application\/ld+json\" class=\"seo-schema-graph\">{\"@context\":\"https:\\\/\\\/schema.org\",\"@graph\":[{\"@type\":\"Article\",\"@id\":\"https:\\\/\\\/darkamazi.info\\\/archives\\\/1051270#article\",\"isPartOf\":{\"@id\":\"https:\\\/\\\/darkamazi.info\\\/archives\\\/1051270\"},\"author\":{\"name\":\"darka mazi\",\"@id\":\"https:\\\/\\\/darkamazi.info\\\/#\\\/schema\\\/person\\\/5ad3e24553a0567993fa8ed4bd0a776c\"},\"headline\":\"Mesr\u00fbr Barzan\u00ee: Hedefgirtina Kurd\u00ean Heleb\u00ea ji bo guhertina demografiy\u00ea ye\",\"datePublished\":\"2026-01-08T13:52:41+00:00\",\"mainEntityOfPage\":{\"@id\":\"https:\\\/\\\/darkamazi.info\\\/archives\\\/1051270\"},\"wordCount\":281,\"publisher\":{\"@id\":\"https:\\\/\\\/darkamazi.info\\\/#organization\"},\"image\":{\"@id\":\"https:\\\/\\\/darkamazi.info\\\/archives\\\/1051270#primaryimage\"},\"thumbnailUrl\":\"https:\\\/\\\/darkamazi.info\\\/darka-content\\\/uploads\\\/2026\\\/01\\\/Masrour-Barzani-Halab-Info.jpg\",\"keywords\":[\"sereke\"],\"articleSection\":[\"Kurdistan\"],\"inLanguage\":\"en-US\"},{\"@type\":\"WebPage\",\"@id\":\"https:\\\/\\\/darkamazi.info\\\/archives\\\/1051270\",\"url\":\"https:\\\/\\\/darkamazi.info\\\/archives\\\/1051270\",\"name\":\"Mesr\u00fbr Barzan\u00ee: Hedefgirtina Kurd\u00ean Heleb\u00ea ji bo guhertina demografiy\u00ea ye - Darka Maz\u00ee\",\"isPartOf\":{\"@id\":\"https:\\\/\\\/darkamazi.info\\\/#website\"},\"primaryImageOfPage\":{\"@id\":\"https:\\\/\\\/darkamazi.info\\\/archives\\\/1051270#primaryimage\"},\"image\":{\"@id\":\"https:\\\/\\\/darkamazi.info\\\/archives\\\/1051270#primaryimage\"},\"thumbnailUrl\":\"https:\\\/\\\/darkamazi.info\\\/darka-content\\\/uploads\\\/2026\\\/01\\\/Masrour-Barzani-Halab-Info.jpg\",\"datePublished\":\"2026-01-08T13:52:41+00:00\",\"breadcrumb\":{\"@id\":\"https:\\\/\\\/darkamazi.info\\\/archives\\\/1051270#breadcrumb\"},\"inLanguage\":\"en-US\",\"potentialAction\":[{\"@type\":\"ReadAction\",\"target\":[\"https:\\\/\\\/darkamazi.info\\\/archives\\\/1051270\"]}]},{\"@type\":\"ImageObject\",\"inLanguage\":\"en-US\",\"@id\":\"https:\\\/\\\/darkamazi.info\\\/archives\\\/1051270#primaryimage\",\"url\":\"https:\\\/\\\/darkamazi.info\\\/darka-content\\\/uploads\\\/2026\\\/01\\\/Masrour-Barzani-Halab-Info.jpg\",\"contentUrl\":\"https:\\\/\\\/darkamazi.info\\\/darka-content\\\/uploads\\\/2026\\\/01\\\/Masrour-Barzani-Halab-Info.jpg\",\"width\":900,\"height\":500,\"caption\":\"Masrour Barzani Halab-Info\"},{\"@type\":\"BreadcrumbList\",\"@id\":\"https:\\\/\\\/darkamazi.info\\\/archives\\\/1051270#breadcrumb\",\"itemListElement\":[{\"@type\":\"ListItem\",\"position\":1,\"name\":\"Home\",\"item\":\"https:\\\/\\\/darkamazi.info\\\/\"},{\"@type\":\"ListItem\",\"position\":2,\"name\":\"Mesr\u00fbr Barzan\u00ee: Hedefgirtina Kurd\u00ean Heleb\u00ea ji bo guhertina demografiy\u00ea ye\"}]},{\"@type\":\"WebSite\",\"@id\":\"https:\\\/\\\/darkamazi.info\\\/#website\",\"url\":\"https:\\\/\\\/darkamazi.info\\\/\",\"name\":\"Darka Maz\u00ee\",\"description\":\"P\u00eageha Zanyariy\u00ean Nebih\u00eest\u00ee\",\"publisher\":{\"@id\":\"https:\\\/\\\/darkamazi.info\\\/#organization\"},\"potentialAction\":[{\"@type\":\"SearchAction\",\"target\":{\"@type\":\"EntryPoint\",\"urlTemplate\":\"https:\\\/\\\/darkamazi.info\\\/?s={search_term_string}\"},\"query-input\":{\"@type\":\"PropertyValueSpecification\",\"valueRequired\":true,\"valueName\":\"search_term_string\"}}],\"inLanguage\":\"en-US\"},{\"@type\":\"Organization\",\"@id\":\"https:\\\/\\\/darkamazi.info\\\/#organization\",\"name\":\"Darka Maz\u00ee\",\"url\":\"https:\\\/\\\/darkamazi.info\\\/\",\"logo\":{\"@type\":\"ImageObject\",\"inLanguage\":\"en-US\",\"@id\":\"https:\\\/\\\/darkamazi.info\\\/#\\\/schema\\\/logo\\\/image\\\/\",\"url\":\"https:\\\/\\\/darkamazi.info\\\/darka-content\\\/uploads\\\/2017\\\/12\\\/darka-mazi-logo.png\",\"contentUrl\":\"https:\\\/\\\/darkamazi.info\\\/darka-content\\\/uploads\\\/2017\\\/12\\\/darka-mazi-logo.png\",\"width\":151,\"height\":75,\"caption\":\"Darka Maz\u00ee\"},\"image\":{\"@id\":\"https:\\\/\\\/darkamazi.info\\\/#\\\/schema\\\/logo\\\/image\\\/\"},\"sameAs\":[\"https:\\\/\\\/www.facebook.com\\\/DarMaziKurmanci\",\"https:\\\/\\\/x.com\\\/DarkaMaziLatini\",\"https:\\\/\\\/www.instagram.com\\\/darkamazi.kurmanci\\\/\",\"https:\\\/\\\/www.youtube.com\\\/channel\\\/UCa5HkTdmI8U1qCUFuTw8B2g\"]},{\"@type\":\"Person\",\"@id\":\"https:\\\/\\\/darkamazi.info\\\/#\\\/schema\\\/person\\\/5ad3e24553a0567993fa8ed4bd0a776c\",\"name\":\"darka mazi\",\"sameAs\":[\"https:\\\/\\\/darkamazi.info\\\/\"],\"url\":\"https:\\\/\\\/darkamazi.info\\\/archives\\\/author\\\/kurdi\"}]}<\/script>\n<!-- \/ Yoast SEO plugin. -->","seo_head_json":{"title":"Mesr\u00fbr Barzan\u00ee: Hedefgirtina Kurd\u00ean Heleb\u00ea ji bo guhertina demografiy\u00ea ye - Darka Maz\u00ee","robots":{"index":"index","follow":"follow","max-snippet":"max-snippet:-1","max-image-preview":"max-image-preview:large","max-video-preview":"max-video-preview:-1"},"canonical":"https:\/\/darkamazi.info\/archives\/1051270","og_locale":"en_US","og_type":"article","og_title":"Mesr\u00fbr Barzan\u00ee: Hedefgirtina Kurd\u00ean Heleb\u00ea ji bo guhertina demografiy\u00ea ye - Darka Maz\u00ee","og_description":"Mesr\u00fbr Barzan\u00ee ragihand ku armancgirtina Kurdan a li Heleb\u00ea ji bo guhertina demografiya her\u00eam\u00ea ye \u00fb ev yek w\u00eecdana civaka navnetewey\u00ee dixe bin pirsyar\u00ea. Serokwez\u00eer\u00ea Her\u00eama Kurdistan\u00ea Mesr\u00fbr Barzan\u00ee li ser r\u00fbdan\u00ean daw\u00ee y\u00ean li Heleb\u00ea daxuyaniyek da. Serokwez\u00eer\u00ea Her\u00eama Kurdistan\u00ea Mesr\u00fbr Barzan\u00ee li ser \u00eari\u015f\u00ean ku li tax\u00ean Kurdan \u00ean Heleb\u00ea t\u00ean kirin helwesta [&hellip;]","og_url":"https:\/\/darkamazi.info\/archives\/1051270","og_site_name":"Darka Maz\u00ee","article_publisher":"https:\/\/www.facebook.com\/DarMaziKurmanci","article_published_time":"2026-01-08T13:52:41+00:00","og_image":[{"width":900,"height":500,"url":"https:\/\/darkamazi.info\/file\/2026\/01\/Masrour-Barzani-Halab-Info.jpg","type":"image\/jpeg"}],"author":"darka mazi","twitter_card":"summary_large_image","twitter_creator":"@DarkaMaziLatini","twitter_site":"@DarkaMaziLatini","twitter_misc":{"Written by":"darka mazi","Est. reading time":"2 minutes"},"schema":{"@context":"https:\/\/schema.org","@graph":[{"@type":"Article","@id":"https:\/\/darkamazi.info\/archives\/1051270#article","isPartOf":{"@id":"https:\/\/darkamazi.info\/archives\/1051270"},"author":{"name":"darka mazi","@id":"https:\/\/darkamazi.info\/#\/schema\/person\/5ad3e24553a0567993fa8ed4bd0a776c"},"headline":"Mesr\u00fbr Barzan\u00ee: Hedefgirtina Kurd\u00ean Heleb\u00ea ji bo guhertina demografiy\u00ea ye","datePublished":"2026-01-08T13:52:41+00:00","mainEntityOfPage":{"@id":"https:\/\/darkamazi.info\/archives\/1051270"},"wordCount":281,"publisher":{"@id":"https:\/\/darkamazi.info\/#organization"},"image":{"@id":"https:\/\/darkamazi.info\/archives\/1051270#primaryimage"},"thumbnailUrl":"https:\/\/darkamazi.info\/file\/2026\/01\/Masrour-Barzani-Halab-Info.jpg","keywords":["sereke"],"articleSection":["Kurdistan"],"inLanguage":"en-US"},{"@type":"WebPage","@id":"https:\/\/darkamazi.info\/archives\/1051270","url":"https:\/\/darkamazi.info\/archives\/1051270","name":"Mesr\u00fbr Barzan\u00ee: Hedefgirtina Kurd\u00ean Heleb\u00ea ji bo guhertina demografiy\u00ea ye - Darka Maz\u00ee","isPartOf":{"@id":"https:\/\/darkamazi.info\/#website"},"primaryImageOfPage":{"@id":"https:\/\/darkamazi.info\/archives\/1051270#primaryimage"},"image":{"@id":"https:\/\/darkamazi.info\/archives\/1051270#primaryimage"},"thumbnailUrl":"https:\/\/darkamazi.info\/file\/2026\/01\/Masrour-Barzani-Halab-Info.jpg","datePublished":"2026-01-08T13:52:41+00:00","breadcrumb":{"@id":"https:\/\/darkamazi.info\/archives\/1051270#breadcrumb"},"inLanguage":"en-US","potentialAction":[{"@type":"ReadAction","target":["https:\/\/darkamazi.info\/archives\/1051270"]}]},{"@type":"ImageObject","inLanguage":"en-US","@id":"https:\/\/darkamazi.info\/archives\/1051270#primaryimage","url":"https:\/\/darkamazi.info\/file\/2026\/01\/Masrour-Barzani-Halab-Info.jpg","contentUrl":"https:\/\/darkamazi.info\/file\/2026\/01\/Masrour-Barzani-Halab-Info.jpg","width":900,"height":500,"caption":"Masrour Barzani Halab-Info"},{"@type":"BreadcrumbList","@id":"https:\/\/darkamazi.info\/archives\/1051270#breadcrumb","itemListElement":[{"@type":"ListItem","position":1,"name":"Home","item":"https:\/\/darkamazi.info\/"},{"@type":"ListItem","position":2,"name":"Mesr\u00fbr Barzan\u00ee: Hedefgirtina Kurd\u00ean Heleb\u00ea ji bo guhertina demografiy\u00ea ye"}]},{"@type":"WebSite","@id":"https:\/\/darkamazi.info\/#website","url":"https:\/\/darkamazi.info\/","name":"Darka Maz\u00ee","description":"P\u00eageha Zanyariy\u00ean Nebih\u00eest\u00ee","publisher":{"@id":"https:\/\/darkamazi.info\/#organization"},"potentialAction":[{"@type":"SearchAction","target":{"@type":"EntryPoint","urlTemplate":"https:\/\/darkamazi.info\/?s={search_term_string}"},"query-input":{"@type":"PropertyValueSpecification","valueRequired":true,"valueName":"search_term_string"}}],"inLanguage":"en-US"},{"@type":"Organization","@id":"https:\/\/darkamazi.info\/#organization","name":"Darka Maz\u00ee","url":"https:\/\/darkamazi.info\/","logo":{"@type":"ImageObject","inLanguage":"en-US","@id":"https:\/\/darkamazi.info\/#\/schema\/logo\/image\/","url":"https:\/\/darkamazi.info\/file\/2017\/12\/darka-mazi-logo.png","contentUrl":"https:\/\/darkamazi.info\/file\/2017\/12\/darka-mazi-logo.png","width":151,"height":75,"caption":"Darka Maz\u00ee"},"image":{"@id":"https:\/\/darkamazi.info\/#\/schema\/logo\/image\/"},"sameAs":["https:\/\/www.facebook.com\/DarMaziKurmanci","https:\/\/x.com\/DarkaMaziLatini","https:\/\/www.instagram.com\/darkamazi.kurmanci\/","https:\/\/www.youtube.com\/channel\/UCa5HkTdmI8U1qCUFuTw8B2g"]},{"@type":"Person","@id":"https:\/\/darkamazi.info\/#\/schema\/person\/5ad3e24553a0567993fa8ed4bd0a776c","name":"darka mazi","sameAs":["https:\/\/darkamazi.info\/"],"url":"https:\/\/darkamazi.info\/archives\/author\/kurdi"}]}},"_links":{"self":[{"href":"https:\/\/darkamazi.info\/funavuv\/wp\/v2\/posts\/1051270","targetHints":{"allow":["GET"]}}],"collection":[{"href":"https:\/\/darkamazi.info\/funavuv\/wp\/v2\/posts"}],"about":[{"href":"https:\/\/darkamazi.info\/funavuv\/wp\/v2\/types\/post"}],"author":[{"embeddable":true,"href":"https:\/\/darkamazi.info\/funavuv\/wp\/v2\/users\/2"}],"replies":[{"embeddable":true,"href":"https:\/\/darkamazi.info\/funavuv\/wp\/v2\/comments?post=1051270"}],"version-history":[{"count":0,"href":"https:\/\/darkamazi.info\/funavuv\/wp\/v2\/posts\/1051270\/revisions"}],"wp:featuredmedia":[{"embeddable":true,"href":"https:\/\/darkamazi.info\/funavuv\/wp\/v2\/media\/1051271"}],"wp:attachment":[{"href":"https:\/\/darkamazi.info\/funavuv\/wp\/v2\/media?parent=1051270"}],"wp:term":[{"taxonomy":"category","embeddable":true,"href":"https:\/\/darkamazi.info\/funavuv\/wp\/v2\/categories?post=1051270"},{"taxonomy":"post_tag","embeddable":true,"href":"https:\/\/darkamazi.info\/funavuv\/wp\/v2\/tags?post=1051270"}],"curies":[{"name":"wp","href":"https:\/\/api.w.org\/{rel}","templated":true}]}}