{"id":1051274,"date":"2026-01-10T10:31:11","date_gmt":"2026-01-10T07:31:11","guid":{"rendered":"https:\/\/darkamazi.info\/?p=1051274"},"modified":"2026-01-10T10:31:11","modified_gmt":"2026-01-10T07:31:11","slug":"ilham-ehmed-em-amade-ne-hezen-xwe-ji-sex-meqsude-bo-rojhilate-firate-veguhezin","status":"publish","type":"post","link":"https:\/\/darkamazi.info\/archives\/1051274","title":{"rendered":"\u00celham Ehmed: Em amade ne h\u00eaz\u00ean xwe ji \u015e\u00eax Meqs\u00fbd\u00ea bo rojhilat\u00ea Firat\u00ea veguh\u00eazin"},"content":{"rendered":"<h3 style=\"text-align: justify\"><span style=\"font-family: 'arial black', sans-serif\">Berpirsa T\u00eakiliy\u00ean Derve ya R\u00eaveberiya Xweser a Bakur \u00fb Rojhilat\u00ea S\u00fbriyey\u00ea ragihand ku, ew ji bo parastina can\u00ea welatiyan p\u00ea\u015fwaziya veguhestina h\u00eaz\u00ean xwe ji \u015e\u00eax Meqs\u00fbd \u00fb E\u015frefiyey\u00ea bo rojhilat\u00ea \u00e7em\u00ea Firat\u00ea p\u00ea\u015fwaz\u00ee dikin, bi \u015fert\u00ea ku parastina hundir\u00een \u00fb enc\u00fbmena xwecih\u00ee li gor\u00ee peymana 1\u00ea N\u00eesan\u00ea ji \u015f\u00eaniyan re b\u00ean garant\u00eekirin.<\/span><\/h3>\n<h3 style=\"text-align: justify\">Berpirsa T\u00eakiliy\u00ean Derve ya R\u00eaveberiya Xweser a Bakur \u00fb Rojhilat\u00ea S\u00fbriyey\u00ea \u00celham Ehmed \u00eero (\u015eem\u00ee, 10.01.2026) li ser tora civak\u00ee ya X\u00ea peyamek belav kir \u00fb t\u00ea de got ku, r\u00eaveberiya wan p\u00ea\u015fwaziya p\u00ea\u015fengiya h\u00eaz\u00ean navnetewey\u00ee ji bo veguhastina h\u00eaz\u00ean wan ji bo rojhilat\u00ea \u00e7em\u00ea Firat\u00ea dike.<\/h3>\n<h3 style=\"text-align: justify\">Di peyamek\u00ea de ku ji raya gi\u015ft\u00ee re hatiye arastekirin, \u00celham Ehmed tekez kir ku parastina can\u00ea siv\u00eelan li her du tax\u00ean \u015e\u00eax Meqs\u00fbd \u00fb E\u015frefiyey\u00ea serpi\u015fka kar\u00ean wan e.<\/h3>\n<h3 style=\"text-align: justify\">Berpirsa T\u00eakiliy\u00ean Derve ya R\u00eaveberiya Xweser ron j\u00ee kir: \u201cEm p\u00ea\u015fniyara h\u00eaz\u00ean navbeynkar \u00ean navnetewey\u00ee ji bo veguhestina wan h\u00eaz\u00ean li \u015e\u00eax Meqs\u00fbd\u00ea ji bo rojhilat\u00ea Firat\u00ea bi awayek\u00ea aram p\u00ea\u015fwaz\u00ee dikin.\u201d<\/h3>\n<h3 style=\"text-align: justify\">\u00celham Ehmed di derheqa \u015fert\u00ean veguhestin\u00ea de got ku, raz\u00eeb\u00fbna wan bi w\u00ea yek\u00ea ve gir\u00eaday\u00ee ye ku, div\u00ea heb\u00fbna parastina Kurd\u00ean navxwey\u00ee \u00fb mana enc\u00fbmen\u00ean xwecih\u00ee ji bo \u015f\u00eaniy\u00ean wan her du taxan b\u00ea garant\u00eekirin, ew j\u00ee li gor\u00ee bend\u00ean peymana 1\u00ea N\u00eesan\u00ea.<\/h3>\n<h3 style=\"text-align: justify\">Ev daxuyaniya v\u00ea berpirsa R\u00eaveberiya Xweser di demek\u00ea de ye ku dan\u00fbstandin\u00ean navnetewey\u00ee ji bo aramkirina rew\u015fa Heleb\u00ea \u00fb parastina \u015f\u00eaniy\u00ean Kurd li w\u00ea dever\u00ea berdewam in.<\/h3>\n<h3 style=\"text-align: justify\">Kom\u00ean \u00e7ekdar \u00ean gir\u00eaday\u00ee hik\u00fbmeta S\u00fbriyey\u00ea ev \u00e7end roj in ku \u00ear\u00ee\u015f\u00ean le\u015fker\u00ee li ser her du tax\u00ean Kurdan, E\u015frefiye \u00fb \u015e\u00eax Meqs\u00fbd, li Heleb\u00ea dane destp\u00eakirin. Wan bi awayek\u00ee b\u00easer\u00fbber her du tax\u00ean Kurdan bombebaran kirine, wesa j\u00ee hejmareka mezin a \u015f\u00eaniy\u00ean wan taxan aware b\u00fbne \u00fb hin ji wan j\u00ee b\u00fbne qurban\u00ee.<\/h3>\n","protected":false},"excerpt":{"rendered":"<p>Berpirsa T\u00eakiliy\u00ean Derve ya R\u00eaveberiya Xweser a Bakur \u00fb Rojhilat\u00ea S\u00fbriyey\u00ea ragihand ku, ew ji bo parastina can\u00ea welatiyan p\u00ea\u015fwaziya veguhestina h\u00eaz\u00ean xwe ji \u015e\u00eax Meqs\u00fbd \u00fb E\u015frefiyey\u00ea bo rojhilat\u00ea \u00e7em\u00ea Firat\u00ea p\u00ea\u015fwaz\u00ee dikin, bi \u015fert\u00ea ku parastina hundir\u00een \u00fb enc\u00fbmena xwecih\u00ee li gor\u00ee peymana 1\u00ea N\u00eesan\u00ea ji \u015f\u00eaniyan re b\u00ean garant\u00eekirin. Berpirsa T\u00eakiliy\u00ean Derve [&hellip;]<\/p>\n","protected":false},"author":2,"featured_media":1051275,"comment_status":"closed","ping_status":"closed","sticky":false,"template":"","format":"standard","meta":{"footnotes":""},"categories":[29],"tags":[37],"class_list":["post-1051274","post","type-post","status-publish","format-standard","has-post-thumbnail","hentry","category-kurdistan","tag-sereke"],"blocksy_meta":[],"seo_head":"<!-- This site is optimized with the Yoast SEO plugin v27.5 - https:\/\/yoast.com\/product\/yoast-seo-wordpress\/ -->\n<title>\u00celham Ehmed: Em amade ne h\u00eaz\u00ean xwe ji \u015e\u00eax Meqs\u00fbd\u00ea bo rojhilat\u00ea Firat\u00ea veguh\u00eazin - Darka Maz\u00ee<\/title>\n<meta name=\"robots\" content=\"index, follow, max-snippet:-1, max-image-preview:large, max-video-preview:-1\" \/>\n<link rel=\"canonical\" href=\"https:\/\/darkamazi.info\/archives\/1051274\" \/>\n<meta property=\"og:locale\" content=\"en_US\" \/>\n<meta property=\"og:type\" content=\"article\" \/>\n<meta property=\"og:title\" content=\"\u00celham Ehmed: Em amade ne h\u00eaz\u00ean xwe ji \u015e\u00eax Meqs\u00fbd\u00ea bo rojhilat\u00ea Firat\u00ea veguh\u00eazin - Darka Maz\u00ee\" \/>\n<meta property=\"og:description\" content=\"Berpirsa T\u00eakiliy\u00ean Derve ya R\u00eaveberiya Xweser a Bakur \u00fb Rojhilat\u00ea S\u00fbriyey\u00ea ragihand ku, ew ji bo parastina can\u00ea welatiyan p\u00ea\u015fwaziya veguhestina h\u00eaz\u00ean xwe ji \u015e\u00eax Meqs\u00fbd \u00fb E\u015frefiyey\u00ea bo rojhilat\u00ea \u00e7em\u00ea Firat\u00ea p\u00ea\u015fwaz\u00ee dikin, bi \u015fert\u00ea ku parastina hundir\u00een \u00fb enc\u00fbmena xwecih\u00ee li gor\u00ee peymana 1\u00ea N\u00eesan\u00ea ji \u015f\u00eaniyan re b\u00ean garant\u00eekirin. Berpirsa T\u00eakiliy\u00ean Derve [&hellip;]\" \/>\n<meta property=\"og:url\" content=\"https:\/\/darkamazi.info\/archives\/1051274\" \/>\n<meta property=\"og:site_name\" content=\"Darka Maz\u00ee\" \/>\n<meta property=\"article:publisher\" content=\"https:\/\/www.facebook.com\/DarMaziKurmanci\" \/>\n<meta property=\"article:published_time\" content=\"2026-01-10T07:31:11+00:00\" \/>\n<meta property=\"og:image\" content=\"https:\/\/darkamazi.info\/file\/2026\/01\/ilham-ehmed.jpg\" \/>\n\t<meta property=\"og:image:width\" content=\"900\" \/>\n\t<meta property=\"og:image:height\" content=\"497\" \/>\n\t<meta property=\"og:image:type\" content=\"image\/jpeg\" \/>\n<meta name=\"author\" content=\"darka mazi\" \/>\n<meta name=\"twitter:card\" content=\"summary_large_image\" \/>\n<meta name=\"twitter:creator\" content=\"@DarkaMaziLatini\" \/>\n<meta name=\"twitter:site\" content=\"@DarkaMaziLatini\" \/>\n<meta name=\"twitter:label1\" content=\"Written by\" \/>\n\t<meta name=\"twitter:data1\" content=\"darka mazi\" \/>\n\t<meta name=\"twitter:label2\" content=\"Est. reading time\" \/>\n\t<meta name=\"twitter:data2\" content=\"2 minutes\" \/>\n<script type=\"application\/ld+json\" class=\"seo-schema-graph\">{\"@context\":\"https:\\\/\\\/schema.org\",\"@graph\":[{\"@type\":\"Article\",\"@id\":\"https:\\\/\\\/darkamazi.info\\\/archives\\\/1051274#article\",\"isPartOf\":{\"@id\":\"https:\\\/\\\/darkamazi.info\\\/archives\\\/1051274\"},\"author\":{\"name\":\"darka mazi\",\"@id\":\"https:\\\/\\\/darkamazi.info\\\/#\\\/schema\\\/person\\\/5ad3e24553a0567993fa8ed4bd0a776c\"},\"headline\":\"\u00celham Ehmed: Em amade ne h\u00eaz\u00ean xwe ji \u015e\u00eax Meqs\u00fbd\u00ea bo rojhilat\u00ea Firat\u00ea veguh\u00eazin\",\"datePublished\":\"2026-01-10T07:31:11+00:00\",\"mainEntityOfPage\":{\"@id\":\"https:\\\/\\\/darkamazi.info\\\/archives\\\/1051274\"},\"wordCount\":367,\"publisher\":{\"@id\":\"https:\\\/\\\/darkamazi.info\\\/#organization\"},\"image\":{\"@id\":\"https:\\\/\\\/darkamazi.info\\\/archives\\\/1051274#primaryimage\"},\"thumbnailUrl\":\"https:\\\/\\\/darkamazi.info\\\/darka-content\\\/uploads\\\/2026\\\/01\\\/ilham-ehmed.jpg\",\"keywords\":[\"sereke\"],\"articleSection\":[\"Kurdistan\"],\"inLanguage\":\"en-US\"},{\"@type\":\"WebPage\",\"@id\":\"https:\\\/\\\/darkamazi.info\\\/archives\\\/1051274\",\"url\":\"https:\\\/\\\/darkamazi.info\\\/archives\\\/1051274\",\"name\":\"\u00celham Ehmed: Em amade ne h\u00eaz\u00ean xwe ji \u015e\u00eax Meqs\u00fbd\u00ea bo rojhilat\u00ea Firat\u00ea veguh\u00eazin - Darka Maz\u00ee\",\"isPartOf\":{\"@id\":\"https:\\\/\\\/darkamazi.info\\\/#website\"},\"primaryImageOfPage\":{\"@id\":\"https:\\\/\\\/darkamazi.info\\\/archives\\\/1051274#primaryimage\"},\"image\":{\"@id\":\"https:\\\/\\\/darkamazi.info\\\/archives\\\/1051274#primaryimage\"},\"thumbnailUrl\":\"https:\\\/\\\/darkamazi.info\\\/darka-content\\\/uploads\\\/2026\\\/01\\\/ilham-ehmed.jpg\",\"datePublished\":\"2026-01-10T07:31:11+00:00\",\"breadcrumb\":{\"@id\":\"https:\\\/\\\/darkamazi.info\\\/archives\\\/1051274#breadcrumb\"},\"inLanguage\":\"en-US\",\"potentialAction\":[{\"@type\":\"ReadAction\",\"target\":[\"https:\\\/\\\/darkamazi.info\\\/archives\\\/1051274\"]}]},{\"@type\":\"ImageObject\",\"inLanguage\":\"en-US\",\"@id\":\"https:\\\/\\\/darkamazi.info\\\/archives\\\/1051274#primaryimage\",\"url\":\"https:\\\/\\\/darkamazi.info\\\/darka-content\\\/uploads\\\/2026\\\/01\\\/ilham-ehmed.jpg\",\"contentUrl\":\"https:\\\/\\\/darkamazi.info\\\/darka-content\\\/uploads\\\/2026\\\/01\\\/ilham-ehmed.jpg\",\"width\":900,\"height\":497,\"caption\":\"\u00celham Ehmed: Em amade ne h\u00eaz\u00ean xwe ji \u015e\u00eax Meqs\u00fbd\u00ea bo rojhilat\u00ea Firat\u00ea veguh\u00eazin\"},{\"@type\":\"BreadcrumbList\",\"@id\":\"https:\\\/\\\/darkamazi.info\\\/archives\\\/1051274#breadcrumb\",\"itemListElement\":[{\"@type\":\"ListItem\",\"position\":1,\"name\":\"Home\",\"item\":\"https:\\\/\\\/darkamazi.info\\\/\"},{\"@type\":\"ListItem\",\"position\":2,\"name\":\"\u00celham Ehmed: Em amade ne h\u00eaz\u00ean xwe ji \u015e\u00eax Meqs\u00fbd\u00ea bo rojhilat\u00ea Firat\u00ea veguh\u00eazin\"}]},{\"@type\":\"WebSite\",\"@id\":\"https:\\\/\\\/darkamazi.info\\\/#website\",\"url\":\"https:\\\/\\\/darkamazi.info\\\/\",\"name\":\"Darka Maz\u00ee\",\"description\":\"P\u00eageha Zanyariy\u00ean Nebih\u00eest\u00ee\",\"publisher\":{\"@id\":\"https:\\\/\\\/darkamazi.info\\\/#organization\"},\"potentialAction\":[{\"@type\":\"SearchAction\",\"target\":{\"@type\":\"EntryPoint\",\"urlTemplate\":\"https:\\\/\\\/darkamazi.info\\\/?s={search_term_string}\"},\"query-input\":{\"@type\":\"PropertyValueSpecification\",\"valueRequired\":true,\"valueName\":\"search_term_string\"}}],\"inLanguage\":\"en-US\"},{\"@type\":\"Organization\",\"@id\":\"https:\\\/\\\/darkamazi.info\\\/#organization\",\"name\":\"Darka Maz\u00ee\",\"url\":\"https:\\\/\\\/darkamazi.info\\\/\",\"logo\":{\"@type\":\"ImageObject\",\"inLanguage\":\"en-US\",\"@id\":\"https:\\\/\\\/darkamazi.info\\\/#\\\/schema\\\/logo\\\/image\\\/\",\"url\":\"https:\\\/\\\/darkamazi.info\\\/darka-content\\\/uploads\\\/2017\\\/12\\\/darka-mazi-logo.png\",\"contentUrl\":\"https:\\\/\\\/darkamazi.info\\\/darka-content\\\/uploads\\\/2017\\\/12\\\/darka-mazi-logo.png\",\"width\":151,\"height\":75,\"caption\":\"Darka Maz\u00ee\"},\"image\":{\"@id\":\"https:\\\/\\\/darkamazi.info\\\/#\\\/schema\\\/logo\\\/image\\\/\"},\"sameAs\":[\"https:\\\/\\\/www.facebook.com\\\/DarMaziKurmanci\",\"https:\\\/\\\/x.com\\\/DarkaMaziLatini\",\"https:\\\/\\\/www.instagram.com\\\/darkamazi.kurmanci\\\/\",\"https:\\\/\\\/www.youtube.com\\\/channel\\\/UCa5HkTdmI8U1qCUFuTw8B2g\"]},{\"@type\":\"Person\",\"@id\":\"https:\\\/\\\/darkamazi.info\\\/#\\\/schema\\\/person\\\/5ad3e24553a0567993fa8ed4bd0a776c\",\"name\":\"darka mazi\",\"sameAs\":[\"https:\\\/\\\/darkamazi.info\\\/\"],\"url\":\"https:\\\/\\\/darkamazi.info\\\/archives\\\/author\\\/kurdi\"}]}<\/script>\n<!-- \/ Yoast SEO plugin. -->","seo_head_json":{"title":"\u00celham Ehmed: Em amade ne h\u00eaz\u00ean xwe ji \u015e\u00eax Meqs\u00fbd\u00ea bo rojhilat\u00ea Firat\u00ea veguh\u00eazin - Darka Maz\u00ee","robots":{"index":"index","follow":"follow","max-snippet":"max-snippet:-1","max-image-preview":"max-image-preview:large","max-video-preview":"max-video-preview:-1"},"canonical":"https:\/\/darkamazi.info\/archives\/1051274","og_locale":"en_US","og_type":"article","og_title":"\u00celham Ehmed: Em amade ne h\u00eaz\u00ean xwe ji \u015e\u00eax Meqs\u00fbd\u00ea bo rojhilat\u00ea Firat\u00ea veguh\u00eazin - Darka Maz\u00ee","og_description":"Berpirsa T\u00eakiliy\u00ean Derve ya R\u00eaveberiya Xweser a Bakur \u00fb Rojhilat\u00ea S\u00fbriyey\u00ea ragihand ku, ew ji bo parastina can\u00ea welatiyan p\u00ea\u015fwaziya veguhestina h\u00eaz\u00ean xwe ji \u015e\u00eax Meqs\u00fbd \u00fb E\u015frefiyey\u00ea bo rojhilat\u00ea \u00e7em\u00ea Firat\u00ea p\u00ea\u015fwaz\u00ee dikin, bi \u015fert\u00ea ku parastina hundir\u00een \u00fb enc\u00fbmena xwecih\u00ee li gor\u00ee peymana 1\u00ea N\u00eesan\u00ea ji \u015f\u00eaniyan re b\u00ean garant\u00eekirin. Berpirsa T\u00eakiliy\u00ean Derve [&hellip;]","og_url":"https:\/\/darkamazi.info\/archives\/1051274","og_site_name":"Darka Maz\u00ee","article_publisher":"https:\/\/www.facebook.com\/DarMaziKurmanci","article_published_time":"2026-01-10T07:31:11+00:00","og_image":[{"width":900,"height":497,"url":"https:\/\/darkamazi.info\/file\/2026\/01\/ilham-ehmed.jpg","type":"image\/jpeg"}],"author":"darka mazi","twitter_card":"summary_large_image","twitter_creator":"@DarkaMaziLatini","twitter_site":"@DarkaMaziLatini","twitter_misc":{"Written by":"darka mazi","Est. reading time":"2 minutes"},"schema":{"@context":"https:\/\/schema.org","@graph":[{"@type":"Article","@id":"https:\/\/darkamazi.info\/archives\/1051274#article","isPartOf":{"@id":"https:\/\/darkamazi.info\/archives\/1051274"},"author":{"name":"darka mazi","@id":"https:\/\/darkamazi.info\/#\/schema\/person\/5ad3e24553a0567993fa8ed4bd0a776c"},"headline":"\u00celham Ehmed: Em amade ne h\u00eaz\u00ean xwe ji \u015e\u00eax Meqs\u00fbd\u00ea bo rojhilat\u00ea Firat\u00ea veguh\u00eazin","datePublished":"2026-01-10T07:31:11+00:00","mainEntityOfPage":{"@id":"https:\/\/darkamazi.info\/archives\/1051274"},"wordCount":367,"publisher":{"@id":"https:\/\/darkamazi.info\/#organization"},"image":{"@id":"https:\/\/darkamazi.info\/archives\/1051274#primaryimage"},"thumbnailUrl":"https:\/\/darkamazi.info\/file\/2026\/01\/ilham-ehmed.jpg","keywords":["sereke"],"articleSection":["Kurdistan"],"inLanguage":"en-US"},{"@type":"WebPage","@id":"https:\/\/darkamazi.info\/archives\/1051274","url":"https:\/\/darkamazi.info\/archives\/1051274","name":"\u00celham Ehmed: Em amade ne h\u00eaz\u00ean xwe ji \u015e\u00eax Meqs\u00fbd\u00ea bo rojhilat\u00ea Firat\u00ea veguh\u00eazin - Darka Maz\u00ee","isPartOf":{"@id":"https:\/\/darkamazi.info\/#website"},"primaryImageOfPage":{"@id":"https:\/\/darkamazi.info\/archives\/1051274#primaryimage"},"image":{"@id":"https:\/\/darkamazi.info\/archives\/1051274#primaryimage"},"thumbnailUrl":"https:\/\/darkamazi.info\/file\/2026\/01\/ilham-ehmed.jpg","datePublished":"2026-01-10T07:31:11+00:00","breadcrumb":{"@id":"https:\/\/darkamazi.info\/archives\/1051274#breadcrumb"},"inLanguage":"en-US","potentialAction":[{"@type":"ReadAction","target":["https:\/\/darkamazi.info\/archives\/1051274"]}]},{"@type":"ImageObject","inLanguage":"en-US","@id":"https:\/\/darkamazi.info\/archives\/1051274#primaryimage","url":"https:\/\/darkamazi.info\/file\/2026\/01\/ilham-ehmed.jpg","contentUrl":"https:\/\/darkamazi.info\/file\/2026\/01\/ilham-ehmed.jpg","width":900,"height":497,"caption":"\u00celham Ehmed: Em amade ne h\u00eaz\u00ean xwe ji \u015e\u00eax Meqs\u00fbd\u00ea bo rojhilat\u00ea Firat\u00ea veguh\u00eazin"},{"@type":"BreadcrumbList","@id":"https:\/\/darkamazi.info\/archives\/1051274#breadcrumb","itemListElement":[{"@type":"ListItem","position":1,"name":"Home","item":"https:\/\/darkamazi.info\/"},{"@type":"ListItem","position":2,"name":"\u00celham Ehmed: Em amade ne h\u00eaz\u00ean xwe ji \u015e\u00eax Meqs\u00fbd\u00ea bo rojhilat\u00ea Firat\u00ea veguh\u00eazin"}]},{"@type":"WebSite","@id":"https:\/\/darkamazi.info\/#website","url":"https:\/\/darkamazi.info\/","name":"Darka Maz\u00ee","description":"P\u00eageha Zanyariy\u00ean Nebih\u00eest\u00ee","publisher":{"@id":"https:\/\/darkamazi.info\/#organization"},"potentialAction":[{"@type":"SearchAction","target":{"@type":"EntryPoint","urlTemplate":"https:\/\/darkamazi.info\/?s={search_term_string}"},"query-input":{"@type":"PropertyValueSpecification","valueRequired":true,"valueName":"search_term_string"}}],"inLanguage":"en-US"},{"@type":"Organization","@id":"https:\/\/darkamazi.info\/#organization","name":"Darka Maz\u00ee","url":"https:\/\/darkamazi.info\/","logo":{"@type":"ImageObject","inLanguage":"en-US","@id":"https:\/\/darkamazi.info\/#\/schema\/logo\/image\/","url":"https:\/\/darkamazi.info\/file\/2017\/12\/darka-mazi-logo.png","contentUrl":"https:\/\/darkamazi.info\/file\/2017\/12\/darka-mazi-logo.png","width":151,"height":75,"caption":"Darka Maz\u00ee"},"image":{"@id":"https:\/\/darkamazi.info\/#\/schema\/logo\/image\/"},"sameAs":["https:\/\/www.facebook.com\/DarMaziKurmanci","https:\/\/x.com\/DarkaMaziLatini","https:\/\/www.instagram.com\/darkamazi.kurmanci\/","https:\/\/www.youtube.com\/channel\/UCa5HkTdmI8U1qCUFuTw8B2g"]},{"@type":"Person","@id":"https:\/\/darkamazi.info\/#\/schema\/person\/5ad3e24553a0567993fa8ed4bd0a776c","name":"darka mazi","sameAs":["https:\/\/darkamazi.info\/"],"url":"https:\/\/darkamazi.info\/archives\/author\/kurdi"}]}},"_links":{"self":[{"href":"https:\/\/darkamazi.info\/funavuv\/wp\/v2\/posts\/1051274","targetHints":{"allow":["GET"]}}],"collection":[{"href":"https:\/\/darkamazi.info\/funavuv\/wp\/v2\/posts"}],"about":[{"href":"https:\/\/darkamazi.info\/funavuv\/wp\/v2\/types\/post"}],"author":[{"embeddable":true,"href":"https:\/\/darkamazi.info\/funavuv\/wp\/v2\/users\/2"}],"replies":[{"embeddable":true,"href":"https:\/\/darkamazi.info\/funavuv\/wp\/v2\/comments?post=1051274"}],"version-history":[{"count":0,"href":"https:\/\/darkamazi.info\/funavuv\/wp\/v2\/posts\/1051274\/revisions"}],"wp:featuredmedia":[{"embeddable":true,"href":"https:\/\/darkamazi.info\/funavuv\/wp\/v2\/media\/1051275"}],"wp:attachment":[{"href":"https:\/\/darkamazi.info\/funavuv\/wp\/v2\/media?parent=1051274"}],"wp:term":[{"taxonomy":"category","embeddable":true,"href":"https:\/\/darkamazi.info\/funavuv\/wp\/v2\/categories?post=1051274"},{"taxonomy":"post_tag","embeddable":true,"href":"https:\/\/darkamazi.info\/funavuv\/wp\/v2\/tags?post=1051274"}],"curies":[{"name":"wp","href":"https:\/\/api.w.org\/{rel}","templated":true}]}}