{"id":1051280,"date":"2026-01-10T11:49:58","date_gmt":"2026-01-10T08:49:58","guid":{"rendered":"https:\/\/darkamazi.info\/?p=1051280"},"modified":"2026-01-10T11:49:58","modified_gmt":"2026-01-10T08:49:58","slug":"fransa-banga-agirbeste-li-helebe-dike-u-pistgiriye-dide-vekisina-servanan-a-bi-rumet","status":"publish","type":"post","link":"https:\/\/darkamazi.info\/archives\/1051280","title":{"rendered":"Fransa banga agirbest\u00ea li Heleb\u00ea dike \u00fb pi\u015ftgiriy\u00ea dide veki\u015f\u00eena \u015fervanan a bi r\u00fbmet"},"content":{"rendered":"<h3 style=\"text-align: justify\"><span style=\"font-family: 'arial black', sans-serif\">Hik\u00fbmeta Fransay\u00ea n\u00eegeraniyeke k\u00fbr li ser ji n\u00fb ve destp\u00eakirina \u015fer li taxa \u015e\u00eax Meqs\u00fbd a Heleb\u00ea n\u00ee\u015fan da \u00fb bang li hem\u00fb aliyan kir ku tavil\u00ea vegerin peymana agirbest\u00ea.<\/span><\/h3>\n<h3 style=\"text-align: justify\">\u00cero 10.01.2026\u00ea Wezareta Derve ya Fransay\u00ea banga gihandina al\u00eekariy\u00ean mirov\u00ee \u00fb parastina jiyana siv\u00eelan li baj\u00ear kir. Fransay\u00ea got ku ew pi\u015ftgiriy\u00ea dide p\u00ea\u015fniyar\u00ean ku armanca wan parastina siv\u00eelan e, m\u00eena soz\u00ean ber\u00ea y\u00ean ku ji h\u00eala hik\u00fbmeta S\u00fbriyey\u00ea ve hatine day\u00een, \u00fb daxwaz kir ku dest\u00fbr b\u00ea day\u00een ku \u015fervan bi awayek\u00ee &#8220;bi r\u00fbmet&#8221; ji her\u00eam\u00ea veki\u015fin.<\/h3>\n<h3 style=\"text-align: justify\">Par\u00ees\u00ea tekez kir ku ew \u00ea bi hevkar\u00ean xwe y\u00ean navnetewey\u00ee, di ser\u00ee de Dewlet\u00ean Yekb\u00fby\u00ee, re, berdewam bike ku ewleh\u00ee \u00fb aramiy\u00ea veger\u00eene Heleb\u00ea di \u00e7ar\u00e7oveya S\u00fbriyeyeke yekgirt\u00ee, serwer \u00fb piral\u00ee de ku hem\u00fb civak t\u00ea de tems\u00eel dibin.<\/h3>\n<h3 style=\"text-align: justify\">Helwesta Fransay\u00ea di demek\u00ea de t\u00ea ku pev\u00e7\u00fbn\u00ean giran di navbera art\u00ea\u015fa Ereb\u00ee ya S\u00fbriy\u00ea \u00fb \u015fervan\u00ean Kurd de li tax\u00ean \u015e\u00eax Meqs\u00fbd \u00fb E\u015frefiy\u00ea di 06.01.2026\u00ea de dest p\u00ea kirin. Li gor\u00ee hejmar\u00ean her\u00ee daw\u00ee, pev\u00e7\u00fbn\u00ea z\u00eadetir\u00ee 159,000 kes ko\u00e7ber kirine.<\/h3>\n<h3 style=\"text-align: justify\">Ev p\u00ea\u015fketin\u00ean tund pi\u015ft\u00ee w\u00ea yek\u00ea t\u00ean ku p\u00eakan\u00eena peymana 10\u00ea Adara 2025an, ku armanc dikir h\u00eaz\u00ean Kurd\u00ee tevl\u00ee hik\u00fbmeta n\u00fb ya S\u00fbriyey\u00ea bike, rast\u00ee astengiyek\u00ea hat. Fransa, wek\u00ee hevkarek\u00ee navnetewey\u00ee, ber\u00ea j\u00ee daxwaz kirib\u00fb ku maf\u00ean hem\u00fb p\u00eakhateyan di nav rej\u00eema n\u00fb de werin parastin.<\/h3>\n","protected":false},"excerpt":{"rendered":"<p>Hik\u00fbmeta Fransay\u00ea n\u00eegeraniyeke k\u00fbr li ser ji n\u00fb ve destp\u00eakirina \u015fer li taxa \u015e\u00eax Meqs\u00fbd a Heleb\u00ea n\u00ee\u015fan da \u00fb bang li hem\u00fb aliyan kir ku tavil\u00ea vegerin peymana agirbest\u00ea. \u00cero 10.01.2026\u00ea Wezareta Derve ya Fransay\u00ea banga gihandina al\u00eekariy\u00ean mirov\u00ee \u00fb parastina jiyana siv\u00eelan li baj\u00ear kir. Fransay\u00ea got ku ew pi\u015ftgiriy\u00ea dide p\u00ea\u015fniyar\u00ean ku [&hellip;]<\/p>\n","protected":false},"author":2,"featured_media":1051281,"comment_status":"closed","ping_status":"closed","sticky":false,"template":"","format":"standard","meta":{"footnotes":""},"categories":[30],"tags":[37],"class_list":["post-1051280","post","type-post","status-publish","format-standard","has-post-thumbnail","hentry","category-cihan","tag-sereke"],"blocksy_meta":[],"seo_head":"<!-- This site is optimized with the Yoast SEO plugin v27.5 - https:\/\/yoast.com\/product\/yoast-seo-wordpress\/ -->\n<title>Fransa banga agirbest\u00ea li Heleb\u00ea dike \u00fb pi\u015ftgiriy\u00ea dide veki\u015f\u00eena \u015fervanan a bi r\u00fbmet - Darka Maz\u00ee<\/title>\n<meta name=\"robots\" content=\"index, follow, max-snippet:-1, max-image-preview:large, max-video-preview:-1\" \/>\n<link rel=\"canonical\" href=\"https:\/\/darkamazi.info\/archives\/1051280\" \/>\n<meta property=\"og:locale\" content=\"en_US\" \/>\n<meta property=\"og:type\" content=\"article\" \/>\n<meta property=\"og:title\" content=\"Fransa banga agirbest\u00ea li Heleb\u00ea dike \u00fb pi\u015ftgiriy\u00ea dide veki\u015f\u00eena \u015fervanan a bi r\u00fbmet - Darka Maz\u00ee\" \/>\n<meta property=\"og:description\" content=\"Hik\u00fbmeta Fransay\u00ea n\u00eegeraniyeke k\u00fbr li ser ji n\u00fb ve destp\u00eakirina \u015fer li taxa \u015e\u00eax Meqs\u00fbd a Heleb\u00ea n\u00ee\u015fan da \u00fb bang li hem\u00fb aliyan kir ku tavil\u00ea vegerin peymana agirbest\u00ea. \u00cero 10.01.2026\u00ea Wezareta Derve ya Fransay\u00ea banga gihandina al\u00eekariy\u00ean mirov\u00ee \u00fb parastina jiyana siv\u00eelan li baj\u00ear kir. Fransay\u00ea got ku ew pi\u015ftgiriy\u00ea dide p\u00ea\u015fniyar\u00ean ku [&hellip;]\" \/>\n<meta property=\"og:url\" content=\"https:\/\/darkamazi.info\/archives\/1051280\" \/>\n<meta property=\"og:site_name\" content=\"Darka Maz\u00ee\" \/>\n<meta property=\"article:publisher\" content=\"https:\/\/www.facebook.com\/DarMaziKurmanci\" \/>\n<meta property=\"article:published_time\" content=\"2026-01-10T08:49:58+00:00\" \/>\n<meta property=\"og:image\" content=\"https:\/\/darkamazi.info\/file\/2026\/01\/heleb-qsd-hsd.jpg\" \/>\n\t<meta property=\"og:image:width\" content=\"900\" \/>\n\t<meta property=\"og:image:height\" content=\"497\" \/>\n\t<meta property=\"og:image:type\" content=\"image\/jpeg\" \/>\n<meta name=\"author\" content=\"darka mazi\" \/>\n<meta name=\"twitter:card\" content=\"summary_large_image\" \/>\n<meta name=\"twitter:creator\" content=\"@DarkaMaziLatini\" \/>\n<meta name=\"twitter:site\" content=\"@DarkaMaziLatini\" \/>\n<meta name=\"twitter:label1\" content=\"Written by\" \/>\n\t<meta name=\"twitter:data1\" content=\"darka mazi\" \/>\n\t<meta name=\"twitter:label2\" content=\"Est. reading time\" \/>\n\t<meta name=\"twitter:data2\" content=\"2 minutes\" \/>\n<script type=\"application\/ld+json\" class=\"seo-schema-graph\">{\"@context\":\"https:\\\/\\\/schema.org\",\"@graph\":[{\"@type\":\"Article\",\"@id\":\"https:\\\/\\\/darkamazi.info\\\/archives\\\/1051280#article\",\"isPartOf\":{\"@id\":\"https:\\\/\\\/darkamazi.info\\\/archives\\\/1051280\"},\"author\":{\"name\":\"darka mazi\",\"@id\":\"https:\\\/\\\/darkamazi.info\\\/#\\\/schema\\\/person\\\/5ad3e24553a0567993fa8ed4bd0a776c\"},\"headline\":\"Fransa banga agirbest\u00ea li Heleb\u00ea dike \u00fb pi\u015ftgiriy\u00ea dide veki\u015f\u00eena \u015fervanan a bi r\u00fbmet\",\"datePublished\":\"2026-01-10T08:49:58+00:00\",\"mainEntityOfPage\":{\"@id\":\"https:\\\/\\\/darkamazi.info\\\/archives\\\/1051280\"},\"wordCount\":280,\"publisher\":{\"@id\":\"https:\\\/\\\/darkamazi.info\\\/#organization\"},\"image\":{\"@id\":\"https:\\\/\\\/darkamazi.info\\\/archives\\\/1051280#primaryimage\"},\"thumbnailUrl\":\"https:\\\/\\\/darkamazi.info\\\/darka-content\\\/uploads\\\/2026\\\/01\\\/heleb-qsd-hsd.jpg\",\"keywords\":[\"sereke\"],\"articleSection\":[\"C\u00eehan\"],\"inLanguage\":\"en-US\"},{\"@type\":\"WebPage\",\"@id\":\"https:\\\/\\\/darkamazi.info\\\/archives\\\/1051280\",\"url\":\"https:\\\/\\\/darkamazi.info\\\/archives\\\/1051280\",\"name\":\"Fransa banga agirbest\u00ea li Heleb\u00ea dike \u00fb pi\u015ftgiriy\u00ea dide veki\u015f\u00eena \u015fervanan a bi r\u00fbmet - Darka Maz\u00ee\",\"isPartOf\":{\"@id\":\"https:\\\/\\\/darkamazi.info\\\/#website\"},\"primaryImageOfPage\":{\"@id\":\"https:\\\/\\\/darkamazi.info\\\/archives\\\/1051280#primaryimage\"},\"image\":{\"@id\":\"https:\\\/\\\/darkamazi.info\\\/archives\\\/1051280#primaryimage\"},\"thumbnailUrl\":\"https:\\\/\\\/darkamazi.info\\\/darka-content\\\/uploads\\\/2026\\\/01\\\/heleb-qsd-hsd.jpg\",\"datePublished\":\"2026-01-10T08:49:58+00:00\",\"breadcrumb\":{\"@id\":\"https:\\\/\\\/darkamazi.info\\\/archives\\\/1051280#breadcrumb\"},\"inLanguage\":\"en-US\",\"potentialAction\":[{\"@type\":\"ReadAction\",\"target\":[\"https:\\\/\\\/darkamazi.info\\\/archives\\\/1051280\"]}]},{\"@type\":\"ImageObject\",\"inLanguage\":\"en-US\",\"@id\":\"https:\\\/\\\/darkamazi.info\\\/archives\\\/1051280#primaryimage\",\"url\":\"https:\\\/\\\/darkamazi.info\\\/darka-content\\\/uploads\\\/2026\\\/01\\\/heleb-qsd-hsd.jpg\",\"contentUrl\":\"https:\\\/\\\/darkamazi.info\\\/darka-content\\\/uploads\\\/2026\\\/01\\\/heleb-qsd-hsd.jpg\",\"width\":900,\"height\":497,\"caption\":\"Fransa banga agirbest\u00ea li Heleb\u00ea dike \u00fb pi\u015ftgiriy\u00ea dide veki\u015f\u00eena \u015fervanan a bi r\u00fbmet\"},{\"@type\":\"BreadcrumbList\",\"@id\":\"https:\\\/\\\/darkamazi.info\\\/archives\\\/1051280#breadcrumb\",\"itemListElement\":[{\"@type\":\"ListItem\",\"position\":1,\"name\":\"Home\",\"item\":\"https:\\\/\\\/darkamazi.info\\\/\"},{\"@type\":\"ListItem\",\"position\":2,\"name\":\"Fransa banga agirbest\u00ea li Heleb\u00ea dike \u00fb pi\u015ftgiriy\u00ea dide veki\u015f\u00eena \u015fervanan a bi r\u00fbmet\"}]},{\"@type\":\"WebSite\",\"@id\":\"https:\\\/\\\/darkamazi.info\\\/#website\",\"url\":\"https:\\\/\\\/darkamazi.info\\\/\",\"name\":\"Darka Maz\u00ee\",\"description\":\"P\u00eageha Zanyariy\u00ean Nebih\u00eest\u00ee\",\"publisher\":{\"@id\":\"https:\\\/\\\/darkamazi.info\\\/#organization\"},\"potentialAction\":[{\"@type\":\"SearchAction\",\"target\":{\"@type\":\"EntryPoint\",\"urlTemplate\":\"https:\\\/\\\/darkamazi.info\\\/?s={search_term_string}\"},\"query-input\":{\"@type\":\"PropertyValueSpecification\",\"valueRequired\":true,\"valueName\":\"search_term_string\"}}],\"inLanguage\":\"en-US\"},{\"@type\":\"Organization\",\"@id\":\"https:\\\/\\\/darkamazi.info\\\/#organization\",\"name\":\"Darka Maz\u00ee\",\"url\":\"https:\\\/\\\/darkamazi.info\\\/\",\"logo\":{\"@type\":\"ImageObject\",\"inLanguage\":\"en-US\",\"@id\":\"https:\\\/\\\/darkamazi.info\\\/#\\\/schema\\\/logo\\\/image\\\/\",\"url\":\"https:\\\/\\\/darkamazi.info\\\/darka-content\\\/uploads\\\/2017\\\/12\\\/darka-mazi-logo.png\",\"contentUrl\":\"https:\\\/\\\/darkamazi.info\\\/darka-content\\\/uploads\\\/2017\\\/12\\\/darka-mazi-logo.png\",\"width\":151,\"height\":75,\"caption\":\"Darka Maz\u00ee\"},\"image\":{\"@id\":\"https:\\\/\\\/darkamazi.info\\\/#\\\/schema\\\/logo\\\/image\\\/\"},\"sameAs\":[\"https:\\\/\\\/www.facebook.com\\\/DarMaziKurmanci\",\"https:\\\/\\\/x.com\\\/DarkaMaziLatini\",\"https:\\\/\\\/www.instagram.com\\\/darkamazi.kurmanci\\\/\",\"https:\\\/\\\/www.youtube.com\\\/channel\\\/UCa5HkTdmI8U1qCUFuTw8B2g\"]},{\"@type\":\"Person\",\"@id\":\"https:\\\/\\\/darkamazi.info\\\/#\\\/schema\\\/person\\\/5ad3e24553a0567993fa8ed4bd0a776c\",\"name\":\"darka mazi\",\"sameAs\":[\"https:\\\/\\\/darkamazi.info\\\/\"],\"url\":\"https:\\\/\\\/darkamazi.info\\\/archives\\\/author\\\/kurdi\"}]}<\/script>\n<!-- \/ Yoast SEO plugin. -->","seo_head_json":{"title":"Fransa banga agirbest\u00ea li Heleb\u00ea dike \u00fb pi\u015ftgiriy\u00ea dide veki\u015f\u00eena \u015fervanan a bi r\u00fbmet - Darka Maz\u00ee","robots":{"index":"index","follow":"follow","max-snippet":"max-snippet:-1","max-image-preview":"max-image-preview:large","max-video-preview":"max-video-preview:-1"},"canonical":"https:\/\/darkamazi.info\/archives\/1051280","og_locale":"en_US","og_type":"article","og_title":"Fransa banga agirbest\u00ea li Heleb\u00ea dike \u00fb pi\u015ftgiriy\u00ea dide veki\u015f\u00eena \u015fervanan a bi r\u00fbmet - Darka Maz\u00ee","og_description":"Hik\u00fbmeta Fransay\u00ea n\u00eegeraniyeke k\u00fbr li ser ji n\u00fb ve destp\u00eakirina \u015fer li taxa \u015e\u00eax Meqs\u00fbd a Heleb\u00ea n\u00ee\u015fan da \u00fb bang li hem\u00fb aliyan kir ku tavil\u00ea vegerin peymana agirbest\u00ea. \u00cero 10.01.2026\u00ea Wezareta Derve ya Fransay\u00ea banga gihandina al\u00eekariy\u00ean mirov\u00ee \u00fb parastina jiyana siv\u00eelan li baj\u00ear kir. Fransay\u00ea got ku ew pi\u015ftgiriy\u00ea dide p\u00ea\u015fniyar\u00ean ku [&hellip;]","og_url":"https:\/\/darkamazi.info\/archives\/1051280","og_site_name":"Darka Maz\u00ee","article_publisher":"https:\/\/www.facebook.com\/DarMaziKurmanci","article_published_time":"2026-01-10T08:49:58+00:00","og_image":[{"width":900,"height":497,"url":"https:\/\/darkamazi.info\/file\/2026\/01\/heleb-qsd-hsd.jpg","type":"image\/jpeg"}],"author":"darka mazi","twitter_card":"summary_large_image","twitter_creator":"@DarkaMaziLatini","twitter_site":"@DarkaMaziLatini","twitter_misc":{"Written by":"darka mazi","Est. reading time":"2 minutes"},"schema":{"@context":"https:\/\/schema.org","@graph":[{"@type":"Article","@id":"https:\/\/darkamazi.info\/archives\/1051280#article","isPartOf":{"@id":"https:\/\/darkamazi.info\/archives\/1051280"},"author":{"name":"darka mazi","@id":"https:\/\/darkamazi.info\/#\/schema\/person\/5ad3e24553a0567993fa8ed4bd0a776c"},"headline":"Fransa banga agirbest\u00ea li Heleb\u00ea dike \u00fb pi\u015ftgiriy\u00ea dide veki\u015f\u00eena \u015fervanan a bi r\u00fbmet","datePublished":"2026-01-10T08:49:58+00:00","mainEntityOfPage":{"@id":"https:\/\/darkamazi.info\/archives\/1051280"},"wordCount":280,"publisher":{"@id":"https:\/\/darkamazi.info\/#organization"},"image":{"@id":"https:\/\/darkamazi.info\/archives\/1051280#primaryimage"},"thumbnailUrl":"https:\/\/darkamazi.info\/file\/2026\/01\/heleb-qsd-hsd.jpg","keywords":["sereke"],"articleSection":["C\u00eehan"],"inLanguage":"en-US"},{"@type":"WebPage","@id":"https:\/\/darkamazi.info\/archives\/1051280","url":"https:\/\/darkamazi.info\/archives\/1051280","name":"Fransa banga agirbest\u00ea li Heleb\u00ea dike \u00fb pi\u015ftgiriy\u00ea dide veki\u015f\u00eena \u015fervanan a bi r\u00fbmet - Darka Maz\u00ee","isPartOf":{"@id":"https:\/\/darkamazi.info\/#website"},"primaryImageOfPage":{"@id":"https:\/\/darkamazi.info\/archives\/1051280#primaryimage"},"image":{"@id":"https:\/\/darkamazi.info\/archives\/1051280#primaryimage"},"thumbnailUrl":"https:\/\/darkamazi.info\/file\/2026\/01\/heleb-qsd-hsd.jpg","datePublished":"2026-01-10T08:49:58+00:00","breadcrumb":{"@id":"https:\/\/darkamazi.info\/archives\/1051280#breadcrumb"},"inLanguage":"en-US","potentialAction":[{"@type":"ReadAction","target":["https:\/\/darkamazi.info\/archives\/1051280"]}]},{"@type":"ImageObject","inLanguage":"en-US","@id":"https:\/\/darkamazi.info\/archives\/1051280#primaryimage","url":"https:\/\/darkamazi.info\/file\/2026\/01\/heleb-qsd-hsd.jpg","contentUrl":"https:\/\/darkamazi.info\/file\/2026\/01\/heleb-qsd-hsd.jpg","width":900,"height":497,"caption":"Fransa banga agirbest\u00ea li Heleb\u00ea dike \u00fb pi\u015ftgiriy\u00ea dide veki\u015f\u00eena \u015fervanan a bi r\u00fbmet"},{"@type":"BreadcrumbList","@id":"https:\/\/darkamazi.info\/archives\/1051280#breadcrumb","itemListElement":[{"@type":"ListItem","position":1,"name":"Home","item":"https:\/\/darkamazi.info\/"},{"@type":"ListItem","position":2,"name":"Fransa banga agirbest\u00ea li Heleb\u00ea dike \u00fb pi\u015ftgiriy\u00ea dide veki\u015f\u00eena \u015fervanan a bi r\u00fbmet"}]},{"@type":"WebSite","@id":"https:\/\/darkamazi.info\/#website","url":"https:\/\/darkamazi.info\/","name":"Darka Maz\u00ee","description":"P\u00eageha Zanyariy\u00ean Nebih\u00eest\u00ee","publisher":{"@id":"https:\/\/darkamazi.info\/#organization"},"potentialAction":[{"@type":"SearchAction","target":{"@type":"EntryPoint","urlTemplate":"https:\/\/darkamazi.info\/?s={search_term_string}"},"query-input":{"@type":"PropertyValueSpecification","valueRequired":true,"valueName":"search_term_string"}}],"inLanguage":"en-US"},{"@type":"Organization","@id":"https:\/\/darkamazi.info\/#organization","name":"Darka Maz\u00ee","url":"https:\/\/darkamazi.info\/","logo":{"@type":"ImageObject","inLanguage":"en-US","@id":"https:\/\/darkamazi.info\/#\/schema\/logo\/image\/","url":"https:\/\/darkamazi.info\/file\/2017\/12\/darka-mazi-logo.png","contentUrl":"https:\/\/darkamazi.info\/file\/2017\/12\/darka-mazi-logo.png","width":151,"height":75,"caption":"Darka Maz\u00ee"},"image":{"@id":"https:\/\/darkamazi.info\/#\/schema\/logo\/image\/"},"sameAs":["https:\/\/www.facebook.com\/DarMaziKurmanci","https:\/\/x.com\/DarkaMaziLatini","https:\/\/www.instagram.com\/darkamazi.kurmanci\/","https:\/\/www.youtube.com\/channel\/UCa5HkTdmI8U1qCUFuTw8B2g"]},{"@type":"Person","@id":"https:\/\/darkamazi.info\/#\/schema\/person\/5ad3e24553a0567993fa8ed4bd0a776c","name":"darka mazi","sameAs":["https:\/\/darkamazi.info\/"],"url":"https:\/\/darkamazi.info\/archives\/author\/kurdi"}]}},"_links":{"self":[{"href":"https:\/\/darkamazi.info\/funavuv\/wp\/v2\/posts\/1051280","targetHints":{"allow":["GET"]}}],"collection":[{"href":"https:\/\/darkamazi.info\/funavuv\/wp\/v2\/posts"}],"about":[{"href":"https:\/\/darkamazi.info\/funavuv\/wp\/v2\/types\/post"}],"author":[{"embeddable":true,"href":"https:\/\/darkamazi.info\/funavuv\/wp\/v2\/users\/2"}],"replies":[{"embeddable":true,"href":"https:\/\/darkamazi.info\/funavuv\/wp\/v2\/comments?post=1051280"}],"version-history":[{"count":0,"href":"https:\/\/darkamazi.info\/funavuv\/wp\/v2\/posts\/1051280\/revisions"}],"wp:featuredmedia":[{"embeddable":true,"href":"https:\/\/darkamazi.info\/funavuv\/wp\/v2\/media\/1051281"}],"wp:attachment":[{"href":"https:\/\/darkamazi.info\/funavuv\/wp\/v2\/media?parent=1051280"}],"wp:term":[{"taxonomy":"category","embeddable":true,"href":"https:\/\/darkamazi.info\/funavuv\/wp\/v2\/categories?post=1051280"},{"taxonomy":"post_tag","embeddable":true,"href":"https:\/\/darkamazi.info\/funavuv\/wp\/v2\/tags?post=1051280"}],"curies":[{"name":"wp","href":"https:\/\/api.w.org\/{rel}","templated":true}]}}