{"id":1051283,"date":"2026-01-10T12:39:08","date_gmt":"2026-01-10T09:39:08","guid":{"rendered":"https:\/\/darkamazi.info\/?p=1051283"},"modified":"2026-01-10T12:39:08","modified_gmt":"2026-01-10T09:39:08","slug":"reveberiya-xweser-bombebarankirina-nexwesxaneyan-tawana-ser-u-binpekirina-qanunen-navneteweyi-ye","status":"publish","type":"post","link":"https:\/\/darkamazi.info\/archives\/1051283","title":{"rendered":"R\u00eaveberiya Xweser: Bombebarankirina nexwe\u015fxaneyan tawana \u015fer \u00fb binp\u00eakirina qan\u00fbn\u00ean navnetewey\u00ee ye"},"content":{"rendered":"<h3 style=\"text-align: justify\"><span style=\"font-family: 'arial black', sans-serif\">Ji ber bombebarana berdewam a li ser Nexwe\u015fxaneya Xalid Fecr\u00ea ji aliy\u00ea art\u00ea\u015fa Ereb\u00ee ya S\u00fbriyey\u00ea ve, R\u00eaveberiya Xweser a Bakur \u00fb Rojhilat\u00ea S\u00fbriyey\u00ea \u00eero (\u015eem\u00ee, 10.01.2026) bangeka bilez li ser gefa komkujiy\u00ea li taxa \u015e\u00eax Meqs\u00fbd\u00ea ya Heleb\u00ea p\u00ea\u015fk\u00ea\u015f\u00ee civaka navnetewey\u00ee kir.<\/span><\/h3>\n<h3 style=\"text-align: justify\">R\u00eaveberiya Xweser di ragihandinek\u00ea de got ku, Nexwe\u015fxaneya Xalid Fecr\u00ea ji roja yek\u00ea ya \u00ear\u00ee\u015fan ve bi rengek\u00ea rasterast \u00fb bernamekir\u00ee hatiye armanckirin. Tekez j\u00ee kir ku, bombebarankirina v\u00ea nexwe\u015fxaney\u00ea wek\u00ee dezgeheka siv\u00eel derbaz\u00ee xaneya &#8220;tawana \u015fer&#8221; \u00fb binp\u00eakirineka e\u015fkere ya qan\u00fbn\u00ean navnetewey\u00ee dibe.<\/h3>\n<h3 style=\"text-align: justify\">Di pareka din a w\u00ea daxuyaniy\u00ea de hatiye: &#8220;Berdewamiya v\u00ea rew\u015f\u00ea jiyana nexwe\u015f, bir\u00eendar \u00fb bij\u00ee\u015fkan dixe xeter\u00ea \u00fb dibe sedema astengiya xizmet\u00ean saxlemiy\u00ea, ku ev j\u00ee dibe sedema \u00eeht\u00eemala r\u00fbdana komkuj\u00ee \u00fb karesat\u00ean mirov\u00ee.&#8221;<\/h3>\n<h3 style=\"text-align: justify\">R\u00eaveberiya Xweser haydar\u00ee j\u00ee da ku, berdewamiya bombebaranan dibe sedema b\u00eaparb\u00fbna siv\u00eelan ji maf\u00ea \u00e7areserkirin\u00ea \u00fb z\u00eaeb\u00fbna hejmara qurbaniyan.<\/h3>\n<h3 style=\"text-align: justify\">R\u00eaveberiya Xweser li dawiy\u00ea j\u00ee bang li Netewey\u00ean Yekgirt\u00ee \u00fb h\u00eaz\u00ean navnetewey\u00ee kir ku, bi lez destt\u00eawerdan\u00ea ji bo rawestandina \u00ear\u00ee\u015fan \u00fb dab\u00eenkirina parastin\u00ea ji bo nexwe\u015fxaneyan \u00fb t\u00eem\u00ean bij\u00ee\u015fk\u00ee bikin, da ku bikarin b\u00ea asteng\u00ee kar\u00ean xwe bidom\u00eenin.<\/h3>\n<h3 style=\"text-align: justify\">Kom\u00ean \u00e7ekdar \u00ean gir\u00eaday\u00ee hik\u00fbmeta S\u00fbriyey\u00ea ev \u00e7end roj in ku \u00ear\u00ee\u015f\u00ean le\u015fker\u00ee li ser her du tax\u00ean Kurdan, E\u015frefiye \u00fb \u015e\u00eax Meqs\u00fbd, li Heleb\u00ea dane destp\u00eakirin. Wan bi awayek\u00ee b\u00easer\u00fbber her du tax\u00ean Kurdan bombebaran kirine, wesa j\u00ee hejmareka mezin a \u015f\u00eaniy\u00ean wan taxan aware b\u00fbne \u00fb hin ji wan j\u00ee b\u00fbne qurban\u00ee.<\/h3>\n","protected":false},"excerpt":{"rendered":"<p>Ji ber bombebarana berdewam a li ser Nexwe\u015fxaneya Xalid Fecr\u00ea ji aliy\u00ea art\u00ea\u015fa Ereb\u00ee ya S\u00fbriyey\u00ea ve, R\u00eaveberiya Xweser a Bakur \u00fb Rojhilat\u00ea S\u00fbriyey\u00ea \u00eero (\u015eem\u00ee, 10.01.2026) bangeka bilez li ser gefa komkujiy\u00ea li taxa \u015e\u00eax Meqs\u00fbd\u00ea ya Heleb\u00ea p\u00ea\u015fk\u00ea\u015f\u00ee civaka navnetewey\u00ee kir. R\u00eaveberiya Xweser di ragihandinek\u00ea de got ku, Nexwe\u015fxaneya Xalid Fecr\u00ea ji roja [&hellip;]<\/p>\n","protected":false},"author":2,"featured_media":1051284,"comment_status":"closed","ping_status":"closed","sticky":false,"template":"","format":"standard","meta":{"footnotes":""},"categories":[29],"tags":[37],"class_list":["post-1051283","post","type-post","status-publish","format-standard","has-post-thumbnail","hentry","category-kurdistan","tag-sereke"],"blocksy_meta":[],"seo_head":"<!-- This site is optimized with the Yoast SEO plugin v27.5 - https:\/\/yoast.com\/product\/yoast-seo-wordpress\/ -->\n<title>R\u00eaveberiya Xweser: Bombebarankirina nexwe\u015fxaneyan tawana \u015fer \u00fb binp\u00eakirina qan\u00fbn\u00ean navnetewey\u00ee ye - Darka Maz\u00ee<\/title>\n<meta name=\"robots\" content=\"index, follow, max-snippet:-1, max-image-preview:large, max-video-preview:-1\" \/>\n<link rel=\"canonical\" href=\"https:\/\/darkamazi.info\/archives\/1051283\" \/>\n<meta property=\"og:locale\" content=\"en_US\" \/>\n<meta property=\"og:type\" content=\"article\" \/>\n<meta property=\"og:title\" content=\"R\u00eaveberiya Xweser: Bombebarankirina nexwe\u015fxaneyan tawana \u015fer \u00fb binp\u00eakirina qan\u00fbn\u00ean navnetewey\u00ee ye - Darka Maz\u00ee\" \/>\n<meta property=\"og:description\" content=\"Ji ber bombebarana berdewam a li ser Nexwe\u015fxaneya Xalid Fecr\u00ea ji aliy\u00ea art\u00ea\u015fa Ereb\u00ee ya S\u00fbriyey\u00ea ve, R\u00eaveberiya Xweser a Bakur \u00fb Rojhilat\u00ea S\u00fbriyey\u00ea \u00eero (\u015eem\u00ee, 10.01.2026) bangeka bilez li ser gefa komkujiy\u00ea li taxa \u015e\u00eax Meqs\u00fbd\u00ea ya Heleb\u00ea p\u00ea\u015fk\u00ea\u015f\u00ee civaka navnetewey\u00ee kir. R\u00eaveberiya Xweser di ragihandinek\u00ea de got ku, Nexwe\u015fxaneya Xalid Fecr\u00ea ji roja [&hellip;]\" \/>\n<meta property=\"og:url\" content=\"https:\/\/darkamazi.info\/archives\/1051283\" \/>\n<meta property=\"og:site_name\" content=\"Darka Maz\u00ee\" \/>\n<meta property=\"article:publisher\" content=\"https:\/\/www.facebook.com\/DarMaziKurmanci\" \/>\n<meta property=\"article:published_time\" content=\"2026-01-10T09:39:08+00:00\" \/>\n<meta property=\"og:image\" content=\"https:\/\/darkamazi.info\/file\/2026\/01\/reveberiya-xweser.jpg\" \/>\n\t<meta property=\"og:image:width\" content=\"900\" \/>\n\t<meta property=\"og:image:height\" content=\"497\" \/>\n\t<meta property=\"og:image:type\" content=\"image\/jpeg\" \/>\n<meta name=\"author\" content=\"darka mazi\" \/>\n<meta name=\"twitter:card\" content=\"summary_large_image\" \/>\n<meta name=\"twitter:creator\" content=\"@DarkaMaziLatini\" \/>\n<meta name=\"twitter:site\" content=\"@DarkaMaziLatini\" \/>\n<meta name=\"twitter:label1\" content=\"Written by\" \/>\n\t<meta name=\"twitter:data1\" content=\"darka mazi\" \/>\n\t<meta name=\"twitter:label2\" content=\"Est. reading time\" \/>\n\t<meta name=\"twitter:data2\" content=\"2 minutes\" \/>\n<script type=\"application\/ld+json\" class=\"seo-schema-graph\">{\"@context\":\"https:\\\/\\\/schema.org\",\"@graph\":[{\"@type\":\"Article\",\"@id\":\"https:\\\/\\\/darkamazi.info\\\/archives\\\/1051283#article\",\"isPartOf\":{\"@id\":\"https:\\\/\\\/darkamazi.info\\\/archives\\\/1051283\"},\"author\":{\"name\":\"darka mazi\",\"@id\":\"https:\\\/\\\/darkamazi.info\\\/#\\\/schema\\\/person\\\/5ad3e24553a0567993fa8ed4bd0a776c\"},\"headline\":\"R\u00eaveberiya Xweser: Bombebarankirina nexwe\u015fxaneyan tawana \u015fer \u00fb binp\u00eakirina qan\u00fbn\u00ean navnetewey\u00ee ye\",\"datePublished\":\"2026-01-10T09:39:08+00:00\",\"mainEntityOfPage\":{\"@id\":\"https:\\\/\\\/darkamazi.info\\\/archives\\\/1051283\"},\"wordCount\":293,\"publisher\":{\"@id\":\"https:\\\/\\\/darkamazi.info\\\/#organization\"},\"image\":{\"@id\":\"https:\\\/\\\/darkamazi.info\\\/archives\\\/1051283#primaryimage\"},\"thumbnailUrl\":\"https:\\\/\\\/darkamazi.info\\\/darka-content\\\/uploads\\\/2026\\\/01\\\/reveberiya-xweser.jpg\",\"keywords\":[\"sereke\"],\"articleSection\":[\"Kurdistan\"],\"inLanguage\":\"en-US\"},{\"@type\":\"WebPage\",\"@id\":\"https:\\\/\\\/darkamazi.info\\\/archives\\\/1051283\",\"url\":\"https:\\\/\\\/darkamazi.info\\\/archives\\\/1051283\",\"name\":\"R\u00eaveberiya Xweser: Bombebarankirina nexwe\u015fxaneyan tawana \u015fer \u00fb binp\u00eakirina qan\u00fbn\u00ean navnetewey\u00ee ye - Darka Maz\u00ee\",\"isPartOf\":{\"@id\":\"https:\\\/\\\/darkamazi.info\\\/#website\"},\"primaryImageOfPage\":{\"@id\":\"https:\\\/\\\/darkamazi.info\\\/archives\\\/1051283#primaryimage\"},\"image\":{\"@id\":\"https:\\\/\\\/darkamazi.info\\\/archives\\\/1051283#primaryimage\"},\"thumbnailUrl\":\"https:\\\/\\\/darkamazi.info\\\/darka-content\\\/uploads\\\/2026\\\/01\\\/reveberiya-xweser.jpg\",\"datePublished\":\"2026-01-10T09:39:08+00:00\",\"breadcrumb\":{\"@id\":\"https:\\\/\\\/darkamazi.info\\\/archives\\\/1051283#breadcrumb\"},\"inLanguage\":\"en-US\",\"potentialAction\":[{\"@type\":\"ReadAction\",\"target\":[\"https:\\\/\\\/darkamazi.info\\\/archives\\\/1051283\"]}]},{\"@type\":\"ImageObject\",\"inLanguage\":\"en-US\",\"@id\":\"https:\\\/\\\/darkamazi.info\\\/archives\\\/1051283#primaryimage\",\"url\":\"https:\\\/\\\/darkamazi.info\\\/darka-content\\\/uploads\\\/2026\\\/01\\\/reveberiya-xweser.jpg\",\"contentUrl\":\"https:\\\/\\\/darkamazi.info\\\/darka-content\\\/uploads\\\/2026\\\/01\\\/reveberiya-xweser.jpg\",\"width\":900,\"height\":497,\"caption\":\"R\u00eaveberiya Xweser: Bombebarankirina nexwe\u015fxaneyan tawana \u015fer \u00fb binp\u00eakirina qan\u00fbn\u00ean navnetewey\u00ee ye\"},{\"@type\":\"BreadcrumbList\",\"@id\":\"https:\\\/\\\/darkamazi.info\\\/archives\\\/1051283#breadcrumb\",\"itemListElement\":[{\"@type\":\"ListItem\",\"position\":1,\"name\":\"Home\",\"item\":\"https:\\\/\\\/darkamazi.info\\\/\"},{\"@type\":\"ListItem\",\"position\":2,\"name\":\"R\u00eaveberiya Xweser: Bombebarankirina nexwe\u015fxaneyan tawana \u015fer \u00fb binp\u00eakirina qan\u00fbn\u00ean navnetewey\u00ee ye\"}]},{\"@type\":\"WebSite\",\"@id\":\"https:\\\/\\\/darkamazi.info\\\/#website\",\"url\":\"https:\\\/\\\/darkamazi.info\\\/\",\"name\":\"Darka Maz\u00ee\",\"description\":\"P\u00eageha Zanyariy\u00ean Nebih\u00eest\u00ee\",\"publisher\":{\"@id\":\"https:\\\/\\\/darkamazi.info\\\/#organization\"},\"potentialAction\":[{\"@type\":\"SearchAction\",\"target\":{\"@type\":\"EntryPoint\",\"urlTemplate\":\"https:\\\/\\\/darkamazi.info\\\/?s={search_term_string}\"},\"query-input\":{\"@type\":\"PropertyValueSpecification\",\"valueRequired\":true,\"valueName\":\"search_term_string\"}}],\"inLanguage\":\"en-US\"},{\"@type\":\"Organization\",\"@id\":\"https:\\\/\\\/darkamazi.info\\\/#organization\",\"name\":\"Darka Maz\u00ee\",\"url\":\"https:\\\/\\\/darkamazi.info\\\/\",\"logo\":{\"@type\":\"ImageObject\",\"inLanguage\":\"en-US\",\"@id\":\"https:\\\/\\\/darkamazi.info\\\/#\\\/schema\\\/logo\\\/image\\\/\",\"url\":\"https:\\\/\\\/darkamazi.info\\\/darka-content\\\/uploads\\\/2017\\\/12\\\/darka-mazi-logo.png\",\"contentUrl\":\"https:\\\/\\\/darkamazi.info\\\/darka-content\\\/uploads\\\/2017\\\/12\\\/darka-mazi-logo.png\",\"width\":151,\"height\":75,\"caption\":\"Darka Maz\u00ee\"},\"image\":{\"@id\":\"https:\\\/\\\/darkamazi.info\\\/#\\\/schema\\\/logo\\\/image\\\/\"},\"sameAs\":[\"https:\\\/\\\/www.facebook.com\\\/DarMaziKurmanci\",\"https:\\\/\\\/x.com\\\/DarkaMaziLatini\",\"https:\\\/\\\/www.instagram.com\\\/darkamazi.kurmanci\\\/\",\"https:\\\/\\\/www.youtube.com\\\/channel\\\/UCa5HkTdmI8U1qCUFuTw8B2g\"]},{\"@type\":\"Person\",\"@id\":\"https:\\\/\\\/darkamazi.info\\\/#\\\/schema\\\/person\\\/5ad3e24553a0567993fa8ed4bd0a776c\",\"name\":\"darka mazi\",\"sameAs\":[\"https:\\\/\\\/darkamazi.info\\\/\"],\"url\":\"https:\\\/\\\/darkamazi.info\\\/archives\\\/author\\\/kurdi\"}]}<\/script>\n<!-- \/ Yoast SEO plugin. -->","seo_head_json":{"title":"R\u00eaveberiya Xweser: Bombebarankirina nexwe\u015fxaneyan tawana \u015fer \u00fb binp\u00eakirina qan\u00fbn\u00ean navnetewey\u00ee ye - Darka Maz\u00ee","robots":{"index":"index","follow":"follow","max-snippet":"max-snippet:-1","max-image-preview":"max-image-preview:large","max-video-preview":"max-video-preview:-1"},"canonical":"https:\/\/darkamazi.info\/archives\/1051283","og_locale":"en_US","og_type":"article","og_title":"R\u00eaveberiya Xweser: Bombebarankirina nexwe\u015fxaneyan tawana \u015fer \u00fb binp\u00eakirina qan\u00fbn\u00ean navnetewey\u00ee ye - Darka Maz\u00ee","og_description":"Ji ber bombebarana berdewam a li ser Nexwe\u015fxaneya Xalid Fecr\u00ea ji aliy\u00ea art\u00ea\u015fa Ereb\u00ee ya S\u00fbriyey\u00ea ve, R\u00eaveberiya Xweser a Bakur \u00fb Rojhilat\u00ea S\u00fbriyey\u00ea \u00eero (\u015eem\u00ee, 10.01.2026) bangeka bilez li ser gefa komkujiy\u00ea li taxa \u015e\u00eax Meqs\u00fbd\u00ea ya Heleb\u00ea p\u00ea\u015fk\u00ea\u015f\u00ee civaka navnetewey\u00ee kir. R\u00eaveberiya Xweser di ragihandinek\u00ea de got ku, Nexwe\u015fxaneya Xalid Fecr\u00ea ji roja [&hellip;]","og_url":"https:\/\/darkamazi.info\/archives\/1051283","og_site_name":"Darka Maz\u00ee","article_publisher":"https:\/\/www.facebook.com\/DarMaziKurmanci","article_published_time":"2026-01-10T09:39:08+00:00","og_image":[{"width":900,"height":497,"url":"https:\/\/darkamazi.info\/file\/2026\/01\/reveberiya-xweser.jpg","type":"image\/jpeg"}],"author":"darka mazi","twitter_card":"summary_large_image","twitter_creator":"@DarkaMaziLatini","twitter_site":"@DarkaMaziLatini","twitter_misc":{"Written by":"darka mazi","Est. reading time":"2 minutes"},"schema":{"@context":"https:\/\/schema.org","@graph":[{"@type":"Article","@id":"https:\/\/darkamazi.info\/archives\/1051283#article","isPartOf":{"@id":"https:\/\/darkamazi.info\/archives\/1051283"},"author":{"name":"darka mazi","@id":"https:\/\/darkamazi.info\/#\/schema\/person\/5ad3e24553a0567993fa8ed4bd0a776c"},"headline":"R\u00eaveberiya Xweser: Bombebarankirina nexwe\u015fxaneyan tawana \u015fer \u00fb binp\u00eakirina qan\u00fbn\u00ean navnetewey\u00ee ye","datePublished":"2026-01-10T09:39:08+00:00","mainEntityOfPage":{"@id":"https:\/\/darkamazi.info\/archives\/1051283"},"wordCount":293,"publisher":{"@id":"https:\/\/darkamazi.info\/#organization"},"image":{"@id":"https:\/\/darkamazi.info\/archives\/1051283#primaryimage"},"thumbnailUrl":"https:\/\/darkamazi.info\/file\/2026\/01\/reveberiya-xweser.jpg","keywords":["sereke"],"articleSection":["Kurdistan"],"inLanguage":"en-US"},{"@type":"WebPage","@id":"https:\/\/darkamazi.info\/archives\/1051283","url":"https:\/\/darkamazi.info\/archives\/1051283","name":"R\u00eaveberiya Xweser: Bombebarankirina nexwe\u015fxaneyan tawana \u015fer \u00fb binp\u00eakirina qan\u00fbn\u00ean navnetewey\u00ee ye - Darka Maz\u00ee","isPartOf":{"@id":"https:\/\/darkamazi.info\/#website"},"primaryImageOfPage":{"@id":"https:\/\/darkamazi.info\/archives\/1051283#primaryimage"},"image":{"@id":"https:\/\/darkamazi.info\/archives\/1051283#primaryimage"},"thumbnailUrl":"https:\/\/darkamazi.info\/file\/2026\/01\/reveberiya-xweser.jpg","datePublished":"2026-01-10T09:39:08+00:00","breadcrumb":{"@id":"https:\/\/darkamazi.info\/archives\/1051283#breadcrumb"},"inLanguage":"en-US","potentialAction":[{"@type":"ReadAction","target":["https:\/\/darkamazi.info\/archives\/1051283"]}]},{"@type":"ImageObject","inLanguage":"en-US","@id":"https:\/\/darkamazi.info\/archives\/1051283#primaryimage","url":"https:\/\/darkamazi.info\/file\/2026\/01\/reveberiya-xweser.jpg","contentUrl":"https:\/\/darkamazi.info\/file\/2026\/01\/reveberiya-xweser.jpg","width":900,"height":497,"caption":"R\u00eaveberiya Xweser: Bombebarankirina nexwe\u015fxaneyan tawana \u015fer \u00fb binp\u00eakirina qan\u00fbn\u00ean navnetewey\u00ee ye"},{"@type":"BreadcrumbList","@id":"https:\/\/darkamazi.info\/archives\/1051283#breadcrumb","itemListElement":[{"@type":"ListItem","position":1,"name":"Home","item":"https:\/\/darkamazi.info\/"},{"@type":"ListItem","position":2,"name":"R\u00eaveberiya Xweser: Bombebarankirina nexwe\u015fxaneyan tawana \u015fer \u00fb binp\u00eakirina qan\u00fbn\u00ean navnetewey\u00ee ye"}]},{"@type":"WebSite","@id":"https:\/\/darkamazi.info\/#website","url":"https:\/\/darkamazi.info\/","name":"Darka Maz\u00ee","description":"P\u00eageha Zanyariy\u00ean Nebih\u00eest\u00ee","publisher":{"@id":"https:\/\/darkamazi.info\/#organization"},"potentialAction":[{"@type":"SearchAction","target":{"@type":"EntryPoint","urlTemplate":"https:\/\/darkamazi.info\/?s={search_term_string}"},"query-input":{"@type":"PropertyValueSpecification","valueRequired":true,"valueName":"search_term_string"}}],"inLanguage":"en-US"},{"@type":"Organization","@id":"https:\/\/darkamazi.info\/#organization","name":"Darka Maz\u00ee","url":"https:\/\/darkamazi.info\/","logo":{"@type":"ImageObject","inLanguage":"en-US","@id":"https:\/\/darkamazi.info\/#\/schema\/logo\/image\/","url":"https:\/\/darkamazi.info\/file\/2017\/12\/darka-mazi-logo.png","contentUrl":"https:\/\/darkamazi.info\/file\/2017\/12\/darka-mazi-logo.png","width":151,"height":75,"caption":"Darka Maz\u00ee"},"image":{"@id":"https:\/\/darkamazi.info\/#\/schema\/logo\/image\/"},"sameAs":["https:\/\/www.facebook.com\/DarMaziKurmanci","https:\/\/x.com\/DarkaMaziLatini","https:\/\/www.instagram.com\/darkamazi.kurmanci\/","https:\/\/www.youtube.com\/channel\/UCa5HkTdmI8U1qCUFuTw8B2g"]},{"@type":"Person","@id":"https:\/\/darkamazi.info\/#\/schema\/person\/5ad3e24553a0567993fa8ed4bd0a776c","name":"darka mazi","sameAs":["https:\/\/darkamazi.info\/"],"url":"https:\/\/darkamazi.info\/archives\/author\/kurdi"}]}},"_links":{"self":[{"href":"https:\/\/darkamazi.info\/funavuv\/wp\/v2\/posts\/1051283","targetHints":{"allow":["GET"]}}],"collection":[{"href":"https:\/\/darkamazi.info\/funavuv\/wp\/v2\/posts"}],"about":[{"href":"https:\/\/darkamazi.info\/funavuv\/wp\/v2\/types\/post"}],"author":[{"embeddable":true,"href":"https:\/\/darkamazi.info\/funavuv\/wp\/v2\/users\/2"}],"replies":[{"embeddable":true,"href":"https:\/\/darkamazi.info\/funavuv\/wp\/v2\/comments?post=1051283"}],"version-history":[{"count":0,"href":"https:\/\/darkamazi.info\/funavuv\/wp\/v2\/posts\/1051283\/revisions"}],"wp:featuredmedia":[{"embeddable":true,"href":"https:\/\/darkamazi.info\/funavuv\/wp\/v2\/media\/1051284"}],"wp:attachment":[{"href":"https:\/\/darkamazi.info\/funavuv\/wp\/v2\/media?parent=1051283"}],"wp:term":[{"taxonomy":"category","embeddable":true,"href":"https:\/\/darkamazi.info\/funavuv\/wp\/v2\/categories?post=1051283"},{"taxonomy":"post_tag","embeddable":true,"href":"https:\/\/darkamazi.info\/funavuv\/wp\/v2\/tags?post=1051283"}],"curies":[{"name":"wp","href":"https:\/\/api.w.org\/{rel}","templated":true}]}}