{"id":1051286,"date":"2026-01-10T15:38:56","date_gmt":"2026-01-10T12:38:56","guid":{"rendered":"https:\/\/darkamazi.info\/?p=1051286"},"modified":"2026-01-10T15:38:56","modified_gmt":"2026-01-10T12:38:56","slug":"pevcunen-li-esrefiye-u-sex-meqsud-xeleti-xeteri-u-derfet","status":"publish","type":"post","link":"https:\/\/darkamazi.info\/archives\/1051286","title":{"rendered":"Pev\u00e7\u00fbn\u00ean li E\u015frefiye \u00fb \u015e\u00eax Meqs\u00fbd: Xelet\u00ee, xeter\u00ee \u00fb derfet\u2026"},"content":{"rendered":"<h3 style=\"text-align: justify\"><span style=\"font-family: 'arial black', sans-serif\">Pev\u00e7\u00fbn li E\u015frefiye \u00fb \u015e\u00eax Meqs\u00fbd, du tax\u00ean Kurdan \u00ean li Heleb\u00ea, berdewam dikin. Hem Kurd\u00ean li van her du taxan \u00fb hem j\u00ee xelk\u00ea her \u00e7ar be\u015f\u00ean Kurdistan\u00ea berxwedanek m\u00eena ya li Koban\u00ee y\u00ea n\u00ee\u015fan didin. Dema ku ev r\u00eaz t\u00eane niv\u00eesandin, r\u00eaveberiya Rojava ragihand ku ew \u00ea h\u00eaz\u00ean xwe veki\u015f\u00eene, l\u00ea bal ki\u015fand ser peymana 1 \u00ea N\u00eesan\u00ea \u00fb bi \u015fert qeb\u00fbl kir. N\u00fbke ev peyman ka d\u00ea were bic\u00eehan\u00een an na, h\u00een nay\u00ea zan\u00een.<\/span><\/h3>\n<h3 style=\"text-align: justify\">L\u00eabel\u00ea, ti\u015ft\u00ea ku li Heleb\u00ea diqewime ne ti\u015ftek e ku mirov bi p\u00eangavek\u00ea ve li ser bazde.<\/h3>\n<h3 style=\"text-align: justify\">Heleb li cihek\u00ee pir gir\u00eeng e. Terikandina Heleb\u00ea t\u00ea wateya terikandina tevahiya qeraxa rojavay\u00ea Firat\u00ea. \u00db d\u00fb re D\u00eara-Zor \u00fb Reqa t\u00ea. \u00db senger\u00ean\u00a0 p\u00ea\u015f\u00een t\u00ean winda kirin. Wek\u00ee din, Heleb bajar\u00ea her\u00ee mezin \u00ea S\u00fbriy\u00ea ye. Kontrolkirina du tax\u00ean gir\u00eeng \u00ean li v\u00ee bajar\u00ee, bi nif\u00fbsa z\u00eadetir\u00ee 400 hezar Kurd l\u00ea dij\u00een \u00fb atolyey\u00ean tekst\u00eel\u00ea y\u00ean gir\u00eeng li wir in, ji \u200b\u200bbo Kurdan pirr gir\u00eeng b\u00fb. B\u00ea guman, Kurd bi veki\u015f\u00eena niha her ti\u015ft winda nakin, l\u00ea ew dikar\u00eeb\u00fbn ji windakirina her ti\u015ft\u00ee d\u00fbr bisekinin. \u00db dosyaya S\u00fbriy\u00ea h\u00een nehatiye girtin; d\u00ea gelek n\u00eeqa\u015f\u00ean din ser \u00e7\u00eabin. Ji ber v\u00ea sedem\u00ea, r\u00eaveberiya Rojava pirs hene ku bipirse, bersiv hene ku bide \u00fb biryar hene ku bigire.<\/h3>\n<h3 style=\"text-align: center\"><span style=\"font-family: 'arial black', sans-serif;color: #8c0606\">\u00c7ima Kurd sernakevin?<\/span><\/h3>\n<h3 style=\"text-align: justify\">S\u00ea sal ber\u00ea, h\u00eaz\u00ean Kurd\u00ee y\u00ean li Rojava ji aliy\u00ea welat\u00ean Rojava ve wek\u00ee qehreman di hatin p\u00eanase kirin, jin\u00ean ku c\u00eehan\u00ea rizgar dikin \u00fb weke fer\u00ee\u015ftey\u00ean azadiy\u00ea dihatin hesibandin. W\u00ea dem\u00ea, Colan\u00ee teror\u00eestek sel\u00eeef\u00ee y\u00ea rad\u00eekal b\u00fb. Pi\u015ft\u00ee s\u00ea salan, \u00e7awa \u00e7\u00eadibe ku ev teror\u00eest niha \u00ear\u00ee\u015f\u00ee art\u00ea\u015f \u00fb jin \u00fb m\u00ear\u00ean ku c\u00eehan\u00ea rizgar kir\u00ee, dike? Di heman roj\u00ea de, ew maz\u00fbvaniya \u015fandeyek Ewrop\u00ee dike \u00fb heta pere (al\u00eekar\u00ee) j\u00ee dist\u00eene. \u00c7i guheriye? \u00c7ima Kurd negih\u00ee\u015ftine w\u00ea ast\u00ea?<\/h3>\n<h3 style=\"text-align: justify\">B\u00ea guman, li c\u00eehan\u00ea s\u00eestemek dij\u00ee-kurd heye, \u00fb sere hem\u00ee q\u00fbncika hatine girtin. S\u00eestema ku ji h\u00eala hin dewlet \u00fb lobiy\u00ean Rojavay\u00ee ve t\u00eane r\u00eavebirin, naxwazin ku Kurd bibin h\u00eazek abor\u00ee \u00fb siyas\u00ee ew v\u00ea yek\u00ea di berjewendiya xwe da nab\u00eene. Dewlet\u00ean kolonyal j\u00ee bi heman \u015f\u00eawey\u00ee tevdigerin. L\u00ea ev ten\u00ea aliyek\u00ee \u00e7\u00eerok\u00ea ye. Ji sala 2012 an vir ve li Rojava zinc\u00eereyek xeletiy\u00ean s\u00eestemat\u00eek hene.<\/h3>\n<h3 style=\"text-align: center\"><span style=\"font-family: 'arial black', sans-serif;color: #8c0606\">Bandora PKK \u00ea li Rojava\u2026<\/span><\/h3>\n<h3 style=\"text-align: justify\">Bel\u00ea, em pi\u015ftgiriy\u00ea didin berxwedana li Rojava, \u00fb div\u00ea her Kurdek ji bo Rojava \u00e7i ji dest\u00ea w\u00ee t\u00ea bike. L\u00eabel\u00ea, \u00e7awa ku em nikarin her ti\u015ft\u00ee wek\u00ee paqij \u00fb b\u00eaguneh bib\u00eenin, maf\u00ea me y\u00ea rexnekirin\u00ea j\u00ee heye. Ji ber v\u00ea yek\u00ea, div\u00ea bi zelal\u00ee were gotin: ji destp\u00eaka Bihara Ereb\u00ee ve, PKK \u00ea windahiy\u00ean gir\u00eeng g\u00eehandin Rojava. Dema ku em v\u00ea dib\u00eajin, ew dib\u00eajin, &#8220;Ger PKK tuneb\u00fbya, Rojava j\u00ee \u00e7\u00eanedib\u00fb.&#8221; Berevaj\u00ee v\u00ea rast e; ger Rojava tuneb\u00fbya, PKK d\u00ea di deh sal\u00ean daw\u00ee de di rew\u015fek pir xirabtir de b\u00fbya. Ji sala 2012 an heta niha, tevahiya aboriya PKK \u00ea, bargiran\u00eeya w\u00ea ya kadroyan, ceph\u00ea pa\u015f\u00een, hewldan\u00ean w\u00ea y\u00ean propaganday\u00ea &#8211; her ti\u015ft bi r\u00eaya Rojava hatiye kirin. Li Ewropa \u00fb Amer\u00eekay\u00ea ji xwe re c\u00eehek d\u00eet. Er\u00ea, PKK \u00ea kadro \u015fandin Rojava, pergalek ava kir, l\u00ea pa\u015f\u00ea li ser pi\u015fta w\u00ea pergal\u00ea siwar b\u00fb. \u00db r\u00ea li ber Rojava girt ku nasnameyek Rojavay\u00ee bi dest bixe. \u00ceradeya kadroyan Rojava reh\u00een girt.<\/h3>\n<h3 style=\"text-align: justify\">Mesela, neb\u00fbna daxwaz\u00eey\u00ean Kurdayet\u00ee li Rojava tes\u00eera \u00eedeoloj\u00eek a PKK \u00ea ye. Wan &#8220;daxwaz\u00ean Kurd \u00fb Kurdistan\u00ea&#8221; nekir. Di \u015f\u00fbna w\u00ea de, wan gotin\u00ean li ser demokras\u00ee, azad\u00ee, maf\u00ean jinan \u00fb hwd. bi kar an\u00een. Ew gih\u00ee\u015ft w\u00ea ast\u00ea ku her kes\u00ea ku nav\u00ea Rojava bi kar an\u00ee hema hema wek\u00ee xay\u00een dihat \u00eelankirin; wan nav\u00ea Rojava guherand kir &#8220;Bakur\u00ea rojhilat\u00ea S\u00fbriy\u00ea&#8221; . Her \u00e7end t\u00eageh\u00ean bi tevah\u00ee derbasdar \u00ean wek\u00ee federal\u00eezm \u00fb konfederal\u00eezm heb\u00fbn j\u00ee, wan s\u00eestemek bi nav\u00ea &#8220;Kanton&#8221; \u00eecad kir da ku kes f\u00eam neke ka ew \u00e7i dixwazin. Rojava b\u00fb navenda \u00ear\u00ee\u015f\u00ean li dij\u00ee Kurdan. Ew veguher\u00ee navendeke dijminatiya li dij\u00ee Kurdan. Rojava di nav b\u00ea\u00e7aretiy\u00ea de ma. \u00c7ima? Ev ne ji ber neb\u00fbna p\u00ea\u015fb\u00een\u00ee an xeletiyan b\u00fb; ev hilbijartin\u00ean hi\u015fmend b\u00fbn ango Ocalan ev y\u00eak dikir.<\/h3>\n<h3 style=\"text-align: center\"><span style=\"color: #8c0606;font-family: 'arial black', sans-serif\">Ocalan, \u00fb d\u00eesa Ocalan\u2026<\/span><\/h3>\n<h3 style=\"text-align: justify\">Dema ku p\u00eavajo li S\u00fbriy\u00ea di sala 2012 an de dest p\u00ea kir, Ocalan d\u00eesa bi p\u00eavajoyek a\u015ftiy\u00ea derket hol\u00ea \u00fb mudaxeley\u00ee p\u00eavajoya Rojava kir. W\u00ee te\u015fw\u00eeq kir ku Rojava xwe ji dewlet\u00ean Rojava d\u00fbr bixe. Di sala 2012 an de, Ocalan li ser Rojava got, &#8220;Neh\u00ean l\u00eestika \u00cesra\u00eel\u00ea ya \u201cdewleta bi\u00e7\u00fbk a Kurdan\u201d em \u00ea pergalek maf \u00fb azadiyan ava bikin.&#8221; Ango, Ocalan dixwest Rojava di nav pergal\u00ea de bih\u00eale, \u00e7i Tirkiye be \u00e7i Esed be. \u00db wisa j\u00ee \u00e7\u00eab\u00fb. Tirkiy\u00ea ji v\u00ea yek\u00ea b\u00eatir s\u00fbd wergirt.<\/h3>\n<h3 style=\"text-align: justify\">Efr\u00een, Gir\u00ea sip\u00ee \u00fb Ser\u00ea Kaniy\u00ea dagir kir, \u00e7etey\u00ean xwe li wir bi cih kir, eniyek pa\u015f\u00een ava kir \u00fb erd bi dest xist.<\/h3>\n<h3 style=\"text-align: justify\">D\u00eesa, Ocalan tam dema ku rej\u00eema Esed hilwe\u015fiya derket hol\u00ea. \u00db w\u00ee r\u00eagir\u00ee li Rojava kir. Her \u00e7end dihat gotin ku d\u00ea bi Tirkiy\u00ea re peymanek, an p\u00eavajoyek a\u015ftiy\u00ea hebe j\u00ee, Rojava \u015fe\u015f meh\u00ean p\u00ea\u015f\u00een pi\u015ft\u00ee hilwe\u015f\u00eena Esed winda kir. Colan\u00ee n\u00eaz\u00eekatiyek pragmat\u00eek girt, soz da her kes\u00ee, helwestek kar\u00eeger n\u00ee\u015fan da \u00fb siyaset kir bin kontrola xwe. Di heman dem\u00ea de, gel\u00ea Rojava li kolanan dime\u015fiyan \u00fb dir\u00fb\u015fmey\u00ean wek\u00ee &#8220;Sosyal\u00eezma komunal \u00fb azad\u00ee ji bo Ocalan&#8221; diq\u00eeriyan. Di civ\u00eenek\u00ea de di meha N\u00eesan\u00ea de, Ocalan li ser Rojava got, &#8220;Ew b\u00fbne He\u015fd\u00ee \u015eab\u00ee ya \u00cesra\u00eel\u00ea.&#8221; yan\u00ee, \u00a0w\u00ee ev salek e dest\u00ean Kurd\u00ean li Rojava gir\u00eadaye. Ew nah\u00eale ku h\u00eaz\u00ean Rojava bi kes\u00ee re t\u00eakil\u00ee deynin.<\/h3>\n<h3 style=\"text-align: justify\">Her du p\u00eavajoy\u00ean a\u015ftiy\u00ea y\u00ean di navbera \u00cemral\u00ee, Qend\u00eel \u00fb dewleta Tirkiy\u00ea de b\u00fbn sedema xelet\u00eey\u00ean mezin li Rojava. Ji ber ku ev p\u00eavajo a Tirk\u00eey\u00ea ji ber\u00ea ve ji bo ku Rojava ber bi r\u00eayeke xelet ve bibin hatib\u00fbn organ\u00eezekirin.<\/h3>\n<h3 style=\"text-align: justify\">Gelo r\u00eaveberiya Rojava dikare v\u00ea yek\u00ea bib\u00eene? Ma ew xwed\u00ee w\u00ea h\u00eaz\u00ea ne ku v\u00ea leyistik\u00ea bi\u015fk\u00eenin? Em nizanin. Ji ber ku ev \u00ea r\u00ea\u00e7a b\u00fbyer\u00ean p\u00ea\u015feroj\u00ea diyar bike. R\u00eaveberiya Rojava, bi redkirina man\u00eepulekirina wan a ji h\u00eala Ocalan ve, div\u00ea \u00e7aren\u00fbsa xwe ji dest\u00ea Ocalan derxe, her \u00e7end ew w\u00ee bi tevah\u00ee red nekin j\u00ee, w\u00ee ten\u00ea wek\u00ee serokek\u00ee\u00a0 sembolik qeb\u00fbl bikin.<\/h3>\n<h3 style=\"text-align: justify\">P\u00eaw\u00eest\u00eeyek din j\u00ee ev e ku li Rojava div\u00ea Kurdan di destura bingeh\u00een weke Kurd were p\u00eanasekirin. Ji bo v\u00ea yek\u00ea, div\u00ea ew ne bi peyv\u00ean xeyal\u00ee div\u00ea bi daxwaz\u00eey\u00ean zelal \u00ean Kurdistan\u00ea derkevin nava qada s\u00eeyaset\u00ea.<\/h3>\n","protected":false},"excerpt":{"rendered":"<p>Pev\u00e7\u00fbn li E\u015frefiye \u00fb \u015e\u00eax Meqs\u00fbd, du tax\u00ean Kurdan \u00ean li Heleb\u00ea, berdewam dikin. Hem Kurd\u00ean li van her du taxan \u00fb hem j\u00ee xelk\u00ea her \u00e7ar be\u015f\u00ean Kurdistan\u00ea berxwedanek m\u00eena ya li Koban\u00ee y\u00ea n\u00ee\u015fan didin. Dema ku ev r\u00eaz t\u00eane niv\u00eesandin, r\u00eaveberiya Rojava ragihand ku ew \u00ea h\u00eaz\u00ean xwe veki\u015f\u00eene, l\u00ea bal ki\u015fand [&hellip;]<\/p>\n","protected":false},"author":2,"featured_media":1051289,"comment_status":"closed","ping_status":"closed","sticky":false,"template":"","format":"standard","meta":{"footnotes":""},"categories":[68],"tags":[37],"class_list":["post-1051286","post","type-post","status-publish","format-standard","has-post-thumbnail","hentry","category-analiz","tag-sereke"],"blocksy_meta":[],"seo_head":"<!-- This site is optimized with the Yoast SEO plugin v27.5 - https:\/\/yoast.com\/product\/yoast-seo-wordpress\/ -->\n<title>Pev\u00e7\u00fbn\u00ean li E\u015frefiye \u00fb \u015e\u00eax Meqs\u00fbd: Xelet\u00ee, xeter\u00ee \u00fb derfet\u2026 - Darka Maz\u00ee<\/title>\n<meta name=\"robots\" content=\"index, follow, max-snippet:-1, max-image-preview:large, max-video-preview:-1\" \/>\n<link rel=\"canonical\" href=\"https:\/\/darkamazi.info\/archives\/1051286\" \/>\n<meta property=\"og:locale\" content=\"en_US\" \/>\n<meta property=\"og:type\" content=\"article\" \/>\n<meta property=\"og:title\" content=\"Pev\u00e7\u00fbn\u00ean li E\u015frefiye \u00fb \u015e\u00eax Meqs\u00fbd: Xelet\u00ee, xeter\u00ee \u00fb derfet\u2026 - Darka Maz\u00ee\" \/>\n<meta property=\"og:description\" content=\"Pev\u00e7\u00fbn li E\u015frefiye \u00fb \u015e\u00eax Meqs\u00fbd, du tax\u00ean Kurdan \u00ean li Heleb\u00ea, berdewam dikin. Hem Kurd\u00ean li van her du taxan \u00fb hem j\u00ee xelk\u00ea her \u00e7ar be\u015f\u00ean Kurdistan\u00ea berxwedanek m\u00eena ya li Koban\u00ee y\u00ea n\u00ee\u015fan didin. Dema ku ev r\u00eaz t\u00eane niv\u00eesandin, r\u00eaveberiya Rojava ragihand ku ew \u00ea h\u00eaz\u00ean xwe veki\u015f\u00eene, l\u00ea bal ki\u015fand [&hellip;]\" \/>\n<meta property=\"og:url\" content=\"https:\/\/darkamazi.info\/archives\/1051286\" \/>\n<meta property=\"og:site_name\" content=\"Darka Maz\u00ee\" \/>\n<meta property=\"article:publisher\" content=\"https:\/\/www.facebook.com\/DarMaziKurmanci\" \/>\n<meta property=\"article:published_time\" content=\"2026-01-10T12:38:56+00:00\" \/>\n<meta property=\"og:image\" content=\"https:\/\/darkamazi.info\/file\/2026\/01\/hsd.jpg\" \/>\n\t<meta property=\"og:image:width\" content=\"900\" \/>\n\t<meta property=\"og:image:height\" content=\"475\" \/>\n\t<meta property=\"og:image:type\" content=\"image\/jpeg\" \/>\n<meta name=\"author\" content=\"darka mazi\" \/>\n<meta name=\"twitter:card\" content=\"summary_large_image\" \/>\n<meta name=\"twitter:creator\" content=\"@DarkaMaziLatini\" \/>\n<meta name=\"twitter:site\" content=\"@DarkaMaziLatini\" \/>\n<meta name=\"twitter:label1\" content=\"Written by\" \/>\n\t<meta name=\"twitter:data1\" content=\"darka mazi\" \/>\n\t<meta name=\"twitter:label2\" content=\"Est. reading time\" \/>\n\t<meta name=\"twitter:data2\" content=\"5 minutes\" \/>\n<script type=\"application\/ld+json\" class=\"seo-schema-graph\">{\"@context\":\"https:\\\/\\\/schema.org\",\"@graph\":[{\"@type\":\"Article\",\"@id\":\"https:\\\/\\\/darkamazi.info\\\/archives\\\/1051286#article\",\"isPartOf\":{\"@id\":\"https:\\\/\\\/darkamazi.info\\\/archives\\\/1051286\"},\"author\":{\"name\":\"darka mazi\",\"@id\":\"https:\\\/\\\/darkamazi.info\\\/#\\\/schema\\\/person\\\/5ad3e24553a0567993fa8ed4bd0a776c\"},\"headline\":\"Pev\u00e7\u00fbn\u00ean li E\u015frefiye \u00fb \u015e\u00eax Meqs\u00fbd: Xelet\u00ee, xeter\u00ee \u00fb derfet\u2026\",\"datePublished\":\"2026-01-10T12:38:56+00:00\",\"mainEntityOfPage\":{\"@id\":\"https:\\\/\\\/darkamazi.info\\\/archives\\\/1051286\"},\"wordCount\":1228,\"publisher\":{\"@id\":\"https:\\\/\\\/darkamazi.info\\\/#organization\"},\"image\":{\"@id\":\"https:\\\/\\\/darkamazi.info\\\/archives\\\/1051286#primaryimage\"},\"thumbnailUrl\":\"https:\\\/\\\/darkamazi.info\\\/darka-content\\\/uploads\\\/2026\\\/01\\\/hsd.jpg\",\"keywords\":[\"sereke\"],\"articleSection\":[\"Anal\u00eez\"],\"inLanguage\":\"en-US\"},{\"@type\":\"WebPage\",\"@id\":\"https:\\\/\\\/darkamazi.info\\\/archives\\\/1051286\",\"url\":\"https:\\\/\\\/darkamazi.info\\\/archives\\\/1051286\",\"name\":\"Pev\u00e7\u00fbn\u00ean li E\u015frefiye \u00fb \u015e\u00eax Meqs\u00fbd: Xelet\u00ee, xeter\u00ee \u00fb derfet\u2026 - Darka Maz\u00ee\",\"isPartOf\":{\"@id\":\"https:\\\/\\\/darkamazi.info\\\/#website\"},\"primaryImageOfPage\":{\"@id\":\"https:\\\/\\\/darkamazi.info\\\/archives\\\/1051286#primaryimage\"},\"image\":{\"@id\":\"https:\\\/\\\/darkamazi.info\\\/archives\\\/1051286#primaryimage\"},\"thumbnailUrl\":\"https:\\\/\\\/darkamazi.info\\\/darka-content\\\/uploads\\\/2026\\\/01\\\/hsd.jpg\",\"datePublished\":\"2026-01-10T12:38:56+00:00\",\"breadcrumb\":{\"@id\":\"https:\\\/\\\/darkamazi.info\\\/archives\\\/1051286#breadcrumb\"},\"inLanguage\":\"en-US\",\"potentialAction\":[{\"@type\":\"ReadAction\",\"target\":[\"https:\\\/\\\/darkamazi.info\\\/archives\\\/1051286\"]}]},{\"@type\":\"ImageObject\",\"inLanguage\":\"en-US\",\"@id\":\"https:\\\/\\\/darkamazi.info\\\/archives\\\/1051286#primaryimage\",\"url\":\"https:\\\/\\\/darkamazi.info\\\/darka-content\\\/uploads\\\/2026\\\/01\\\/hsd.jpg\",\"contentUrl\":\"https:\\\/\\\/darkamazi.info\\\/darka-content\\\/uploads\\\/2026\\\/01\\\/hsd.jpg\",\"width\":900,\"height\":475,\"caption\":\"Pev\u00e7\u00fbn\u00ean li E\u015frefiye \u00fb \u015e\u00eax Meqs\u00fbd: Xelet\u00ee, xeter\u00ee \u00fb derfet\u2026\"},{\"@type\":\"BreadcrumbList\",\"@id\":\"https:\\\/\\\/darkamazi.info\\\/archives\\\/1051286#breadcrumb\",\"itemListElement\":[{\"@type\":\"ListItem\",\"position\":1,\"name\":\"Home\",\"item\":\"https:\\\/\\\/darkamazi.info\\\/\"},{\"@type\":\"ListItem\",\"position\":2,\"name\":\"Pev\u00e7\u00fbn\u00ean li E\u015frefiye \u00fb \u015e\u00eax Meqs\u00fbd: Xelet\u00ee, xeter\u00ee \u00fb derfet\u2026\"}]},{\"@type\":\"WebSite\",\"@id\":\"https:\\\/\\\/darkamazi.info\\\/#website\",\"url\":\"https:\\\/\\\/darkamazi.info\\\/\",\"name\":\"Darka Maz\u00ee\",\"description\":\"P\u00eageha Zanyariy\u00ean Nebih\u00eest\u00ee\",\"publisher\":{\"@id\":\"https:\\\/\\\/darkamazi.info\\\/#organization\"},\"potentialAction\":[{\"@type\":\"SearchAction\",\"target\":{\"@type\":\"EntryPoint\",\"urlTemplate\":\"https:\\\/\\\/darkamazi.info\\\/?s={search_term_string}\"},\"query-input\":{\"@type\":\"PropertyValueSpecification\",\"valueRequired\":true,\"valueName\":\"search_term_string\"}}],\"inLanguage\":\"en-US\"},{\"@type\":\"Organization\",\"@id\":\"https:\\\/\\\/darkamazi.info\\\/#organization\",\"name\":\"Darka Maz\u00ee\",\"url\":\"https:\\\/\\\/darkamazi.info\\\/\",\"logo\":{\"@type\":\"ImageObject\",\"inLanguage\":\"en-US\",\"@id\":\"https:\\\/\\\/darkamazi.info\\\/#\\\/schema\\\/logo\\\/image\\\/\",\"url\":\"https:\\\/\\\/darkamazi.info\\\/darka-content\\\/uploads\\\/2017\\\/12\\\/darka-mazi-logo.png\",\"contentUrl\":\"https:\\\/\\\/darkamazi.info\\\/darka-content\\\/uploads\\\/2017\\\/12\\\/darka-mazi-logo.png\",\"width\":151,\"height\":75,\"caption\":\"Darka Maz\u00ee\"},\"image\":{\"@id\":\"https:\\\/\\\/darkamazi.info\\\/#\\\/schema\\\/logo\\\/image\\\/\"},\"sameAs\":[\"https:\\\/\\\/www.facebook.com\\\/DarMaziKurmanci\",\"https:\\\/\\\/x.com\\\/DarkaMaziLatini\",\"https:\\\/\\\/www.instagram.com\\\/darkamazi.kurmanci\\\/\",\"https:\\\/\\\/www.youtube.com\\\/channel\\\/UCa5HkTdmI8U1qCUFuTw8B2g\"]},{\"@type\":\"Person\",\"@id\":\"https:\\\/\\\/darkamazi.info\\\/#\\\/schema\\\/person\\\/5ad3e24553a0567993fa8ed4bd0a776c\",\"name\":\"darka mazi\",\"sameAs\":[\"https:\\\/\\\/darkamazi.info\\\/\"],\"url\":\"https:\\\/\\\/darkamazi.info\\\/archives\\\/author\\\/kurdi\"}]}<\/script>\n<!-- \/ Yoast SEO plugin. -->","seo_head_json":{"title":"Pev\u00e7\u00fbn\u00ean li E\u015frefiye \u00fb \u015e\u00eax Meqs\u00fbd: Xelet\u00ee, xeter\u00ee \u00fb derfet\u2026 - Darka Maz\u00ee","robots":{"index":"index","follow":"follow","max-snippet":"max-snippet:-1","max-image-preview":"max-image-preview:large","max-video-preview":"max-video-preview:-1"},"canonical":"https:\/\/darkamazi.info\/archives\/1051286","og_locale":"en_US","og_type":"article","og_title":"Pev\u00e7\u00fbn\u00ean li E\u015frefiye \u00fb \u015e\u00eax Meqs\u00fbd: Xelet\u00ee, xeter\u00ee \u00fb derfet\u2026 - Darka Maz\u00ee","og_description":"Pev\u00e7\u00fbn li E\u015frefiye \u00fb \u015e\u00eax Meqs\u00fbd, du tax\u00ean Kurdan \u00ean li Heleb\u00ea, berdewam dikin. Hem Kurd\u00ean li van her du taxan \u00fb hem j\u00ee xelk\u00ea her \u00e7ar be\u015f\u00ean Kurdistan\u00ea berxwedanek m\u00eena ya li Koban\u00ee y\u00ea n\u00ee\u015fan didin. Dema ku ev r\u00eaz t\u00eane niv\u00eesandin, r\u00eaveberiya Rojava ragihand ku ew \u00ea h\u00eaz\u00ean xwe veki\u015f\u00eene, l\u00ea bal ki\u015fand [&hellip;]","og_url":"https:\/\/darkamazi.info\/archives\/1051286","og_site_name":"Darka Maz\u00ee","article_publisher":"https:\/\/www.facebook.com\/DarMaziKurmanci","article_published_time":"2026-01-10T12:38:56+00:00","og_image":[{"width":900,"height":475,"url":"https:\/\/darkamazi.info\/file\/2026\/01\/hsd.jpg","type":"image\/jpeg"}],"author":"darka mazi","twitter_card":"summary_large_image","twitter_creator":"@DarkaMaziLatini","twitter_site":"@DarkaMaziLatini","twitter_misc":{"Written by":"darka mazi","Est. reading time":"5 minutes"},"schema":{"@context":"https:\/\/schema.org","@graph":[{"@type":"Article","@id":"https:\/\/darkamazi.info\/archives\/1051286#article","isPartOf":{"@id":"https:\/\/darkamazi.info\/archives\/1051286"},"author":{"name":"darka mazi","@id":"https:\/\/darkamazi.info\/#\/schema\/person\/5ad3e24553a0567993fa8ed4bd0a776c"},"headline":"Pev\u00e7\u00fbn\u00ean li E\u015frefiye \u00fb \u015e\u00eax Meqs\u00fbd: Xelet\u00ee, xeter\u00ee \u00fb derfet\u2026","datePublished":"2026-01-10T12:38:56+00:00","mainEntityOfPage":{"@id":"https:\/\/darkamazi.info\/archives\/1051286"},"wordCount":1228,"publisher":{"@id":"https:\/\/darkamazi.info\/#organization"},"image":{"@id":"https:\/\/darkamazi.info\/archives\/1051286#primaryimage"},"thumbnailUrl":"https:\/\/darkamazi.info\/file\/2026\/01\/hsd.jpg","keywords":["sereke"],"articleSection":["Anal\u00eez"],"inLanguage":"en-US"},{"@type":"WebPage","@id":"https:\/\/darkamazi.info\/archives\/1051286","url":"https:\/\/darkamazi.info\/archives\/1051286","name":"Pev\u00e7\u00fbn\u00ean li E\u015frefiye \u00fb \u015e\u00eax Meqs\u00fbd: Xelet\u00ee, xeter\u00ee \u00fb derfet\u2026 - Darka Maz\u00ee","isPartOf":{"@id":"https:\/\/darkamazi.info\/#website"},"primaryImageOfPage":{"@id":"https:\/\/darkamazi.info\/archives\/1051286#primaryimage"},"image":{"@id":"https:\/\/darkamazi.info\/archives\/1051286#primaryimage"},"thumbnailUrl":"https:\/\/darkamazi.info\/file\/2026\/01\/hsd.jpg","datePublished":"2026-01-10T12:38:56+00:00","breadcrumb":{"@id":"https:\/\/darkamazi.info\/archives\/1051286#breadcrumb"},"inLanguage":"en-US","potentialAction":[{"@type":"ReadAction","target":["https:\/\/darkamazi.info\/archives\/1051286"]}]},{"@type":"ImageObject","inLanguage":"en-US","@id":"https:\/\/darkamazi.info\/archives\/1051286#primaryimage","url":"https:\/\/darkamazi.info\/file\/2026\/01\/hsd.jpg","contentUrl":"https:\/\/darkamazi.info\/file\/2026\/01\/hsd.jpg","width":900,"height":475,"caption":"Pev\u00e7\u00fbn\u00ean li E\u015frefiye \u00fb \u015e\u00eax Meqs\u00fbd: Xelet\u00ee, xeter\u00ee \u00fb derfet\u2026"},{"@type":"BreadcrumbList","@id":"https:\/\/darkamazi.info\/archives\/1051286#breadcrumb","itemListElement":[{"@type":"ListItem","position":1,"name":"Home","item":"https:\/\/darkamazi.info\/"},{"@type":"ListItem","position":2,"name":"Pev\u00e7\u00fbn\u00ean li E\u015frefiye \u00fb \u015e\u00eax Meqs\u00fbd: Xelet\u00ee, xeter\u00ee \u00fb derfet\u2026"}]},{"@type":"WebSite","@id":"https:\/\/darkamazi.info\/#website","url":"https:\/\/darkamazi.info\/","name":"Darka Maz\u00ee","description":"P\u00eageha Zanyariy\u00ean Nebih\u00eest\u00ee","publisher":{"@id":"https:\/\/darkamazi.info\/#organization"},"potentialAction":[{"@type":"SearchAction","target":{"@type":"EntryPoint","urlTemplate":"https:\/\/darkamazi.info\/?s={search_term_string}"},"query-input":{"@type":"PropertyValueSpecification","valueRequired":true,"valueName":"search_term_string"}}],"inLanguage":"en-US"},{"@type":"Organization","@id":"https:\/\/darkamazi.info\/#organization","name":"Darka Maz\u00ee","url":"https:\/\/darkamazi.info\/","logo":{"@type":"ImageObject","inLanguage":"en-US","@id":"https:\/\/darkamazi.info\/#\/schema\/logo\/image\/","url":"https:\/\/darkamazi.info\/file\/2017\/12\/darka-mazi-logo.png","contentUrl":"https:\/\/darkamazi.info\/file\/2017\/12\/darka-mazi-logo.png","width":151,"height":75,"caption":"Darka Maz\u00ee"},"image":{"@id":"https:\/\/darkamazi.info\/#\/schema\/logo\/image\/"},"sameAs":["https:\/\/www.facebook.com\/DarMaziKurmanci","https:\/\/x.com\/DarkaMaziLatini","https:\/\/www.instagram.com\/darkamazi.kurmanci\/","https:\/\/www.youtube.com\/channel\/UCa5HkTdmI8U1qCUFuTw8B2g"]},{"@type":"Person","@id":"https:\/\/darkamazi.info\/#\/schema\/person\/5ad3e24553a0567993fa8ed4bd0a776c","name":"darka mazi","sameAs":["https:\/\/darkamazi.info\/"],"url":"https:\/\/darkamazi.info\/archives\/author\/kurdi"}]}},"_links":{"self":[{"href":"https:\/\/darkamazi.info\/funavuv\/wp\/v2\/posts\/1051286","targetHints":{"allow":["GET"]}}],"collection":[{"href":"https:\/\/darkamazi.info\/funavuv\/wp\/v2\/posts"}],"about":[{"href":"https:\/\/darkamazi.info\/funavuv\/wp\/v2\/types\/post"}],"author":[{"embeddable":true,"href":"https:\/\/darkamazi.info\/funavuv\/wp\/v2\/users\/2"}],"replies":[{"embeddable":true,"href":"https:\/\/darkamazi.info\/funavuv\/wp\/v2\/comments?post=1051286"}],"version-history":[{"count":0,"href":"https:\/\/darkamazi.info\/funavuv\/wp\/v2\/posts\/1051286\/revisions"}],"wp:featuredmedia":[{"embeddable":true,"href":"https:\/\/darkamazi.info\/funavuv\/wp\/v2\/media\/1051289"}],"wp:attachment":[{"href":"https:\/\/darkamazi.info\/funavuv\/wp\/v2\/media?parent=1051286"}],"wp:term":[{"taxonomy":"category","embeddable":true,"href":"https:\/\/darkamazi.info\/funavuv\/wp\/v2\/categories?post=1051286"},{"taxonomy":"post_tag","embeddable":true,"href":"https:\/\/darkamazi.info\/funavuv\/wp\/v2\/tags?post=1051286"}],"curies":[{"name":"wp","href":"https:\/\/api.w.org\/{rel}","templated":true}]}}