{"id":1051298,"date":"2026-01-10T19:58:44","date_gmt":"2026-01-10T16:58:44","guid":{"rendered":"https:\/\/darkamazi.info\/?p=1051298"},"modified":"2026-01-10T19:58:44","modified_gmt":"2026-01-10T16:58:44","slug":"4-partiyen-bakure-kurdistane-erisen-li-ser-taxen-sex-meqsud-u-esrefiye-sermezar-dikin","status":"publish","type":"post","link":"https:\/\/darkamazi.info\/archives\/1051298","title":{"rendered":"4 Partiy\u00ean Bakur\u00ea Kurdistan\u00ea \u00ear\u00ee\u015f\u00ean li ser tax\u00ean \u015e\u00eax Meqs\u00fbd \u00fb E\u015frefiy\u00ea \u015fermezar dikin"},"content":{"rendered":"<h3 style=\"text-align: justify\"><span style=\"font-family: 'arial black', sans-serif\">Partiy\u00ean HAK-PAR, PDK-BAKUR, PSK \u00fb PWK li Diyarbekir\u00ea bi daxuyaniyeke hevbe\u015f \u00eari\u015f\u00ean li ser tax\u00ean \u015e\u00eax Meqs\u00fbd \u00fb E\u015frefiy\u00ea \u015fermezar kirin. Di daxuyaniy\u00ea de hat diyarkirin ku R\u00eaveberiya \u015eam\u00ea bi hi\u015fmendiyeke n\u00eejadperest dixwaze destkeftiy\u00ean Kurdan ji hol\u00ea rake \u00fb demografiya Heleb\u00ea biguher\u00eene.<\/span><\/h3>\n<h3 style=\"text-align: justify\">\u00c7ar partiy\u00ean Bakur\u00ea Kurdistan\u00ea (Partiya Maf \u00fb Azadiyan &#8211; HAK-PAR, Partiya Demokrat a Kurdistan\u00ea-Bakur &#8211; PDK-BAKUR, Partiya Sosyal\u00eest a Kurdistan\u00ea &#8211; PSK \u00fb Partiya Welatpar\u00eaz\u00ean Kurdistan\u00ea &#8211; PWK), \u00eero (10.01.2026) li Diyarbekir\u00ea civ\u00eeneke \u00e7apemeniy\u00ea ya hevbe\u015f lidar xistin. Di civ\u00een\u00ea de bang li civaka navnetewey\u00ee \u00fb hem\u00fb aliy\u00ean Kurdistan\u00ee hat kirin ku li dij\u00ee \u00eari\u015f\u00ean li Heleb\u00ea helwesteke yekgirt\u00ee n\u00ee\u015fan bidin.<\/h3>\n<h3 style=\"text-align: justify\">Di destp\u00eaka civ\u00een\u00ea de Serok\u00ea PSKy\u00ea Bayram Bozyel di derbar\u00ea armanca v\u00ea civ\u00een\u00ea de kurte axaftinek kir. Pa\u015f\u00ea C\u00eehgir\u00ea Serok\u00ea Gi\u015ft\u00ee y\u00ea PWK\u00ea Mehmet Can Azbay kurd\u00eeya daxuyan\u00eeya hevbe\u015f ya HAK-PAR, PDK-BAKUR, PSK, PWKy\u00ea xwend. Serok\u00ea Te\u015fk\u00eelata Diyarbekir\u00ea ya HAK-PAR\u00ea Mustafa Okum\u00fb\u015f j\u00ee tirk\u00eeya daxuyan\u00eeya hevbe\u015f xwend.<\/h3>\n<h3 style=\"text-align: justify\"><span style=\"font-family: 'arial black', sans-serif\">Daxuyan\u00eeya hevbe\u015f ya HAK-PAR, PDK-BAKUR, PSK, PWKy\u00ea wiha ye:<\/span><\/h3>\n<h3 style=\"text-align: justify\">Em \u00ear\u00ee\u015f\u00ean li ser tax\u00ean kurdan \u00ean li Heleb\u00ea \u015fermezar dikin.<\/h3>\n<h3 style=\"text-align: justify\">H\u00eaz\u00ean le\u015fker\u00ee y\u00ean gir\u00eaday\u00ee R\u00eavebir\u00eeya \u015eam\u00ea \u00e7end roj in b\u00eay\u00ee ku cudah\u00eey\u00ea bixin navbera siv\u00eel \u00fb le\u015fkeran tax\u00ean \u015e\u00eaxmeqs\u00fbd \u00fb E\u015fref\u00eey\u00ea y\u00ean bajar\u00ea Heleb\u00ea ku piran\u00eeya wan kurd in topbaran dikin, \u00ear\u00ee\u015f\u00ean dijminane p\u00eak t\u00eenin.<\/h3>\n<h3 style=\"text-align: justify\">Di encama van \u00ear\u00ee\u015fan de gelek ku\u015ft\u00ee \u00fb bir\u00eendar hene.<\/h3>\n<h3 style=\"text-align: justify\">R\u00eavebir\u00eeya \u015eam\u00ea bi hi\u015fmend\u00eeya n\u00eejadperest\u00ee, \u015fowen\u00ee ya ereb\u00ee, bi van \u00ear\u00ee\u015fan dixwaze demograf\u00eeya Heleb\u00ea biguher\u00eene \u00fb r\u00ea li komkuj\u00eeya gel\u00ea Kurd vedike.<\/h3>\n<h3 style=\"text-align: justify\">\u00car\u00ee\u015f\u00ean R\u00eavebir\u00eeya \u015eam\u00ea y\u00ean li ser tax\u00ean kurdan \u00ean Heleb\u00ea, ceribandina ji hol\u00ea rakirina destkeft\u00eey\u00ean kurd\u00ean Rojavay\u00ea Kurdistan\u00ea \u00fb p\u00eak an\u00eena s\u00eeyaseta dewleteke un\u00eeter, totaliter, ereb\u00ee ye.<\/h3>\n<h3 style=\"text-align: justify\">\u00a0\u00car\u00ee\u015f\u00ean R\u00eavebir\u00eeya \u015eam\u00ea y\u00ean li ser tax\u00ean kurdan \u00ean Heleb\u00ea, destp\u00eaka r\u00ea li ber girtina, statuyeke Rojavay\u00ea Kurdistan\u00ea ye; destp\u00eaka r\u00ea li ber girtina azad\u00ee, demokrasi, edalet, pir reng\u00ee \u00fb wekhev\u00eeya hem\u00fb p\u00eakhatey\u00ean etn\u00eek\u00ee, d\u00een\u00ee, mezheb\u00ee, civak\u00ee y\u00ea li S\u00fbr\u00eeyey\u00ea ye.<\/h3>\n<h3 style=\"text-align: justify\">\u00car\u00ee\u015f\u00ean kom\u00ean \u00e7ekdar y\u00ean gir\u00eaday\u00ee R\u00eavebir\u00eeya \u015eam\u00ea y\u00ean li ser tax\u00ean \u015e\u00eaxmeqs\u00fbd \u00fb E\u015frefiy\u00ea y\u00ean bajar\u00ea Heleb\u00ea ku piran\u00eeya wan kurd in, \u00ear\u00ee\u015f\u00ean teror\u00ee ne, em van \u00ear\u00ee\u015fan \u015fermezar dikin.<\/h3>\n<h3 style=\"text-align: justify\">Em bang\u00ee Hevpeyman\u00eeya Navdewlet\u00ee, saziy\u00ean navdewlet\u00ee, bi taybet\u00ee Netewey\u00ean Yekb\u00fby\u00ee \u00fb Konseya Ewropay\u00ea dikin da ku demildest r\u00ea li ber van \u00ear\u00ee\u015f\u00ean R\u00eavebir\u00eeya \u015eam\u00ea bigrin.<\/h3>\n<h3 style=\"text-align: justify\">Em bang\u00ee dewleta Tirk\u00eey\u00ea dikin da ku dev ji pi\u015ftgir\u00eeya h\u00eaz\u00ean n\u00eejadperest \u00fb tundrew y\u00ean li Suriy\u00ea berde \u00fb siyaseta dij\u00ea Kurd biterik\u00eene.<\/h3>\n<h3 style=\"text-align: justify\">Hem\u00fb kurd\u00ean li her \u00e7ar par\u00e7ey\u00ean Kurdistan\u00ea \u00fb d\u00eeasporay\u00ea div\u00ea van \u00ear\u00ee\u015f\u00ean h\u00eaz\u00ean tundrew y\u00ean li ser tax\u00ean kurdan \u00ean li Heleb\u00ea bi helwesteke yekgirt\u00ee \u015fermezar bikin, div\u00ea li doza gel\u00ea me y\u00ea Rojavay\u00ea Kurdistan\u00ea xwed\u00ee derkevin, pi\u015ftgir\u00eeya wan bigrin<\/h3>\n<h3 style=\"text-align: justify\">Em bang\u00ee R\u00eavebir\u00eeya Xweser \u00fb hem\u00fb part\u00eey\u00ean Rojavay\u00ea Kurdistan\u00ea dikin da ku li gor\u00ee \u00e7er\u00e7oweya Konferansa Qami\u015floy\u00ea ya ku roja 26\u00ea N\u00eesana 2025\u00ea li dar ketib\u00fb tevbigerin. Ji bo berjewend\u00ee \u00fb bidestxistina maf\u00ean netewey\u00ee, demokratik y\u00ea gel\u00ea me Rojavay\u00ea Kurdistan\u00ea div\u00ea Heyeta Tems\u00eel\u00ee ya ku di Konferansa Qami\u015floy\u00ea de hatib\u00fb qeb\u00fbl kirin z\u00eadetir \u00e7alak bibe \u00fb tems\u00eela Rojavay\u00ea Kurdistan\u00ea bike.<\/h3>\n<h3 style=\"text-align: justify\">Wek HAK-PAR, PDK-BAKUR, PSK, PWK, em bi hem\u00fb h\u00eaza xwe pi\u015ftgir\u00eeya t\u00eako\u015f\u00eena gel\u00ea me y\u00ea Rojavay\u00ea Kurdistan\u00ea ya ji bo s\u00eestemeke federal\u00ee, demokratik, wekhev, azad \u00fb dadwer \u00fb t\u00eako\u015f\u00eena hem\u00fb p\u00eakhatey\u00ean netewey\u00ee, etn\u00eek\u00ee, d\u00een\u00ee, mezheb\u00ee, civak\u00ee ya hem\u00fb gel\u00ean S\u00fbr\u00eeyey\u00ea dikin.<\/h3>\n<h3 style=\"text-align: justify\"><span style=\"font-family: 'arial black', sans-serif\">Part\u00eeya Maf \u00fb Azad\u00eeyan (HAK-PAR)<\/span><\/h3>\n<h3 style=\"text-align: justify\"><span style=\"font-family: 'arial black', sans-serif\">Part\u00eeya Demokrat a Kurdistan\u00ea-Bakur (PDK-BAKUR)<\/span><\/h3>\n<h3 style=\"text-align: justify\"><span style=\"font-family: 'arial black', sans-serif\">Part\u00eeya Sosyal\u00eest a Kurdistan\u00ea (PSK)<\/span><\/h3>\n<h3 style=\"text-align: justify\"><span style=\"font-family: 'arial black', sans-serif\">Part\u00eeya Welatpar\u00eaz\u00ean Kurdistan\u00ea (PWK)<\/span><\/h3>\n","protected":false},"excerpt":{"rendered":"<p>Partiy\u00ean HAK-PAR, PDK-BAKUR, PSK \u00fb PWK li Diyarbekir\u00ea bi daxuyaniyeke hevbe\u015f \u00eari\u015f\u00ean li ser tax\u00ean \u015e\u00eax Meqs\u00fbd \u00fb E\u015frefiy\u00ea \u015fermezar kirin. Di daxuyaniy\u00ea de hat diyarkirin ku R\u00eaveberiya \u015eam\u00ea bi hi\u015fmendiyeke n\u00eejadperest dixwaze destkeftiy\u00ean Kurdan ji hol\u00ea rake \u00fb demografiya Heleb\u00ea biguher\u00eene. \u00c7ar partiy\u00ean Bakur\u00ea Kurdistan\u00ea (Partiya Maf \u00fb Azadiyan &#8211; HAK-PAR, Partiya Demokrat a [&hellip;]<\/p>\n","protected":false},"author":2,"featured_media":1051299,"comment_status":"closed","ping_status":"closed","sticky":false,"template":"","format":"standard","meta":{"footnotes":""},"categories":[29],"tags":[37],"class_list":["post-1051298","post","type-post","status-publish","format-standard","has-post-thumbnail","hentry","category-kurdistan","tag-sereke"],"blocksy_meta":[],"seo_head":"<!-- This site is optimized with the Yoast SEO plugin v27.5 - https:\/\/yoast.com\/product\/yoast-seo-wordpress\/ -->\n<title>4 Partiy\u00ean Bakur\u00ea Kurdistan\u00ea \u00ear\u00ee\u015f\u00ean li ser tax\u00ean \u015e\u00eax Meqs\u00fbd \u00fb E\u015frefiy\u00ea \u015fermezar dikin - Darka Maz\u00ee<\/title>\n<meta name=\"robots\" content=\"index, follow, max-snippet:-1, max-image-preview:large, max-video-preview:-1\" \/>\n<link rel=\"canonical\" href=\"https:\/\/darkamazi.info\/archives\/1051298\" \/>\n<meta property=\"og:locale\" content=\"en_US\" \/>\n<meta property=\"og:type\" content=\"article\" \/>\n<meta property=\"og:title\" content=\"4 Partiy\u00ean Bakur\u00ea Kurdistan\u00ea \u00ear\u00ee\u015f\u00ean li ser tax\u00ean \u015e\u00eax Meqs\u00fbd \u00fb E\u015frefiy\u00ea \u015fermezar dikin - Darka Maz\u00ee\" \/>\n<meta property=\"og:description\" content=\"Partiy\u00ean HAK-PAR, PDK-BAKUR, PSK \u00fb PWK li Diyarbekir\u00ea bi daxuyaniyeke hevbe\u015f \u00eari\u015f\u00ean li ser tax\u00ean \u015e\u00eax Meqs\u00fbd \u00fb E\u015frefiy\u00ea \u015fermezar kirin. Di daxuyaniy\u00ea de hat diyarkirin ku R\u00eaveberiya \u015eam\u00ea bi hi\u015fmendiyeke n\u00eejadperest dixwaze destkeftiy\u00ean Kurdan ji hol\u00ea rake \u00fb demografiya Heleb\u00ea biguher\u00eene. \u00c7ar partiy\u00ean Bakur\u00ea Kurdistan\u00ea (Partiya Maf \u00fb Azadiyan &#8211; HAK-PAR, Partiya Demokrat a [&hellip;]\" \/>\n<meta property=\"og:url\" content=\"https:\/\/darkamazi.info\/archives\/1051298\" \/>\n<meta property=\"og:site_name\" content=\"Darka Maz\u00ee\" \/>\n<meta property=\"article:publisher\" content=\"https:\/\/www.facebook.com\/DarMaziKurmanci\" \/>\n<meta property=\"article:published_time\" content=\"2026-01-10T16:58:44+00:00\" \/>\n<meta property=\"og:image\" content=\"https:\/\/darkamazi.info\/file\/2026\/01\/PDK-T-PSK-PWK-HAK-PAR.jpg\" \/>\n\t<meta property=\"og:image:width\" content=\"900\" \/>\n\t<meta property=\"og:image:height\" content=\"497\" \/>\n\t<meta property=\"og:image:type\" content=\"image\/jpeg\" \/>\n<meta name=\"author\" content=\"darka mazi\" \/>\n<meta name=\"twitter:card\" content=\"summary_large_image\" \/>\n<meta name=\"twitter:creator\" content=\"@DarkaMaziLatini\" \/>\n<meta name=\"twitter:site\" content=\"@DarkaMaziLatini\" \/>\n<meta name=\"twitter:label1\" content=\"Written by\" \/>\n\t<meta name=\"twitter:data1\" content=\"darka mazi\" \/>\n\t<meta name=\"twitter:label2\" content=\"Est. reading time\" \/>\n\t<meta name=\"twitter:data2\" content=\"3 minutes\" \/>\n<script type=\"application\/ld+json\" class=\"seo-schema-graph\">{\"@context\":\"https:\\\/\\\/schema.org\",\"@graph\":[{\"@type\":\"Article\",\"@id\":\"https:\\\/\\\/darkamazi.info\\\/archives\\\/1051298#article\",\"isPartOf\":{\"@id\":\"https:\\\/\\\/darkamazi.info\\\/archives\\\/1051298\"},\"author\":{\"name\":\"darka mazi\",\"@id\":\"https:\\\/\\\/darkamazi.info\\\/#\\\/schema\\\/person\\\/5ad3e24553a0567993fa8ed4bd0a776c\"},\"headline\":\"4 Partiy\u00ean Bakur\u00ea Kurdistan\u00ea \u00ear\u00ee\u015f\u00ean li ser tax\u00ean \u015e\u00eax Meqs\u00fbd \u00fb E\u015frefiy\u00ea \u015fermezar dikin\",\"datePublished\":\"2026-01-10T16:58:44+00:00\",\"mainEntityOfPage\":{\"@id\":\"https:\\\/\\\/darkamazi.info\\\/archives\\\/1051298\"},\"wordCount\":703,\"publisher\":{\"@id\":\"https:\\\/\\\/darkamazi.info\\\/#organization\"},\"image\":{\"@id\":\"https:\\\/\\\/darkamazi.info\\\/archives\\\/1051298#primaryimage\"},\"thumbnailUrl\":\"https:\\\/\\\/darkamazi.info\\\/darka-content\\\/uploads\\\/2026\\\/01\\\/PDK-T-PSK-PWK-HAK-PAR.jpg\",\"keywords\":[\"sereke\"],\"articleSection\":[\"Kurdistan\"],\"inLanguage\":\"en-US\"},{\"@type\":\"WebPage\",\"@id\":\"https:\\\/\\\/darkamazi.info\\\/archives\\\/1051298\",\"url\":\"https:\\\/\\\/darkamazi.info\\\/archives\\\/1051298\",\"name\":\"4 Partiy\u00ean Bakur\u00ea Kurdistan\u00ea \u00ear\u00ee\u015f\u00ean li ser tax\u00ean \u015e\u00eax Meqs\u00fbd \u00fb E\u015frefiy\u00ea \u015fermezar dikin - Darka Maz\u00ee\",\"isPartOf\":{\"@id\":\"https:\\\/\\\/darkamazi.info\\\/#website\"},\"primaryImageOfPage\":{\"@id\":\"https:\\\/\\\/darkamazi.info\\\/archives\\\/1051298#primaryimage\"},\"image\":{\"@id\":\"https:\\\/\\\/darkamazi.info\\\/archives\\\/1051298#primaryimage\"},\"thumbnailUrl\":\"https:\\\/\\\/darkamazi.info\\\/darka-content\\\/uploads\\\/2026\\\/01\\\/PDK-T-PSK-PWK-HAK-PAR.jpg\",\"datePublished\":\"2026-01-10T16:58:44+00:00\",\"breadcrumb\":{\"@id\":\"https:\\\/\\\/darkamazi.info\\\/archives\\\/1051298#breadcrumb\"},\"inLanguage\":\"en-US\",\"potentialAction\":[{\"@type\":\"ReadAction\",\"target\":[\"https:\\\/\\\/darkamazi.info\\\/archives\\\/1051298\"]}]},{\"@type\":\"ImageObject\",\"inLanguage\":\"en-US\",\"@id\":\"https:\\\/\\\/darkamazi.info\\\/archives\\\/1051298#primaryimage\",\"url\":\"https:\\\/\\\/darkamazi.info\\\/darka-content\\\/uploads\\\/2026\\\/01\\\/PDK-T-PSK-PWK-HAK-PAR.jpg\",\"contentUrl\":\"https:\\\/\\\/darkamazi.info\\\/darka-content\\\/uploads\\\/2026\\\/01\\\/PDK-T-PSK-PWK-HAK-PAR.jpg\",\"width\":900,\"height\":497,\"caption\":\"4 Partiy\u00ean Bakur\u00ea Kurdistan\u00ea \u00ear\u00ee\u015f\u00ean li ser tax\u00ean \u015e\u00eax Meqs\u00fbd \u00fb E\u015frefiy\u00ea \u015fermezar dikin\"},{\"@type\":\"BreadcrumbList\",\"@id\":\"https:\\\/\\\/darkamazi.info\\\/archives\\\/1051298#breadcrumb\",\"itemListElement\":[{\"@type\":\"ListItem\",\"position\":1,\"name\":\"Home\",\"item\":\"https:\\\/\\\/darkamazi.info\\\/\"},{\"@type\":\"ListItem\",\"position\":2,\"name\":\"4 Partiy\u00ean Bakur\u00ea Kurdistan\u00ea \u00ear\u00ee\u015f\u00ean li ser tax\u00ean \u015e\u00eax Meqs\u00fbd \u00fb E\u015frefiy\u00ea \u015fermezar dikin\"}]},{\"@type\":\"WebSite\",\"@id\":\"https:\\\/\\\/darkamazi.info\\\/#website\",\"url\":\"https:\\\/\\\/darkamazi.info\\\/\",\"name\":\"Darka Maz\u00ee\",\"description\":\"P\u00eageha Zanyariy\u00ean Nebih\u00eest\u00ee\",\"publisher\":{\"@id\":\"https:\\\/\\\/darkamazi.info\\\/#organization\"},\"potentialAction\":[{\"@type\":\"SearchAction\",\"target\":{\"@type\":\"EntryPoint\",\"urlTemplate\":\"https:\\\/\\\/darkamazi.info\\\/?s={search_term_string}\"},\"query-input\":{\"@type\":\"PropertyValueSpecification\",\"valueRequired\":true,\"valueName\":\"search_term_string\"}}],\"inLanguage\":\"en-US\"},{\"@type\":\"Organization\",\"@id\":\"https:\\\/\\\/darkamazi.info\\\/#organization\",\"name\":\"Darka Maz\u00ee\",\"url\":\"https:\\\/\\\/darkamazi.info\\\/\",\"logo\":{\"@type\":\"ImageObject\",\"inLanguage\":\"en-US\",\"@id\":\"https:\\\/\\\/darkamazi.info\\\/#\\\/schema\\\/logo\\\/image\\\/\",\"url\":\"https:\\\/\\\/darkamazi.info\\\/darka-content\\\/uploads\\\/2017\\\/12\\\/darka-mazi-logo.png\",\"contentUrl\":\"https:\\\/\\\/darkamazi.info\\\/darka-content\\\/uploads\\\/2017\\\/12\\\/darka-mazi-logo.png\",\"width\":151,\"height\":75,\"caption\":\"Darka Maz\u00ee\"},\"image\":{\"@id\":\"https:\\\/\\\/darkamazi.info\\\/#\\\/schema\\\/logo\\\/image\\\/\"},\"sameAs\":[\"https:\\\/\\\/www.facebook.com\\\/DarMaziKurmanci\",\"https:\\\/\\\/x.com\\\/DarkaMaziLatini\",\"https:\\\/\\\/www.instagram.com\\\/darkamazi.kurmanci\\\/\",\"https:\\\/\\\/www.youtube.com\\\/channel\\\/UCa5HkTdmI8U1qCUFuTw8B2g\"]},{\"@type\":\"Person\",\"@id\":\"https:\\\/\\\/darkamazi.info\\\/#\\\/schema\\\/person\\\/5ad3e24553a0567993fa8ed4bd0a776c\",\"name\":\"darka mazi\",\"sameAs\":[\"https:\\\/\\\/darkamazi.info\\\/\"],\"url\":\"https:\\\/\\\/darkamazi.info\\\/archives\\\/author\\\/kurdi\"}]}<\/script>\n<!-- \/ Yoast SEO plugin. -->","seo_head_json":{"title":"4 Partiy\u00ean Bakur\u00ea Kurdistan\u00ea \u00ear\u00ee\u015f\u00ean li ser tax\u00ean \u015e\u00eax Meqs\u00fbd \u00fb E\u015frefiy\u00ea \u015fermezar dikin - Darka Maz\u00ee","robots":{"index":"index","follow":"follow","max-snippet":"max-snippet:-1","max-image-preview":"max-image-preview:large","max-video-preview":"max-video-preview:-1"},"canonical":"https:\/\/darkamazi.info\/archives\/1051298","og_locale":"en_US","og_type":"article","og_title":"4 Partiy\u00ean Bakur\u00ea Kurdistan\u00ea \u00ear\u00ee\u015f\u00ean li ser tax\u00ean \u015e\u00eax Meqs\u00fbd \u00fb E\u015frefiy\u00ea \u015fermezar dikin - Darka Maz\u00ee","og_description":"Partiy\u00ean HAK-PAR, PDK-BAKUR, PSK \u00fb PWK li Diyarbekir\u00ea bi daxuyaniyeke hevbe\u015f \u00eari\u015f\u00ean li ser tax\u00ean \u015e\u00eax Meqs\u00fbd \u00fb E\u015frefiy\u00ea \u015fermezar kirin. Di daxuyaniy\u00ea de hat diyarkirin ku R\u00eaveberiya \u015eam\u00ea bi hi\u015fmendiyeke n\u00eejadperest dixwaze destkeftiy\u00ean Kurdan ji hol\u00ea rake \u00fb demografiya Heleb\u00ea biguher\u00eene. \u00c7ar partiy\u00ean Bakur\u00ea Kurdistan\u00ea (Partiya Maf \u00fb Azadiyan &#8211; HAK-PAR, Partiya Demokrat a [&hellip;]","og_url":"https:\/\/darkamazi.info\/archives\/1051298","og_site_name":"Darka Maz\u00ee","article_publisher":"https:\/\/www.facebook.com\/DarMaziKurmanci","article_published_time":"2026-01-10T16:58:44+00:00","og_image":[{"width":900,"height":497,"url":"https:\/\/darkamazi.info\/file\/2026\/01\/PDK-T-PSK-PWK-HAK-PAR.jpg","type":"image\/jpeg"}],"author":"darka mazi","twitter_card":"summary_large_image","twitter_creator":"@DarkaMaziLatini","twitter_site":"@DarkaMaziLatini","twitter_misc":{"Written by":"darka mazi","Est. reading time":"3 minutes"},"schema":{"@context":"https:\/\/schema.org","@graph":[{"@type":"Article","@id":"https:\/\/darkamazi.info\/archives\/1051298#article","isPartOf":{"@id":"https:\/\/darkamazi.info\/archives\/1051298"},"author":{"name":"darka mazi","@id":"https:\/\/darkamazi.info\/#\/schema\/person\/5ad3e24553a0567993fa8ed4bd0a776c"},"headline":"4 Partiy\u00ean Bakur\u00ea Kurdistan\u00ea \u00ear\u00ee\u015f\u00ean li ser tax\u00ean \u015e\u00eax Meqs\u00fbd \u00fb E\u015frefiy\u00ea \u015fermezar dikin","datePublished":"2026-01-10T16:58:44+00:00","mainEntityOfPage":{"@id":"https:\/\/darkamazi.info\/archives\/1051298"},"wordCount":703,"publisher":{"@id":"https:\/\/darkamazi.info\/#organization"},"image":{"@id":"https:\/\/darkamazi.info\/archives\/1051298#primaryimage"},"thumbnailUrl":"https:\/\/darkamazi.info\/file\/2026\/01\/PDK-T-PSK-PWK-HAK-PAR.jpg","keywords":["sereke"],"articleSection":["Kurdistan"],"inLanguage":"en-US"},{"@type":"WebPage","@id":"https:\/\/darkamazi.info\/archives\/1051298","url":"https:\/\/darkamazi.info\/archives\/1051298","name":"4 Partiy\u00ean Bakur\u00ea Kurdistan\u00ea \u00ear\u00ee\u015f\u00ean li ser tax\u00ean \u015e\u00eax Meqs\u00fbd \u00fb E\u015frefiy\u00ea \u015fermezar dikin - Darka Maz\u00ee","isPartOf":{"@id":"https:\/\/darkamazi.info\/#website"},"primaryImageOfPage":{"@id":"https:\/\/darkamazi.info\/archives\/1051298#primaryimage"},"image":{"@id":"https:\/\/darkamazi.info\/archives\/1051298#primaryimage"},"thumbnailUrl":"https:\/\/darkamazi.info\/file\/2026\/01\/PDK-T-PSK-PWK-HAK-PAR.jpg","datePublished":"2026-01-10T16:58:44+00:00","breadcrumb":{"@id":"https:\/\/darkamazi.info\/archives\/1051298#breadcrumb"},"inLanguage":"en-US","potentialAction":[{"@type":"ReadAction","target":["https:\/\/darkamazi.info\/archives\/1051298"]}]},{"@type":"ImageObject","inLanguage":"en-US","@id":"https:\/\/darkamazi.info\/archives\/1051298#primaryimage","url":"https:\/\/darkamazi.info\/file\/2026\/01\/PDK-T-PSK-PWK-HAK-PAR.jpg","contentUrl":"https:\/\/darkamazi.info\/file\/2026\/01\/PDK-T-PSK-PWK-HAK-PAR.jpg","width":900,"height":497,"caption":"4 Partiy\u00ean Bakur\u00ea Kurdistan\u00ea \u00ear\u00ee\u015f\u00ean li ser tax\u00ean \u015e\u00eax Meqs\u00fbd \u00fb E\u015frefiy\u00ea \u015fermezar dikin"},{"@type":"BreadcrumbList","@id":"https:\/\/darkamazi.info\/archives\/1051298#breadcrumb","itemListElement":[{"@type":"ListItem","position":1,"name":"Home","item":"https:\/\/darkamazi.info\/"},{"@type":"ListItem","position":2,"name":"4 Partiy\u00ean Bakur\u00ea Kurdistan\u00ea \u00ear\u00ee\u015f\u00ean li ser tax\u00ean \u015e\u00eax Meqs\u00fbd \u00fb E\u015frefiy\u00ea \u015fermezar dikin"}]},{"@type":"WebSite","@id":"https:\/\/darkamazi.info\/#website","url":"https:\/\/darkamazi.info\/","name":"Darka Maz\u00ee","description":"P\u00eageha Zanyariy\u00ean Nebih\u00eest\u00ee","publisher":{"@id":"https:\/\/darkamazi.info\/#organization"},"potentialAction":[{"@type":"SearchAction","target":{"@type":"EntryPoint","urlTemplate":"https:\/\/darkamazi.info\/?s={search_term_string}"},"query-input":{"@type":"PropertyValueSpecification","valueRequired":true,"valueName":"search_term_string"}}],"inLanguage":"en-US"},{"@type":"Organization","@id":"https:\/\/darkamazi.info\/#organization","name":"Darka Maz\u00ee","url":"https:\/\/darkamazi.info\/","logo":{"@type":"ImageObject","inLanguage":"en-US","@id":"https:\/\/darkamazi.info\/#\/schema\/logo\/image\/","url":"https:\/\/darkamazi.info\/file\/2017\/12\/darka-mazi-logo.png","contentUrl":"https:\/\/darkamazi.info\/file\/2017\/12\/darka-mazi-logo.png","width":151,"height":75,"caption":"Darka Maz\u00ee"},"image":{"@id":"https:\/\/darkamazi.info\/#\/schema\/logo\/image\/"},"sameAs":["https:\/\/www.facebook.com\/DarMaziKurmanci","https:\/\/x.com\/DarkaMaziLatini","https:\/\/www.instagram.com\/darkamazi.kurmanci\/","https:\/\/www.youtube.com\/channel\/UCa5HkTdmI8U1qCUFuTw8B2g"]},{"@type":"Person","@id":"https:\/\/darkamazi.info\/#\/schema\/person\/5ad3e24553a0567993fa8ed4bd0a776c","name":"darka mazi","sameAs":["https:\/\/darkamazi.info\/"],"url":"https:\/\/darkamazi.info\/archives\/author\/kurdi"}]}},"_links":{"self":[{"href":"https:\/\/darkamazi.info\/funavuv\/wp\/v2\/posts\/1051298","targetHints":{"allow":["GET"]}}],"collection":[{"href":"https:\/\/darkamazi.info\/funavuv\/wp\/v2\/posts"}],"about":[{"href":"https:\/\/darkamazi.info\/funavuv\/wp\/v2\/types\/post"}],"author":[{"embeddable":true,"href":"https:\/\/darkamazi.info\/funavuv\/wp\/v2\/users\/2"}],"replies":[{"embeddable":true,"href":"https:\/\/darkamazi.info\/funavuv\/wp\/v2\/comments?post=1051298"}],"version-history":[{"count":0,"href":"https:\/\/darkamazi.info\/funavuv\/wp\/v2\/posts\/1051298\/revisions"}],"wp:featuredmedia":[{"embeddable":true,"href":"https:\/\/darkamazi.info\/funavuv\/wp\/v2\/media\/1051299"}],"wp:attachment":[{"href":"https:\/\/darkamazi.info\/funavuv\/wp\/v2\/media?parent=1051298"}],"wp:term":[{"taxonomy":"category","embeddable":true,"href":"https:\/\/darkamazi.info\/funavuv\/wp\/v2\/categories?post=1051298"},{"taxonomy":"post_tag","embeddable":true,"href":"https:\/\/darkamazi.info\/funavuv\/wp\/v2\/tags?post=1051298"}],"curies":[{"name":"wp","href":"https:\/\/api.w.org\/{rel}","templated":true}]}}