{"id":1051301,"date":"2026-01-11T11:12:12","date_gmt":"2026-01-11T08:12:12","guid":{"rendered":"https:\/\/darkamazi.info\/?p=1051301"},"modified":"2026-01-11T11:12:12","modified_gmt":"2026-01-11T08:12:12","slug":"mezlum-ebdi-pesna-berxwedana-servanan-u-seniyen-sex-meqsud-u-esrefiyeye-dike","status":"publish","type":"post","link":"https:\/\/darkamazi.info\/archives\/1051301","title":{"rendered":"Mezl\u00fbm Ebd\u00ee pesna berxwedana \u015fervanan \u00fb \u015f\u00eaniy\u00ean \u015e\u00eax Meqs\u00fbd \u00fb E\u015frefiyey\u00ea dike"},"content":{"rendered":"<h3 style=\"text-align: justify\"><span style=\"font-family: 'arial black', sans-serif\">Fermandar\u00ea Gi\u015ft\u00ee y\u00ea H\u00eaz\u00ean S\u00fbriyeya Demokrat\u00eek (HSD) ragihand ku, p\u00eaxemet\u00ee parastina can\u00ea welatiyan \u00fb bi navbeynkariya navnetewey\u00ee gih\u00ee\u015ftine lihevkirinek\u00ea ji bo agirbest\u00ea \u00fb veguhestina \u015fervan, bir\u00eendar \u00fb siv\u00eel\u00ean dorp\u00ea\u00e7kir\u00ee ji tax\u00ean \u015e\u00eax Meqs\u00fbd \u00fb E\u015frefiyey\u00ea y\u00ean Heleb\u00ea bo bakur \u00fb rojhilat\u00ea S\u00fbriyey\u00ea.<\/span><\/h3>\n<h3 style=\"text-align: justify\">Fermandar\u00ea Gi\u015ft\u00ee y\u00ea H\u00eaz\u00ean S\u00fbriyeya Demokrat\u00eek (HSD) Mezl\u00fbm Ebd\u00ee \u00eero (Yek\u015fem, 11.01.2026) li ser tora civak\u00ee ya X\u00ea niv\u00ees\u00ee ku, pi\u015ft\u00ee gelek bizavan \u00fb bi navbeynkariya aliy\u00ean navnetewey\u00ee ji bo rawestandina \u00ear\u00ee\u015f\u00ean li ser gel\u00ea Heleb\u00ea gih\u00ee\u015ftine lihevkirinek\u00ea.<\/h3>\n<h3 style=\"text-align: justify\">Mezl\u00fbm Ebd\u00ee e\u015fkere j\u00ee kir: \u201cEv lihevkirin d\u00ea bibe sedema agirbest\u00ea \u00fb d\u00ea derfetek\u00ea peyda bike ku \u015feh\u00eed, bir\u00eendar, siv\u00eel\u00ean dorp\u00ea\u00e7kir\u00ee \u00fb herwesa \u015fervan ji her du tax\u00ean \u015e\u00eax Meqs\u00fbd \u00fb E\u015frefiyey\u00ea y\u00ean Heleb\u00ea bo bakur \u00fb rojhilat\u00ea S\u00fbriyey\u00ea b\u00ean veguhestin.\u201d<\/h3>\n<h3 style=\"text-align: justify\">Navbir\u00ee di peyama xwe de bang li aliy\u00ean navbeynkar j\u00ee kiriye ku, pabend\u00ee soz\u00ean xwe y\u00ean rawestandina binp\u00eakirinan bin \u00fb r\u00eay\u00ea li ber vegera a\u015ftiyane ya awareyan ji bo ser mal \u00fb hal\u00ean wan vekin.<\/h3>\n<h3 style=\"text-align: justify\">Fermandar\u00ea Gi\u015ft\u00ee y\u00ea HSD\u00ea li dawiy\u00ea j\u00ee pesna berxwedana \u015fervanan \u00fb \u015f\u00eaniy\u00ean \u015e\u00eax Meqs\u00fbd \u00fb E\u015frefiyey\u00ea kiriye \u00fb sersax\u00ee ji malbat\u00ean \u015feh\u00eedan re xwestiye.<\/h3>\n<h3 style=\"text-align: justify\">Ev j\u00ee di demek\u00ea de ye ku di p\u00eanc roj\u00ean bor\u00ee de, art\u00ea\u015fa Ereb\u00ee ya S\u00fbriyey\u00ea bi \u00e7ek\u00ean giran \u00fb bi hezaran le\u015fkeran \u00ear\u00ee\u015f li dij\u00ee her du tax\u00ean \u015e\u00eax Meqs\u00fbd \u00fb E\u015frefiyey\u00ea dan destp\u00eakirin, li aliy\u00ea din j\u00ee H\u00eaz\u00ean Ewlekariya Hundir\u00een \u00ean Heleb\u00ea j\u00ee bi \u00e7end le\u015fkeran berevan\u00ee ji wan taxan dikir.<\/h3>\n","protected":false},"excerpt":{"rendered":"<p>Fermandar\u00ea Gi\u015ft\u00ee y\u00ea H\u00eaz\u00ean S\u00fbriyeya Demokrat\u00eek (HSD) ragihand ku, p\u00eaxemet\u00ee parastina can\u00ea welatiyan \u00fb bi navbeynkariya navnetewey\u00ee gih\u00ee\u015ftine lihevkirinek\u00ea ji bo agirbest\u00ea \u00fb veguhestina \u015fervan, bir\u00eendar \u00fb siv\u00eel\u00ean dorp\u00ea\u00e7kir\u00ee ji tax\u00ean \u015e\u00eax Meqs\u00fbd \u00fb E\u015frefiyey\u00ea y\u00ean Heleb\u00ea bo bakur \u00fb rojhilat\u00ea S\u00fbriyey\u00ea. Fermandar\u00ea Gi\u015ft\u00ee y\u00ea H\u00eaz\u00ean S\u00fbriyeya Demokrat\u00eek (HSD) Mezl\u00fbm Ebd\u00ee \u00eero (Yek\u015fem, 11.01.2026) li [&hellip;]<\/p>\n","protected":false},"author":2,"featured_media":1051302,"comment_status":"closed","ping_status":"closed","sticky":false,"template":"","format":"standard","meta":{"footnotes":""},"categories":[29],"tags":[37],"class_list":["post-1051301","post","type-post","status-publish","format-standard","has-post-thumbnail","hentry","category-kurdistan","tag-sereke"],"blocksy_meta":[],"seo_head":"<!-- This site is optimized with the Yoast SEO plugin v27.5 - https:\/\/yoast.com\/product\/yoast-seo-wordpress\/ -->\n<title>Mezl\u00fbm Ebd\u00ee pesna berxwedana \u015fervanan \u00fb \u015f\u00eaniy\u00ean \u015e\u00eax Meqs\u00fbd \u00fb E\u015frefiyey\u00ea dike - Darka Maz\u00ee<\/title>\n<meta name=\"robots\" content=\"index, follow, max-snippet:-1, max-image-preview:large, max-video-preview:-1\" \/>\n<link rel=\"canonical\" href=\"https:\/\/darkamazi.info\/archives\/1051301\" \/>\n<meta property=\"og:locale\" content=\"en_US\" \/>\n<meta property=\"og:type\" content=\"article\" \/>\n<meta property=\"og:title\" content=\"Mezl\u00fbm Ebd\u00ee pesna berxwedana \u015fervanan \u00fb \u015f\u00eaniy\u00ean \u015e\u00eax Meqs\u00fbd \u00fb E\u015frefiyey\u00ea dike - Darka Maz\u00ee\" \/>\n<meta property=\"og:description\" content=\"Fermandar\u00ea Gi\u015ft\u00ee y\u00ea H\u00eaz\u00ean S\u00fbriyeya Demokrat\u00eek (HSD) ragihand ku, p\u00eaxemet\u00ee parastina can\u00ea welatiyan \u00fb bi navbeynkariya navnetewey\u00ee gih\u00ee\u015ftine lihevkirinek\u00ea ji bo agirbest\u00ea \u00fb veguhestina \u015fervan, bir\u00eendar \u00fb siv\u00eel\u00ean dorp\u00ea\u00e7kir\u00ee ji tax\u00ean \u015e\u00eax Meqs\u00fbd \u00fb E\u015frefiyey\u00ea y\u00ean Heleb\u00ea bo bakur \u00fb rojhilat\u00ea S\u00fbriyey\u00ea. Fermandar\u00ea Gi\u015ft\u00ee y\u00ea H\u00eaz\u00ean S\u00fbriyeya Demokrat\u00eek (HSD) Mezl\u00fbm Ebd\u00ee \u00eero (Yek\u015fem, 11.01.2026) li [&hellip;]\" \/>\n<meta property=\"og:url\" content=\"https:\/\/darkamazi.info\/archives\/1051301\" \/>\n<meta property=\"og:site_name\" content=\"Darka Maz\u00ee\" \/>\n<meta property=\"article:publisher\" content=\"https:\/\/www.facebook.com\/DarMaziKurmanci\" \/>\n<meta property=\"article:published_time\" content=\"2026-01-11T08:12:12+00:00\" \/>\n<meta property=\"og:image\" content=\"https:\/\/darkamazi.info\/file\/2026\/01\/Mezlum-Ebdi-2022-1-1.jpg\" \/>\n\t<meta property=\"og:image:width\" content=\"781\" \/>\n\t<meta property=\"og:image:height\" content=\"439\" \/>\n\t<meta property=\"og:image:type\" content=\"image\/jpeg\" \/>\n<meta name=\"author\" content=\"darka mazi\" \/>\n<meta name=\"twitter:card\" content=\"summary_large_image\" \/>\n<meta name=\"twitter:creator\" content=\"@DarkaMaziLatini\" \/>\n<meta name=\"twitter:site\" content=\"@DarkaMaziLatini\" \/>\n<meta name=\"twitter:label1\" content=\"Written by\" \/>\n\t<meta name=\"twitter:data1\" content=\"darka mazi\" \/>\n\t<meta name=\"twitter:label2\" content=\"Est. reading time\" \/>\n\t<meta name=\"twitter:data2\" content=\"2 minutes\" \/>\n<script type=\"application\/ld+json\" class=\"seo-schema-graph\">{\"@context\":\"https:\\\/\\\/schema.org\",\"@graph\":[{\"@type\":\"Article\",\"@id\":\"https:\\\/\\\/darkamazi.info\\\/archives\\\/1051301#article\",\"isPartOf\":{\"@id\":\"https:\\\/\\\/darkamazi.info\\\/archives\\\/1051301\"},\"author\":{\"name\":\"darka mazi\",\"@id\":\"https:\\\/\\\/darkamazi.info\\\/#\\\/schema\\\/person\\\/5ad3e24553a0567993fa8ed4bd0a776c\"},\"headline\":\"Mezl\u00fbm Ebd\u00ee pesna berxwedana \u015fervanan \u00fb \u015f\u00eaniy\u00ean \u015e\u00eax Meqs\u00fbd \u00fb E\u015frefiyey\u00ea dike\",\"datePublished\":\"2026-01-11T08:12:12+00:00\",\"mainEntityOfPage\":{\"@id\":\"https:\\\/\\\/darkamazi.info\\\/archives\\\/1051301\"},\"wordCount\":297,\"publisher\":{\"@id\":\"https:\\\/\\\/darkamazi.info\\\/#organization\"},\"image\":{\"@id\":\"https:\\\/\\\/darkamazi.info\\\/archives\\\/1051301#primaryimage\"},\"thumbnailUrl\":\"https:\\\/\\\/darkamazi.info\\\/darka-content\\\/uploads\\\/2026\\\/01\\\/Mezlum-Ebdi-2022-1-1.jpg\",\"keywords\":[\"sereke\"],\"articleSection\":[\"Kurdistan\"],\"inLanguage\":\"en-US\"},{\"@type\":\"WebPage\",\"@id\":\"https:\\\/\\\/darkamazi.info\\\/archives\\\/1051301\",\"url\":\"https:\\\/\\\/darkamazi.info\\\/archives\\\/1051301\",\"name\":\"Mezl\u00fbm Ebd\u00ee pesna berxwedana \u015fervanan \u00fb \u015f\u00eaniy\u00ean \u015e\u00eax Meqs\u00fbd \u00fb E\u015frefiyey\u00ea dike - Darka Maz\u00ee\",\"isPartOf\":{\"@id\":\"https:\\\/\\\/darkamazi.info\\\/#website\"},\"primaryImageOfPage\":{\"@id\":\"https:\\\/\\\/darkamazi.info\\\/archives\\\/1051301#primaryimage\"},\"image\":{\"@id\":\"https:\\\/\\\/darkamazi.info\\\/archives\\\/1051301#primaryimage\"},\"thumbnailUrl\":\"https:\\\/\\\/darkamazi.info\\\/darka-content\\\/uploads\\\/2026\\\/01\\\/Mezlum-Ebdi-2022-1-1.jpg\",\"datePublished\":\"2026-01-11T08:12:12+00:00\",\"breadcrumb\":{\"@id\":\"https:\\\/\\\/darkamazi.info\\\/archives\\\/1051301#breadcrumb\"},\"inLanguage\":\"en-US\",\"potentialAction\":[{\"@type\":\"ReadAction\",\"target\":[\"https:\\\/\\\/darkamazi.info\\\/archives\\\/1051301\"]}]},{\"@type\":\"ImageObject\",\"inLanguage\":\"en-US\",\"@id\":\"https:\\\/\\\/darkamazi.info\\\/archives\\\/1051301#primaryimage\",\"url\":\"https:\\\/\\\/darkamazi.info\\\/darka-content\\\/uploads\\\/2026\\\/01\\\/Mezlum-Ebdi-2022-1-1.jpg\",\"contentUrl\":\"https:\\\/\\\/darkamazi.info\\\/darka-content\\\/uploads\\\/2026\\\/01\\\/Mezlum-Ebdi-2022-1-1.jpg\",\"width\":781,\"height\":439,\"caption\":\"Mezl\u00fbm Ebd\u00ee pesna berxwedana \u015fervanan \u00fb \u015f\u00eaniy\u00ean \u015e\u00eax Meqs\u00fbd \u00fb E\u015frefiyey\u00ea dike\"},{\"@type\":\"BreadcrumbList\",\"@id\":\"https:\\\/\\\/darkamazi.info\\\/archives\\\/1051301#breadcrumb\",\"itemListElement\":[{\"@type\":\"ListItem\",\"position\":1,\"name\":\"Home\",\"item\":\"https:\\\/\\\/darkamazi.info\\\/\"},{\"@type\":\"ListItem\",\"position\":2,\"name\":\"Mezl\u00fbm Ebd\u00ee pesna berxwedana \u015fervanan \u00fb \u015f\u00eaniy\u00ean \u015e\u00eax Meqs\u00fbd \u00fb E\u015frefiyey\u00ea dike\"}]},{\"@type\":\"WebSite\",\"@id\":\"https:\\\/\\\/darkamazi.info\\\/#website\",\"url\":\"https:\\\/\\\/darkamazi.info\\\/\",\"name\":\"Darka Maz\u00ee\",\"description\":\"P\u00eageha Zanyariy\u00ean Nebih\u00eest\u00ee\",\"publisher\":{\"@id\":\"https:\\\/\\\/darkamazi.info\\\/#organization\"},\"potentialAction\":[{\"@type\":\"SearchAction\",\"target\":{\"@type\":\"EntryPoint\",\"urlTemplate\":\"https:\\\/\\\/darkamazi.info\\\/?s={search_term_string}\"},\"query-input\":{\"@type\":\"PropertyValueSpecification\",\"valueRequired\":true,\"valueName\":\"search_term_string\"}}],\"inLanguage\":\"en-US\"},{\"@type\":\"Organization\",\"@id\":\"https:\\\/\\\/darkamazi.info\\\/#organization\",\"name\":\"Darka Maz\u00ee\",\"url\":\"https:\\\/\\\/darkamazi.info\\\/\",\"logo\":{\"@type\":\"ImageObject\",\"inLanguage\":\"en-US\",\"@id\":\"https:\\\/\\\/darkamazi.info\\\/#\\\/schema\\\/logo\\\/image\\\/\",\"url\":\"https:\\\/\\\/darkamazi.info\\\/darka-content\\\/uploads\\\/2017\\\/12\\\/darka-mazi-logo.png\",\"contentUrl\":\"https:\\\/\\\/darkamazi.info\\\/darka-content\\\/uploads\\\/2017\\\/12\\\/darka-mazi-logo.png\",\"width\":151,\"height\":75,\"caption\":\"Darka Maz\u00ee\"},\"image\":{\"@id\":\"https:\\\/\\\/darkamazi.info\\\/#\\\/schema\\\/logo\\\/image\\\/\"},\"sameAs\":[\"https:\\\/\\\/www.facebook.com\\\/DarMaziKurmanci\",\"https:\\\/\\\/x.com\\\/DarkaMaziLatini\",\"https:\\\/\\\/www.instagram.com\\\/darkamazi.kurmanci\\\/\",\"https:\\\/\\\/www.youtube.com\\\/channel\\\/UCa5HkTdmI8U1qCUFuTw8B2g\"]},{\"@type\":\"Person\",\"@id\":\"https:\\\/\\\/darkamazi.info\\\/#\\\/schema\\\/person\\\/5ad3e24553a0567993fa8ed4bd0a776c\",\"name\":\"darka mazi\",\"sameAs\":[\"https:\\\/\\\/darkamazi.info\\\/\"],\"url\":\"https:\\\/\\\/darkamazi.info\\\/archives\\\/author\\\/kurdi\"}]}<\/script>\n<!-- \/ Yoast SEO plugin. -->","seo_head_json":{"title":"Mezl\u00fbm Ebd\u00ee pesna berxwedana \u015fervanan \u00fb \u015f\u00eaniy\u00ean \u015e\u00eax Meqs\u00fbd \u00fb E\u015frefiyey\u00ea dike - Darka Maz\u00ee","robots":{"index":"index","follow":"follow","max-snippet":"max-snippet:-1","max-image-preview":"max-image-preview:large","max-video-preview":"max-video-preview:-1"},"canonical":"https:\/\/darkamazi.info\/archives\/1051301","og_locale":"en_US","og_type":"article","og_title":"Mezl\u00fbm Ebd\u00ee pesna berxwedana \u015fervanan \u00fb \u015f\u00eaniy\u00ean \u015e\u00eax Meqs\u00fbd \u00fb E\u015frefiyey\u00ea dike - Darka Maz\u00ee","og_description":"Fermandar\u00ea Gi\u015ft\u00ee y\u00ea H\u00eaz\u00ean S\u00fbriyeya Demokrat\u00eek (HSD) ragihand ku, p\u00eaxemet\u00ee parastina can\u00ea welatiyan \u00fb bi navbeynkariya navnetewey\u00ee gih\u00ee\u015ftine lihevkirinek\u00ea ji bo agirbest\u00ea \u00fb veguhestina \u015fervan, bir\u00eendar \u00fb siv\u00eel\u00ean dorp\u00ea\u00e7kir\u00ee ji tax\u00ean \u015e\u00eax Meqs\u00fbd \u00fb E\u015frefiyey\u00ea y\u00ean Heleb\u00ea bo bakur \u00fb rojhilat\u00ea S\u00fbriyey\u00ea. Fermandar\u00ea Gi\u015ft\u00ee y\u00ea H\u00eaz\u00ean S\u00fbriyeya Demokrat\u00eek (HSD) Mezl\u00fbm Ebd\u00ee \u00eero (Yek\u015fem, 11.01.2026) li [&hellip;]","og_url":"https:\/\/darkamazi.info\/archives\/1051301","og_site_name":"Darka Maz\u00ee","article_publisher":"https:\/\/www.facebook.com\/DarMaziKurmanci","article_published_time":"2026-01-11T08:12:12+00:00","og_image":[{"width":781,"height":439,"url":"https:\/\/darkamazi.info\/file\/2026\/01\/Mezlum-Ebdi-2022-1-1.jpg","type":"image\/jpeg"}],"author":"darka mazi","twitter_card":"summary_large_image","twitter_creator":"@DarkaMaziLatini","twitter_site":"@DarkaMaziLatini","twitter_misc":{"Written by":"darka mazi","Est. reading time":"2 minutes"},"schema":{"@context":"https:\/\/schema.org","@graph":[{"@type":"Article","@id":"https:\/\/darkamazi.info\/archives\/1051301#article","isPartOf":{"@id":"https:\/\/darkamazi.info\/archives\/1051301"},"author":{"name":"darka mazi","@id":"https:\/\/darkamazi.info\/#\/schema\/person\/5ad3e24553a0567993fa8ed4bd0a776c"},"headline":"Mezl\u00fbm Ebd\u00ee pesna berxwedana \u015fervanan \u00fb \u015f\u00eaniy\u00ean \u015e\u00eax Meqs\u00fbd \u00fb E\u015frefiyey\u00ea dike","datePublished":"2026-01-11T08:12:12+00:00","mainEntityOfPage":{"@id":"https:\/\/darkamazi.info\/archives\/1051301"},"wordCount":297,"publisher":{"@id":"https:\/\/darkamazi.info\/#organization"},"image":{"@id":"https:\/\/darkamazi.info\/archives\/1051301#primaryimage"},"thumbnailUrl":"https:\/\/darkamazi.info\/file\/2026\/01\/Mezlum-Ebdi-2022-1-1.jpg","keywords":["sereke"],"articleSection":["Kurdistan"],"inLanguage":"en-US"},{"@type":"WebPage","@id":"https:\/\/darkamazi.info\/archives\/1051301","url":"https:\/\/darkamazi.info\/archives\/1051301","name":"Mezl\u00fbm Ebd\u00ee pesna berxwedana \u015fervanan \u00fb \u015f\u00eaniy\u00ean \u015e\u00eax Meqs\u00fbd \u00fb E\u015frefiyey\u00ea dike - Darka Maz\u00ee","isPartOf":{"@id":"https:\/\/darkamazi.info\/#website"},"primaryImageOfPage":{"@id":"https:\/\/darkamazi.info\/archives\/1051301#primaryimage"},"image":{"@id":"https:\/\/darkamazi.info\/archives\/1051301#primaryimage"},"thumbnailUrl":"https:\/\/darkamazi.info\/file\/2026\/01\/Mezlum-Ebdi-2022-1-1.jpg","datePublished":"2026-01-11T08:12:12+00:00","breadcrumb":{"@id":"https:\/\/darkamazi.info\/archives\/1051301#breadcrumb"},"inLanguage":"en-US","potentialAction":[{"@type":"ReadAction","target":["https:\/\/darkamazi.info\/archives\/1051301"]}]},{"@type":"ImageObject","inLanguage":"en-US","@id":"https:\/\/darkamazi.info\/archives\/1051301#primaryimage","url":"https:\/\/darkamazi.info\/file\/2026\/01\/Mezlum-Ebdi-2022-1-1.jpg","contentUrl":"https:\/\/darkamazi.info\/file\/2026\/01\/Mezlum-Ebdi-2022-1-1.jpg","width":781,"height":439,"caption":"Mezl\u00fbm Ebd\u00ee pesna berxwedana \u015fervanan \u00fb \u015f\u00eaniy\u00ean \u015e\u00eax Meqs\u00fbd \u00fb E\u015frefiyey\u00ea dike"},{"@type":"BreadcrumbList","@id":"https:\/\/darkamazi.info\/archives\/1051301#breadcrumb","itemListElement":[{"@type":"ListItem","position":1,"name":"Home","item":"https:\/\/darkamazi.info\/"},{"@type":"ListItem","position":2,"name":"Mezl\u00fbm Ebd\u00ee pesna berxwedana \u015fervanan \u00fb \u015f\u00eaniy\u00ean \u015e\u00eax Meqs\u00fbd \u00fb E\u015frefiyey\u00ea dike"}]},{"@type":"WebSite","@id":"https:\/\/darkamazi.info\/#website","url":"https:\/\/darkamazi.info\/","name":"Darka Maz\u00ee","description":"P\u00eageha Zanyariy\u00ean Nebih\u00eest\u00ee","publisher":{"@id":"https:\/\/darkamazi.info\/#organization"},"potentialAction":[{"@type":"SearchAction","target":{"@type":"EntryPoint","urlTemplate":"https:\/\/darkamazi.info\/?s={search_term_string}"},"query-input":{"@type":"PropertyValueSpecification","valueRequired":true,"valueName":"search_term_string"}}],"inLanguage":"en-US"},{"@type":"Organization","@id":"https:\/\/darkamazi.info\/#organization","name":"Darka Maz\u00ee","url":"https:\/\/darkamazi.info\/","logo":{"@type":"ImageObject","inLanguage":"en-US","@id":"https:\/\/darkamazi.info\/#\/schema\/logo\/image\/","url":"https:\/\/darkamazi.info\/file\/2017\/12\/darka-mazi-logo.png","contentUrl":"https:\/\/darkamazi.info\/file\/2017\/12\/darka-mazi-logo.png","width":151,"height":75,"caption":"Darka Maz\u00ee"},"image":{"@id":"https:\/\/darkamazi.info\/#\/schema\/logo\/image\/"},"sameAs":["https:\/\/www.facebook.com\/DarMaziKurmanci","https:\/\/x.com\/DarkaMaziLatini","https:\/\/www.instagram.com\/darkamazi.kurmanci\/","https:\/\/www.youtube.com\/channel\/UCa5HkTdmI8U1qCUFuTw8B2g"]},{"@type":"Person","@id":"https:\/\/darkamazi.info\/#\/schema\/person\/5ad3e24553a0567993fa8ed4bd0a776c","name":"darka mazi","sameAs":["https:\/\/darkamazi.info\/"],"url":"https:\/\/darkamazi.info\/archives\/author\/kurdi"}]}},"_links":{"self":[{"href":"https:\/\/darkamazi.info\/funavuv\/wp\/v2\/posts\/1051301","targetHints":{"allow":["GET"]}}],"collection":[{"href":"https:\/\/darkamazi.info\/funavuv\/wp\/v2\/posts"}],"about":[{"href":"https:\/\/darkamazi.info\/funavuv\/wp\/v2\/types\/post"}],"author":[{"embeddable":true,"href":"https:\/\/darkamazi.info\/funavuv\/wp\/v2\/users\/2"}],"replies":[{"embeddable":true,"href":"https:\/\/darkamazi.info\/funavuv\/wp\/v2\/comments?post=1051301"}],"version-history":[{"count":0,"href":"https:\/\/darkamazi.info\/funavuv\/wp\/v2\/posts\/1051301\/revisions"}],"wp:featuredmedia":[{"embeddable":true,"href":"https:\/\/darkamazi.info\/funavuv\/wp\/v2\/media\/1051302"}],"wp:attachment":[{"href":"https:\/\/darkamazi.info\/funavuv\/wp\/v2\/media?parent=1051301"}],"wp:term":[{"taxonomy":"category","embeddable":true,"href":"https:\/\/darkamazi.info\/funavuv\/wp\/v2\/categories?post=1051301"},{"taxonomy":"post_tag","embeddable":true,"href":"https:\/\/darkamazi.info\/funavuv\/wp\/v2\/tags?post=1051301"}],"curies":[{"name":"wp","href":"https:\/\/api.w.org\/{rel}","templated":true}]}}