{"id":1051304,"date":"2026-01-11T12:00:11","date_gmt":"2026-01-11T09:00:11","guid":{"rendered":"https:\/\/darkamazi.info\/?p=1051304"},"modified":"2026-01-11T12:00:11","modified_gmt":"2026-01-11T09:00:11","slug":"reveberiya-xweser-endamen-daise-ji-besdari-erisa-liser-taxen-sex-meqsud-u-esrefiye-bune","status":"publish","type":"post","link":"https:\/\/darkamazi.info\/archives\/1051304","title":{"rendered":"R\u00eaveberiya Xweser: Endam\u00ean DAI\u015e\u00ea j\u00ee be\u015fdar\u00ee \u00eari\u015fa liser tax\u00ean \u015e\u00eax Meqs\u00fbd \u00fb E\u015frefiy\u00ea b\u00fbne"},"content":{"rendered":"<h3 style=\"text-align: justify\"><span style=\"font-family: 'arial black', sans-serif\">R\u00eaveberiya xweser ya Bakur \u00fb Rojhilat\u00ea S\u00fbriyey\u00ea \u00eero roja yek\u015fem, 11\/1\/2026\u00ea, diyar kir ku li ser tax\u00ean \u015e\u00eax Meqs\u00fbd \u00fb E\u015frefiy\u00ea \u00eari\u015f\u00ean hovane p\u00eak hatine, tawan\u00ean \u015fer\u00ee hatine kirin \u00fb destn\u00ee\u015fan kir ku komkuj\u00ee \u00fb heqaret\u00ean ji aliy\u00ea \u00ear\u00ee\u015fkaran ve hatine kirin, b\u00ea ceza nam\u00eenin.<\/span><\/h3>\n<h3 style=\"text-align: justify\"><span style=\"font-family: 'arial black', sans-serif\">Daxuyaniya li ser malpera R\u00eaveberiy\u00ea hatiye parvekirin wihaye:<\/span><\/h3>\n<h3 style=\"text-align: justify\">\u201cDi 6\u2019\u00ea \u00c7ileya 2026\u2019an de, tax\u00ean \u015e\u00eaxmeqs\u00fbd \u00fb E\u015frefiy\u00ea y\u00ean Heleb\u00ea rast\u00ee \u00eari\u015feke le\u015fker\u00ee ya berfireh hatin ku ji aliy\u00ea kom\u00ean gir\u00eaday\u00ee Wezareta Parastin\u00ea ya Hik\u00fbmeta Demk\u00ee ya S\u00fbriyey\u00ea ve, wek\u00ee be\u015fek ji planeke Tirkiyey\u00ea \u00fb bi pi\u015ftgiriya b\u00eadeng a h\u00eaz\u00ean navnetewey\u00ee \u00fb her\u00eam\u00ee, hate destp\u00eakirin.<\/h3>\n<h3 style=\"text-align: justify\">Ev \u00eari\u015f be\u015fek n\u00fb ya hedefgirtina heb\u00fbna Kurdan ku p\u00eakhateyeke yekgirt\u00ee ya nif\u00fbsa Heleb\u00ea ne \u00fb berdewamiya binp\u00eakirin \u00fb komkujiy\u00ean giran \u00ean li dij\u00ee ni\u015ftecih\u00ean perav\u00ean S\u00fbriyey\u00ea \u00fb xelk\u00ea par\u00eazgeha Suweyday\u00ea ye.<\/h3>\n<h3 style=\"text-align: justify\">Ev \u00eari\u015f\u00ean ku 6 rojan dom kir, di bingeh de \u00eari\u015feke navnetewey\u00ee ya li ser du taxan b\u00fb. Bi hezaran endam\u00ean kom\u00ean \u00e7ekdar bi \u00e7ek\u00ean giran \u00ean c\u00fbrbec\u00fbr \u00eari\u015f p\u00eak an\u00een. Endam\u00ean DAI\u015e\u2019\u00ea j\u00ee be\u015fdar\u00ee \u00eari\u015f\u00ea b\u00fbn. Li hember\u00ee van \u00eari\u015f \u00fb hejmara z\u00eade, ten\u00ea bi sedan endam\u00ean H\u00eaz\u00ean Ewlekariya Hundir\u00een heb\u00fbn. Ew \u015ferek\u00ee newekhev b\u00fb, d\u00fbr\u00ee nirx\u00ean mirov\u00ee, exlaq\u00ee \u00fb qa\u00eedey\u00ean \u015fer \u00ean navnetewey\u00ee hat me\u015fandin.<\/h3>\n<h3 style=\"text-align: justify\">Li gel v\u00ea yek\u00ea, heval\u00ean me y\u00ean di H\u00eaz\u00ean Ewlekariya Hundir\u00een de bi berxwedaneke d\u00eerok\u00ee \u00fb qehreman\u00ee li dij\u00ee v\u00ea \u00eari\u015f\u00ea sekin\u00een, parastina gel\u00ea me li her du taxan kirin. Di 6 roj\u00ean berxwedaneke b\u00eanavber \u00fb bi cesaret a li dij\u00ee cure \u00e7ek\u00ean giran de, qehreman\u00ean me fedakariya her\u00ee bilind n\u00ee\u015fan dan. Ji fermandar\u00ean qehreman Ziyad \u00fb Azad ku \u00eari\u015f\u00ean her\u00ee dijwar \u015fikandin \u00fb bi biryardariyeke b\u00eanavber berxwedan bire ve birin, bigire heya heval\u00ean me Hawar, Dilbir\u00een, Viyan, Fera\u015f\u00een, Rojb\u00een \u00fb Den\u00eez, bi fedakariya xwe di asta her\u00ee bilind de gir\u00eadana bi nirx \u00fb doza gel\u00ea xwe re n\u00ee\u015fan dan. Fedakariy\u00ean wan d\u00ea her \u00fb her di dil \u00fb hi\u015f\u00ea neteweya me de bim\u00eenin.<\/h3>\n<h3 style=\"text-align: justify\">Girtina her du taxan ji aliy\u00ea kom\u00ean \u00e7ekdar \u00ean gir\u00eaday\u00ee Wezareta Parastin\u00ea ve wek\u00ee serkeftinek\u00ea nay\u00ea binavkirin. Berevaj\u00ee v\u00ea, ew kiryarek xiyanet \u00fb s\u00fbcek giran e ku ji h\u00eala desthilatdariyek\u00ea ve t\u00ea kirin ku \u00eed\u00eea dike dewlet\u00ea tems\u00eel dike. L\u00ea di heman dem\u00ea de welatiy\u00ean xwe dikuje \u00fb r\u00fbmeta wan binp\u00ea dike. Desthilatek ku \u00eed\u00eea dike ku \u00ceslam\u00ea dipar\u00eaze, li\u00a0 hember\u00ee cenazeyan b\u00ear\u00eaziy\u00ea dike, s\u00fbc\u00ean \u015fer \u00ean e\u015fkere dike. Her desthilatdariyeke ku li dij\u00ee gel\u00ea xwe, xwe disp\u00eare dewletek din, rewatiya xwe winda dike. Ji ber ku ten\u00ea gel \u00e7avkaniya rewatiy\u00ea ye. Bikaran\u00eena tank \u00fb top\u00ean giran li dij\u00ee tax\u00ean ni\u015ftecihb\u00fbn\u00ea qels\u00ee \u00fb tirsa v\u00ea desthilatdariy\u00ea n\u00ee\u015fan dide. Ev d\u00ea wek\u00ee lekeyek\u00ea li ser d\u00eeroka S\u00fbriyey\u00ea bim\u00eene.<\/h3>\n<h3 style=\"text-align: justify\">Em diyar dikin ku \u00eeradeya gel\u00ea me ya bi dehan salan li hember dorp\u00ea\u00e7kirin \u00fb neheqiy\u00ea li ber xwe daye, hem di bin desthilatdariya Baas\u00ea de \u00fb hem j\u00ee di dema hik\u00fbmeta demk\u00ee de, li gel berxwedaniya ku ji h\u00eala leheng\u00ean me ve hatiye n\u00ee\u015fandan, serkeftina rast\u00eene.<\/h3>\n<h3 style=\"text-align: justify\">Her wiha em e\u015fkere dikin ku komkuj\u00ee, binp\u00eakirin \u00fb heqaret\u00ean li dij\u00ee gel\u00ea me \u00fb \u015feh\u00eed\u00ean me hatine kirin d\u00ea b\u00ea ceza nem\u00eenin. Heta ku ji berpirsyaran hesap t\u00ea xwestin d\u00ea bir\u00een\u00ean wan di wijdana me de zind\u00ee bim\u00eenin.<\/h3>\n<h3 style=\"text-align: justify\">Bi ber\u00e7avgirtina prat\u00eek \u00fb binp\u00eakirin\u00ean cid\u00ee y\u00ean ku di roj\u00ean daw\u00ee de qewim\u00eene, em bang li r\u00eaxistin\u00ean navnetewey\u00ee \u00fb y\u00ean maf\u00ean mirovan dikin ku rew\u015fa mirov\u00ee \u00fb ewlehiy\u00ea ya li tax\u00ean \u015e\u00eaxmeqs\u00fbd \u00fb E\u015frefiy\u00ea bi\u015fop\u00eenin. Gel\u00ea me rast\u00ee \u00eari\u015f\u00ean hovane, binp\u00eakirin\u00ean r\u00fbmeta mirovan, \u00eenfaz, s\u00fbc\u00ean \u015fer, paqijkirina etn\u00eek\u00ee \u00fb guhertina demograf\u00eek t\u00ea. Her wiha em daxwaza heb\u00fbna h\u00eazek navnetewey\u00ee li her du taxan dikin da ku p\u00ea\u015f\u00ee li s\u00fbc\u00ean din bigirin. Ji ber ku h\u00eaz\u00ean ewlehiy\u00ea y\u00ean dewlet\u00ea ji h\u00eala kes\u00ean xwed\u00ee \u00eedeolojiy\u00ean tundrew \u00ean wek\u00ee DAI\u015e\u2019\u00ea ve t\u00eane r\u00eavebirin, lewma bawer\u00ee bi wan nay\u00ea.<\/h3>\n<h3 style=\"text-align: justify\">Armanca sereke ya v\u00ea \u00eari\u015f\u00ea guhertina demograf\u00eeke, em ji ni\u015ftecih\u00ean xwe y\u00ean li her du taxan dixwazin ku li mal\u00ean xwe bim\u00eenin. Em bang li kes\u00ean ku ji cih \u00fb war\u00ean xwe b\u00fbne dikin ku vegerin. Em bi tevah\u00ee ji mezinahiya \u00ea\u015fa ku gel\u00ea me ki\u015fandiye haydarin. Em weke R\u00eaveberiya Xweser a Bakur \u00fb Rojhilat\u00ea S\u00fbriyey\u00ea diyar dikin ku em\u00ea hem\u00fb \u00e7avkaniy\u00ean xwe y\u00ean mad\u00ee \u00fb exlaq\u00ee ji bo sivikkirina bandor\u00ean v\u00ee \u015fer\u00ee p\u00ea\u015fk\u00ea\u015f bikin. Em\u00ea li her der\u00ea \u00fb di her \u015fert \u00fb merc\u00ee de li k\u00ealeka gel\u00ea xwe bisekinin.\u201d<\/h3>\n","protected":false},"excerpt":{"rendered":"<p>R\u00eaveberiya xweser ya Bakur \u00fb Rojhilat\u00ea S\u00fbriyey\u00ea \u00eero roja yek\u015fem, 11\/1\/2026\u00ea, diyar kir ku li ser tax\u00ean \u015e\u00eax Meqs\u00fbd \u00fb E\u015frefiy\u00ea \u00eari\u015f\u00ean hovane p\u00eak hatine, tawan\u00ean \u015fer\u00ee hatine kirin \u00fb destn\u00ee\u015fan kir ku komkuj\u00ee \u00fb heqaret\u00ean ji aliy\u00ea \u00ear\u00ee\u015fkaran ve hatine kirin, b\u00ea ceza nam\u00eenin. Daxuyaniya li ser malpera R\u00eaveberiy\u00ea hatiye parvekirin wihaye: \u201cDi 6\u2019\u00ea [&hellip;]<\/p>\n","protected":false},"author":2,"featured_media":1051284,"comment_status":"closed","ping_status":"closed","sticky":false,"template":"","format":"standard","meta":{"footnotes":""},"categories":[29],"tags":[37],"class_list":["post-1051304","post","type-post","status-publish","format-standard","has-post-thumbnail","hentry","category-kurdistan","tag-sereke"],"blocksy_meta":[],"seo_head":"<!-- This site is optimized with the Yoast SEO plugin v27.5 - https:\/\/yoast.com\/product\/yoast-seo-wordpress\/ -->\n<title>R\u00eaveberiya Xweser: Endam\u00ean DAI\u015e\u00ea j\u00ee be\u015fdar\u00ee \u00eari\u015fa liser tax\u00ean \u015e\u00eax Meqs\u00fbd \u00fb E\u015frefiy\u00ea b\u00fbne - Darka Maz\u00ee<\/title>\n<meta name=\"robots\" content=\"index, follow, max-snippet:-1, max-image-preview:large, max-video-preview:-1\" \/>\n<link rel=\"canonical\" href=\"https:\/\/darkamazi.info\/archives\/1051304\" \/>\n<meta property=\"og:locale\" content=\"en_US\" \/>\n<meta property=\"og:type\" content=\"article\" \/>\n<meta property=\"og:title\" content=\"R\u00eaveberiya Xweser: Endam\u00ean DAI\u015e\u00ea j\u00ee be\u015fdar\u00ee \u00eari\u015fa liser tax\u00ean \u015e\u00eax Meqs\u00fbd \u00fb E\u015frefiy\u00ea b\u00fbne - Darka Maz\u00ee\" \/>\n<meta property=\"og:description\" content=\"R\u00eaveberiya xweser ya Bakur \u00fb Rojhilat\u00ea S\u00fbriyey\u00ea \u00eero roja yek\u015fem, 11\/1\/2026\u00ea, diyar kir ku li ser tax\u00ean \u015e\u00eax Meqs\u00fbd \u00fb E\u015frefiy\u00ea \u00eari\u015f\u00ean hovane p\u00eak hatine, tawan\u00ean \u015fer\u00ee hatine kirin \u00fb destn\u00ee\u015fan kir ku komkuj\u00ee \u00fb heqaret\u00ean ji aliy\u00ea \u00ear\u00ee\u015fkaran ve hatine kirin, b\u00ea ceza nam\u00eenin. Daxuyaniya li ser malpera R\u00eaveberiy\u00ea hatiye parvekirin wihaye: \u201cDi 6\u2019\u00ea [&hellip;]\" \/>\n<meta property=\"og:url\" content=\"https:\/\/darkamazi.info\/archives\/1051304\" \/>\n<meta property=\"og:site_name\" content=\"Darka Maz\u00ee\" \/>\n<meta property=\"article:publisher\" content=\"https:\/\/www.facebook.com\/DarMaziKurmanci\" \/>\n<meta property=\"article:published_time\" content=\"2026-01-11T09:00:11+00:00\" \/>\n<meta property=\"og:image\" content=\"https:\/\/darkamazi.info\/file\/2026\/01\/reveberiya-xweser.jpg\" \/>\n\t<meta property=\"og:image:width\" content=\"900\" \/>\n\t<meta property=\"og:image:height\" content=\"497\" \/>\n\t<meta property=\"og:image:type\" content=\"image\/jpeg\" \/>\n<meta name=\"author\" content=\"darka mazi\" \/>\n<meta name=\"twitter:card\" content=\"summary_large_image\" \/>\n<meta name=\"twitter:creator\" content=\"@DarkaMaziLatini\" \/>\n<meta name=\"twitter:site\" content=\"@DarkaMaziLatini\" \/>\n<meta name=\"twitter:label1\" content=\"Written by\" \/>\n\t<meta name=\"twitter:data1\" content=\"darka mazi\" \/>\n\t<meta name=\"twitter:label2\" content=\"Est. reading time\" \/>\n\t<meta name=\"twitter:data2\" content=\"4 minutes\" \/>\n<script type=\"application\/ld+json\" class=\"seo-schema-graph\">{\"@context\":\"https:\\\/\\\/schema.org\",\"@graph\":[{\"@type\":\"Article\",\"@id\":\"https:\\\/\\\/darkamazi.info\\\/archives\\\/1051304#article\",\"isPartOf\":{\"@id\":\"https:\\\/\\\/darkamazi.info\\\/archives\\\/1051304\"},\"author\":{\"name\":\"darka mazi\",\"@id\":\"https:\\\/\\\/darkamazi.info\\\/#\\\/schema\\\/person\\\/5ad3e24553a0567993fa8ed4bd0a776c\"},\"headline\":\"R\u00eaveberiya Xweser: Endam\u00ean DAI\u015e\u00ea j\u00ee be\u015fdar\u00ee \u00eari\u015fa liser tax\u00ean \u015e\u00eax Meqs\u00fbd \u00fb E\u015frefiy\u00ea b\u00fbne\",\"datePublished\":\"2026-01-11T09:00:11+00:00\",\"mainEntityOfPage\":{\"@id\":\"https:\\\/\\\/darkamazi.info\\\/archives\\\/1051304\"},\"wordCount\":863,\"publisher\":{\"@id\":\"https:\\\/\\\/darkamazi.info\\\/#organization\"},\"image\":{\"@id\":\"https:\\\/\\\/darkamazi.info\\\/archives\\\/1051304#primaryimage\"},\"thumbnailUrl\":\"https:\\\/\\\/darkamazi.info\\\/darka-content\\\/uploads\\\/2026\\\/01\\\/reveberiya-xweser.jpg\",\"keywords\":[\"sereke\"],\"articleSection\":[\"Kurdistan\"],\"inLanguage\":\"en-US\"},{\"@type\":\"WebPage\",\"@id\":\"https:\\\/\\\/darkamazi.info\\\/archives\\\/1051304\",\"url\":\"https:\\\/\\\/darkamazi.info\\\/archives\\\/1051304\",\"name\":\"R\u00eaveberiya Xweser: Endam\u00ean DAI\u015e\u00ea j\u00ee be\u015fdar\u00ee \u00eari\u015fa liser tax\u00ean \u015e\u00eax Meqs\u00fbd \u00fb E\u015frefiy\u00ea b\u00fbne - Darka Maz\u00ee\",\"isPartOf\":{\"@id\":\"https:\\\/\\\/darkamazi.info\\\/#website\"},\"primaryImageOfPage\":{\"@id\":\"https:\\\/\\\/darkamazi.info\\\/archives\\\/1051304#primaryimage\"},\"image\":{\"@id\":\"https:\\\/\\\/darkamazi.info\\\/archives\\\/1051304#primaryimage\"},\"thumbnailUrl\":\"https:\\\/\\\/darkamazi.info\\\/darka-content\\\/uploads\\\/2026\\\/01\\\/reveberiya-xweser.jpg\",\"datePublished\":\"2026-01-11T09:00:11+00:00\",\"breadcrumb\":{\"@id\":\"https:\\\/\\\/darkamazi.info\\\/archives\\\/1051304#breadcrumb\"},\"inLanguage\":\"en-US\",\"potentialAction\":[{\"@type\":\"ReadAction\",\"target\":[\"https:\\\/\\\/darkamazi.info\\\/archives\\\/1051304\"]}]},{\"@type\":\"ImageObject\",\"inLanguage\":\"en-US\",\"@id\":\"https:\\\/\\\/darkamazi.info\\\/archives\\\/1051304#primaryimage\",\"url\":\"https:\\\/\\\/darkamazi.info\\\/darka-content\\\/uploads\\\/2026\\\/01\\\/reveberiya-xweser.jpg\",\"contentUrl\":\"https:\\\/\\\/darkamazi.info\\\/darka-content\\\/uploads\\\/2026\\\/01\\\/reveberiya-xweser.jpg\",\"width\":900,\"height\":497,\"caption\":\"R\u00eaveberiya Xweser: Bombebarankirina nexwe\u015fxaneyan tawana \u015fer \u00fb binp\u00eakirina qan\u00fbn\u00ean navnetewey\u00ee ye\"},{\"@type\":\"BreadcrumbList\",\"@id\":\"https:\\\/\\\/darkamazi.info\\\/archives\\\/1051304#breadcrumb\",\"itemListElement\":[{\"@type\":\"ListItem\",\"position\":1,\"name\":\"Home\",\"item\":\"https:\\\/\\\/darkamazi.info\\\/\"},{\"@type\":\"ListItem\",\"position\":2,\"name\":\"R\u00eaveberiya Xweser: Endam\u00ean DAI\u015e\u00ea j\u00ee be\u015fdar\u00ee \u00eari\u015fa liser tax\u00ean \u015e\u00eax Meqs\u00fbd \u00fb E\u015frefiy\u00ea b\u00fbne\"}]},{\"@type\":\"WebSite\",\"@id\":\"https:\\\/\\\/darkamazi.info\\\/#website\",\"url\":\"https:\\\/\\\/darkamazi.info\\\/\",\"name\":\"Darka Maz\u00ee\",\"description\":\"P\u00eageha Zanyariy\u00ean Nebih\u00eest\u00ee\",\"publisher\":{\"@id\":\"https:\\\/\\\/darkamazi.info\\\/#organization\"},\"potentialAction\":[{\"@type\":\"SearchAction\",\"target\":{\"@type\":\"EntryPoint\",\"urlTemplate\":\"https:\\\/\\\/darkamazi.info\\\/?s={search_term_string}\"},\"query-input\":{\"@type\":\"PropertyValueSpecification\",\"valueRequired\":true,\"valueName\":\"search_term_string\"}}],\"inLanguage\":\"en-US\"},{\"@type\":\"Organization\",\"@id\":\"https:\\\/\\\/darkamazi.info\\\/#organization\",\"name\":\"Darka Maz\u00ee\",\"url\":\"https:\\\/\\\/darkamazi.info\\\/\",\"logo\":{\"@type\":\"ImageObject\",\"inLanguage\":\"en-US\",\"@id\":\"https:\\\/\\\/darkamazi.info\\\/#\\\/schema\\\/logo\\\/image\\\/\",\"url\":\"https:\\\/\\\/darkamazi.info\\\/darka-content\\\/uploads\\\/2017\\\/12\\\/darka-mazi-logo.png\",\"contentUrl\":\"https:\\\/\\\/darkamazi.info\\\/darka-content\\\/uploads\\\/2017\\\/12\\\/darka-mazi-logo.png\",\"width\":151,\"height\":75,\"caption\":\"Darka Maz\u00ee\"},\"image\":{\"@id\":\"https:\\\/\\\/darkamazi.info\\\/#\\\/schema\\\/logo\\\/image\\\/\"},\"sameAs\":[\"https:\\\/\\\/www.facebook.com\\\/DarMaziKurmanci\",\"https:\\\/\\\/x.com\\\/DarkaMaziLatini\",\"https:\\\/\\\/www.instagram.com\\\/darkamazi.kurmanci\\\/\",\"https:\\\/\\\/www.youtube.com\\\/channel\\\/UCa5HkTdmI8U1qCUFuTw8B2g\"]},{\"@type\":\"Person\",\"@id\":\"https:\\\/\\\/darkamazi.info\\\/#\\\/schema\\\/person\\\/5ad3e24553a0567993fa8ed4bd0a776c\",\"name\":\"darka mazi\",\"sameAs\":[\"https:\\\/\\\/darkamazi.info\\\/\"],\"url\":\"https:\\\/\\\/darkamazi.info\\\/archives\\\/author\\\/kurdi\"}]}<\/script>\n<!-- \/ Yoast SEO plugin. -->","seo_head_json":{"title":"R\u00eaveberiya Xweser: Endam\u00ean DAI\u015e\u00ea j\u00ee be\u015fdar\u00ee \u00eari\u015fa liser tax\u00ean \u015e\u00eax Meqs\u00fbd \u00fb E\u015frefiy\u00ea b\u00fbne - Darka Maz\u00ee","robots":{"index":"index","follow":"follow","max-snippet":"max-snippet:-1","max-image-preview":"max-image-preview:large","max-video-preview":"max-video-preview:-1"},"canonical":"https:\/\/darkamazi.info\/archives\/1051304","og_locale":"en_US","og_type":"article","og_title":"R\u00eaveberiya Xweser: Endam\u00ean DAI\u015e\u00ea j\u00ee be\u015fdar\u00ee \u00eari\u015fa liser tax\u00ean \u015e\u00eax Meqs\u00fbd \u00fb E\u015frefiy\u00ea b\u00fbne - Darka Maz\u00ee","og_description":"R\u00eaveberiya xweser ya Bakur \u00fb Rojhilat\u00ea S\u00fbriyey\u00ea \u00eero roja yek\u015fem, 11\/1\/2026\u00ea, diyar kir ku li ser tax\u00ean \u015e\u00eax Meqs\u00fbd \u00fb E\u015frefiy\u00ea \u00eari\u015f\u00ean hovane p\u00eak hatine, tawan\u00ean \u015fer\u00ee hatine kirin \u00fb destn\u00ee\u015fan kir ku komkuj\u00ee \u00fb heqaret\u00ean ji aliy\u00ea \u00ear\u00ee\u015fkaran ve hatine kirin, b\u00ea ceza nam\u00eenin. Daxuyaniya li ser malpera R\u00eaveberiy\u00ea hatiye parvekirin wihaye: \u201cDi 6\u2019\u00ea [&hellip;]","og_url":"https:\/\/darkamazi.info\/archives\/1051304","og_site_name":"Darka Maz\u00ee","article_publisher":"https:\/\/www.facebook.com\/DarMaziKurmanci","article_published_time":"2026-01-11T09:00:11+00:00","og_image":[{"width":900,"height":497,"url":"https:\/\/darkamazi.info\/file\/2026\/01\/reveberiya-xweser.jpg","type":"image\/jpeg"}],"author":"darka mazi","twitter_card":"summary_large_image","twitter_creator":"@DarkaMaziLatini","twitter_site":"@DarkaMaziLatini","twitter_misc":{"Written by":"darka mazi","Est. reading time":"4 minutes"},"schema":{"@context":"https:\/\/schema.org","@graph":[{"@type":"Article","@id":"https:\/\/darkamazi.info\/archives\/1051304#article","isPartOf":{"@id":"https:\/\/darkamazi.info\/archives\/1051304"},"author":{"name":"darka mazi","@id":"https:\/\/darkamazi.info\/#\/schema\/person\/5ad3e24553a0567993fa8ed4bd0a776c"},"headline":"R\u00eaveberiya Xweser: Endam\u00ean DAI\u015e\u00ea j\u00ee be\u015fdar\u00ee \u00eari\u015fa liser tax\u00ean \u015e\u00eax Meqs\u00fbd \u00fb E\u015frefiy\u00ea b\u00fbne","datePublished":"2026-01-11T09:00:11+00:00","mainEntityOfPage":{"@id":"https:\/\/darkamazi.info\/archives\/1051304"},"wordCount":863,"publisher":{"@id":"https:\/\/darkamazi.info\/#organization"},"image":{"@id":"https:\/\/darkamazi.info\/archives\/1051304#primaryimage"},"thumbnailUrl":"https:\/\/darkamazi.info\/file\/2026\/01\/reveberiya-xweser.jpg","keywords":["sereke"],"articleSection":["Kurdistan"],"inLanguage":"en-US"},{"@type":"WebPage","@id":"https:\/\/darkamazi.info\/archives\/1051304","url":"https:\/\/darkamazi.info\/archives\/1051304","name":"R\u00eaveberiya Xweser: Endam\u00ean DAI\u015e\u00ea j\u00ee be\u015fdar\u00ee \u00eari\u015fa liser tax\u00ean \u015e\u00eax Meqs\u00fbd \u00fb E\u015frefiy\u00ea b\u00fbne - Darka Maz\u00ee","isPartOf":{"@id":"https:\/\/darkamazi.info\/#website"},"primaryImageOfPage":{"@id":"https:\/\/darkamazi.info\/archives\/1051304#primaryimage"},"image":{"@id":"https:\/\/darkamazi.info\/archives\/1051304#primaryimage"},"thumbnailUrl":"https:\/\/darkamazi.info\/file\/2026\/01\/reveberiya-xweser.jpg","datePublished":"2026-01-11T09:00:11+00:00","breadcrumb":{"@id":"https:\/\/darkamazi.info\/archives\/1051304#breadcrumb"},"inLanguage":"en-US","potentialAction":[{"@type":"ReadAction","target":["https:\/\/darkamazi.info\/archives\/1051304"]}]},{"@type":"ImageObject","inLanguage":"en-US","@id":"https:\/\/darkamazi.info\/archives\/1051304#primaryimage","url":"https:\/\/darkamazi.info\/file\/2026\/01\/reveberiya-xweser.jpg","contentUrl":"https:\/\/darkamazi.info\/file\/2026\/01\/reveberiya-xweser.jpg","width":900,"height":497,"caption":"R\u00eaveberiya Xweser: Bombebarankirina nexwe\u015fxaneyan tawana \u015fer \u00fb binp\u00eakirina qan\u00fbn\u00ean navnetewey\u00ee ye"},{"@type":"BreadcrumbList","@id":"https:\/\/darkamazi.info\/archives\/1051304#breadcrumb","itemListElement":[{"@type":"ListItem","position":1,"name":"Home","item":"https:\/\/darkamazi.info\/"},{"@type":"ListItem","position":2,"name":"R\u00eaveberiya Xweser: Endam\u00ean DAI\u015e\u00ea j\u00ee be\u015fdar\u00ee \u00eari\u015fa liser tax\u00ean \u015e\u00eax Meqs\u00fbd \u00fb E\u015frefiy\u00ea b\u00fbne"}]},{"@type":"WebSite","@id":"https:\/\/darkamazi.info\/#website","url":"https:\/\/darkamazi.info\/","name":"Darka Maz\u00ee","description":"P\u00eageha Zanyariy\u00ean Nebih\u00eest\u00ee","publisher":{"@id":"https:\/\/darkamazi.info\/#organization"},"potentialAction":[{"@type":"SearchAction","target":{"@type":"EntryPoint","urlTemplate":"https:\/\/darkamazi.info\/?s={search_term_string}"},"query-input":{"@type":"PropertyValueSpecification","valueRequired":true,"valueName":"search_term_string"}}],"inLanguage":"en-US"},{"@type":"Organization","@id":"https:\/\/darkamazi.info\/#organization","name":"Darka Maz\u00ee","url":"https:\/\/darkamazi.info\/","logo":{"@type":"ImageObject","inLanguage":"en-US","@id":"https:\/\/darkamazi.info\/#\/schema\/logo\/image\/","url":"https:\/\/darkamazi.info\/file\/2017\/12\/darka-mazi-logo.png","contentUrl":"https:\/\/darkamazi.info\/file\/2017\/12\/darka-mazi-logo.png","width":151,"height":75,"caption":"Darka Maz\u00ee"},"image":{"@id":"https:\/\/darkamazi.info\/#\/schema\/logo\/image\/"},"sameAs":["https:\/\/www.facebook.com\/DarMaziKurmanci","https:\/\/x.com\/DarkaMaziLatini","https:\/\/www.instagram.com\/darkamazi.kurmanci\/","https:\/\/www.youtube.com\/channel\/UCa5HkTdmI8U1qCUFuTw8B2g"]},{"@type":"Person","@id":"https:\/\/darkamazi.info\/#\/schema\/person\/5ad3e24553a0567993fa8ed4bd0a776c","name":"darka mazi","sameAs":["https:\/\/darkamazi.info\/"],"url":"https:\/\/darkamazi.info\/archives\/author\/kurdi"}]}},"_links":{"self":[{"href":"https:\/\/darkamazi.info\/funavuv\/wp\/v2\/posts\/1051304","targetHints":{"allow":["GET"]}}],"collection":[{"href":"https:\/\/darkamazi.info\/funavuv\/wp\/v2\/posts"}],"about":[{"href":"https:\/\/darkamazi.info\/funavuv\/wp\/v2\/types\/post"}],"author":[{"embeddable":true,"href":"https:\/\/darkamazi.info\/funavuv\/wp\/v2\/users\/2"}],"replies":[{"embeddable":true,"href":"https:\/\/darkamazi.info\/funavuv\/wp\/v2\/comments?post=1051304"}],"version-history":[{"count":0,"href":"https:\/\/darkamazi.info\/funavuv\/wp\/v2\/posts\/1051304\/revisions"}],"wp:featuredmedia":[{"embeddable":true,"href":"https:\/\/darkamazi.info\/funavuv\/wp\/v2\/media\/1051284"}],"wp:attachment":[{"href":"https:\/\/darkamazi.info\/funavuv\/wp\/v2\/media?parent=1051304"}],"wp:term":[{"taxonomy":"category","embeddable":true,"href":"https:\/\/darkamazi.info\/funavuv\/wp\/v2\/categories?post=1051304"},{"taxonomy":"post_tag","embeddable":true,"href":"https:\/\/darkamazi.info\/funavuv\/wp\/v2\/tags?post=1051304"}],"curies":[{"name":"wp","href":"https:\/\/api.w.org\/{rel}","templated":true}]}}