{"id":1051310,"date":"2026-01-11T18:41:23","date_gmt":"2026-01-11T15:41:23","guid":{"rendered":"https:\/\/darkamazi.info\/?p=1051310"},"modified":"2026-01-11T18:41:23","modified_gmt":"2026-01-11T15:41:23","slug":"ji-bo-esrefiye-u-sex-meqsud-ke-ci-kir","status":"publish","type":"post","link":"https:\/\/darkamazi.info\/archives\/1051310","title":{"rendered":"Ji bo E\u015frefiy\u00ea \u00fb \u015e\u00eax Meqs\u00fbd K\u00ea \u00e7i kir?"},"content":{"rendered":"<div class=\"wpb-content-wrapper\"><p>[darkamazi_row][darkamazi_column][darkamazi_video link=&#8221;https:\/\/www.youtube.com\/watch?v=Bi1_fC3zn6w&#8221; align=&#8221;center&#8221;][darkamazi_column_text]<\/p>\n<h3 style=\"text-align: justify;\"><span style=\"font-family: 'arial black', sans-serif;\">Heleb yek ji bajar\u00ean her\u00ee kevin \u00ean c\u00eehan\u00ea ye ku bi berdewam\u00ee avedan b\u00fbye. Heb\u00fbna Kurdan li vir bi qas\u00ee d\u00eeroka baj\u00ear kevin e. Di ser dem\u00ean kevnar de, Heleb di bin kontrola \u015faristan\u00eeya H\u00eet\u00eet\u00ee \u00fb M\u00eetan\u00eeyan de b\u00fb. Wek\u00ee din, bajar\u00ea Heleb\u00ea paytexta du dewlet\u00ean Kurdan b\u00fb: ya Ey\u00fbb\u00ee \u00fb Mehd\u00fbh\u00eeyan.<\/span><\/h3>\n<h3 style=\"text-align: justify;\"><span style=\"font-family: arial, helvetica, sans-serif;\">\u00db niha, Kurd bi giran\u00ee li du taxan li bajar\u00ea ku ber\u00ea paytexta wan b\u00fbn dij\u00een ewj\u00ee tax\u00ean, \u015e\u00eax Meqs\u00fbd \u00fb E\u015frefiye ne.<\/span><\/h3>\n<h3 style=\"text-align: justify;\"><span style=\"font-family: 'arial black', sans-serif; color: #8c0808;\">\u00db niha li ser Kurdan t\u00ea sepandin ku van her du taxan biterik\u00eenin.<\/span><\/h3>\n<h3 style=\"text-align: justify;\"><span style=\"font-family: arial, helvetica, sans-serif;\">Li gor\u00ee projeya dewleta Tirkiy\u00ea, peymanek hate \u00e7\u00eakirin ku r\u00eaveberiya Rojava, QSD \u00fb tevgera r\u00eaxistinkir\u00ee ya Kurd ji rojavay\u00ea Firat\u00ea were derxistin. di civ\u00eena Par\u00ees\u00ea de dest\u00fbr hate day\u00een ku ev peyman ji h\u00eala Ehmed \u015eera ve were bic\u00eehan\u00een. \u00cesra\u00eel\u00ea gir\u00ean ku dixwest li Quneytray\u00ea bigire girtin \u00fb li ser rew\u015fa Kurdan b\u00eadeng ma. B\u00ea guman derxistina Kurdan ji v\u00ea hevk\u00ea\u015feya s\u00eeyas\u00ee n\u00ee\u015fanek xirab e. L\u00ea ne dawiya her ti\u015ft\u00ee ye. Ya gir\u00eeng ew e ku mirov bikaribe li Reqa, D\u00eara Zor\u00ea \u00fb Hesek\u00ea xwe bigire. L\u00ea div\u00ea mirov li v\u00ea p\u00eavajoy\u00ea bin\u00eare ka k\u00ee dikarib\u00fb ji bo Rojava \u00e7i bike.<\/span><\/h3>\n<h3 style=\"text-align: justify;\"><span style=\"font-family: arial, helvetica, sans-serif;\">Ev her du tax, ku bi tevah\u00ee nif\u00fbsa wan ji 400 hezar\u00ee z\u00eadetir e, ji 7\u00ea \u00c7ile ve di bin \u00ear\u00ee\u015fa Art\u00ea\u015fa Ereb\u00ee ya S\u00fbriy\u00ea de ye. \u00db n\u00eev\u00ea nif\u00fbs\u00ea ev taxene terikandiye. L\u00ea r\u00eajek\u00ee mezin siv\u00eel li mal\u00ean xwe mane \u00fb berxwe didin. Ciwan\u00ean Kurd ji bo parastina van taxan berxwedanek mezin n\u00ee\u015fan dan.<\/span><\/h3>\n<h3 style=\"text-align: justify;\"><span style=\"font-family: 'arial black', sans-serif; color: #8c0808;\">Ji Hewl\u00ear\u00ea heta Ciz\u00eera Botan, ji Bochum\u00ea heta Stockholm\u00ea, Kurd li her dever\u00ea ku l\u00ea ne, bi reng \u00fb gotin\u00ean Kurd\u00ee ji bo \u015e\u00eax Meqs\u00fbd \u00fb E\u015frefiy\u00ea rab\u00fbn ser piyan.<\/span><\/h3>\n<h3 style=\"text-align: justify;\"><span style=\"font-family: arial, helvetica, sans-serif;\">Serok Barzan\u00ee, bi karan\u00eena t\u00eakiliy\u00ean xwe y\u00ean navnetewey\u00ee \u00fb giraniya xwe ya siyas\u00ee, ji bo Heleb\u00ea tedb\u00eer girt da ku r\u00ea li ber komkuj\u00eey\u00ea bigire, karesat\u00ea asteng bike \u00fb ji bo h\u00eaz\u00ean Kurd dem qezenc bike. W\u00ee bang li Tirkiye, hik\u00fbmeta demk\u00ee ya S\u00fbriy\u00ea, Emer\u00eeka \u00fb hem\u00ee aliy\u00ean xuya \u00fb ned\u00eet\u00ee kir ku di navbera R\u00eaveberiya Xweser a Rojava de diyalog\u00ea saz bikin. Serok hewl da ku bingehek ji bo diyalog\u00ea di navbera aliyan de biafir\u00eene.<\/span><\/h3>\n<h3 style=\"text-align: justify;\"><span style=\"font-family: arial, helvetica, sans-serif;\">L\u00eabel\u00ea, r\u00eaveberiya KCK daxuyaniyek n\u00eev-r\u00fbpel\u00ee ya seranser we\u015fand. Di daxuyaniy\u00ea de wiha hat gotin, &#8220;Me bang li dewleta Tirkiy\u00ea kir ku pi\u015ftgir\u00ee \u00fb hemb\u00eazkirina Kurd\u00ean li S\u00fbriy\u00ea bike. Ji ber ku ev Kurd xizm\u00ean Kurd\u00ean li Tirkiy\u00ea ne. \u00c7awa ku Tirkiye pi\u015ftgiriy\u00ea dide Tirkmenan, div\u00ea pi\u015ftgiriy\u00ea bide Kurdan j\u00ee.&#8221; Bikaran\u00eena peyva &#8220;Kurd\u00ean li Tirkiy\u00ea&#8221; ji h\u00eala KCK ve li \u015f\u00fbna &#8220;Bakur\u00ea Kurdistan\u00ea&#8221; b\u00fbyerek pir balk\u00ea\u015f e. Ev yek n\u00ee\u015fan dide ku dewleta Tirkiy\u00ea bi Kurd\u00ean li Tirkiy\u00ea re a\u015ft\u00ee kiriye, \u00fb ji ber v\u00ea yek\u00ea hewce ye ku bi y\u00ean li S\u00fbriy\u00ea re j\u00ee a\u015ft\u00ee bike. Daxuyaniya KCK \u00ea n\u00ee\u015fan dide ku Rojava ne di rojeva PKK\u00ea da ye. An j\u00ee dibe ku fermanek ji \u00cemraliy\u00ea b\u00fb PKK \u00ea hatibe ku ew li dij\u00ee v\u00ea \u00eari\u015fa dewleta S\u00fbr\u00ee ya li ser Kurd\u00ean Heleb\u00ea dernekevin.<\/span><\/h3>\n<h3 style=\"text-align: justify;\"><span style=\"font-family: arial, helvetica, sans-serif;\">Serok\u00ea YNK \u00ea Bafel Talaban\u00ee, ji bo ku \u00eemaj\u00ea xwe y\u00ea neba\u015f ji hol\u00ea rake \u00fb balk\u00ea\u015ftir xuya bike, daxuyaniyek da ku raya gi\u015ft\u00ee k\u00eafxwe\u015f bike \u00fb got, &#8220;Em dikarin h\u00eazan bi\u015f\u00eenin.&#8221; B\u00ea guman, ew ba\u015f dizane ku mecal\u00ea v\u00ea p\u00ea\u015fn\u00eeyar\u00ea n\u00eene. YNK \u00ea rew\u015f veguherandiye showa medyay\u00ee.<\/span><\/h3>\n<h3 style=\"text-align: justify;\"><span style=\"font-family: 'arial black', sans-serif; color: #8c0808;\">Gava em ji ceph\u00ea Kurdan l\u00eadin\u00earin, em dib\u00eenin ku hem tax\u00ean Kurdan \u00ean li Heleb\u00ea \u00fb hem j\u00ee bi gi\u015ft\u00ee meseleya Rojava li ser mil\u00ea Serok Barzan\u00ee \u00fb r\u00eaveberiya HSD \u00ea ye.<\/span><\/h3>\n<h3 style=\"text-align: justify;\"><span style=\"font-family: arial, helvetica, sans-serif;\">B\u00ea guman, ti\u015ft\u00ea gir\u00eeng ew e ku r\u00eaveberiya Rojava xwe ji \u015fa\u015fiy\u00ean ku di 13 sal\u00ean bor\u00ee de kirine, d\u00fbr bike. Kadroy\u00ean PKK\u2019\u00ea y\u00ean li Rojava div\u00ea li dij\u00ee bernameya Ocalan a r\u00eavebirina Rojava ji \u00cemral\u00ee \u00fb Tirkiy\u00ea derkevin. Her \u00e7end ew Ocalan red nekin j\u00ee, div\u00ea ew bi k\u00eaman\u00ee w\u00ee wek\u00ee r\u00eaberek manew\u00ee \u00fb sembol\u00eek qeb\u00fbl bikin \u00fb li ser p\u00ea\u015feroja xwe ew bi xwe biryarder bin. Div\u00ea ew pol\u00eet\u00eekay\u00ean xwe li gor\u00ee berjewendiy\u00ean Rojava diyar bikin, ne li gor\u00ee berjewendiy\u00ean PKK \u00ea bi welat\u00ean her\u00eam\u00ee re. yan\u00ee, Rojava ne hewcey\u00ee peyv\u00ean \u00eedeoloj\u00eek, \u00eedeolojiy\u00ean mac\u00earaperest, an j\u00ee hinardekirina raman \u00fb azadiy\u00ea bo tevahiya Rojhilata Nav\u00een e. Div\u00ea ew li ser Rojava \u00fb Kurdistan\u00ea gotara xwe ava bikin.<\/span><\/h3>\n<p>[\/darkamazi_column_text][\/darkamazi_column][\/darkamazi_row]<\/p>\n<\/div>","protected":false},"excerpt":{"rendered":"<p>[darkamazi_row][darkamazi_column][darkamazi_video link=&#8221;https:\/\/www.youtube.com\/watch?v=Bi1_fC3zn6w&#8221; align=&#8221;center&#8221;][darkamazi_column_text] Heleb yek ji bajar\u00ean her\u00ee kevin \u00ean c\u00eehan\u00ea ye ku bi berdewam\u00ee avedan b\u00fbye. Heb\u00fbna Kurdan li vir bi qas\u00ee d\u00eeroka baj\u00ear kevin e. Di ser dem\u00ean kevnar de, Heleb di bin kontrola \u015faristan\u00eeya H\u00eet\u00eet\u00ee \u00fb M\u00eetan\u00eeyan de b\u00fb. Wek\u00ee din, bajar\u00ea Heleb\u00ea paytexta du dewlet\u00ean Kurdan b\u00fb: ya Ey\u00fbb\u00ee \u00fb Mehd\u00fbh\u00eeyan. [&hellip;]<\/p>\n","protected":false},"author":2,"featured_media":1051313,"comment_status":"closed","ping_status":"closed","sticky":false,"template":"epic_custom_post_template-1006382","format":"standard","meta":{"footnotes":""},"categories":[68,65],"tags":[37],"class_list":["post-1051310","post","type-post","status-publish","format-standard","has-post-thumbnail","hentry","category-analiz","category-vidiyo","tag-sereke"],"blocksy_meta":[],"seo_head":"<!-- This site is optimized with the Yoast SEO plugin v27.5 - https:\/\/yoast.com\/product\/yoast-seo-wordpress\/ -->\n<title>Ji bo E\u015frefiy\u00ea \u00fb \u015e\u00eax Meqs\u00fbd K\u00ea \u00e7i kir? - Darka Maz\u00ee<\/title>\n<meta name=\"robots\" content=\"index, follow, max-snippet:-1, max-image-preview:large, max-video-preview:-1\" \/>\n<link rel=\"canonical\" href=\"https:\/\/darkamazi.info\/archives\/1051310\" \/>\n<meta property=\"og:locale\" content=\"en_US\" \/>\n<meta property=\"og:type\" content=\"article\" \/>\n<meta property=\"og:title\" content=\"Ji bo E\u015frefiy\u00ea \u00fb \u015e\u00eax Meqs\u00fbd K\u00ea \u00e7i kir? - Darka Maz\u00ee\" \/>\n<meta property=\"og:description\" content=\"[darkamazi_row][darkamazi_column][darkamazi_video link=&#8221;https:\/\/www.youtube.com\/watch?v=Bi1_fC3zn6w&#8221; align=&#8221;center&#8221;][darkamazi_column_text] Heleb yek ji bajar\u00ean her\u00ee kevin \u00ean c\u00eehan\u00ea ye ku bi berdewam\u00ee avedan b\u00fbye. Heb\u00fbna Kurdan li vir bi qas\u00ee d\u00eeroka baj\u00ear kevin e. Di ser dem\u00ean kevnar de, Heleb di bin kontrola \u015faristan\u00eeya H\u00eet\u00eet\u00ee \u00fb M\u00eetan\u00eeyan de b\u00fb. Wek\u00ee din, bajar\u00ea Heleb\u00ea paytexta du dewlet\u00ean Kurdan b\u00fb: ya Ey\u00fbb\u00ee \u00fb Mehd\u00fbh\u00eeyan. [&hellip;]\" \/>\n<meta property=\"og:url\" content=\"https:\/\/darkamazi.info\/archives\/1051310\" \/>\n<meta property=\"og:site_name\" content=\"Darka Maz\u00ee\" \/>\n<meta property=\"article:publisher\" content=\"https:\/\/www.facebook.com\/DarMaziKurmanci\" \/>\n<meta property=\"article:published_time\" content=\"2026-01-11T15:41:23+00:00\" \/>\n<meta property=\"og:image\" content=\"https:\/\/darkamazi.info\/file\/2026\/01\/hsd-1.jpg\" \/>\n\t<meta property=\"og:image:width\" content=\"900\" \/>\n\t<meta property=\"og:image:height\" content=\"475\" \/>\n\t<meta property=\"og:image:type\" content=\"image\/jpeg\" \/>\n<meta name=\"author\" content=\"darka mazi\" \/>\n<meta name=\"twitter:card\" content=\"summary_large_image\" \/>\n<meta name=\"twitter:creator\" content=\"@DarkaMaziLatini\" \/>\n<meta name=\"twitter:site\" content=\"@DarkaMaziLatini\" \/>\n<meta name=\"twitter:label1\" content=\"Written by\" \/>\n\t<meta name=\"twitter:data1\" content=\"darka mazi\" \/>\n\t<meta name=\"twitter:label2\" content=\"Est. reading time\" \/>\n\t<meta name=\"twitter:data2\" content=\"4 minutes\" \/>\n<script type=\"application\/ld+json\" class=\"seo-schema-graph\">{\"@context\":\"https:\\\/\\\/schema.org\",\"@graph\":[{\"@type\":\"Article\",\"@id\":\"https:\\\/\\\/darkamazi.info\\\/archives\\\/1051310#article\",\"isPartOf\":{\"@id\":\"https:\\\/\\\/darkamazi.info\\\/archives\\\/1051310\"},\"author\":{\"name\":\"darka mazi\",\"@id\":\"https:\\\/\\\/darkamazi.info\\\/#\\\/schema\\\/person\\\/5ad3e24553a0567993fa8ed4bd0a776c\"},\"headline\":\"Ji bo E\u015frefiy\u00ea \u00fb \u015e\u00eax Meqs\u00fbd K\u00ea \u00e7i kir?\",\"datePublished\":\"2026-01-11T15:41:23+00:00\",\"mainEntityOfPage\":{\"@id\":\"https:\\\/\\\/darkamazi.info\\\/archives\\\/1051310\"},\"wordCount\":829,\"publisher\":{\"@id\":\"https:\\\/\\\/darkamazi.info\\\/#organization\"},\"image\":{\"@id\":\"https:\\\/\\\/darkamazi.info\\\/archives\\\/1051310#primaryimage\"},\"thumbnailUrl\":\"https:\\\/\\\/darkamazi.info\\\/darka-content\\\/uploads\\\/2026\\\/01\\\/hsd-1.jpg\",\"keywords\":[\"sereke\"],\"articleSection\":[\"Anal\u00eez\",\"V\u00eed\u00eeyo\"],\"inLanguage\":\"en-US\"},{\"@type\":\"WebPage\",\"@id\":\"https:\\\/\\\/darkamazi.info\\\/archives\\\/1051310\",\"url\":\"https:\\\/\\\/darkamazi.info\\\/archives\\\/1051310\",\"name\":\"Ji bo E\u015frefiy\u00ea \u00fb \u015e\u00eax Meqs\u00fbd K\u00ea \u00e7i kir? - Darka Maz\u00ee\",\"isPartOf\":{\"@id\":\"https:\\\/\\\/darkamazi.info\\\/#website\"},\"primaryImageOfPage\":{\"@id\":\"https:\\\/\\\/darkamazi.info\\\/archives\\\/1051310#primaryimage\"},\"image\":{\"@id\":\"https:\\\/\\\/darkamazi.info\\\/archives\\\/1051310#primaryimage\"},\"thumbnailUrl\":\"https:\\\/\\\/darkamazi.info\\\/darka-content\\\/uploads\\\/2026\\\/01\\\/hsd-1.jpg\",\"datePublished\":\"2026-01-11T15:41:23+00:00\",\"breadcrumb\":{\"@id\":\"https:\\\/\\\/darkamazi.info\\\/archives\\\/1051310#breadcrumb\"},\"inLanguage\":\"en-US\",\"potentialAction\":[{\"@type\":\"ReadAction\",\"target\":[\"https:\\\/\\\/darkamazi.info\\\/archives\\\/1051310\"]}]},{\"@type\":\"ImageObject\",\"inLanguage\":\"en-US\",\"@id\":\"https:\\\/\\\/darkamazi.info\\\/archives\\\/1051310#primaryimage\",\"url\":\"https:\\\/\\\/darkamazi.info\\\/darka-content\\\/uploads\\\/2026\\\/01\\\/hsd-1.jpg\",\"contentUrl\":\"https:\\\/\\\/darkamazi.info\\\/darka-content\\\/uploads\\\/2026\\\/01\\\/hsd-1.jpg\",\"width\":900,\"height\":475,\"caption\":\"Ji bo E\u015frefiy\u00ea \u00fb \u015e\u00eax Meqs\u00fbd K\u00ea \u00e7i kir?\"},{\"@type\":\"BreadcrumbList\",\"@id\":\"https:\\\/\\\/darkamazi.info\\\/archives\\\/1051310#breadcrumb\",\"itemListElement\":[{\"@type\":\"ListItem\",\"position\":1,\"name\":\"Home\",\"item\":\"https:\\\/\\\/darkamazi.info\\\/\"},{\"@type\":\"ListItem\",\"position\":2,\"name\":\"Ji bo E\u015frefiy\u00ea \u00fb \u015e\u00eax Meqs\u00fbd K\u00ea \u00e7i kir?\"}]},{\"@type\":\"WebSite\",\"@id\":\"https:\\\/\\\/darkamazi.info\\\/#website\",\"url\":\"https:\\\/\\\/darkamazi.info\\\/\",\"name\":\"Darka Maz\u00ee\",\"description\":\"P\u00eageha Zanyariy\u00ean Nebih\u00eest\u00ee\",\"publisher\":{\"@id\":\"https:\\\/\\\/darkamazi.info\\\/#organization\"},\"potentialAction\":[{\"@type\":\"SearchAction\",\"target\":{\"@type\":\"EntryPoint\",\"urlTemplate\":\"https:\\\/\\\/darkamazi.info\\\/?s={search_term_string}\"},\"query-input\":{\"@type\":\"PropertyValueSpecification\",\"valueRequired\":true,\"valueName\":\"search_term_string\"}}],\"inLanguage\":\"en-US\"},{\"@type\":\"Organization\",\"@id\":\"https:\\\/\\\/darkamazi.info\\\/#organization\",\"name\":\"Darka Maz\u00ee\",\"url\":\"https:\\\/\\\/darkamazi.info\\\/\",\"logo\":{\"@type\":\"ImageObject\",\"inLanguage\":\"en-US\",\"@id\":\"https:\\\/\\\/darkamazi.info\\\/#\\\/schema\\\/logo\\\/image\\\/\",\"url\":\"https:\\\/\\\/darkamazi.info\\\/darka-content\\\/uploads\\\/2017\\\/12\\\/darka-mazi-logo.png\",\"contentUrl\":\"https:\\\/\\\/darkamazi.info\\\/darka-content\\\/uploads\\\/2017\\\/12\\\/darka-mazi-logo.png\",\"width\":151,\"height\":75,\"caption\":\"Darka Maz\u00ee\"},\"image\":{\"@id\":\"https:\\\/\\\/darkamazi.info\\\/#\\\/schema\\\/logo\\\/image\\\/\"},\"sameAs\":[\"https:\\\/\\\/www.facebook.com\\\/DarMaziKurmanci\",\"https:\\\/\\\/x.com\\\/DarkaMaziLatini\",\"https:\\\/\\\/www.instagram.com\\\/darkamazi.kurmanci\\\/\",\"https:\\\/\\\/www.youtube.com\\\/channel\\\/UCa5HkTdmI8U1qCUFuTw8B2g\"]},{\"@type\":\"Person\",\"@id\":\"https:\\\/\\\/darkamazi.info\\\/#\\\/schema\\\/person\\\/5ad3e24553a0567993fa8ed4bd0a776c\",\"name\":\"darka mazi\",\"sameAs\":[\"https:\\\/\\\/darkamazi.info\\\/\"],\"url\":\"https:\\\/\\\/darkamazi.info\\\/archives\\\/author\\\/kurdi\"}]}<\/script>\n<!-- \/ Yoast SEO plugin. -->","seo_head_json":{"title":"Ji bo E\u015frefiy\u00ea \u00fb \u015e\u00eax Meqs\u00fbd K\u00ea \u00e7i kir? - Darka Maz\u00ee","robots":{"index":"index","follow":"follow","max-snippet":"max-snippet:-1","max-image-preview":"max-image-preview:large","max-video-preview":"max-video-preview:-1"},"canonical":"https:\/\/darkamazi.info\/archives\/1051310","og_locale":"en_US","og_type":"article","og_title":"Ji bo E\u015frefiy\u00ea \u00fb \u015e\u00eax Meqs\u00fbd K\u00ea \u00e7i kir? - Darka Maz\u00ee","og_description":"[darkamazi_row][darkamazi_column][darkamazi_video link=&#8221;https:\/\/www.youtube.com\/watch?v=Bi1_fC3zn6w&#8221; align=&#8221;center&#8221;][darkamazi_column_text] Heleb yek ji bajar\u00ean her\u00ee kevin \u00ean c\u00eehan\u00ea ye ku bi berdewam\u00ee avedan b\u00fbye. Heb\u00fbna Kurdan li vir bi qas\u00ee d\u00eeroka baj\u00ear kevin e. Di ser dem\u00ean kevnar de, Heleb di bin kontrola \u015faristan\u00eeya H\u00eet\u00eet\u00ee \u00fb M\u00eetan\u00eeyan de b\u00fb. Wek\u00ee din, bajar\u00ea Heleb\u00ea paytexta du dewlet\u00ean Kurdan b\u00fb: ya Ey\u00fbb\u00ee \u00fb Mehd\u00fbh\u00eeyan. [&hellip;]","og_url":"https:\/\/darkamazi.info\/archives\/1051310","og_site_name":"Darka Maz\u00ee","article_publisher":"https:\/\/www.facebook.com\/DarMaziKurmanci","article_published_time":"2026-01-11T15:41:23+00:00","og_image":[{"width":900,"height":475,"url":"https:\/\/darkamazi.info\/file\/2026\/01\/hsd-1.jpg","type":"image\/jpeg"}],"author":"darka mazi","twitter_card":"summary_large_image","twitter_creator":"@DarkaMaziLatini","twitter_site":"@DarkaMaziLatini","twitter_misc":{"Written by":"darka mazi","Est. reading time":"4 minutes"},"schema":{"@context":"https:\/\/schema.org","@graph":[{"@type":"Article","@id":"https:\/\/darkamazi.info\/archives\/1051310#article","isPartOf":{"@id":"https:\/\/darkamazi.info\/archives\/1051310"},"author":{"name":"darka mazi","@id":"https:\/\/darkamazi.info\/#\/schema\/person\/5ad3e24553a0567993fa8ed4bd0a776c"},"headline":"Ji bo E\u015frefiy\u00ea \u00fb \u015e\u00eax Meqs\u00fbd K\u00ea \u00e7i kir?","datePublished":"2026-01-11T15:41:23+00:00","mainEntityOfPage":{"@id":"https:\/\/darkamazi.info\/archives\/1051310"},"wordCount":829,"publisher":{"@id":"https:\/\/darkamazi.info\/#organization"},"image":{"@id":"https:\/\/darkamazi.info\/archives\/1051310#primaryimage"},"thumbnailUrl":"https:\/\/darkamazi.info\/file\/2026\/01\/hsd-1.jpg","keywords":["sereke"],"articleSection":["Anal\u00eez","V\u00eed\u00eeyo"],"inLanguage":"en-US"},{"@type":"WebPage","@id":"https:\/\/darkamazi.info\/archives\/1051310","url":"https:\/\/darkamazi.info\/archives\/1051310","name":"Ji bo E\u015frefiy\u00ea \u00fb \u015e\u00eax Meqs\u00fbd K\u00ea \u00e7i kir? - Darka Maz\u00ee","isPartOf":{"@id":"https:\/\/darkamazi.info\/#website"},"primaryImageOfPage":{"@id":"https:\/\/darkamazi.info\/archives\/1051310#primaryimage"},"image":{"@id":"https:\/\/darkamazi.info\/archives\/1051310#primaryimage"},"thumbnailUrl":"https:\/\/darkamazi.info\/file\/2026\/01\/hsd-1.jpg","datePublished":"2026-01-11T15:41:23+00:00","breadcrumb":{"@id":"https:\/\/darkamazi.info\/archives\/1051310#breadcrumb"},"inLanguage":"en-US","potentialAction":[{"@type":"ReadAction","target":["https:\/\/darkamazi.info\/archives\/1051310"]}]},{"@type":"ImageObject","inLanguage":"en-US","@id":"https:\/\/darkamazi.info\/archives\/1051310#primaryimage","url":"https:\/\/darkamazi.info\/file\/2026\/01\/hsd-1.jpg","contentUrl":"https:\/\/darkamazi.info\/file\/2026\/01\/hsd-1.jpg","width":900,"height":475,"caption":"Ji bo E\u015frefiy\u00ea \u00fb \u015e\u00eax Meqs\u00fbd K\u00ea \u00e7i kir?"},{"@type":"BreadcrumbList","@id":"https:\/\/darkamazi.info\/archives\/1051310#breadcrumb","itemListElement":[{"@type":"ListItem","position":1,"name":"Home","item":"https:\/\/darkamazi.info\/"},{"@type":"ListItem","position":2,"name":"Ji bo E\u015frefiy\u00ea \u00fb \u015e\u00eax Meqs\u00fbd K\u00ea \u00e7i kir?"}]},{"@type":"WebSite","@id":"https:\/\/darkamazi.info\/#website","url":"https:\/\/darkamazi.info\/","name":"Darka Maz\u00ee","description":"P\u00eageha Zanyariy\u00ean Nebih\u00eest\u00ee","publisher":{"@id":"https:\/\/darkamazi.info\/#organization"},"potentialAction":[{"@type":"SearchAction","target":{"@type":"EntryPoint","urlTemplate":"https:\/\/darkamazi.info\/?s={search_term_string}"},"query-input":{"@type":"PropertyValueSpecification","valueRequired":true,"valueName":"search_term_string"}}],"inLanguage":"en-US"},{"@type":"Organization","@id":"https:\/\/darkamazi.info\/#organization","name":"Darka Maz\u00ee","url":"https:\/\/darkamazi.info\/","logo":{"@type":"ImageObject","inLanguage":"en-US","@id":"https:\/\/darkamazi.info\/#\/schema\/logo\/image\/","url":"https:\/\/darkamazi.info\/file\/2017\/12\/darka-mazi-logo.png","contentUrl":"https:\/\/darkamazi.info\/file\/2017\/12\/darka-mazi-logo.png","width":151,"height":75,"caption":"Darka Maz\u00ee"},"image":{"@id":"https:\/\/darkamazi.info\/#\/schema\/logo\/image\/"},"sameAs":["https:\/\/www.facebook.com\/DarMaziKurmanci","https:\/\/x.com\/DarkaMaziLatini","https:\/\/www.instagram.com\/darkamazi.kurmanci\/","https:\/\/www.youtube.com\/channel\/UCa5HkTdmI8U1qCUFuTw8B2g"]},{"@type":"Person","@id":"https:\/\/darkamazi.info\/#\/schema\/person\/5ad3e24553a0567993fa8ed4bd0a776c","name":"darka mazi","sameAs":["https:\/\/darkamazi.info\/"],"url":"https:\/\/darkamazi.info\/archives\/author\/kurdi"}]}},"_links":{"self":[{"href":"https:\/\/darkamazi.info\/funavuv\/wp\/v2\/posts\/1051310","targetHints":{"allow":["GET"]}}],"collection":[{"href":"https:\/\/darkamazi.info\/funavuv\/wp\/v2\/posts"}],"about":[{"href":"https:\/\/darkamazi.info\/funavuv\/wp\/v2\/types\/post"}],"author":[{"embeddable":true,"href":"https:\/\/darkamazi.info\/funavuv\/wp\/v2\/users\/2"}],"replies":[{"embeddable":true,"href":"https:\/\/darkamazi.info\/funavuv\/wp\/v2\/comments?post=1051310"}],"version-history":[{"count":0,"href":"https:\/\/darkamazi.info\/funavuv\/wp\/v2\/posts\/1051310\/revisions"}],"wp:featuredmedia":[{"embeddable":true,"href":"https:\/\/darkamazi.info\/funavuv\/wp\/v2\/media\/1051313"}],"wp:attachment":[{"href":"https:\/\/darkamazi.info\/funavuv\/wp\/v2\/media?parent=1051310"}],"wp:term":[{"taxonomy":"category","embeddable":true,"href":"https:\/\/darkamazi.info\/funavuv\/wp\/v2\/categories?post=1051310"},{"taxonomy":"post_tag","embeddable":true,"href":"https:\/\/darkamazi.info\/funavuv\/wp\/v2\/tags?post=1051310"}],"curies":[{"name":"wp","href":"https:\/\/api.w.org\/{rel}","templated":true}]}}