{"id":1051315,"date":"2026-01-11T21:29:57","date_gmt":"2026-01-11T18:29:57","guid":{"rendered":"https:\/\/darkamazi.info\/?p=1051315"},"modified":"2026-01-12T17:30:24","modified_gmt":"2026-01-12T14:30:24","slug":"li-ser-encamen-leskeri-u-siyasi-yen-pevcunen-esrefiye-u-sex-meqsud","status":"publish","type":"post","link":"https:\/\/darkamazi.info\/archives\/1051315","title":{"rendered":"Li ser Encam\u00ean Le\u015fker\u00ee \u00fb Siyas\u00ee y\u00ean Pev\u00e7\u00fbn\u00ean E\u015frefiye \u00fb \u015e\u00eax Meqs\u00fbd\u2026"},"content":{"rendered":"<h3 style=\"text-align: justify\"><span style=\"font-family: 'arial black', sans-serif\">Pev\u00e7\u00fbn\u00ean ku di 7 \u00ea \u00c7iley\u00ea de li Heleb\u00ea li tax\u00ean E\u015frefiye \u00fb \u015e\u00eax Meqs\u00fbd dest p\u00ea kirin, bi daxuyaniyek\u00ea di saet\u00ean ser\u00ea sibeha roja 11 meh\u00ea de bi daw\u00ee b\u00fbn. Di \u00e7ar roj\u00ean \u015fer de, Kurd\u00ean li her du taxan ko\u00e7ber b\u00fbn \u00fb rast\u00ee \u00eari\u015f\u00ean hovane hatin. Kur \u00fb ke\u00e7\u00ean gel\u00ea Kurd li van taxan berxwedanek mezin n\u00ee\u015fan dan \u00fb \u015feh\u00eed ketin. Ez bi r\u00eazdar\u00ee li ber van \u015feh\u00eedan \u00fb qehremaniya gel bejnaxwe di tew\u00eenim.<\/span><\/h3>\n<h3 style=\"text-align: justify\"><span style=\"font-family: arial, helvetica, sans-serif\">Kurdan li \u015e\u00eax Meqs\u00fbd \u00fb E\u015frefiy\u00ea berxwedanek mezin n\u00ee\u015fan dan. pi\u015ftgiriya berxwedana gel \u015fertek ji bo Kurdb\u00fbn\u00ea ye, hem j\u00ee ji bo mirovb\u00fbn\u00ea ye. V\u00eedeoy\u00ean dil bi \u00ea\u015f y\u00ean di medyay\u00ea de, muameleya nemirovane ya \u00e7etey\u00ean S\u00fbry\u00ea, em hem\u00fb pir \u015fok kirin \u00fb atmosferek pir hestiyar afirand. L\u00eabel\u00ea, qehremaniya ciwanan \u00fb ya gel nikare \u015fa\u015fiy\u00ean stratej\u00eek \u00ean r\u00eaveberiya le\u015fker\u00ee \u00fb siyas\u00ee bi nuxm\u00eene.<\/span><\/h3>\n<h3 style=\"text-align: justify\"><span style=\"font-family: 'arial black', sans-serif;font-size: 18pt;color: #8c0707\">Li Heleb\u00ea \u015fa\u015fiy\u00ean stratej\u00eek \u00ean mezin hene, hem ji h\u00eala le\u015fker\u00ee ve \u00fb hem j\u00ee ji h\u00eala siyas\u00ee ve<\/span><\/h3>\n<h3 style=\"text-align: justify\"><span style=\"font-family: arial, helvetica, sans-serif\">R\u00eaveberiya Rojava ji sala 2014 an vir ve bi Emer\u00eeka re t\u00eakiliyeke dostane heye \u00fb pir ba\u015f dizane ku Emer\u00eeka t\u00eakiliy\u00ean xwe y\u00ean bi Tirkiyey\u00ea re ji bo Rojava feda nake. Me ev yek li Efr\u00een \u00fb Ser\u00ea Kaniy\u00ea bi zelal\u00ee d\u00eet. \u00db her wiha li Til Rifat\u00ea \u00fb di dema veki\u015f\u00eena ji Minbic\u00ea de j\u00ee hate d\u00eetin.<\/span><\/h3>\n<h3 style=\"text-align: justify\"><span style=\"font-family: arial, helvetica, sans-serif\">Veki\u015f\u00eena R\u00eaveber\u00eeya Xweser a Rojava \u00fb h\u00eaz\u00ean HSD-YPG\u00ea ji Heleb\u00ea projeyek ji aliy\u00ea Emer\u00eeka ve hatib\u00fb pi\u015ftgir\u00eekirin. Yan\u00ee HSD\u00ea pir ba\u015f dizan\u00ee ku ew \u00ea di \u015fer\u00ea Heleb\u00ea de ji Hevpeman\u00eeya Rojava pi\u015ftgir\u00eey\u00ea nest\u00eene. Ji ber v\u00ea yek\u00ea, HSDe d\u00ea li Heleb\u00ea bi tena ser\u00ea xwe \u015fer bike. \u00db di dawiy\u00ea de, ew \u00ea werin derxistin. Ji ber v\u00ea yek\u00ea \u00e7ima tev\u00ee v\u00ea rast\u00eey\u00ea ew ketin nav \u015fer de?<\/span><\/h3>\n<h3 style=\"text-align: justify\"><span style=\"font-family: 'arial black', sans-serif;font-size: 18pt;color: #8c0707\">Biryara ku li berxwe bidin ji PKK\u00ea hat<\/span><\/h3>\n<h3 style=\"text-align: justify\"><span style=\"font-family: arial, helvetica, sans-serif\">Li gor\u00ee agahiy\u00ean ku me hene, di serdana Mazl\u00fbm Ebd\u00ee ya \u015eam\u00ea de di 4 \u00ea \u00c7iley\u00ea de j\u00ea re hat gotin, &#8220;Yan derkevin, yan em \u00ea \u00ear\u00ee\u015f bikin.&#8221; Mazl\u00fbm Ebd\u00ee dixwest R\u00eaveber\u00eeya Rojava biciv\u00eene da ku biryarek hevbe\u015f bigirin. Di civ\u00een\u00ea de, komek ku \u00celham Ehmed j\u00ee di nav de b\u00fb got, &#8220;Werin em ji Heleb\u00ea veki\u015f\u00een, em ji pev\u00e7\u00fbn\u00ea d\u00fbr bisekinin.&#8221;<\/span><\/h3>\n<h3 style=\"text-align: justify\"><span style=\"font-family: arial, helvetica, sans-serif\">Serokatiya niha ya PKK\u00ea ya hilwe\u015fand\u00ee, ango ya ku j\u00ea re dib\u00eajin &#8220;Qend\u00eel&#8221;, ev yek qeb\u00fbl nekir. Ji bo ku dest\u00ea xwe li hember Tirkiy\u00ea xurt bikin \u00fb peyamek\u00ea bi\u015f\u00eenin, wan biryara &#8220;berxwedan\u00ea&#8221; ji bo tax\u00ean \u015e\u00eax Meqs\u00fbd \u00fb E\u015frefiy\u00ea dan.<\/span><\/h3>\n<h3 style=\"text-align: justify\"><span style=\"font-family: arial, helvetica, sans-serif\">PKK\u00ea li Rojava xwed\u00ee dezgehek\u00ee bi nav\u00ea Koord\u00eenasyona PKK\u00ea ya Rojava \u00fb Rojhilata Nav\u00een e. Nav\u00ea w\u00ea niha Koord\u00eenasyona Tevgera APOy\u00ee ye, \u00fb ev koord\u00eenasyon ji h\u00eala M\u00fbzafer Ayata, Bahoz Erdal \u00fb Aldar Xal\u00eel ve dih\u00eate me\u015fandin. Koord\u00eenasyona APOy\u00ee biryara Qend\u00eel\u00ea ferz kir, \u00fb ji ber ku R\u00eaveber\u00eeya Xweser a Rojava nekar\u00ee hember v\u00ea gr\u00fbp\u00ea derkeve, biryara berxwedan\u00ea hat day\u00een.<\/span><\/h3>\n<h3 style=\"text-align: justify\"><span style=\"font-family: arial, helvetica, sans-serif\">Di sala 2019an de, di dema operasyona dewleta Tirk a li Gir\u00ea Sp\u00ee de, PKK\u00ea d\u00eesa daxwaza &#8220;berxwedan, neh\u00ealin gel bi\u00e7e&#8221; ferz kir. Mazl\u00fbm Ebd\u00ee, bi tena ser\u00ea xwe \u00een\u00eesiyat\u00eef girt ser xwe, gel pa\u015fve ki\u015fand \u00fb p\u00ea\u015f\u00ee li komkujiyeke mezin girt. Div\u00ea v\u00ea car\u00ea j\u00ee heman ti\u015ft\u00ee bikira.<\/span><\/h3>\n<h3 style=\"text-align: justify\"><span style=\"font-family: arial, helvetica, sans-serif\">\u015eer\u00ea \u00e7ar roj\u00ee b\u00fb sedema windahiy\u00ean giran. Z\u00eadetir\u00ee 100 \u015feh\u00eed, \u00eaxs\u00eer, bir\u00eendar \u00fb 300 hezar kes\u00ean penaber. Mirovan mal\u00ean ku bi salan bi zehmet\u00ee ava kirib\u00fbn winda kirin, kar\u00ean xwe winda kirin \u00fb n\u00eaz\u00eek\u00ee 400 hezar Kurdan li du taxan bi hilwe\u015f\u00eeneke giran a abor\u00ee, civak\u00ee \u00fb deron\u00ee re r\u00fb bi r\u00fb ne. Ev rew\u015f, ku em dikarin wek\u00ee trawmaya E\u015frefiye \u00fb \u015e\u00eax Maqsud bi nav bikin, bi rast\u00ee bandor li hem\u00fb Kurdan kiriye.<\/span><\/h3>\n<h3 style=\"text-align: justify\"><span style=\"font-family: arial, helvetica, sans-serif\">Yan\u00ee, PKK\u00ea d\u00eesa gel feda kir da ku peyamek\u00ea ji dewleta Tirk re bi\u015f\u00eene, \u00fb rew\u015fek ji trajediya \u015eer\u00ea Xendekan xerabtir \u00fb girantir li Heleb\u00ea \u00e7\u00eab\u00fb.<\/span><\/h3>\n<h3 style=\"text-align: justify\"><span style=\"font-family: 'arial black', sans-serif;font-size: 18pt;color: #8c0707\"><strong>HSDe \u00fb YPGe berpirsiyar\u00ean encam\u00ea ne<\/strong><\/span><\/h3>\n<h3 style=\"text-align: justify\"><span style=\"font-family: arial, helvetica, sans-serif\">\u00ced\u00eeaya ku HSD\u00ea pi\u015ftgir\u00ee ne\u015fandiye her du taxan \u00fb ten\u00ea h\u00eaz\u00ean siv\u00eel-Asay\u00ee\u015f\u00ea li ber xwe dane, bi tevah\u00ee rastiy\u00ea n\u00ee\u015fan nade. Her \u00e7end HSD\u00ea \u00fb YPG\u00ea bi ferm\u00ee be\u015fdar\u00ee pev\u00e7\u00fbn\u00ean li her du taxan neb\u00fbne j\u00ee, her du h\u00eaz berpirsiyar\u00ea v\u00ea rew\u015fa le\u015fker\u00ee ne.<\/span><\/h3>\n<h3 style=\"text-align: justify\"><span style=\"font-family: arial, helvetica, sans-serif\">Li cihek\u00ee wek\u00ee Heleb\u00ea, li du taxan \u015fer\u00ea kuzika hat kirin. Di nav 5 saetan de du tax hatin dorp\u00ea\u00e7kirin \u00fb di taxan de pev\u00e7\u00fbn\u00ean dijwar \u00e7\u00eab\u00fbn. Ev her du tax ew dever in ku di sala 2012an de desthilatdariya xweser l\u00ea hatib\u00fb ragihandin. Ango, ew tam 13 salan ji h\u00eala R\u00eaveber\u00eeya Rojava \u00fb HSD\u00ea ve di hatine r\u00eavebirin. Ji ber v\u00ea yek\u00ea, ma xendek \u00fb t\u00fbn\u00eal\u00ean bin erd\u00ea nehatine kolandin, ku r\u00ea daye \u00e7eteyan di nav \u00e7ar rojan de bikevin herdu taxan? Ciwan\u00ean di h\u00eaz\u00ean asay\u00ee\u015f\u00ea de ne\u00e7ar man ku bi \u00e7alak\u00eey\u00ean feday\u00ee li ber xwe bidin. Wan bi teqandina la\u015f\u00ean xwe qehremaniya xwe n\u00ee\u015fan dan, l\u00ea y\u00ean ku ew mehk\u00fbm\u00ee v\u00ea armanc\u00ea kirine div\u00ea hesap\u00ea bidin gel\u00ea Kurd.<\/span><\/h3>\n<h3 style=\"text-align: justify\"><span style=\"font-family: 'arial black', sans-serif;font-size: 18pt;color: #8c0707\">Div\u00ea R\u00eaveber\u00eeya Rojava dev ji siyaseta &#8220;Mirin Berxwedan e&#8221; ya PKK\u00ea berde<\/span><\/h3>\n<h3 style=\"text-align: justify\"><span style=\"font-family: arial, helvetica, sans-serif\">Ji bo parastina herdu taxan, diviyab\u00fb \u015fer li seranser\u00ea bajar\u00ea Heleb\u00ea belav bib\u00fbya. Diviyab\u00fb ji pi\u015ft ve \u00ear\u00ee\u015f\u00ee \u00e7eteyan bihata kirin. Wan ev j\u00ee nekir, ji ber ku d\u00ea bandor\u00ean siyas\u00ee bi xwe re b\u00eene, t\u00eakiliy\u00ean bi Emer\u00eeka \u00fb Hevpeymana re xirab bike \u00fb maseya dan\u00fbstandin\u00ea bi \u015eam\u00ea re hilwe\u015f\u00eene. Di encam\u00ea de, ciwan\u00ean Kurd av\u00eatin ber dev\u00ea hov \u00ean bermah\u00eey\u00ean DAI\u015e\u00ea.<\/span><\/h3>\n<h3 style=\"text-align: justify\"><span style=\"font-family: arial, helvetica, sans-serif\">Yan\u00ee, ji bo ku dest\u00ea wan di d\u00eeplomasiy\u00ea de xurt bibe, ciwan\u00ean Kurd j\u00eeyana xwe ji dest dan. Ev rew\u015fek trajed\u00eek e. L\u00ea ev r\u00ea hat hilbijartin. Ev z\u00eehniyeta PKK\u00ea ye: &#8220;Ciwanan bi\u015f\u00eenin eniy\u00ean p\u00ea\u015f, bila dastan\u00ean qehreman\u00ee tomarbikin, bila \u015feh\u00eed bikevin, da ku PKKe girseya xwe mot\u00eeve bike \u00fb wan \u015feh\u00eedan bike amarek\u00ee propagande y\u00ea. PKKe bi salan e v\u00ea siyaset\u00ea dime\u015f\u00eene. Ew li tu berxwdan\u00ea de bi ser nakeve, l\u00ea bi \u015feh\u00eedan t\u00ea mot\u00eeve kirin \u00fb mirov\u00ean n\u00fb qezenc dike ku d\u00ea bibin \u015feh\u00eed. Mixabin, R\u00eaveber\u00eeya Rojava j\u00ee heman ev r\u00eaya b\u00eadaw\u00ee hilbijart.<\/span><\/h3>\n<h3 style=\"text-align: justify\"><span style=\"font-family: arial, helvetica, sans-serif\">Di \u015eer\u00ea Xendek\u00ea de, PKK\u00ea Mehmed Tun\u00e7 \u00fb heval\u00ean w\u00ee di j\u00earzem\u00eenek\u00ea de hi\u015ftin \u00fb gotin &#8220;em \u00ea heta dawiy\u00ea li ber xwe bidin&#8221; \u00fb ew bi zind\u00ee hatin \u015fewitandin. \u00c7aren\u00fbsa Z\u00eeyad Heleb Serok\u00ea R\u00eaveberiya Asay\u00ee\u015fa Heleb\u00ea, eyn\u00ee \u00c7aren\u00fbsa Mehmed Tun\u00e7 ye. Ji bil\u00ee mirin\u00ea ti vebijarek ji wan re nehat hi\u015ftin. Berxwedan ne mirin e. Berxwedan ne qurban\u00eekirina can\u00ea ciwan\u00ean Kurde ji bo propaganday\u00ea .<\/span><\/h3>\n<h3 style=\"text-align: justify\"><span style=\"font-family: arial, helvetica, sans-serif\">R\u00eaveberiya Rojava, bi serokatiya Mazl\u00fbm Ebd\u00ee, div\u00ea dev ji v\u00ea siyaseta berxwedan\u00ea ya bi mirin\u00ea berde. Div\u00ea ew ne wek\u00ee r\u00eaxistinek, ne wek\u00ee tevgerek kadroyan, div\u00ea ew wek\u00ee h\u00eazek rewa ya ku gel bir\u00eave dibe tevbigerin.<\/span><\/h3>\n<h3 style=\"text-align: justify\"><span style=\"font-family: arial, helvetica, sans-serif\">Li vir, p\u00eadiv\u00ee ye ku rola Serok Barzan\u00ee j\u00ee were behis kirin. Ji destp\u00eak\u00ea ve, Serok Barzan\u00ee ev \u00eari\u015f wek\u00ee paqijkirina etn\u00eek\u00ee nirxand \u00fb hi\u015fyar\u00ee da. W\u00ee her weha hem\u00ee hewldan\u00ean d\u00eeplomat\u00eek ji bo pi\u015ftgiriya R\u00eaveber\u00eeya Rojava, ku di dest\u00ea PKK\u00ea de d\u00eel hatib\u00fb girtin, b\u00eamand\u00eeb\u00fbn da.<\/span><\/h3>\n<h3 style=\"text-align: justify\"><span style=\"font-family: 'arial black', sans-serif;font-size: 18pt;color: #8c0707\">Div\u00ea Kurd Amade Bin<\/span><\/h3>\n<h3 style=\"text-align: justify\"><span style=\"font-family: arial, helvetica, sans-serif\">Em dikarin encam\u00ean siyas\u00ee y\u00ean pev\u00e7\u00fbn\u00ea di niv\u00eeseke cuda de bi berfireh\u00ee binirx\u00eenin. B\u00ea guman, bandor\u00ean ney\u00een\u00ee d\u00ea hebin; \u00ead\u00ee dest\u00ea HSD\u00ea li ser maseya dan\u00fbstandinan wek\u00ee ber\u00ea bih\u00eaz nabe. Wek\u00ee din, dibe ku r\u00eavebr\u00eeya demk\u00ee a S\u00fbr\u00ee ji wan bixwaze ku ji bajar\u00ean wek\u00ee Reqqa \u00fb D\u00eara Zor\u00ea veki\u015fin. Wek\u00ee din, piraniya nif\u00fbs \u00fb h\u00eaza le\u015fker\u00ee ya li vir ji e\u015f\u00eer\u00ean Ereb p\u00eak t\u00ea. Div\u00ea bi zelal\u00ee were gotin ku h\u00eaza ku van e\u015f\u00eeran li aliy\u00ea HSD\u00ea dih\u00eale Erebistana Si\u00fbd\u00eey\u00ea ye. Ger ew bixwaze veki\u015fe, ev h\u00eaz d\u00ea dev ji HSD\u00ea berdin. Div\u00ea R\u00eaveber\u00eeya Rojava niha ji bo v\u00ea yek\u00ea amade be.<\/span><\/h3>\n<h3 style=\"text-align: justify\"><span style=\"font-family: 'arial black', sans-serif;font-size: 18pt;color: #8c0707\">Ger PKKe dev Rojava bernede div\u00ea Rojava dev ji PKK\u00ea berde<\/span><\/h3>\n<h3 style=\"text-align: justify\"><span style=\"font-family: arial, helvetica, sans-serif\">\u015eer\u00ea Heleb\u00ea n\u00ee\u015fan da ku PKK\u00ea pergal\u00ean xwe y\u00ean xwer\u00eaveberiy\u00ea, xweparastin\u00ea \u00fb kanton\u00ean xwe winda kiriye. PKKe dixwaze t\u00eak\u00e7\u00fbna xwe ya li Bakur belav\u00ee Rojava bike. Bi rast\u00ee, PKKe niha dixwaze v\u00ea t\u00eak\u00e7\u00fbn\u00ea belav bike Rojhilat (Rojhilat\u00ea Kurdistan\u00ea) j\u00ee. Ger PKKe dev Rojava bernede div\u00ea Rojava dev ji PKK\u00ea berde.<\/span><\/h3>\n<h3 style=\"text-align: justify\"><span style=\"font-family: arial, helvetica, sans-serif\">Di dawiy\u00ea de, div\u00ea bir\u00een\u00ean Kurd\u00ean li Heleb\u00ea werin dermankirin. Weqfa al\u00eekariya Barzaniy\u00ea Nemir li xelk\u00ea ko\u00e7ber xwed\u00ee derkeve, l\u00ea ji n\u00fb ve avakirina tax\u00ean w\u00earankir\u00ee berpirsiyariya PKK\u00ea ye. Div\u00ea PKKe dergeh\u00ean \u200b\u200bxez\u00eeney\u00ean xwe y\u00ean bi milyar\u00ean dolar\u00ee ji bo xelk\u00ea Heleb\u00ea veke. 30 sal in xelk\u00ea Heleb \u00fb \u015e\u00eax Meqs\u00fbd\u00ea PKK\u00ea li ser pi\u015fta xwe dig\u00ear\u00eene. Wan zarok\u00ean xwe dan, wan al\u00eekar\u00ee dan, wan her c\u00fbre pi\u015ftgir\u00ee p\u00ea\u015fk\u00ea\u015f\u00ee PKK\u00ea kirin. Niha dora PKK\u00ea ye. Div\u00ea bi k\u00eaman\u00ee jiyana abor\u00ee ji hela PKK\u00ea ve were dab\u00eenkirin.<\/span><\/h3>\n<h3 style=\"text-align: justify\"><span style=\"font-family: arial, helvetica, sans-serif\">Rexney\u00ean me ne ji bo dijminatiy\u00ea ne. Berevaj\u00ee v\u00ea, em v\u00ea yek\u00ea dib\u00eajin da ku Rojavayek azad were afirandin. Em v\u00ea yek\u00ea dib\u00eajin da ku Rojava di bin serokatiya Mazl\u00fbm Ebd\u00ee de b\u00ea r\u00eavebirin.<\/span><\/h3>\n<h3 style=\"text-align: justify\"><span style=\"font-family: arial, helvetica, sans-serif\">Er\u00ea, her ti\u015ft neqediyaye. L\u00ea p\u00eadv\u00eeye ku Kurd ji her dem\u00ea b\u00eatir yekgirt\u00ee bin \u00fb bi stratej\u00eek\u00ee bifikirin.<\/span><\/h3>\n","protected":false},"excerpt":{"rendered":"<p>Pev\u00e7\u00fbn\u00ean ku di 7 \u00ea \u00c7iley\u00ea de li Heleb\u00ea li tax\u00ean E\u015frefiye \u00fb \u015e\u00eax Meqs\u00fbd dest p\u00ea kirin, bi daxuyaniyek\u00ea di saet\u00ean ser\u00ea sibeha roja 11 meh\u00ea de bi daw\u00ee b\u00fbn. Di \u00e7ar roj\u00ean \u015fer de, Kurd\u00ean li her du taxan ko\u00e7ber b\u00fbn \u00fb rast\u00ee \u00eari\u015f\u00ean hovane hatin. Kur \u00fb ke\u00e7\u00ean gel\u00ea Kurd li van [&hellip;]<\/p>\n","protected":false},"author":2,"featured_media":1051316,"comment_status":"closed","ping_status":"closed","sticky":false,"template":"","format":"standard","meta":{"footnotes":""},"categories":[68],"tags":[37],"class_list":["post-1051315","post","type-post","status-publish","format-standard","has-post-thumbnail","hentry","category-analiz","tag-sereke"],"blocksy_meta":[],"seo_head":"<!-- This site is optimized with the Yoast SEO plugin v27.5 - https:\/\/yoast.com\/product\/yoast-seo-wordpress\/ -->\n<title>Li ser Encam\u00ean Le\u015fker\u00ee \u00fb Siyas\u00ee y\u00ean Pev\u00e7\u00fbn\u00ean E\u015frefiye \u00fb \u015e\u00eax Meqs\u00fbd\u2026 - Darka Maz\u00ee<\/title>\n<meta name=\"robots\" content=\"index, follow, max-snippet:-1, max-image-preview:large, max-video-preview:-1\" \/>\n<link rel=\"canonical\" href=\"https:\/\/darkamazi.info\/archives\/1051315\" \/>\n<meta property=\"og:locale\" content=\"en_US\" \/>\n<meta property=\"og:type\" content=\"article\" \/>\n<meta property=\"og:title\" content=\"Li ser Encam\u00ean Le\u015fker\u00ee \u00fb Siyas\u00ee y\u00ean Pev\u00e7\u00fbn\u00ean E\u015frefiye \u00fb \u015e\u00eax Meqs\u00fbd\u2026 - Darka Maz\u00ee\" \/>\n<meta property=\"og:description\" content=\"Pev\u00e7\u00fbn\u00ean ku di 7 \u00ea \u00c7iley\u00ea de li Heleb\u00ea li tax\u00ean E\u015frefiye \u00fb \u015e\u00eax Meqs\u00fbd dest p\u00ea kirin, bi daxuyaniyek\u00ea di saet\u00ean ser\u00ea sibeha roja 11 meh\u00ea de bi daw\u00ee b\u00fbn. Di \u00e7ar roj\u00ean \u015fer de, Kurd\u00ean li her du taxan ko\u00e7ber b\u00fbn \u00fb rast\u00ee \u00eari\u015f\u00ean hovane hatin. Kur \u00fb ke\u00e7\u00ean gel\u00ea Kurd li van [&hellip;]\" \/>\n<meta property=\"og:url\" content=\"https:\/\/darkamazi.info\/archives\/1051315\" \/>\n<meta property=\"og:site_name\" content=\"Darka Maz\u00ee\" \/>\n<meta property=\"article:publisher\" content=\"https:\/\/www.facebook.com\/DarMaziKurmanci\" \/>\n<meta property=\"article:published_time\" content=\"2026-01-11T18:29:57+00:00\" \/>\n<meta property=\"article:modified_time\" content=\"2026-01-12T14:30:24+00:00\" \/>\n<meta property=\"og:image\" content=\"https:\/\/darkamazi.info\/file\/2026\/01\/koma-gorga-Info.jpg\" \/>\n\t<meta property=\"og:image:width\" content=\"900\" \/>\n\t<meta property=\"og:image:height\" content=\"497\" \/>\n\t<meta property=\"og:image:type\" content=\"image\/jpeg\" \/>\n<meta name=\"author\" content=\"darka mazi\" \/>\n<meta name=\"twitter:card\" content=\"summary_large_image\" \/>\n<meta name=\"twitter:creator\" content=\"@DarkaMaziLatini\" \/>\n<meta name=\"twitter:site\" content=\"@DarkaMaziLatini\" \/>\n<meta name=\"twitter:label1\" content=\"Written by\" \/>\n\t<meta name=\"twitter:data1\" content=\"darka mazi\" \/>\n\t<meta name=\"twitter:label2\" content=\"Est. reading time\" \/>\n\t<meta name=\"twitter:data2\" content=\"7 minutes\" \/>\n<script type=\"application\/ld+json\" class=\"seo-schema-graph\">{\"@context\":\"https:\\\/\\\/schema.org\",\"@graph\":[{\"@type\":\"Article\",\"@id\":\"https:\\\/\\\/darkamazi.info\\\/archives\\\/1051315#article\",\"isPartOf\":{\"@id\":\"https:\\\/\\\/darkamazi.info\\\/archives\\\/1051315\"},\"author\":{\"name\":\"darka mazi\",\"@id\":\"https:\\\/\\\/darkamazi.info\\\/#\\\/schema\\\/person\\\/5ad3e24553a0567993fa8ed4bd0a776c\"},\"headline\":\"Li ser Encam\u00ean Le\u015fker\u00ee \u00fb Siyas\u00ee y\u00ean Pev\u00e7\u00fbn\u00ean E\u015frefiye \u00fb \u015e\u00eax Meqs\u00fbd\u2026\",\"datePublished\":\"2026-01-11T18:29:57+00:00\",\"dateModified\":\"2026-01-12T14:30:24+00:00\",\"mainEntityOfPage\":{\"@id\":\"https:\\\/\\\/darkamazi.info\\\/archives\\\/1051315\"},\"wordCount\":1650,\"publisher\":{\"@id\":\"https:\\\/\\\/darkamazi.info\\\/#organization\"},\"image\":{\"@id\":\"https:\\\/\\\/darkamazi.info\\\/archives\\\/1051315#primaryimage\"},\"thumbnailUrl\":\"https:\\\/\\\/darkamazi.info\\\/darka-content\\\/uploads\\\/2026\\\/01\\\/koma-gorga-Info.jpg\",\"keywords\":[\"sereke\"],\"articleSection\":[\"Anal\u00eez\"],\"inLanguage\":\"en-US\"},{\"@type\":\"WebPage\",\"@id\":\"https:\\\/\\\/darkamazi.info\\\/archives\\\/1051315\",\"url\":\"https:\\\/\\\/darkamazi.info\\\/archives\\\/1051315\",\"name\":\"Li ser Encam\u00ean Le\u015fker\u00ee \u00fb Siyas\u00ee y\u00ean Pev\u00e7\u00fbn\u00ean E\u015frefiye \u00fb \u015e\u00eax Meqs\u00fbd\u2026 - Darka Maz\u00ee\",\"isPartOf\":{\"@id\":\"https:\\\/\\\/darkamazi.info\\\/#website\"},\"primaryImageOfPage\":{\"@id\":\"https:\\\/\\\/darkamazi.info\\\/archives\\\/1051315#primaryimage\"},\"image\":{\"@id\":\"https:\\\/\\\/darkamazi.info\\\/archives\\\/1051315#primaryimage\"},\"thumbnailUrl\":\"https:\\\/\\\/darkamazi.info\\\/darka-content\\\/uploads\\\/2026\\\/01\\\/koma-gorga-Info.jpg\",\"datePublished\":\"2026-01-11T18:29:57+00:00\",\"dateModified\":\"2026-01-12T14:30:24+00:00\",\"breadcrumb\":{\"@id\":\"https:\\\/\\\/darkamazi.info\\\/archives\\\/1051315#breadcrumb\"},\"inLanguage\":\"en-US\",\"potentialAction\":[{\"@type\":\"ReadAction\",\"target\":[\"https:\\\/\\\/darkamazi.info\\\/archives\\\/1051315\"]}]},{\"@type\":\"ImageObject\",\"inLanguage\":\"en-US\",\"@id\":\"https:\\\/\\\/darkamazi.info\\\/archives\\\/1051315#primaryimage\",\"url\":\"https:\\\/\\\/darkamazi.info\\\/darka-content\\\/uploads\\\/2026\\\/01\\\/koma-gorga-Info.jpg\",\"contentUrl\":\"https:\\\/\\\/darkamazi.info\\\/darka-content\\\/uploads\\\/2026\\\/01\\\/koma-gorga-Info.jpg\",\"width\":900,\"height\":497,\"caption\":\"koma-gorga-Net\"},{\"@type\":\"BreadcrumbList\",\"@id\":\"https:\\\/\\\/darkamazi.info\\\/archives\\\/1051315#breadcrumb\",\"itemListElement\":[{\"@type\":\"ListItem\",\"position\":1,\"name\":\"Home\",\"item\":\"https:\\\/\\\/darkamazi.info\\\/\"},{\"@type\":\"ListItem\",\"position\":2,\"name\":\"Li ser Encam\u00ean Le\u015fker\u00ee \u00fb Siyas\u00ee y\u00ean Pev\u00e7\u00fbn\u00ean E\u015frefiye \u00fb \u015e\u00eax Meqs\u00fbd\u2026\"}]},{\"@type\":\"WebSite\",\"@id\":\"https:\\\/\\\/darkamazi.info\\\/#website\",\"url\":\"https:\\\/\\\/darkamazi.info\\\/\",\"name\":\"Darka Maz\u00ee\",\"description\":\"P\u00eageha Zanyariy\u00ean Nebih\u00eest\u00ee\",\"publisher\":{\"@id\":\"https:\\\/\\\/darkamazi.info\\\/#organization\"},\"potentialAction\":[{\"@type\":\"SearchAction\",\"target\":{\"@type\":\"EntryPoint\",\"urlTemplate\":\"https:\\\/\\\/darkamazi.info\\\/?s={search_term_string}\"},\"query-input\":{\"@type\":\"PropertyValueSpecification\",\"valueRequired\":true,\"valueName\":\"search_term_string\"}}],\"inLanguage\":\"en-US\"},{\"@type\":\"Organization\",\"@id\":\"https:\\\/\\\/darkamazi.info\\\/#organization\",\"name\":\"Darka Maz\u00ee\",\"url\":\"https:\\\/\\\/darkamazi.info\\\/\",\"logo\":{\"@type\":\"ImageObject\",\"inLanguage\":\"en-US\",\"@id\":\"https:\\\/\\\/darkamazi.info\\\/#\\\/schema\\\/logo\\\/image\\\/\",\"url\":\"https:\\\/\\\/darkamazi.info\\\/darka-content\\\/uploads\\\/2017\\\/12\\\/darka-mazi-logo.png\",\"contentUrl\":\"https:\\\/\\\/darkamazi.info\\\/darka-content\\\/uploads\\\/2017\\\/12\\\/darka-mazi-logo.png\",\"width\":151,\"height\":75,\"caption\":\"Darka Maz\u00ee\"},\"image\":{\"@id\":\"https:\\\/\\\/darkamazi.info\\\/#\\\/schema\\\/logo\\\/image\\\/\"},\"sameAs\":[\"https:\\\/\\\/www.facebook.com\\\/DarMaziKurmanci\",\"https:\\\/\\\/x.com\\\/DarkaMaziLatini\",\"https:\\\/\\\/www.instagram.com\\\/darkamazi.kurmanci\\\/\",\"https:\\\/\\\/www.youtube.com\\\/channel\\\/UCa5HkTdmI8U1qCUFuTw8B2g\"]},{\"@type\":\"Person\",\"@id\":\"https:\\\/\\\/darkamazi.info\\\/#\\\/schema\\\/person\\\/5ad3e24553a0567993fa8ed4bd0a776c\",\"name\":\"darka mazi\",\"sameAs\":[\"https:\\\/\\\/darkamazi.info\\\/\"],\"url\":\"https:\\\/\\\/darkamazi.info\\\/archives\\\/author\\\/kurdi\"}]}<\/script>\n<!-- \/ Yoast SEO plugin. -->","seo_head_json":{"title":"Li ser Encam\u00ean Le\u015fker\u00ee \u00fb Siyas\u00ee y\u00ean Pev\u00e7\u00fbn\u00ean E\u015frefiye \u00fb \u015e\u00eax Meqs\u00fbd\u2026 - Darka Maz\u00ee","robots":{"index":"index","follow":"follow","max-snippet":"max-snippet:-1","max-image-preview":"max-image-preview:large","max-video-preview":"max-video-preview:-1"},"canonical":"https:\/\/darkamazi.info\/archives\/1051315","og_locale":"en_US","og_type":"article","og_title":"Li ser Encam\u00ean Le\u015fker\u00ee \u00fb Siyas\u00ee y\u00ean Pev\u00e7\u00fbn\u00ean E\u015frefiye \u00fb \u015e\u00eax Meqs\u00fbd\u2026 - Darka Maz\u00ee","og_description":"Pev\u00e7\u00fbn\u00ean ku di 7 \u00ea \u00c7iley\u00ea de li Heleb\u00ea li tax\u00ean E\u015frefiye \u00fb \u015e\u00eax Meqs\u00fbd dest p\u00ea kirin, bi daxuyaniyek\u00ea di saet\u00ean ser\u00ea sibeha roja 11 meh\u00ea de bi daw\u00ee b\u00fbn. Di \u00e7ar roj\u00ean \u015fer de, Kurd\u00ean li her du taxan ko\u00e7ber b\u00fbn \u00fb rast\u00ee \u00eari\u015f\u00ean hovane hatin. Kur \u00fb ke\u00e7\u00ean gel\u00ea Kurd li van [&hellip;]","og_url":"https:\/\/darkamazi.info\/archives\/1051315","og_site_name":"Darka Maz\u00ee","article_publisher":"https:\/\/www.facebook.com\/DarMaziKurmanci","article_published_time":"2026-01-11T18:29:57+00:00","article_modified_time":"2026-01-12T14:30:24+00:00","og_image":[{"width":900,"height":497,"url":"https:\/\/darkamazi.info\/file\/2026\/01\/koma-gorga-Info.jpg","type":"image\/jpeg"}],"author":"darka mazi","twitter_card":"summary_large_image","twitter_creator":"@DarkaMaziLatini","twitter_site":"@DarkaMaziLatini","twitter_misc":{"Written by":"darka mazi","Est. reading time":"7 minutes"},"schema":{"@context":"https:\/\/schema.org","@graph":[{"@type":"Article","@id":"https:\/\/darkamazi.info\/archives\/1051315#article","isPartOf":{"@id":"https:\/\/darkamazi.info\/archives\/1051315"},"author":{"name":"darka mazi","@id":"https:\/\/darkamazi.info\/#\/schema\/person\/5ad3e24553a0567993fa8ed4bd0a776c"},"headline":"Li ser Encam\u00ean Le\u015fker\u00ee \u00fb Siyas\u00ee y\u00ean Pev\u00e7\u00fbn\u00ean E\u015frefiye \u00fb \u015e\u00eax Meqs\u00fbd\u2026","datePublished":"2026-01-11T18:29:57+00:00","dateModified":"2026-01-12T14:30:24+00:00","mainEntityOfPage":{"@id":"https:\/\/darkamazi.info\/archives\/1051315"},"wordCount":1650,"publisher":{"@id":"https:\/\/darkamazi.info\/#organization"},"image":{"@id":"https:\/\/darkamazi.info\/archives\/1051315#primaryimage"},"thumbnailUrl":"https:\/\/darkamazi.info\/file\/2026\/01\/koma-gorga-Info.jpg","keywords":["sereke"],"articleSection":["Anal\u00eez"],"inLanguage":"en-US"},{"@type":"WebPage","@id":"https:\/\/darkamazi.info\/archives\/1051315","url":"https:\/\/darkamazi.info\/archives\/1051315","name":"Li ser Encam\u00ean Le\u015fker\u00ee \u00fb Siyas\u00ee y\u00ean Pev\u00e7\u00fbn\u00ean E\u015frefiye \u00fb \u015e\u00eax Meqs\u00fbd\u2026 - Darka Maz\u00ee","isPartOf":{"@id":"https:\/\/darkamazi.info\/#website"},"primaryImageOfPage":{"@id":"https:\/\/darkamazi.info\/archives\/1051315#primaryimage"},"image":{"@id":"https:\/\/darkamazi.info\/archives\/1051315#primaryimage"},"thumbnailUrl":"https:\/\/darkamazi.info\/file\/2026\/01\/koma-gorga-Info.jpg","datePublished":"2026-01-11T18:29:57+00:00","dateModified":"2026-01-12T14:30:24+00:00","breadcrumb":{"@id":"https:\/\/darkamazi.info\/archives\/1051315#breadcrumb"},"inLanguage":"en-US","potentialAction":[{"@type":"ReadAction","target":["https:\/\/darkamazi.info\/archives\/1051315"]}]},{"@type":"ImageObject","inLanguage":"en-US","@id":"https:\/\/darkamazi.info\/archives\/1051315#primaryimage","url":"https:\/\/darkamazi.info\/file\/2026\/01\/koma-gorga-Info.jpg","contentUrl":"https:\/\/darkamazi.info\/file\/2026\/01\/koma-gorga-Info.jpg","width":900,"height":497,"caption":"koma-gorga-Net"},{"@type":"BreadcrumbList","@id":"https:\/\/darkamazi.info\/archives\/1051315#breadcrumb","itemListElement":[{"@type":"ListItem","position":1,"name":"Home","item":"https:\/\/darkamazi.info\/"},{"@type":"ListItem","position":2,"name":"Li ser Encam\u00ean Le\u015fker\u00ee \u00fb Siyas\u00ee y\u00ean Pev\u00e7\u00fbn\u00ean E\u015frefiye \u00fb \u015e\u00eax Meqs\u00fbd\u2026"}]},{"@type":"WebSite","@id":"https:\/\/darkamazi.info\/#website","url":"https:\/\/darkamazi.info\/","name":"Darka Maz\u00ee","description":"P\u00eageha Zanyariy\u00ean Nebih\u00eest\u00ee","publisher":{"@id":"https:\/\/darkamazi.info\/#organization"},"potentialAction":[{"@type":"SearchAction","target":{"@type":"EntryPoint","urlTemplate":"https:\/\/darkamazi.info\/?s={search_term_string}"},"query-input":{"@type":"PropertyValueSpecification","valueRequired":true,"valueName":"search_term_string"}}],"inLanguage":"en-US"},{"@type":"Organization","@id":"https:\/\/darkamazi.info\/#organization","name":"Darka Maz\u00ee","url":"https:\/\/darkamazi.info\/","logo":{"@type":"ImageObject","inLanguage":"en-US","@id":"https:\/\/darkamazi.info\/#\/schema\/logo\/image\/","url":"https:\/\/darkamazi.info\/file\/2017\/12\/darka-mazi-logo.png","contentUrl":"https:\/\/darkamazi.info\/file\/2017\/12\/darka-mazi-logo.png","width":151,"height":75,"caption":"Darka Maz\u00ee"},"image":{"@id":"https:\/\/darkamazi.info\/#\/schema\/logo\/image\/"},"sameAs":["https:\/\/www.facebook.com\/DarMaziKurmanci","https:\/\/x.com\/DarkaMaziLatini","https:\/\/www.instagram.com\/darkamazi.kurmanci\/","https:\/\/www.youtube.com\/channel\/UCa5HkTdmI8U1qCUFuTw8B2g"]},{"@type":"Person","@id":"https:\/\/darkamazi.info\/#\/schema\/person\/5ad3e24553a0567993fa8ed4bd0a776c","name":"darka mazi","sameAs":["https:\/\/darkamazi.info\/"],"url":"https:\/\/darkamazi.info\/archives\/author\/kurdi"}]}},"_links":{"self":[{"href":"https:\/\/darkamazi.info\/funavuv\/wp\/v2\/posts\/1051315","targetHints":{"allow":["GET"]}}],"collection":[{"href":"https:\/\/darkamazi.info\/funavuv\/wp\/v2\/posts"}],"about":[{"href":"https:\/\/darkamazi.info\/funavuv\/wp\/v2\/types\/post"}],"author":[{"embeddable":true,"href":"https:\/\/darkamazi.info\/funavuv\/wp\/v2\/users\/2"}],"replies":[{"embeddable":true,"href":"https:\/\/darkamazi.info\/funavuv\/wp\/v2\/comments?post=1051315"}],"version-history":[{"count":0,"href":"https:\/\/darkamazi.info\/funavuv\/wp\/v2\/posts\/1051315\/revisions"}],"wp:featuredmedia":[{"embeddable":true,"href":"https:\/\/darkamazi.info\/funavuv\/wp\/v2\/media\/1051316"}],"wp:attachment":[{"href":"https:\/\/darkamazi.info\/funavuv\/wp\/v2\/media?parent=1051315"}],"wp:term":[{"taxonomy":"category","embeddable":true,"href":"https:\/\/darkamazi.info\/funavuv\/wp\/v2\/categories?post=1051315"},{"taxonomy":"post_tag","embeddable":true,"href":"https:\/\/darkamazi.info\/funavuv\/wp\/v2\/tags?post=1051315"}],"curies":[{"name":"wp","href":"https:\/\/api.w.org\/{rel}","templated":true}]}}