{"id":1051327,"date":"2026-01-12T18:38:04","date_gmt":"2026-01-12T15:38:04","guid":{"rendered":"https:\/\/darkamazi.info\/?p=1051327"},"modified":"2026-01-12T18:38:04","modified_gmt":"2026-01-12T15:38:04","slug":"konfederasyona-diyasporaya-kurdistani-u-dezgeha-barzani-ya-xerxwaziye-bangeka-neteweyi-ragihand","status":"publish","type":"post","link":"https:\/\/darkamazi.info\/archives\/1051327","title":{"rendered":"Konfederasyona Diyasporaya Kurdistan\u00ee \u00fb Dezgeha Barzan\u00ee ya X\u00earxwaziy\u00ea bangeka netewey\u00ee ragihand"},"content":{"rendered":"<h3 style=\"text-align: justify\"><span style=\"font-family: 'arial black', sans-serif\">Konfederasyona Diyasporaya Kurdistan\u00ee, bi merema r\u00fbbir\u00fbb\u00fbna w\u00ea rew\u015fa mirov\u00ee ya dijwar a ku niha li Efr\u00een\u00ea \u00e7\u00ea b\u00fbye, bangeka lezg\u00een arastey\u00ee hem\u00ee x\u00earxwazan \u00fb Diyasporaya Kurdistan\u00ee li seranser\u00ee c\u00eehan\u00ea dike, da ku bi r\u00eaya Dezgeha Barzan\u00ee ya X\u00earxwaziy\u00ea al\u00eekariy\u00ean xwe y\u00ean mirov\u00ee bigih\u00eenin l\u00eaqewimiyan \u00fb awarey\u00ean w\u00ea dever\u00ea.<\/span><\/h3>\n<h3 style=\"text-align: justify\"><span style=\"font-family: arial, helvetica, sans-serif\">Ev banga Konfederasyona Diyasporaya Kurdistan\u00ee di demek\u00ea de ye ku, xelk\u00ea Efr\u00een\u00ea ji ber sermaya dijwar \u00fb hatina hejmareka mezin a malbat\u00ean aware di rew\u015feka mirov\u00ee ya pir dijwar de dij\u00een, bi rengek\u00ee ku hewcedar\u00ee ji \u015fiyana bersivdana hey\u00ee derbaz b\u00fbye.<\/span><\/h3>\n<h3 style=\"text-align: justify\"><span style=\"font-family: arial, helvetica, sans-serif\">Di v\u00ea \u00e7ar\u00e7ovey\u00ea de, Dezgeha Barzan\u00ee ya X\u00earxwaziy\u00ea li Efr\u00een \u00fb Heleb\u00ea roleka p\u00ea\u015feng \u00fb sereke di p\u00ea\u015fk\u00ea\u015fkirina al\u00eekariyan de dil\u00eeze \u00fb li dever\u00ea wek\u00ee pi\u015ftgireka rast\u00een a malbat\u00ean zirard\u00eet\u00ee ye.<\/span><\/h3>\n<h3 style=\"text-align: justify\"><span style=\"font-family: arial, helvetica, sans-serif\">Konfederasyona navbir\u00ee tekez\u00ea li ser w\u00ea yek\u00ea j\u00ee dike ku, ar\u00ea\u015feya niha ya Efr\u00een\u00ea ber\u00ee ku aliy\u00ean le\u015fker\u00ee an siyas\u00ee hebin, pirseka mirov\u00ee ye \u00fb ji bo biserxistina bizav\u00ean al\u00eekar \u00ean niha p\u00eadiv\u00eet\u00ee bi berpirsyar\u00eetiyeka gi\u015ft\u00ee heye.<\/span><\/h3>\n<h3 style=\"text-align: justify\"><span style=\"font-family: arial, helvetica, sans-serif\">Ji bo v\u00ea merem\u00ea j\u00ee, Konfederasyona Diyasporaya Kurdistan\u00ee bang li hemiyan dike ku bi r\u00eaya ferm\u00ee pi\u015ftgiriy\u00ea bidin Dezgeha Barzan\u00ee ya X\u00earxwaziy\u00ea. Bang li medyay\u00ea j\u00ee dike ku, hejmar\u00ean hesab\u00ean xwe y\u00ean bankan belav bikin da ku her\u00ee z\u00eade kes bikarin tevl\u00ee v\u00ee erk\u00ea netewey\u00ee bibin.<\/span><\/h3>\n<h3 style=\"text-align: justify\"><span style=\"font-family: arial, helvetica, sans-serif\">Ew konfederasyon tekez j\u00ee dike ku, gihandina v\u00ea bang\u00ea ji bo hem\u00ee aliyan li hember \u00ea\u015f\u00ean gel\u00ea me helwesteka zelal e \u00fb ji bo berdewamiya kar\u00ean mirov\u00ee bingeheka sereke ye, ji ber ku niha dema kiryaran e \u00fb parastina jiyana welatiyan berpirsiyariyeka hevpar a hemiyan e.<\/span><\/h3>\n<h3 style=\"text-align: justify\"><span style=\"font-family: arial, helvetica, sans-serif\">Ev bizav di demek\u00ea de ye ku, Diyasporaya Kurdistan\u00ee her car wek\u00ee h\u00eazeka zind\u00ee di dem\u00ean nexwest\u00ee de pi\u015ftgir\u00ee daye l\u00eaqewimiy\u00ean par\u00e7ey\u00ean Kurdistan\u00ea \u00fb ev kampanyaya n\u00fb j\u00ee temamkera v\u00ee karwan\u00ea mirov\u00ee ye.<\/span><\/h3>\n","protected":false},"excerpt":{"rendered":"<p>Konfederasyona Diyasporaya Kurdistan\u00ee, bi merema r\u00fbbir\u00fbb\u00fbna w\u00ea rew\u015fa mirov\u00ee ya dijwar a ku niha li Efr\u00een\u00ea \u00e7\u00ea b\u00fbye, bangeka lezg\u00een arastey\u00ee hem\u00ee x\u00earxwazan \u00fb Diyasporaya Kurdistan\u00ee li seranser\u00ee c\u00eehan\u00ea dike, da ku bi r\u00eaya Dezgeha Barzan\u00ee ya X\u00earxwaziy\u00ea al\u00eekariy\u00ean xwe y\u00ean mirov\u00ee bigih\u00eenin l\u00eaqewimiyan \u00fb awarey\u00ean w\u00ea dever\u00ea. Ev banga Konfederasyona Diyasporaya Kurdistan\u00ee di demek\u00ea [&hellip;]<\/p>\n","protected":false},"author":2,"featured_media":1051328,"comment_status":"closed","ping_status":"closed","sticky":false,"template":"","format":"standard","meta":{"footnotes":""},"categories":[29],"tags":[37],"class_list":["post-1051327","post","type-post","status-publish","format-standard","has-post-thumbnail","hentry","category-kurdistan","tag-sereke"],"blocksy_meta":[],"seo_head":"<!-- This site is optimized with the Yoast SEO plugin v27.5 - https:\/\/yoast.com\/product\/yoast-seo-wordpress\/ -->\n<title>Konfederasyona Diyasporaya Kurdistan\u00ee \u00fb Dezgeha Barzan\u00ee ya X\u00earxwaziy\u00ea bangeka netewey\u00ee ragihand - Darka Maz\u00ee<\/title>\n<meta name=\"robots\" content=\"index, follow, max-snippet:-1, max-image-preview:large, max-video-preview:-1\" \/>\n<link rel=\"canonical\" href=\"https:\/\/darkamazi.info\/archives\/1051327\" \/>\n<meta property=\"og:locale\" content=\"en_US\" \/>\n<meta property=\"og:type\" content=\"article\" \/>\n<meta property=\"og:title\" content=\"Konfederasyona Diyasporaya Kurdistan\u00ee \u00fb Dezgeha Barzan\u00ee ya X\u00earxwaziy\u00ea bangeka netewey\u00ee ragihand - Darka Maz\u00ee\" \/>\n<meta property=\"og:description\" content=\"Konfederasyona Diyasporaya Kurdistan\u00ee, bi merema r\u00fbbir\u00fbb\u00fbna w\u00ea rew\u015fa mirov\u00ee ya dijwar a ku niha li Efr\u00een\u00ea \u00e7\u00ea b\u00fbye, bangeka lezg\u00een arastey\u00ee hem\u00ee x\u00earxwazan \u00fb Diyasporaya Kurdistan\u00ee li seranser\u00ee c\u00eehan\u00ea dike, da ku bi r\u00eaya Dezgeha Barzan\u00ee ya X\u00earxwaziy\u00ea al\u00eekariy\u00ean xwe y\u00ean mirov\u00ee bigih\u00eenin l\u00eaqewimiyan \u00fb awarey\u00ean w\u00ea dever\u00ea. Ev banga Konfederasyona Diyasporaya Kurdistan\u00ee di demek\u00ea [&hellip;]\" \/>\n<meta property=\"og:url\" content=\"https:\/\/darkamazi.info\/archives\/1051327\" \/>\n<meta property=\"og:site_name\" content=\"Darka Maz\u00ee\" \/>\n<meta property=\"article:publisher\" content=\"https:\/\/www.facebook.com\/DarMaziKurmanci\" \/>\n<meta property=\"article:published_time\" content=\"2026-01-12T15:38:04+00:00\" \/>\n<meta property=\"og:image\" content=\"https:\/\/darkamazi.info\/file\/2026\/01\/Konfederasyona-Diyasporaya-Kurdistani-u-Dezgeha-Barzani.jpg\" \/>\n\t<meta property=\"og:image:width\" content=\"900\" \/>\n\t<meta property=\"og:image:height\" content=\"500\" \/>\n\t<meta property=\"og:image:type\" content=\"image\/jpeg\" \/>\n<meta name=\"author\" content=\"darka mazi\" \/>\n<meta name=\"twitter:card\" content=\"summary_large_image\" \/>\n<meta name=\"twitter:creator\" content=\"@DarkaMaziLatini\" \/>\n<meta name=\"twitter:site\" content=\"@DarkaMaziLatini\" \/>\n<meta name=\"twitter:label1\" content=\"Written by\" \/>\n\t<meta name=\"twitter:data1\" content=\"darka mazi\" \/>\n\t<meta name=\"twitter:label2\" content=\"Est. reading time\" \/>\n\t<meta name=\"twitter:data2\" content=\"2 minutes\" \/>\n<script type=\"application\/ld+json\" class=\"seo-schema-graph\">{\"@context\":\"https:\\\/\\\/schema.org\",\"@graph\":[{\"@type\":\"Article\",\"@id\":\"https:\\\/\\\/darkamazi.info\\\/archives\\\/1051327#article\",\"isPartOf\":{\"@id\":\"https:\\\/\\\/darkamazi.info\\\/archives\\\/1051327\"},\"author\":{\"name\":\"darka mazi\",\"@id\":\"https:\\\/\\\/darkamazi.info\\\/#\\\/schema\\\/person\\\/5ad3e24553a0567993fa8ed4bd0a776c\"},\"headline\":\"Konfederasyona Diyasporaya Kurdistan\u00ee \u00fb Dezgeha Barzan\u00ee ya X\u00earxwaziy\u00ea bangeka netewey\u00ee ragihand\",\"datePublished\":\"2026-01-12T15:38:04+00:00\",\"mainEntityOfPage\":{\"@id\":\"https:\\\/\\\/darkamazi.info\\\/archives\\\/1051327\"},\"wordCount\":341,\"publisher\":{\"@id\":\"https:\\\/\\\/darkamazi.info\\\/#organization\"},\"image\":{\"@id\":\"https:\\\/\\\/darkamazi.info\\\/archives\\\/1051327#primaryimage\"},\"thumbnailUrl\":\"https:\\\/\\\/darkamazi.info\\\/darka-content\\\/uploads\\\/2026\\\/01\\\/Konfederasyona-Diyasporaya-Kurdistani-u-Dezgeha-Barzani.jpg\",\"keywords\":[\"sereke\"],\"articleSection\":[\"Kurdistan\"],\"inLanguage\":\"en-US\"},{\"@type\":\"WebPage\",\"@id\":\"https:\\\/\\\/darkamazi.info\\\/archives\\\/1051327\",\"url\":\"https:\\\/\\\/darkamazi.info\\\/archives\\\/1051327\",\"name\":\"Konfederasyona Diyasporaya Kurdistan\u00ee \u00fb Dezgeha Barzan\u00ee ya X\u00earxwaziy\u00ea bangeka netewey\u00ee ragihand - Darka Maz\u00ee\",\"isPartOf\":{\"@id\":\"https:\\\/\\\/darkamazi.info\\\/#website\"},\"primaryImageOfPage\":{\"@id\":\"https:\\\/\\\/darkamazi.info\\\/archives\\\/1051327#primaryimage\"},\"image\":{\"@id\":\"https:\\\/\\\/darkamazi.info\\\/archives\\\/1051327#primaryimage\"},\"thumbnailUrl\":\"https:\\\/\\\/darkamazi.info\\\/darka-content\\\/uploads\\\/2026\\\/01\\\/Konfederasyona-Diyasporaya-Kurdistani-u-Dezgeha-Barzani.jpg\",\"datePublished\":\"2026-01-12T15:38:04+00:00\",\"breadcrumb\":{\"@id\":\"https:\\\/\\\/darkamazi.info\\\/archives\\\/1051327#breadcrumb\"},\"inLanguage\":\"en-US\",\"potentialAction\":[{\"@type\":\"ReadAction\",\"target\":[\"https:\\\/\\\/darkamazi.info\\\/archives\\\/1051327\"]}]},{\"@type\":\"ImageObject\",\"inLanguage\":\"en-US\",\"@id\":\"https:\\\/\\\/darkamazi.info\\\/archives\\\/1051327#primaryimage\",\"url\":\"https:\\\/\\\/darkamazi.info\\\/darka-content\\\/uploads\\\/2026\\\/01\\\/Konfederasyona-Diyasporaya-Kurdistani-u-Dezgeha-Barzani.jpg\",\"contentUrl\":\"https:\\\/\\\/darkamazi.info\\\/darka-content\\\/uploads\\\/2026\\\/01\\\/Konfederasyona-Diyasporaya-Kurdistani-u-Dezgeha-Barzani.jpg\",\"width\":900,\"height\":500,\"caption\":\"Konfederasyona Diyasporaya Kurdistan\u00ee \u00fb Dezgeha Barzan\u00ee\"},{\"@type\":\"BreadcrumbList\",\"@id\":\"https:\\\/\\\/darkamazi.info\\\/archives\\\/1051327#breadcrumb\",\"itemListElement\":[{\"@type\":\"ListItem\",\"position\":1,\"name\":\"Home\",\"item\":\"https:\\\/\\\/darkamazi.info\\\/\"},{\"@type\":\"ListItem\",\"position\":2,\"name\":\"Konfederasyona Diyasporaya Kurdistan\u00ee \u00fb Dezgeha Barzan\u00ee ya X\u00earxwaziy\u00ea bangeka netewey\u00ee ragihand\"}]},{\"@type\":\"WebSite\",\"@id\":\"https:\\\/\\\/darkamazi.info\\\/#website\",\"url\":\"https:\\\/\\\/darkamazi.info\\\/\",\"name\":\"Darka Maz\u00ee\",\"description\":\"P\u00eageha Zanyariy\u00ean Nebih\u00eest\u00ee\",\"publisher\":{\"@id\":\"https:\\\/\\\/darkamazi.info\\\/#organization\"},\"potentialAction\":[{\"@type\":\"SearchAction\",\"target\":{\"@type\":\"EntryPoint\",\"urlTemplate\":\"https:\\\/\\\/darkamazi.info\\\/?s={search_term_string}\"},\"query-input\":{\"@type\":\"PropertyValueSpecification\",\"valueRequired\":true,\"valueName\":\"search_term_string\"}}],\"inLanguage\":\"en-US\"},{\"@type\":\"Organization\",\"@id\":\"https:\\\/\\\/darkamazi.info\\\/#organization\",\"name\":\"Darka Maz\u00ee\",\"url\":\"https:\\\/\\\/darkamazi.info\\\/\",\"logo\":{\"@type\":\"ImageObject\",\"inLanguage\":\"en-US\",\"@id\":\"https:\\\/\\\/darkamazi.info\\\/#\\\/schema\\\/logo\\\/image\\\/\",\"url\":\"https:\\\/\\\/darkamazi.info\\\/darka-content\\\/uploads\\\/2017\\\/12\\\/darka-mazi-logo.png\",\"contentUrl\":\"https:\\\/\\\/darkamazi.info\\\/darka-content\\\/uploads\\\/2017\\\/12\\\/darka-mazi-logo.png\",\"width\":151,\"height\":75,\"caption\":\"Darka Maz\u00ee\"},\"image\":{\"@id\":\"https:\\\/\\\/darkamazi.info\\\/#\\\/schema\\\/logo\\\/image\\\/\"},\"sameAs\":[\"https:\\\/\\\/www.facebook.com\\\/DarMaziKurmanci\",\"https:\\\/\\\/x.com\\\/DarkaMaziLatini\",\"https:\\\/\\\/www.instagram.com\\\/darkamazi.kurmanci\\\/\",\"https:\\\/\\\/www.youtube.com\\\/channel\\\/UCa5HkTdmI8U1qCUFuTw8B2g\"]},{\"@type\":\"Person\",\"@id\":\"https:\\\/\\\/darkamazi.info\\\/#\\\/schema\\\/person\\\/5ad3e24553a0567993fa8ed4bd0a776c\",\"name\":\"darka mazi\",\"sameAs\":[\"https:\\\/\\\/darkamazi.info\\\/\"],\"url\":\"https:\\\/\\\/darkamazi.info\\\/archives\\\/author\\\/kurdi\"}]}<\/script>\n<!-- \/ Yoast SEO plugin. -->","seo_head_json":{"title":"Konfederasyona Diyasporaya Kurdistan\u00ee \u00fb Dezgeha Barzan\u00ee ya X\u00earxwaziy\u00ea bangeka netewey\u00ee ragihand - Darka Maz\u00ee","robots":{"index":"index","follow":"follow","max-snippet":"max-snippet:-1","max-image-preview":"max-image-preview:large","max-video-preview":"max-video-preview:-1"},"canonical":"https:\/\/darkamazi.info\/archives\/1051327","og_locale":"en_US","og_type":"article","og_title":"Konfederasyona Diyasporaya Kurdistan\u00ee \u00fb Dezgeha Barzan\u00ee ya X\u00earxwaziy\u00ea bangeka netewey\u00ee ragihand - Darka Maz\u00ee","og_description":"Konfederasyona Diyasporaya Kurdistan\u00ee, bi merema r\u00fbbir\u00fbb\u00fbna w\u00ea rew\u015fa mirov\u00ee ya dijwar a ku niha li Efr\u00een\u00ea \u00e7\u00ea b\u00fbye, bangeka lezg\u00een arastey\u00ee hem\u00ee x\u00earxwazan \u00fb Diyasporaya Kurdistan\u00ee li seranser\u00ee c\u00eehan\u00ea dike, da ku bi r\u00eaya Dezgeha Barzan\u00ee ya X\u00earxwaziy\u00ea al\u00eekariy\u00ean xwe y\u00ean mirov\u00ee bigih\u00eenin l\u00eaqewimiyan \u00fb awarey\u00ean w\u00ea dever\u00ea. Ev banga Konfederasyona Diyasporaya Kurdistan\u00ee di demek\u00ea [&hellip;]","og_url":"https:\/\/darkamazi.info\/archives\/1051327","og_site_name":"Darka Maz\u00ee","article_publisher":"https:\/\/www.facebook.com\/DarMaziKurmanci","article_published_time":"2026-01-12T15:38:04+00:00","og_image":[{"width":900,"height":500,"url":"https:\/\/darkamazi.info\/file\/2026\/01\/Konfederasyona-Diyasporaya-Kurdistani-u-Dezgeha-Barzani.jpg","type":"image\/jpeg"}],"author":"darka mazi","twitter_card":"summary_large_image","twitter_creator":"@DarkaMaziLatini","twitter_site":"@DarkaMaziLatini","twitter_misc":{"Written by":"darka mazi","Est. reading time":"2 minutes"},"schema":{"@context":"https:\/\/schema.org","@graph":[{"@type":"Article","@id":"https:\/\/darkamazi.info\/archives\/1051327#article","isPartOf":{"@id":"https:\/\/darkamazi.info\/archives\/1051327"},"author":{"name":"darka mazi","@id":"https:\/\/darkamazi.info\/#\/schema\/person\/5ad3e24553a0567993fa8ed4bd0a776c"},"headline":"Konfederasyona Diyasporaya Kurdistan\u00ee \u00fb Dezgeha Barzan\u00ee ya X\u00earxwaziy\u00ea bangeka netewey\u00ee ragihand","datePublished":"2026-01-12T15:38:04+00:00","mainEntityOfPage":{"@id":"https:\/\/darkamazi.info\/archives\/1051327"},"wordCount":341,"publisher":{"@id":"https:\/\/darkamazi.info\/#organization"},"image":{"@id":"https:\/\/darkamazi.info\/archives\/1051327#primaryimage"},"thumbnailUrl":"https:\/\/darkamazi.info\/file\/2026\/01\/Konfederasyona-Diyasporaya-Kurdistani-u-Dezgeha-Barzani.jpg","keywords":["sereke"],"articleSection":["Kurdistan"],"inLanguage":"en-US"},{"@type":"WebPage","@id":"https:\/\/darkamazi.info\/archives\/1051327","url":"https:\/\/darkamazi.info\/archives\/1051327","name":"Konfederasyona Diyasporaya Kurdistan\u00ee \u00fb Dezgeha Barzan\u00ee ya X\u00earxwaziy\u00ea bangeka netewey\u00ee ragihand - Darka Maz\u00ee","isPartOf":{"@id":"https:\/\/darkamazi.info\/#website"},"primaryImageOfPage":{"@id":"https:\/\/darkamazi.info\/archives\/1051327#primaryimage"},"image":{"@id":"https:\/\/darkamazi.info\/archives\/1051327#primaryimage"},"thumbnailUrl":"https:\/\/darkamazi.info\/file\/2026\/01\/Konfederasyona-Diyasporaya-Kurdistani-u-Dezgeha-Barzani.jpg","datePublished":"2026-01-12T15:38:04+00:00","breadcrumb":{"@id":"https:\/\/darkamazi.info\/archives\/1051327#breadcrumb"},"inLanguage":"en-US","potentialAction":[{"@type":"ReadAction","target":["https:\/\/darkamazi.info\/archives\/1051327"]}]},{"@type":"ImageObject","inLanguage":"en-US","@id":"https:\/\/darkamazi.info\/archives\/1051327#primaryimage","url":"https:\/\/darkamazi.info\/file\/2026\/01\/Konfederasyona-Diyasporaya-Kurdistani-u-Dezgeha-Barzani.jpg","contentUrl":"https:\/\/darkamazi.info\/file\/2026\/01\/Konfederasyona-Diyasporaya-Kurdistani-u-Dezgeha-Barzani.jpg","width":900,"height":500,"caption":"Konfederasyona Diyasporaya Kurdistan\u00ee \u00fb Dezgeha Barzan\u00ee"},{"@type":"BreadcrumbList","@id":"https:\/\/darkamazi.info\/archives\/1051327#breadcrumb","itemListElement":[{"@type":"ListItem","position":1,"name":"Home","item":"https:\/\/darkamazi.info\/"},{"@type":"ListItem","position":2,"name":"Konfederasyona Diyasporaya Kurdistan\u00ee \u00fb Dezgeha Barzan\u00ee ya X\u00earxwaziy\u00ea bangeka netewey\u00ee ragihand"}]},{"@type":"WebSite","@id":"https:\/\/darkamazi.info\/#website","url":"https:\/\/darkamazi.info\/","name":"Darka Maz\u00ee","description":"P\u00eageha Zanyariy\u00ean Nebih\u00eest\u00ee","publisher":{"@id":"https:\/\/darkamazi.info\/#organization"},"potentialAction":[{"@type":"SearchAction","target":{"@type":"EntryPoint","urlTemplate":"https:\/\/darkamazi.info\/?s={search_term_string}"},"query-input":{"@type":"PropertyValueSpecification","valueRequired":true,"valueName":"search_term_string"}}],"inLanguage":"en-US"},{"@type":"Organization","@id":"https:\/\/darkamazi.info\/#organization","name":"Darka Maz\u00ee","url":"https:\/\/darkamazi.info\/","logo":{"@type":"ImageObject","inLanguage":"en-US","@id":"https:\/\/darkamazi.info\/#\/schema\/logo\/image\/","url":"https:\/\/darkamazi.info\/file\/2017\/12\/darka-mazi-logo.png","contentUrl":"https:\/\/darkamazi.info\/file\/2017\/12\/darka-mazi-logo.png","width":151,"height":75,"caption":"Darka Maz\u00ee"},"image":{"@id":"https:\/\/darkamazi.info\/#\/schema\/logo\/image\/"},"sameAs":["https:\/\/www.facebook.com\/DarMaziKurmanci","https:\/\/x.com\/DarkaMaziLatini","https:\/\/www.instagram.com\/darkamazi.kurmanci\/","https:\/\/www.youtube.com\/channel\/UCa5HkTdmI8U1qCUFuTw8B2g"]},{"@type":"Person","@id":"https:\/\/darkamazi.info\/#\/schema\/person\/5ad3e24553a0567993fa8ed4bd0a776c","name":"darka mazi","sameAs":["https:\/\/darkamazi.info\/"],"url":"https:\/\/darkamazi.info\/archives\/author\/kurdi"}]}},"_links":{"self":[{"href":"https:\/\/darkamazi.info\/funavuv\/wp\/v2\/posts\/1051327","targetHints":{"allow":["GET"]}}],"collection":[{"href":"https:\/\/darkamazi.info\/funavuv\/wp\/v2\/posts"}],"about":[{"href":"https:\/\/darkamazi.info\/funavuv\/wp\/v2\/types\/post"}],"author":[{"embeddable":true,"href":"https:\/\/darkamazi.info\/funavuv\/wp\/v2\/users\/2"}],"replies":[{"embeddable":true,"href":"https:\/\/darkamazi.info\/funavuv\/wp\/v2\/comments?post=1051327"}],"version-history":[{"count":0,"href":"https:\/\/darkamazi.info\/funavuv\/wp\/v2\/posts\/1051327\/revisions"}],"wp:featuredmedia":[{"embeddable":true,"href":"https:\/\/darkamazi.info\/funavuv\/wp\/v2\/media\/1051328"}],"wp:attachment":[{"href":"https:\/\/darkamazi.info\/funavuv\/wp\/v2\/media?parent=1051327"}],"wp:term":[{"taxonomy":"category","embeddable":true,"href":"https:\/\/darkamazi.info\/funavuv\/wp\/v2\/categories?post=1051327"},{"taxonomy":"post_tag","embeddable":true,"href":"https:\/\/darkamazi.info\/funavuv\/wp\/v2\/tags?post=1051327"}],"curies":[{"name":"wp","href":"https:\/\/api.w.org\/{rel}","templated":true}]}}