{"id":1051331,"date":"2026-01-12T18:55:35","date_gmt":"2026-01-12T15:55:35","guid":{"rendered":"https:\/\/darkamazi.info\/?p=1051331"},"modified":"2026-01-12T18:55:35","modified_gmt":"2026-01-12T15:55:35","slug":"serok-barzani-peyamek-li-ser-rewsa-helebe-belav-kir","status":"publish","type":"post","link":"https:\/\/darkamazi.info\/archives\/1051331","title":{"rendered":"Serok Barzan\u00ee peyamek li ser rew\u015fa Heleb\u00ea belav kir"},"content":{"rendered":"<h3 style=\"text-align: justify\"><span style=\"font-family: 'arial black', sans-serif\"><strong>Serok Barzan\u00ee \u00eero ragihand, kampanya \u00fb reftar\u00ean li dij\u00ee penaber\u00ean Ereb y\u00ean li Her\u00eama Kurdistan\u00ea dij\u00een ne rewane \u00fb li gel nirx\u00ean gel\u00ea Kurdistan\u00ea naguncin \u00fb got: Nabe berpirsiyariya kirina tawanan ji h\u00eala xelkek\u00ee ve li ser xelkek\u00ea din b\u00ea hesabkirin.<\/strong><\/span><\/h3>\n<h3 style=\"text-align: justify\"><span style=\"font-family: arial, helvetica, sans-serif\"><strong>Serok Barzan\u00ee \u00eero roja du\u015fem\u00ea 12 \u00c7ileya 2026\u00ea peyamek li ser rew\u015fa Heleb\u00ea belav kir.<\/strong><\/span><\/h3>\n<h3 style=\"text-align: justify\"><span style=\"font-family: 'arial black', sans-serif;color: #8c0707\"><strong>Peyama Serok Barzan\u00ee wusaye:<\/strong><\/span><\/h3>\n<h3 style=\"text-align: justify\"><span style=\"font-family: arial, helvetica, sans-serif\">Bi Nav\u00ea Xuday\u00ea Mezin \u00fb Dilovan<\/span><\/h3>\n<h3 style=\"text-align: justify\"><span style=\"font-family: arial, helvetica, sans-serif\">Di rengvedana li hember b\u00fbyer\u00ean \u00e7end roj\u00ean bor\u00ee y\u00ean bajar\u00ea Heleb\u00ea de, mixabin li hin malper\u00ean medyay\u00ee, medyaya civak\u00ee \u00fb navend\u00ean din kampanyayek li dij\u00ee welatiy\u00ean Ereb \u00ean S\u00fbriyey\u00ee y\u00ean ku li Her\u00eama Kurdistan\u00ea dij\u00een t\u00ea d\u00eetin.<\/span><\/h3>\n<h3 style=\"text-align: justify\"><span style=\"font-family: arial, helvetica, sans-serif\">Kampanya \u00fb reftar\u00ean bi v\u00ee reng\u00ee ne rewa ne \u00fb bi tu rengan bi bingeh \u00fb nirx\u00ean gel\u00ea Kurdistan\u00ea re naguncin \u00fb li dij\u00ee siyaset \u00fb n\u00ear\u00eena gi\u015ft\u00ee ya dezgeh\u00ean Her\u00eama Kurdistan\u00ea ne.<\/span><\/h3>\n<h3 style=\"text-align: justify\"><span style=\"font-family: arial, helvetica, sans-serif\">Bi rast\u00ee, nabe berpirsiyariya kirina tawanan ji h\u00eala xelkek\u00ee ve li ser xelkek\u00ea din b\u00ea hesabkirin ku tu t\u00eakiliya wan bi wan tawanan re neb\u00fbye.<\/span><\/h3>\n<h3 style=\"text-align: justify\"><span style=\"font-family: arial, helvetica, sans-serif\">Div\u00ea r\u00eaz li wan penaber \u00fb welatiy\u00ean Ereb \u00ean S\u00fbriyey\u00ee b\u00ea girtin \u00ean ku penaya xwe aniye ber Her\u00eama Kurdistan\u00ea \u00fb li v\u00ea der\u00ea dij\u00een \u00fb div\u00ea ev kampanyaya nerewa b\u00ea bidaw\u00eean\u00een \u00fb aliy\u00ean peywend\u00eedar r\u00eay\u00ea li dubareb\u00fbna reftar\u00ean wesa bigirin.<\/span><\/h3>\n<h3 style=\"text-align: justify\"><span style=\"font-family: arial, helvetica, sans-serif\">Mes\u00fbd Barzan\u00ee<\/span><\/h3>\n<h3 style=\"text-align: justify\"><span style=\"font-family: arial, helvetica, sans-serif\">12\u00ea \u00c7ileya 2026\u00ea<\/span><\/h3>\n","protected":false},"excerpt":{"rendered":"<p>Serok Barzan\u00ee \u00eero ragihand, kampanya \u00fb reftar\u00ean li dij\u00ee penaber\u00ean Ereb y\u00ean li Her\u00eama Kurdistan\u00ea dij\u00een ne rewane \u00fb li gel nirx\u00ean gel\u00ea Kurdistan\u00ea naguncin \u00fb got: Nabe berpirsiyariya kirina tawanan ji h\u00eala xelkek\u00ee ve li ser xelkek\u00ea din b\u00ea hesabkirin. Serok Barzan\u00ee \u00eero roja du\u015fem\u00ea 12 \u00c7ileya 2026\u00ea peyamek li ser rew\u015fa Heleb\u00ea belav [&hellip;]<\/p>\n","protected":false},"author":2,"featured_media":1051332,"comment_status":"closed","ping_status":"closed","sticky":false,"template":"","format":"standard","meta":{"footnotes":""},"categories":[29],"tags":[37],"class_list":["post-1051331","post","type-post","status-publish","format-standard","has-post-thumbnail","hentry","category-kurdistan","tag-sereke"],"blocksy_meta":[],"seo_head":"<!-- This site is optimized with the Yoast SEO plugin v27.5 - https:\/\/yoast.com\/product\/yoast-seo-wordpress\/ -->\n<title>Serok Barzan\u00ee peyamek li ser rew\u015fa Heleb\u00ea belav kir - Darka Maz\u00ee<\/title>\n<meta name=\"robots\" content=\"index, follow, max-snippet:-1, max-image-preview:large, max-video-preview:-1\" \/>\n<link rel=\"canonical\" href=\"https:\/\/darkamazi.info\/archives\/1051331\" \/>\n<meta property=\"og:locale\" content=\"en_US\" \/>\n<meta property=\"og:type\" content=\"article\" \/>\n<meta property=\"og:title\" content=\"Serok Barzan\u00ee peyamek li ser rew\u015fa Heleb\u00ea belav kir - Darka Maz\u00ee\" \/>\n<meta property=\"og:description\" content=\"Serok Barzan\u00ee \u00eero ragihand, kampanya \u00fb reftar\u00ean li dij\u00ee penaber\u00ean Ereb y\u00ean li Her\u00eama Kurdistan\u00ea dij\u00een ne rewane \u00fb li gel nirx\u00ean gel\u00ea Kurdistan\u00ea naguncin \u00fb got: Nabe berpirsiyariya kirina tawanan ji h\u00eala xelkek\u00ee ve li ser xelkek\u00ea din b\u00ea hesabkirin. Serok Barzan\u00ee \u00eero roja du\u015fem\u00ea 12 \u00c7ileya 2026\u00ea peyamek li ser rew\u015fa Heleb\u00ea belav [&hellip;]\" \/>\n<meta property=\"og:url\" content=\"https:\/\/darkamazi.info\/archives\/1051331\" \/>\n<meta property=\"og:site_name\" content=\"Darka Maz\u00ee\" \/>\n<meta property=\"article:publisher\" content=\"https:\/\/www.facebook.com\/DarMaziKurmanci\" \/>\n<meta property=\"article:published_time\" content=\"2026-01-12T15:55:35+00:00\" \/>\n<meta property=\"og:image\" content=\"https:\/\/darkamazi.info\/file\/2026\/01\/Serok-Halab-info.jpg\" \/>\n\t<meta property=\"og:image:width\" content=\"900\" \/>\n\t<meta property=\"og:image:height\" content=\"500\" \/>\n\t<meta property=\"og:image:type\" content=\"image\/jpeg\" \/>\n<meta name=\"author\" content=\"darka mazi\" \/>\n<meta name=\"twitter:card\" content=\"summary_large_image\" \/>\n<meta name=\"twitter:creator\" content=\"@DarkaMaziLatini\" \/>\n<meta name=\"twitter:site\" content=\"@DarkaMaziLatini\" \/>\n<meta name=\"twitter:label1\" content=\"Written by\" \/>\n\t<meta name=\"twitter:data1\" content=\"darka mazi\" \/>\n\t<meta name=\"twitter:label2\" content=\"Est. reading time\" \/>\n\t<meta name=\"twitter:data2\" content=\"2 minutes\" \/>\n<script type=\"application\/ld+json\" class=\"seo-schema-graph\">{\"@context\":\"https:\\\/\\\/schema.org\",\"@graph\":[{\"@type\":\"Article\",\"@id\":\"https:\\\/\\\/darkamazi.info\\\/archives\\\/1051331#article\",\"isPartOf\":{\"@id\":\"https:\\\/\\\/darkamazi.info\\\/archives\\\/1051331\"},\"author\":{\"name\":\"darka mazi\",\"@id\":\"https:\\\/\\\/darkamazi.info\\\/#\\\/schema\\\/person\\\/5ad3e24553a0567993fa8ed4bd0a776c\"},\"headline\":\"Serok Barzan\u00ee peyamek li ser rew\u015fa Heleb\u00ea belav kir\",\"datePublished\":\"2026-01-12T15:55:35+00:00\",\"mainEntityOfPage\":{\"@id\":\"https:\\\/\\\/darkamazi.info\\\/archives\\\/1051331\"},\"wordCount\":243,\"publisher\":{\"@id\":\"https:\\\/\\\/darkamazi.info\\\/#organization\"},\"image\":{\"@id\":\"https:\\\/\\\/darkamazi.info\\\/archives\\\/1051331#primaryimage\"},\"thumbnailUrl\":\"https:\\\/\\\/darkamazi.info\\\/darka-content\\\/uploads\\\/2026\\\/01\\\/Serok-Halab-info.jpg\",\"keywords\":[\"sereke\"],\"articleSection\":[\"Kurdistan\"],\"inLanguage\":\"en-US\"},{\"@type\":\"WebPage\",\"@id\":\"https:\\\/\\\/darkamazi.info\\\/archives\\\/1051331\",\"url\":\"https:\\\/\\\/darkamazi.info\\\/archives\\\/1051331\",\"name\":\"Serok Barzan\u00ee peyamek li ser rew\u015fa Heleb\u00ea belav kir - Darka Maz\u00ee\",\"isPartOf\":{\"@id\":\"https:\\\/\\\/darkamazi.info\\\/#website\"},\"primaryImageOfPage\":{\"@id\":\"https:\\\/\\\/darkamazi.info\\\/archives\\\/1051331#primaryimage\"},\"image\":{\"@id\":\"https:\\\/\\\/darkamazi.info\\\/archives\\\/1051331#primaryimage\"},\"thumbnailUrl\":\"https:\\\/\\\/darkamazi.info\\\/darka-content\\\/uploads\\\/2026\\\/01\\\/Serok-Halab-info.jpg\",\"datePublished\":\"2026-01-12T15:55:35+00:00\",\"breadcrumb\":{\"@id\":\"https:\\\/\\\/darkamazi.info\\\/archives\\\/1051331#breadcrumb\"},\"inLanguage\":\"en-US\",\"potentialAction\":[{\"@type\":\"ReadAction\",\"target\":[\"https:\\\/\\\/darkamazi.info\\\/archives\\\/1051331\"]}]},{\"@type\":\"ImageObject\",\"inLanguage\":\"en-US\",\"@id\":\"https:\\\/\\\/darkamazi.info\\\/archives\\\/1051331#primaryimage\",\"url\":\"https:\\\/\\\/darkamazi.info\\\/darka-content\\\/uploads\\\/2026\\\/01\\\/Serok-Halab-info.jpg\",\"contentUrl\":\"https:\\\/\\\/darkamazi.info\\\/darka-content\\\/uploads\\\/2026\\\/01\\\/Serok-Halab-info.jpg\",\"width\":900,\"height\":500,\"caption\":\"Serok-Halab-info\"},{\"@type\":\"BreadcrumbList\",\"@id\":\"https:\\\/\\\/darkamazi.info\\\/archives\\\/1051331#breadcrumb\",\"itemListElement\":[{\"@type\":\"ListItem\",\"position\":1,\"name\":\"Home\",\"item\":\"https:\\\/\\\/darkamazi.info\\\/\"},{\"@type\":\"ListItem\",\"position\":2,\"name\":\"Serok Barzan\u00ee peyamek li ser rew\u015fa Heleb\u00ea belav kir\"}]},{\"@type\":\"WebSite\",\"@id\":\"https:\\\/\\\/darkamazi.info\\\/#website\",\"url\":\"https:\\\/\\\/darkamazi.info\\\/\",\"name\":\"Darka Maz\u00ee\",\"description\":\"P\u00eageha Zanyariy\u00ean Nebih\u00eest\u00ee\",\"publisher\":{\"@id\":\"https:\\\/\\\/darkamazi.info\\\/#organization\"},\"potentialAction\":[{\"@type\":\"SearchAction\",\"target\":{\"@type\":\"EntryPoint\",\"urlTemplate\":\"https:\\\/\\\/darkamazi.info\\\/?s={search_term_string}\"},\"query-input\":{\"@type\":\"PropertyValueSpecification\",\"valueRequired\":true,\"valueName\":\"search_term_string\"}}],\"inLanguage\":\"en-US\"},{\"@type\":\"Organization\",\"@id\":\"https:\\\/\\\/darkamazi.info\\\/#organization\",\"name\":\"Darka Maz\u00ee\",\"url\":\"https:\\\/\\\/darkamazi.info\\\/\",\"logo\":{\"@type\":\"ImageObject\",\"inLanguage\":\"en-US\",\"@id\":\"https:\\\/\\\/darkamazi.info\\\/#\\\/schema\\\/logo\\\/image\\\/\",\"url\":\"https:\\\/\\\/darkamazi.info\\\/darka-content\\\/uploads\\\/2017\\\/12\\\/darka-mazi-logo.png\",\"contentUrl\":\"https:\\\/\\\/darkamazi.info\\\/darka-content\\\/uploads\\\/2017\\\/12\\\/darka-mazi-logo.png\",\"width\":151,\"height\":75,\"caption\":\"Darka Maz\u00ee\"},\"image\":{\"@id\":\"https:\\\/\\\/darkamazi.info\\\/#\\\/schema\\\/logo\\\/image\\\/\"},\"sameAs\":[\"https:\\\/\\\/www.facebook.com\\\/DarMaziKurmanci\",\"https:\\\/\\\/x.com\\\/DarkaMaziLatini\",\"https:\\\/\\\/www.instagram.com\\\/darkamazi.kurmanci\\\/\",\"https:\\\/\\\/www.youtube.com\\\/channel\\\/UCa5HkTdmI8U1qCUFuTw8B2g\"]},{\"@type\":\"Person\",\"@id\":\"https:\\\/\\\/darkamazi.info\\\/#\\\/schema\\\/person\\\/5ad3e24553a0567993fa8ed4bd0a776c\",\"name\":\"darka mazi\",\"sameAs\":[\"https:\\\/\\\/darkamazi.info\\\/\"],\"url\":\"https:\\\/\\\/darkamazi.info\\\/archives\\\/author\\\/kurdi\"}]}<\/script>\n<!-- \/ Yoast SEO plugin. -->","seo_head_json":{"title":"Serok Barzan\u00ee peyamek li ser rew\u015fa Heleb\u00ea belav kir - Darka Maz\u00ee","robots":{"index":"index","follow":"follow","max-snippet":"max-snippet:-1","max-image-preview":"max-image-preview:large","max-video-preview":"max-video-preview:-1"},"canonical":"https:\/\/darkamazi.info\/archives\/1051331","og_locale":"en_US","og_type":"article","og_title":"Serok Barzan\u00ee peyamek li ser rew\u015fa Heleb\u00ea belav kir - Darka Maz\u00ee","og_description":"Serok Barzan\u00ee \u00eero ragihand, kampanya \u00fb reftar\u00ean li dij\u00ee penaber\u00ean Ereb y\u00ean li Her\u00eama Kurdistan\u00ea dij\u00een ne rewane \u00fb li gel nirx\u00ean gel\u00ea Kurdistan\u00ea naguncin \u00fb got: Nabe berpirsiyariya kirina tawanan ji h\u00eala xelkek\u00ee ve li ser xelkek\u00ea din b\u00ea hesabkirin. Serok Barzan\u00ee \u00eero roja du\u015fem\u00ea 12 \u00c7ileya 2026\u00ea peyamek li ser rew\u015fa Heleb\u00ea belav [&hellip;]","og_url":"https:\/\/darkamazi.info\/archives\/1051331","og_site_name":"Darka Maz\u00ee","article_publisher":"https:\/\/www.facebook.com\/DarMaziKurmanci","article_published_time":"2026-01-12T15:55:35+00:00","og_image":[{"width":900,"height":500,"url":"https:\/\/darkamazi.info\/file\/2026\/01\/Serok-Halab-info.jpg","type":"image\/jpeg"}],"author":"darka mazi","twitter_card":"summary_large_image","twitter_creator":"@DarkaMaziLatini","twitter_site":"@DarkaMaziLatini","twitter_misc":{"Written by":"darka mazi","Est. reading time":"2 minutes"},"schema":{"@context":"https:\/\/schema.org","@graph":[{"@type":"Article","@id":"https:\/\/darkamazi.info\/archives\/1051331#article","isPartOf":{"@id":"https:\/\/darkamazi.info\/archives\/1051331"},"author":{"name":"darka mazi","@id":"https:\/\/darkamazi.info\/#\/schema\/person\/5ad3e24553a0567993fa8ed4bd0a776c"},"headline":"Serok Barzan\u00ee peyamek li ser rew\u015fa Heleb\u00ea belav kir","datePublished":"2026-01-12T15:55:35+00:00","mainEntityOfPage":{"@id":"https:\/\/darkamazi.info\/archives\/1051331"},"wordCount":243,"publisher":{"@id":"https:\/\/darkamazi.info\/#organization"},"image":{"@id":"https:\/\/darkamazi.info\/archives\/1051331#primaryimage"},"thumbnailUrl":"https:\/\/darkamazi.info\/file\/2026\/01\/Serok-Halab-info.jpg","keywords":["sereke"],"articleSection":["Kurdistan"],"inLanguage":"en-US"},{"@type":"WebPage","@id":"https:\/\/darkamazi.info\/archives\/1051331","url":"https:\/\/darkamazi.info\/archives\/1051331","name":"Serok Barzan\u00ee peyamek li ser rew\u015fa Heleb\u00ea belav kir - Darka Maz\u00ee","isPartOf":{"@id":"https:\/\/darkamazi.info\/#website"},"primaryImageOfPage":{"@id":"https:\/\/darkamazi.info\/archives\/1051331#primaryimage"},"image":{"@id":"https:\/\/darkamazi.info\/archives\/1051331#primaryimage"},"thumbnailUrl":"https:\/\/darkamazi.info\/file\/2026\/01\/Serok-Halab-info.jpg","datePublished":"2026-01-12T15:55:35+00:00","breadcrumb":{"@id":"https:\/\/darkamazi.info\/archives\/1051331#breadcrumb"},"inLanguage":"en-US","potentialAction":[{"@type":"ReadAction","target":["https:\/\/darkamazi.info\/archives\/1051331"]}]},{"@type":"ImageObject","inLanguage":"en-US","@id":"https:\/\/darkamazi.info\/archives\/1051331#primaryimage","url":"https:\/\/darkamazi.info\/file\/2026\/01\/Serok-Halab-info.jpg","contentUrl":"https:\/\/darkamazi.info\/file\/2026\/01\/Serok-Halab-info.jpg","width":900,"height":500,"caption":"Serok-Halab-info"},{"@type":"BreadcrumbList","@id":"https:\/\/darkamazi.info\/archives\/1051331#breadcrumb","itemListElement":[{"@type":"ListItem","position":1,"name":"Home","item":"https:\/\/darkamazi.info\/"},{"@type":"ListItem","position":2,"name":"Serok Barzan\u00ee peyamek li ser rew\u015fa Heleb\u00ea belav kir"}]},{"@type":"WebSite","@id":"https:\/\/darkamazi.info\/#website","url":"https:\/\/darkamazi.info\/","name":"Darka Maz\u00ee","description":"P\u00eageha Zanyariy\u00ean Nebih\u00eest\u00ee","publisher":{"@id":"https:\/\/darkamazi.info\/#organization"},"potentialAction":[{"@type":"SearchAction","target":{"@type":"EntryPoint","urlTemplate":"https:\/\/darkamazi.info\/?s={search_term_string}"},"query-input":{"@type":"PropertyValueSpecification","valueRequired":true,"valueName":"search_term_string"}}],"inLanguage":"en-US"},{"@type":"Organization","@id":"https:\/\/darkamazi.info\/#organization","name":"Darka Maz\u00ee","url":"https:\/\/darkamazi.info\/","logo":{"@type":"ImageObject","inLanguage":"en-US","@id":"https:\/\/darkamazi.info\/#\/schema\/logo\/image\/","url":"https:\/\/darkamazi.info\/file\/2017\/12\/darka-mazi-logo.png","contentUrl":"https:\/\/darkamazi.info\/file\/2017\/12\/darka-mazi-logo.png","width":151,"height":75,"caption":"Darka Maz\u00ee"},"image":{"@id":"https:\/\/darkamazi.info\/#\/schema\/logo\/image\/"},"sameAs":["https:\/\/www.facebook.com\/DarMaziKurmanci","https:\/\/x.com\/DarkaMaziLatini","https:\/\/www.instagram.com\/darkamazi.kurmanci\/","https:\/\/www.youtube.com\/channel\/UCa5HkTdmI8U1qCUFuTw8B2g"]},{"@type":"Person","@id":"https:\/\/darkamazi.info\/#\/schema\/person\/5ad3e24553a0567993fa8ed4bd0a776c","name":"darka mazi","sameAs":["https:\/\/darkamazi.info\/"],"url":"https:\/\/darkamazi.info\/archives\/author\/kurdi"}]}},"_links":{"self":[{"href":"https:\/\/darkamazi.info\/funavuv\/wp\/v2\/posts\/1051331","targetHints":{"allow":["GET"]}}],"collection":[{"href":"https:\/\/darkamazi.info\/funavuv\/wp\/v2\/posts"}],"about":[{"href":"https:\/\/darkamazi.info\/funavuv\/wp\/v2\/types\/post"}],"author":[{"embeddable":true,"href":"https:\/\/darkamazi.info\/funavuv\/wp\/v2\/users\/2"}],"replies":[{"embeddable":true,"href":"https:\/\/darkamazi.info\/funavuv\/wp\/v2\/comments?post=1051331"}],"version-history":[{"count":0,"href":"https:\/\/darkamazi.info\/funavuv\/wp\/v2\/posts\/1051331\/revisions"}],"wp:featuredmedia":[{"embeddable":true,"href":"https:\/\/darkamazi.info\/funavuv\/wp\/v2\/media\/1051332"}],"wp:attachment":[{"href":"https:\/\/darkamazi.info\/funavuv\/wp\/v2\/media?parent=1051331"}],"wp:term":[{"taxonomy":"category","embeddable":true,"href":"https:\/\/darkamazi.info\/funavuv\/wp\/v2\/categories?post=1051331"},{"taxonomy":"post_tag","embeddable":true,"href":"https:\/\/darkamazi.info\/funavuv\/wp\/v2\/tags?post=1051331"}],"curies":[{"name":"wp","href":"https:\/\/api.w.org\/{rel}","templated":true}]}}