{"id":1051335,"date":"2026-01-13T11:09:37","date_gmt":"2026-01-13T08:09:37","guid":{"rendered":"https:\/\/darkamazi.info\/?p=1051335"},"modified":"2026-01-13T11:09:37","modified_gmt":"2026-01-13T08:09:37","slug":"ceteyen-pkke-zarokeki-10-sali-ji-kobane-revandin","status":"publish","type":"post","link":"https:\/\/darkamazi.info\/archives\/1051335","title":{"rendered":"\u00c7etey\u00ean PKK\u00ea zarokek\u00ee 10 sal\u00ee ji Koban\u00ea revandin"},"content":{"rendered":"<h3 style=\"text-align: justify\"><span style=\"font-family: 'arial black', sans-serif\">\u00c7etey\u00ean PKK\u00ea \u201cCiwan\u00ean \u015eore\u015fger\u201d zarokek\u00ee din y\u00ea Kurd bi nav\u00ea His\u00ean Ehmed ku temen\u00ea w\u00ee 10 sal in, ji bajar\u00ea Koban\u00ea y\u00ea Rojava Kurdistan\u00ea revandin \u00fb \u00e7arn\u00fbsa w\u00ee nediyare.<\/span><\/h3>\n<h3 style=\"text-align: justify\"><span style=\"font-family: arial, helvetica, sans-serif\">\u00c7avkaniy\u00ean Darka Maz\u00ee a\u015fkere kirin, li roja 7\/12\/2025\u00ea ango ber\u00ee mehek\u00ea, \u00e7etey\u00ean PKK\u00ea y\u00ean bi nav\u00ea \u201cCiwan\u00ean \u015eore\u015fger\u201d ku kar\u00ea wan revandina zarokan e, zarokek\u00ee temen 10 sal ji Koban\u00ea revandin \u00fb \u00e7aren\u00fbsa w\u00ea nediyare.<\/span><\/h3>\n<h3 style=\"text-align: justify\"><span style=\"font-family: arial, helvetica, sans-serif\">\u00c7avkaniy\u00ean me a\u015fkere kirin, zarok\u00ea revand\u00ee nav\u00ee w\u00ee His\u00ean Ehmed Musilm e, ji \u015f\u00eaniy\u00ean gund\u00ea Zirafk\u00ea y\u00ea Koban\u00ea ye.<\/span><\/h3>\n<h3 style=\"text-align: justify\"><span style=\"font-family: arial, helvetica, sans-serif\">Li du meh\u00ean rab\u00fbr\u00ee r\u00eaxistina Ciwan\u00ean \u015eore\u015fger z\u00eadetr\u00ee 15 zarok\u00ean temen 10 bo 14 sal\u00ee ji ke\u00e7 \u00fb xortan ji Koban\u00ea revandine.<\/span><\/h3>\n<h3 style=\"text-align: justify\"><span style=\"font-family: arial, helvetica, sans-serif\">Ciwan\u00ean \u015eore\u015fger r\u00eaxistineke ciwanan ya gir\u00eaday\u00ee PKK\u00ea ye, bi tel\u00eemat\u00ean rasterast y\u00ean Cem\u00eel Bay\u00eek tev digere \u00fb kar\u00ea w\u00ea \u00e7ekdarkirina zarokane ji boy PKK\u00ea \u00fb bask\u00ean w\u00ea y\u00ean li Rojava Kurdistan\u00ea.<\/span><\/h3>\n","protected":false},"excerpt":{"rendered":"<p>\u00c7etey\u00ean PKK\u00ea \u201cCiwan\u00ean \u015eore\u015fger\u201d zarokek\u00ee din y\u00ea Kurd bi nav\u00ea His\u00ean Ehmed ku temen\u00ea w\u00ee 10 sal in, ji bajar\u00ea Koban\u00ea y\u00ea Rojava Kurdistan\u00ea revandin \u00fb \u00e7arn\u00fbsa w\u00ee nediyare. \u00c7avkaniy\u00ean Darka Maz\u00ee a\u015fkere kirin, li roja 7\/12\/2025\u00ea ango ber\u00ee mehek\u00ea, \u00e7etey\u00ean PKK\u00ea y\u00ean bi nav\u00ea \u201cCiwan\u00ean \u015eore\u015fger\u201d ku kar\u00ea wan revandina zarokan e, zarokek\u00ee temen [&hellip;]<\/p>\n","protected":false},"author":2,"featured_media":1051336,"comment_status":"closed","ping_status":"closed","sticky":false,"template":"","format":"standard","meta":{"footnotes":""},"categories":[29],"tags":[37],"class_list":["post-1051335","post","type-post","status-publish","format-standard","has-post-thumbnail","hentry","category-kurdistan","tag-sereke"],"blocksy_meta":[],"seo_head":"<!-- This site is optimized with the Yoast SEO plugin v27.5 - https:\/\/yoast.com\/product\/yoast-seo-wordpress\/ -->\n<title>\u00c7etey\u00ean PKK\u00ea zarokek\u00ee 10 sal\u00ee ji Koban\u00ea revandin - Darka Maz\u00ee<\/title>\n<meta name=\"robots\" content=\"index, follow, max-snippet:-1, max-image-preview:large, max-video-preview:-1\" \/>\n<link rel=\"canonical\" href=\"https:\/\/darkamazi.info\/archives\/1051335\" \/>\n<meta property=\"og:locale\" content=\"en_US\" \/>\n<meta property=\"og:type\" content=\"article\" \/>\n<meta property=\"og:title\" content=\"\u00c7etey\u00ean PKK\u00ea zarokek\u00ee 10 sal\u00ee ji Koban\u00ea revandin - Darka Maz\u00ee\" \/>\n<meta property=\"og:description\" content=\"\u00c7etey\u00ean PKK\u00ea \u201cCiwan\u00ean \u015eore\u015fger\u201d zarokek\u00ee din y\u00ea Kurd bi nav\u00ea His\u00ean Ehmed ku temen\u00ea w\u00ee 10 sal in, ji bajar\u00ea Koban\u00ea y\u00ea Rojava Kurdistan\u00ea revandin \u00fb \u00e7arn\u00fbsa w\u00ee nediyare. \u00c7avkaniy\u00ean Darka Maz\u00ee a\u015fkere kirin, li roja 7\/12\/2025\u00ea ango ber\u00ee mehek\u00ea, \u00e7etey\u00ean PKK\u00ea y\u00ean bi nav\u00ea \u201cCiwan\u00ean \u015eore\u015fger\u201d ku kar\u00ea wan revandina zarokan e, zarokek\u00ee temen [&hellip;]\" \/>\n<meta property=\"og:url\" content=\"https:\/\/darkamazi.info\/archives\/1051335\" \/>\n<meta property=\"og:site_name\" content=\"Darka Maz\u00ee\" \/>\n<meta property=\"article:publisher\" content=\"https:\/\/www.facebook.com\/DarMaziKurmanci\" \/>\n<meta property=\"article:published_time\" content=\"2026-01-13T08:09:37+00:00\" \/>\n<meta property=\"og:image\" content=\"https:\/\/darkamazi.info\/file\/2026\/01\/Hisen-Ehmed-info.jpg\" \/>\n\t<meta property=\"og:image:width\" content=\"900\" \/>\n\t<meta property=\"og:image:height\" content=\"500\" \/>\n\t<meta property=\"og:image:type\" content=\"image\/jpeg\" \/>\n<meta name=\"author\" content=\"darka mazi\" \/>\n<meta name=\"twitter:card\" content=\"summary_large_image\" \/>\n<meta name=\"twitter:creator\" content=\"@DarkaMaziLatini\" \/>\n<meta name=\"twitter:site\" content=\"@DarkaMaziLatini\" \/>\n<meta name=\"twitter:label1\" content=\"Written by\" \/>\n\t<meta name=\"twitter:data1\" content=\"darka mazi\" \/>\n\t<meta name=\"twitter:label2\" content=\"Est. reading time\" \/>\n\t<meta name=\"twitter:data2\" content=\"1 minute\" \/>\n<script type=\"application\/ld+json\" class=\"seo-schema-graph\">{\"@context\":\"https:\\\/\\\/schema.org\",\"@graph\":[{\"@type\":\"Article\",\"@id\":\"https:\\\/\\\/darkamazi.info\\\/archives\\\/1051335#article\",\"isPartOf\":{\"@id\":\"https:\\\/\\\/darkamazi.info\\\/archives\\\/1051335\"},\"author\":{\"name\":\"darka mazi\",\"@id\":\"https:\\\/\\\/darkamazi.info\\\/#\\\/schema\\\/person\\\/5ad3e24553a0567993fa8ed4bd0a776c\"},\"headline\":\"\u00c7etey\u00ean PKK\u00ea zarokek\u00ee 10 sal\u00ee ji Koban\u00ea revandin\",\"datePublished\":\"2026-01-13T08:09:37+00:00\",\"mainEntityOfPage\":{\"@id\":\"https:\\\/\\\/darkamazi.info\\\/archives\\\/1051335\"},\"wordCount\":167,\"publisher\":{\"@id\":\"https:\\\/\\\/darkamazi.info\\\/#organization\"},\"image\":{\"@id\":\"https:\\\/\\\/darkamazi.info\\\/archives\\\/1051335#primaryimage\"},\"thumbnailUrl\":\"https:\\\/\\\/darkamazi.info\\\/darka-content\\\/uploads\\\/2026\\\/01\\\/Hisen-Ehmed-info.jpg\",\"keywords\":[\"sereke\"],\"articleSection\":[\"Kurdistan\"],\"inLanguage\":\"en-US\"},{\"@type\":\"WebPage\",\"@id\":\"https:\\\/\\\/darkamazi.info\\\/archives\\\/1051335\",\"url\":\"https:\\\/\\\/darkamazi.info\\\/archives\\\/1051335\",\"name\":\"\u00c7etey\u00ean PKK\u00ea zarokek\u00ee 10 sal\u00ee ji Koban\u00ea revandin - Darka Maz\u00ee\",\"isPartOf\":{\"@id\":\"https:\\\/\\\/darkamazi.info\\\/#website\"},\"primaryImageOfPage\":{\"@id\":\"https:\\\/\\\/darkamazi.info\\\/archives\\\/1051335#primaryimage\"},\"image\":{\"@id\":\"https:\\\/\\\/darkamazi.info\\\/archives\\\/1051335#primaryimage\"},\"thumbnailUrl\":\"https:\\\/\\\/darkamazi.info\\\/darka-content\\\/uploads\\\/2026\\\/01\\\/Hisen-Ehmed-info.jpg\",\"datePublished\":\"2026-01-13T08:09:37+00:00\",\"breadcrumb\":{\"@id\":\"https:\\\/\\\/darkamazi.info\\\/archives\\\/1051335#breadcrumb\"},\"inLanguage\":\"en-US\",\"potentialAction\":[{\"@type\":\"ReadAction\",\"target\":[\"https:\\\/\\\/darkamazi.info\\\/archives\\\/1051335\"]}]},{\"@type\":\"ImageObject\",\"inLanguage\":\"en-US\",\"@id\":\"https:\\\/\\\/darkamazi.info\\\/archives\\\/1051335#primaryimage\",\"url\":\"https:\\\/\\\/darkamazi.info\\\/darka-content\\\/uploads\\\/2026\\\/01\\\/Hisen-Ehmed-info.jpg\",\"contentUrl\":\"https:\\\/\\\/darkamazi.info\\\/darka-content\\\/uploads\\\/2026\\\/01\\\/Hisen-Ehmed-info.jpg\",\"width\":900,\"height\":500,\"caption\":\"His\u00ean Ehmed -info\"},{\"@type\":\"BreadcrumbList\",\"@id\":\"https:\\\/\\\/darkamazi.info\\\/archives\\\/1051335#breadcrumb\",\"itemListElement\":[{\"@type\":\"ListItem\",\"position\":1,\"name\":\"Home\",\"item\":\"https:\\\/\\\/darkamazi.info\\\/\"},{\"@type\":\"ListItem\",\"position\":2,\"name\":\"\u00c7etey\u00ean PKK\u00ea zarokek\u00ee 10 sal\u00ee ji Koban\u00ea revandin\"}]},{\"@type\":\"WebSite\",\"@id\":\"https:\\\/\\\/darkamazi.info\\\/#website\",\"url\":\"https:\\\/\\\/darkamazi.info\\\/\",\"name\":\"Darka Maz\u00ee\",\"description\":\"P\u00eageha Zanyariy\u00ean Nebih\u00eest\u00ee\",\"publisher\":{\"@id\":\"https:\\\/\\\/darkamazi.info\\\/#organization\"},\"potentialAction\":[{\"@type\":\"SearchAction\",\"target\":{\"@type\":\"EntryPoint\",\"urlTemplate\":\"https:\\\/\\\/darkamazi.info\\\/?s={search_term_string}\"},\"query-input\":{\"@type\":\"PropertyValueSpecification\",\"valueRequired\":true,\"valueName\":\"search_term_string\"}}],\"inLanguage\":\"en-US\"},{\"@type\":\"Organization\",\"@id\":\"https:\\\/\\\/darkamazi.info\\\/#organization\",\"name\":\"Darka Maz\u00ee\",\"url\":\"https:\\\/\\\/darkamazi.info\\\/\",\"logo\":{\"@type\":\"ImageObject\",\"inLanguage\":\"en-US\",\"@id\":\"https:\\\/\\\/darkamazi.info\\\/#\\\/schema\\\/logo\\\/image\\\/\",\"url\":\"https:\\\/\\\/darkamazi.info\\\/darka-content\\\/uploads\\\/2017\\\/12\\\/darka-mazi-logo.png\",\"contentUrl\":\"https:\\\/\\\/darkamazi.info\\\/darka-content\\\/uploads\\\/2017\\\/12\\\/darka-mazi-logo.png\",\"width\":151,\"height\":75,\"caption\":\"Darka Maz\u00ee\"},\"image\":{\"@id\":\"https:\\\/\\\/darkamazi.info\\\/#\\\/schema\\\/logo\\\/image\\\/\"},\"sameAs\":[\"https:\\\/\\\/www.facebook.com\\\/DarMaziKurmanci\",\"https:\\\/\\\/x.com\\\/DarkaMaziLatini\",\"https:\\\/\\\/www.instagram.com\\\/darkamazi.kurmanci\\\/\",\"https:\\\/\\\/www.youtube.com\\\/channel\\\/UCa5HkTdmI8U1qCUFuTw8B2g\"]},{\"@type\":\"Person\",\"@id\":\"https:\\\/\\\/darkamazi.info\\\/#\\\/schema\\\/person\\\/5ad3e24553a0567993fa8ed4bd0a776c\",\"name\":\"darka mazi\",\"sameAs\":[\"https:\\\/\\\/darkamazi.info\\\/\"],\"url\":\"https:\\\/\\\/darkamazi.info\\\/archives\\\/author\\\/kurdi\"}]}<\/script>\n<!-- \/ Yoast SEO plugin. -->","seo_head_json":{"title":"\u00c7etey\u00ean PKK\u00ea zarokek\u00ee 10 sal\u00ee ji Koban\u00ea revandin - Darka Maz\u00ee","robots":{"index":"index","follow":"follow","max-snippet":"max-snippet:-1","max-image-preview":"max-image-preview:large","max-video-preview":"max-video-preview:-1"},"canonical":"https:\/\/darkamazi.info\/archives\/1051335","og_locale":"en_US","og_type":"article","og_title":"\u00c7etey\u00ean PKK\u00ea zarokek\u00ee 10 sal\u00ee ji Koban\u00ea revandin - Darka Maz\u00ee","og_description":"\u00c7etey\u00ean PKK\u00ea \u201cCiwan\u00ean \u015eore\u015fger\u201d zarokek\u00ee din y\u00ea Kurd bi nav\u00ea His\u00ean Ehmed ku temen\u00ea w\u00ee 10 sal in, ji bajar\u00ea Koban\u00ea y\u00ea Rojava Kurdistan\u00ea revandin \u00fb \u00e7arn\u00fbsa w\u00ee nediyare. \u00c7avkaniy\u00ean Darka Maz\u00ee a\u015fkere kirin, li roja 7\/12\/2025\u00ea ango ber\u00ee mehek\u00ea, \u00e7etey\u00ean PKK\u00ea y\u00ean bi nav\u00ea \u201cCiwan\u00ean \u015eore\u015fger\u201d ku kar\u00ea wan revandina zarokan e, zarokek\u00ee temen [&hellip;]","og_url":"https:\/\/darkamazi.info\/archives\/1051335","og_site_name":"Darka Maz\u00ee","article_publisher":"https:\/\/www.facebook.com\/DarMaziKurmanci","article_published_time":"2026-01-13T08:09:37+00:00","og_image":[{"width":900,"height":500,"url":"https:\/\/darkamazi.info\/file\/2026\/01\/Hisen-Ehmed-info.jpg","type":"image\/jpeg"}],"author":"darka mazi","twitter_card":"summary_large_image","twitter_creator":"@DarkaMaziLatini","twitter_site":"@DarkaMaziLatini","twitter_misc":{"Written by":"darka mazi","Est. reading time":"1 minute"},"schema":{"@context":"https:\/\/schema.org","@graph":[{"@type":"Article","@id":"https:\/\/darkamazi.info\/archives\/1051335#article","isPartOf":{"@id":"https:\/\/darkamazi.info\/archives\/1051335"},"author":{"name":"darka mazi","@id":"https:\/\/darkamazi.info\/#\/schema\/person\/5ad3e24553a0567993fa8ed4bd0a776c"},"headline":"\u00c7etey\u00ean PKK\u00ea zarokek\u00ee 10 sal\u00ee ji Koban\u00ea revandin","datePublished":"2026-01-13T08:09:37+00:00","mainEntityOfPage":{"@id":"https:\/\/darkamazi.info\/archives\/1051335"},"wordCount":167,"publisher":{"@id":"https:\/\/darkamazi.info\/#organization"},"image":{"@id":"https:\/\/darkamazi.info\/archives\/1051335#primaryimage"},"thumbnailUrl":"https:\/\/darkamazi.info\/file\/2026\/01\/Hisen-Ehmed-info.jpg","keywords":["sereke"],"articleSection":["Kurdistan"],"inLanguage":"en-US"},{"@type":"WebPage","@id":"https:\/\/darkamazi.info\/archives\/1051335","url":"https:\/\/darkamazi.info\/archives\/1051335","name":"\u00c7etey\u00ean PKK\u00ea zarokek\u00ee 10 sal\u00ee ji Koban\u00ea revandin - Darka Maz\u00ee","isPartOf":{"@id":"https:\/\/darkamazi.info\/#website"},"primaryImageOfPage":{"@id":"https:\/\/darkamazi.info\/archives\/1051335#primaryimage"},"image":{"@id":"https:\/\/darkamazi.info\/archives\/1051335#primaryimage"},"thumbnailUrl":"https:\/\/darkamazi.info\/file\/2026\/01\/Hisen-Ehmed-info.jpg","datePublished":"2026-01-13T08:09:37+00:00","breadcrumb":{"@id":"https:\/\/darkamazi.info\/archives\/1051335#breadcrumb"},"inLanguage":"en-US","potentialAction":[{"@type":"ReadAction","target":["https:\/\/darkamazi.info\/archives\/1051335"]}]},{"@type":"ImageObject","inLanguage":"en-US","@id":"https:\/\/darkamazi.info\/archives\/1051335#primaryimage","url":"https:\/\/darkamazi.info\/file\/2026\/01\/Hisen-Ehmed-info.jpg","contentUrl":"https:\/\/darkamazi.info\/file\/2026\/01\/Hisen-Ehmed-info.jpg","width":900,"height":500,"caption":"His\u00ean Ehmed -info"},{"@type":"BreadcrumbList","@id":"https:\/\/darkamazi.info\/archives\/1051335#breadcrumb","itemListElement":[{"@type":"ListItem","position":1,"name":"Home","item":"https:\/\/darkamazi.info\/"},{"@type":"ListItem","position":2,"name":"\u00c7etey\u00ean PKK\u00ea zarokek\u00ee 10 sal\u00ee ji Koban\u00ea revandin"}]},{"@type":"WebSite","@id":"https:\/\/darkamazi.info\/#website","url":"https:\/\/darkamazi.info\/","name":"Darka Maz\u00ee","description":"P\u00eageha Zanyariy\u00ean Nebih\u00eest\u00ee","publisher":{"@id":"https:\/\/darkamazi.info\/#organization"},"potentialAction":[{"@type":"SearchAction","target":{"@type":"EntryPoint","urlTemplate":"https:\/\/darkamazi.info\/?s={search_term_string}"},"query-input":{"@type":"PropertyValueSpecification","valueRequired":true,"valueName":"search_term_string"}}],"inLanguage":"en-US"},{"@type":"Organization","@id":"https:\/\/darkamazi.info\/#organization","name":"Darka Maz\u00ee","url":"https:\/\/darkamazi.info\/","logo":{"@type":"ImageObject","inLanguage":"en-US","@id":"https:\/\/darkamazi.info\/#\/schema\/logo\/image\/","url":"https:\/\/darkamazi.info\/file\/2017\/12\/darka-mazi-logo.png","contentUrl":"https:\/\/darkamazi.info\/file\/2017\/12\/darka-mazi-logo.png","width":151,"height":75,"caption":"Darka Maz\u00ee"},"image":{"@id":"https:\/\/darkamazi.info\/#\/schema\/logo\/image\/"},"sameAs":["https:\/\/www.facebook.com\/DarMaziKurmanci","https:\/\/x.com\/DarkaMaziLatini","https:\/\/www.instagram.com\/darkamazi.kurmanci\/","https:\/\/www.youtube.com\/channel\/UCa5HkTdmI8U1qCUFuTw8B2g"]},{"@type":"Person","@id":"https:\/\/darkamazi.info\/#\/schema\/person\/5ad3e24553a0567993fa8ed4bd0a776c","name":"darka mazi","sameAs":["https:\/\/darkamazi.info\/"],"url":"https:\/\/darkamazi.info\/archives\/author\/kurdi"}]}},"_links":{"self":[{"href":"https:\/\/darkamazi.info\/funavuv\/wp\/v2\/posts\/1051335","targetHints":{"allow":["GET"]}}],"collection":[{"href":"https:\/\/darkamazi.info\/funavuv\/wp\/v2\/posts"}],"about":[{"href":"https:\/\/darkamazi.info\/funavuv\/wp\/v2\/types\/post"}],"author":[{"embeddable":true,"href":"https:\/\/darkamazi.info\/funavuv\/wp\/v2\/users\/2"}],"replies":[{"embeddable":true,"href":"https:\/\/darkamazi.info\/funavuv\/wp\/v2\/comments?post=1051335"}],"version-history":[{"count":0,"href":"https:\/\/darkamazi.info\/funavuv\/wp\/v2\/posts\/1051335\/revisions"}],"wp:featuredmedia":[{"embeddable":true,"href":"https:\/\/darkamazi.info\/funavuv\/wp\/v2\/media\/1051336"}],"wp:attachment":[{"href":"https:\/\/darkamazi.info\/funavuv\/wp\/v2\/media?parent=1051335"}],"wp:term":[{"taxonomy":"category","embeddable":true,"href":"https:\/\/darkamazi.info\/funavuv\/wp\/v2\/categories?post=1051335"},{"taxonomy":"post_tag","embeddable":true,"href":"https:\/\/darkamazi.info\/funavuv\/wp\/v2\/tags?post=1051335"}],"curies":[{"name":"wp","href":"https:\/\/api.w.org\/{rel}","templated":true}]}}