{"id":1051343,"date":"2026-01-13T16:37:00","date_gmt":"2026-01-13T13:37:00","guid":{"rendered":"https:\/\/darkamazi.info\/?p=1051343"},"modified":"2026-01-13T16:37:00","modified_gmt":"2026-01-13T13:37:00","slug":"kurdistan-welate-kurd-u-kurdistaniya-ye","status":"publish","type":"post","link":"https:\/\/darkamazi.info\/archives\/1051343","title":{"rendered":"Kurdistan, Welat\u00ea Kurd \u00fb Kurdistan\u00eeya ye!"},"content":{"rendered":"<h3 style=\"text-align: justify\"><span style=\"font-family: 'arial black', sans-serif\">Dewlet\u00ean ku axa milet\u00ea Kurd dagir kirine, bila ba\u015f bizanibin ku ger kurdek j\u00ee bi tena ser\u00ea xwe li ser r\u00fby\u00ea erd\u00ea bim\u00eene, w\u00ea doza welat\u00ea xwe bike.<\/span><\/h3>\n<h3 style=\"text-align: justify\">Bila dewlet\u00ean dagirkar\u00ean Kurdistan\u00ea, y\u00ean ku bi zor \u00fb zilm\u00ea, bi qirkirin \u00fb siyaseta xwe ya hovane li ser Kurdan dime\u015f\u00eenin, v\u00ea gotina min ji xwe re bikin guhar \u00fb bi cidd\u00ee bigirin.<\/h3>\n<h3 style=\"text-align: justify\">Ev demek e ku li Rojhilat\u00ea Kurdistan\u00ea, li hember desthilatdar\u00ean d\u00eektatoriya \u00ceran\u00ea ya dagirkar, serhildan didomin. Bi dehan cangor\u00ee \u00fb bi sedan bir\u00eendar \u00fb girt\u00ee hene. Desthilatdar\u00ean \u00ceran\u00ea, bi hem\u00fb h\u00eaza xwe \u00fb bi hem\u00fb metod\u00ean xwe y\u00ean biqir\u00eaj, \u00ear\u00ee\u015f\u00ea t\u00eenin ser \u00e7alakvan\u00ean azad\u00eey\u00ea.<\/h3>\n<h3 style=\"text-align: justify\">Welat\u00ean wek\u00ee Emer\u00eeka \u00fb Yek\u00eetiya Ewropay\u00ea, li hember v\u00ea barbar\u00eeya dewleta \u00ceran\u00ea b\u00eadeng in. Ev rew\u015f hem cih\u00ea xemg\u00eeniy\u00ea ye \u00fb hem j\u00ee cih\u00ea metirsiy\u00ea ye.<\/h3>\n<h3 style=\"text-align: justify\">Pi\u015ft\u00ee hilwe\u015fandina rej\u00eema S\u00fbriyey\u00ea, bi nav\u00ea HT\u015e \u2013ku ji h\u00eaz\u00ean teror\u00eest \u00ean wek\u00ee DA\u00ce\u015e, El-Qa\u00eede, El-Nusra \u00fb Art\u00ea\u015fa Azad a S\u00fbriyey\u00ea p\u00eak t\u00ea\u2013, li \u015eam\u00ea de facto \u00eekt\u00eedar girtin dest\u00ea xwe. Hem\u00fb c\u00eehana meden\u00ee van h\u00eazan nas dike, l\u00ea Emer\u00eeka kesek\u00ee bi nav\u00ea Mehm\u00fbd El-\u015earaa (Colan\u00ee) \u2013ku 10 m\u00eelyon dolar xelat dan\u00eeb\u00fb ser ser\u00ea w\u00ee\u2013, ew xelat rakir \u00fb wek\u00ee &#8220;avakar\u00ea S\u00fbriyeyeke n\u00fb&#8221; destn\u00ee\u015fan kir, p\u00ea re ket t\u00eakiliy\u00ea, w\u00ee bir Ko\u015fka Sp\u00ee \u00fb bi germahiyek mezin p\u00ea\u015fwaz\u00ee li v\u00ee qatil\u00ee kir. Hem\u00fb h\u00eaz \u00fb kesayetiy\u00ean hestyar ji v\u00ea yek\u00ea \u015fa\u015f man!<\/h3>\n<h3 style=\"text-align: justify\">D\u00eesa Emer\u00eeka, ji bo avakirina &#8220;S\u00fbriyeyeke n\u00fb&#8221;, dewleta tirk a barbar \u2013ku dijmin\u00ea milet\u00ea Kurd e\u2013, kir al\u00eekar\u00ea Colan\u00ee ji bo avakirina S\u00fbriyey\u00ea! Ev t\u00ea wateya ku h\u00fbn keriy\u00ea berxan emanet\u00ee gur\u00ea har dikin!<\/h3>\n<h3 style=\"text-align: justify\">Wek\u00ee ku em dizanin, dewleta tirk, di nav van h\u00eaz\u00ean tundrew, qatil \u00fb teror\u00eest de xwed\u00ee h\u00eazek mezin e. Li gor\u00ee agahiy\u00ean li ber dest, Tirkiye li ser axa S\u00fbriyey\u00ea 30 hezar \u00e7ekdar\u00ean ji van h\u00eazan \u00eedare dike, bi pir\u00e7ek dike \u00fb bi \u00e7ek\u00ean giran wan raser\u00ee D\u00fbrziyan, M\u00fbsewiy\u00ean \u00fb Kurdan dike.<\/h3>\n<h3 style=\"text-align: justify\">Bi ser\u00ea sal\u00ea re, di tax\u00ean Kurdan de dest bi paqijiyek etn\u00eek\u00ee ya li dij\u00ee milet\u00ea Kurd kirine. Bi serk\u00ea\u015fiya serbaz\u00ean param\u00eel\u00eeter y\u00ean dewleta tirk, van h\u00eaz\u00ean tundrew \u2013bi \u00e7ek\u00ean dewleta barbar a tirk\u2013, li tax\u00ean Heleb\u00ea y\u00ean wek\u00ee E\u015frefiye \u00fb \u015e\u00eax Meqs\u00fbd bi \u00e7ek\u00ean giran dest bi \u00ear\u00ee\u015fan kirine. Ev h\u00eaz\u00ean ku qirkirina Kurdan kirine kar\u00ea xwe, di mizgeft\u00ean xwe de Kurdan wek\u00ee &#8220;qewm\u00ea kafir&#8221; p\u00eanase dikin \u00fb &#8220;kujtina Kurdan&#8221; wek\u00ee wacibek ol\u00ee ya \u00ceslam\u00ea didin n\u00ee\u015fan. Ev metod, metod\u00ean barbar\u00ean tirk in \u00fb dehan caran li axa Kurdistan\u00ea bi van bangan komkuj\u00ee me\u015fandine.<\/h3>\n<h3 style=\"text-align: justify\">Dewleta tirk a barbar, bi h\u00eaz\u00ean teror\u00eest \u00ean li S\u00fbriyey\u00ea re, li dij\u00ee milet\u00ea Kurd paqijiyek etn\u00eek\u00ee dest p\u00ea kiriye. Ew teror\u00eest\u00ean ku tirk wan xwed\u00ee dikin, \u00e7ekan didin wan \u00fb li dij\u00ee Kurdan bikar t\u00eenin, bi tirk\u00ean barbar re di yek dosyay\u00ea de ne. Kurdino, li hember\u00ee van barbaran bibin yek.<\/h3>\n<h3 style=\"text-align: justify\">Dev ji siyaseta ku xizmet\u00ea ji dijmin re dike \u00fb karesat\u00ean dijmin y\u00ean li ser Kurdan h\u00easan dike, berdin.<\/h3>\n<h3 style=\"text-align: justify\">Rojhilat-Rojava, Bakur-Ba\u015f\u00fbr\u00ea Kurdistan\u00ea tu ye, can\u00ea te ye, biray\u00ea te ye.<\/h3>\n<h3 style=\"text-align: justify\">Tirk, ereb \u00fb faris dest bi xw\u00eenin, dijmin\u00ea te ne!<\/h3>\n<h3 style=\"text-align: justify\">Div\u00ea Kurd v\u00ea rastiy\u00ea bib\u00eenin \u00fb dev ji wan kes\u00ean qa\u015fo bi nav\u00ea &#8220;serok\u00ea Kurdan&#8221; koletiya Kurdan dixwazin, berdin.<\/h3>\n<h3 style=\"text-align: justify\">\u00cero roja v\u00ea \u015f\u00eear\u00ea ye:<\/h3>\n<h3 style=\"text-align: justify\">Kurdistan yek welat e.<\/h3>\n<h3 style=\"text-align: justify\">Rojava Rojhilat e,<\/h3>\n<h3 style=\"text-align: justify\">Ba\u015f\u00fbr \u00fb Bakur rake.<\/h3>\n","protected":false},"excerpt":{"rendered":"<p>Dewlet\u00ean ku axa milet\u00ea Kurd dagir kirine, bila ba\u015f bizanibin ku ger kurdek j\u00ee bi tena ser\u00ea xwe li ser r\u00fby\u00ea erd\u00ea bim\u00eene, w\u00ea doza welat\u00ea xwe bike. Bila dewlet\u00ean dagirkar\u00ean Kurdistan\u00ea, y\u00ean ku bi zor \u00fb zilm\u00ea, bi qirkirin \u00fb siyaseta xwe ya hovane li ser Kurdan dime\u015f\u00eenin, v\u00ea gotina min ji xwe re [&hellip;]<\/p>\n","protected":false},"author":2,"featured_media":1050363,"comment_status":"closed","ping_status":"closed","sticky":false,"template":"","format":"standard","meta":{"footnotes":""},"categories":[28],"tags":[37],"class_list":["post-1051343","post","type-post","status-publish","format-standard","has-post-thumbnail","hentry","category-nerin","tag-sereke"],"blocksy_meta":[],"seo_head":"<!-- This site is optimized with the Yoast SEO plugin v27.5 - https:\/\/yoast.com\/product\/yoast-seo-wordpress\/ -->\n<title>Kurdistan, Welat\u00ea Kurd \u00fb Kurdistan\u00eeya ye! - Darka Maz\u00ee<\/title>\n<meta name=\"robots\" content=\"index, follow, max-snippet:-1, max-image-preview:large, max-video-preview:-1\" \/>\n<link rel=\"canonical\" href=\"https:\/\/darkamazi.info\/archives\/1051343\" \/>\n<meta property=\"og:locale\" content=\"en_US\" \/>\n<meta property=\"og:type\" content=\"article\" \/>\n<meta property=\"og:title\" content=\"Kurdistan, Welat\u00ea Kurd \u00fb Kurdistan\u00eeya ye! - Darka Maz\u00ee\" \/>\n<meta property=\"og:description\" content=\"Dewlet\u00ean ku axa milet\u00ea Kurd dagir kirine, bila ba\u015f bizanibin ku ger kurdek j\u00ee bi tena ser\u00ea xwe li ser r\u00fby\u00ea erd\u00ea bim\u00eene, w\u00ea doza welat\u00ea xwe bike. Bila dewlet\u00ean dagirkar\u00ean Kurdistan\u00ea, y\u00ean ku bi zor \u00fb zilm\u00ea, bi qirkirin \u00fb siyaseta xwe ya hovane li ser Kurdan dime\u015f\u00eenin, v\u00ea gotina min ji xwe re [&hellip;]\" \/>\n<meta property=\"og:url\" content=\"https:\/\/darkamazi.info\/archives\/1051343\" \/>\n<meta property=\"og:site_name\" content=\"Darka Maz\u00ee\" \/>\n<meta property=\"article:publisher\" content=\"https:\/\/www.facebook.com\/DarMaziKurmanci\" \/>\n<meta property=\"article:published_time\" content=\"2026-01-13T13:37:00+00:00\" \/>\n<meta property=\"og:image\" content=\"https:\/\/darkamazi.info\/file\/2025\/10\/sheyhmus-ozengin.jpg\" \/>\n\t<meta property=\"og:image:width\" content=\"900\" \/>\n\t<meta property=\"og:image:height\" content=\"475\" \/>\n\t<meta property=\"og:image:type\" content=\"image\/jpeg\" \/>\n<meta name=\"author\" content=\"darka mazi\" \/>\n<meta name=\"twitter:card\" content=\"summary_large_image\" \/>\n<meta name=\"twitter:creator\" content=\"@DarkaMaziLatini\" \/>\n<meta name=\"twitter:site\" content=\"@DarkaMaziLatini\" \/>\n<meta name=\"twitter:label1\" content=\"Written by\" \/>\n\t<meta name=\"twitter:data1\" content=\"darka mazi\" \/>\n\t<meta name=\"twitter:label2\" content=\"Est. reading time\" \/>\n\t<meta name=\"twitter:data2\" content=\"3 minutes\" \/>\n<script type=\"application\/ld+json\" class=\"seo-schema-graph\">{\"@context\":\"https:\\\/\\\/schema.org\",\"@graph\":[{\"@type\":\"Article\",\"@id\":\"https:\\\/\\\/darkamazi.info\\\/archives\\\/1051343#article\",\"isPartOf\":{\"@id\":\"https:\\\/\\\/darkamazi.info\\\/archives\\\/1051343\"},\"author\":{\"name\":\"darka mazi\",\"@id\":\"https:\\\/\\\/darkamazi.info\\\/#\\\/schema\\\/person\\\/5ad3e24553a0567993fa8ed4bd0a776c\"},\"headline\":\"Kurdistan, Welat\u00ea Kurd \u00fb Kurdistan\u00eeya ye!\",\"datePublished\":\"2026-01-13T13:37:00+00:00\",\"mainEntityOfPage\":{\"@id\":\"https:\\\/\\\/darkamazi.info\\\/archives\\\/1051343\"},\"wordCount\":623,\"publisher\":{\"@id\":\"https:\\\/\\\/darkamazi.info\\\/#organization\"},\"image\":{\"@id\":\"https:\\\/\\\/darkamazi.info\\\/archives\\\/1051343#primaryimage\"},\"thumbnailUrl\":\"https:\\\/\\\/darkamazi.info\\\/darka-content\\\/uploads\\\/2025\\\/10\\\/sheyhmus-ozengin.jpg\",\"keywords\":[\"sereke\"],\"articleSection\":[\"Ner\u00een\"],\"inLanguage\":\"en-US\"},{\"@type\":\"WebPage\",\"@id\":\"https:\\\/\\\/darkamazi.info\\\/archives\\\/1051343\",\"url\":\"https:\\\/\\\/darkamazi.info\\\/archives\\\/1051343\",\"name\":\"Kurdistan, Welat\u00ea Kurd \u00fb Kurdistan\u00eeya ye! - Darka Maz\u00ee\",\"isPartOf\":{\"@id\":\"https:\\\/\\\/darkamazi.info\\\/#website\"},\"primaryImageOfPage\":{\"@id\":\"https:\\\/\\\/darkamazi.info\\\/archives\\\/1051343#primaryimage\"},\"image\":{\"@id\":\"https:\\\/\\\/darkamazi.info\\\/archives\\\/1051343#primaryimage\"},\"thumbnailUrl\":\"https:\\\/\\\/darkamazi.info\\\/darka-content\\\/uploads\\\/2025\\\/10\\\/sheyhmus-ozengin.jpg\",\"datePublished\":\"2026-01-13T13:37:00+00:00\",\"breadcrumb\":{\"@id\":\"https:\\\/\\\/darkamazi.info\\\/archives\\\/1051343#breadcrumb\"},\"inLanguage\":\"en-US\",\"potentialAction\":[{\"@type\":\"ReadAction\",\"target\":[\"https:\\\/\\\/darkamazi.info\\\/archives\\\/1051343\"]}]},{\"@type\":\"ImageObject\",\"inLanguage\":\"en-US\",\"@id\":\"https:\\\/\\\/darkamazi.info\\\/archives\\\/1051343#primaryimage\",\"url\":\"https:\\\/\\\/darkamazi.info\\\/darka-content\\\/uploads\\\/2025\\\/10\\\/sheyhmus-ozengin.jpg\",\"contentUrl\":\"https:\\\/\\\/darkamazi.info\\\/darka-content\\\/uploads\\\/2025\\\/10\\\/sheyhmus-ozengin.jpg\",\"width\":900,\"height\":475,\"caption\":\"Bandora \u0130mral\u0131 li ser Rojavay\u00ea Kurdistan\u00ea!\"},{\"@type\":\"BreadcrumbList\",\"@id\":\"https:\\\/\\\/darkamazi.info\\\/archives\\\/1051343#breadcrumb\",\"itemListElement\":[{\"@type\":\"ListItem\",\"position\":1,\"name\":\"Home\",\"item\":\"https:\\\/\\\/darkamazi.info\\\/\"},{\"@type\":\"ListItem\",\"position\":2,\"name\":\"Kurdistan, Welat\u00ea Kurd \u00fb Kurdistan\u00eeya ye!\"}]},{\"@type\":\"WebSite\",\"@id\":\"https:\\\/\\\/darkamazi.info\\\/#website\",\"url\":\"https:\\\/\\\/darkamazi.info\\\/\",\"name\":\"Darka Maz\u00ee\",\"description\":\"P\u00eageha Zanyariy\u00ean Nebih\u00eest\u00ee\",\"publisher\":{\"@id\":\"https:\\\/\\\/darkamazi.info\\\/#organization\"},\"potentialAction\":[{\"@type\":\"SearchAction\",\"target\":{\"@type\":\"EntryPoint\",\"urlTemplate\":\"https:\\\/\\\/darkamazi.info\\\/?s={search_term_string}\"},\"query-input\":{\"@type\":\"PropertyValueSpecification\",\"valueRequired\":true,\"valueName\":\"search_term_string\"}}],\"inLanguage\":\"en-US\"},{\"@type\":\"Organization\",\"@id\":\"https:\\\/\\\/darkamazi.info\\\/#organization\",\"name\":\"Darka Maz\u00ee\",\"url\":\"https:\\\/\\\/darkamazi.info\\\/\",\"logo\":{\"@type\":\"ImageObject\",\"inLanguage\":\"en-US\",\"@id\":\"https:\\\/\\\/darkamazi.info\\\/#\\\/schema\\\/logo\\\/image\\\/\",\"url\":\"https:\\\/\\\/darkamazi.info\\\/darka-content\\\/uploads\\\/2017\\\/12\\\/darka-mazi-logo.png\",\"contentUrl\":\"https:\\\/\\\/darkamazi.info\\\/darka-content\\\/uploads\\\/2017\\\/12\\\/darka-mazi-logo.png\",\"width\":151,\"height\":75,\"caption\":\"Darka Maz\u00ee\"},\"image\":{\"@id\":\"https:\\\/\\\/darkamazi.info\\\/#\\\/schema\\\/logo\\\/image\\\/\"},\"sameAs\":[\"https:\\\/\\\/www.facebook.com\\\/DarMaziKurmanci\",\"https:\\\/\\\/x.com\\\/DarkaMaziLatini\",\"https:\\\/\\\/www.instagram.com\\\/darkamazi.kurmanci\\\/\",\"https:\\\/\\\/www.youtube.com\\\/channel\\\/UCa5HkTdmI8U1qCUFuTw8B2g\"]},{\"@type\":\"Person\",\"@id\":\"https:\\\/\\\/darkamazi.info\\\/#\\\/schema\\\/person\\\/5ad3e24553a0567993fa8ed4bd0a776c\",\"name\":\"darka mazi\",\"sameAs\":[\"https:\\\/\\\/darkamazi.info\\\/\"],\"url\":\"https:\\\/\\\/darkamazi.info\\\/archives\\\/author\\\/kurdi\"}]}<\/script>\n<!-- \/ Yoast SEO plugin. -->","seo_head_json":{"title":"Kurdistan, Welat\u00ea Kurd \u00fb Kurdistan\u00eeya ye! - Darka Maz\u00ee","robots":{"index":"index","follow":"follow","max-snippet":"max-snippet:-1","max-image-preview":"max-image-preview:large","max-video-preview":"max-video-preview:-1"},"canonical":"https:\/\/darkamazi.info\/archives\/1051343","og_locale":"en_US","og_type":"article","og_title":"Kurdistan, Welat\u00ea Kurd \u00fb Kurdistan\u00eeya ye! - Darka Maz\u00ee","og_description":"Dewlet\u00ean ku axa milet\u00ea Kurd dagir kirine, bila ba\u015f bizanibin ku ger kurdek j\u00ee bi tena ser\u00ea xwe li ser r\u00fby\u00ea erd\u00ea bim\u00eene, w\u00ea doza welat\u00ea xwe bike. Bila dewlet\u00ean dagirkar\u00ean Kurdistan\u00ea, y\u00ean ku bi zor \u00fb zilm\u00ea, bi qirkirin \u00fb siyaseta xwe ya hovane li ser Kurdan dime\u015f\u00eenin, v\u00ea gotina min ji xwe re [&hellip;]","og_url":"https:\/\/darkamazi.info\/archives\/1051343","og_site_name":"Darka Maz\u00ee","article_publisher":"https:\/\/www.facebook.com\/DarMaziKurmanci","article_published_time":"2026-01-13T13:37:00+00:00","og_image":[{"width":900,"height":475,"url":"https:\/\/darkamazi.info\/file\/2025\/10\/sheyhmus-ozengin.jpg","type":"image\/jpeg"}],"author":"darka mazi","twitter_card":"summary_large_image","twitter_creator":"@DarkaMaziLatini","twitter_site":"@DarkaMaziLatini","twitter_misc":{"Written by":"darka mazi","Est. reading time":"3 minutes"},"schema":{"@context":"https:\/\/schema.org","@graph":[{"@type":"Article","@id":"https:\/\/darkamazi.info\/archives\/1051343#article","isPartOf":{"@id":"https:\/\/darkamazi.info\/archives\/1051343"},"author":{"name":"darka mazi","@id":"https:\/\/darkamazi.info\/#\/schema\/person\/5ad3e24553a0567993fa8ed4bd0a776c"},"headline":"Kurdistan, Welat\u00ea Kurd \u00fb Kurdistan\u00eeya ye!","datePublished":"2026-01-13T13:37:00+00:00","mainEntityOfPage":{"@id":"https:\/\/darkamazi.info\/archives\/1051343"},"wordCount":623,"publisher":{"@id":"https:\/\/darkamazi.info\/#organization"},"image":{"@id":"https:\/\/darkamazi.info\/archives\/1051343#primaryimage"},"thumbnailUrl":"https:\/\/darkamazi.info\/file\/2025\/10\/sheyhmus-ozengin.jpg","keywords":["sereke"],"articleSection":["Ner\u00een"],"inLanguage":"en-US"},{"@type":"WebPage","@id":"https:\/\/darkamazi.info\/archives\/1051343","url":"https:\/\/darkamazi.info\/archives\/1051343","name":"Kurdistan, Welat\u00ea Kurd \u00fb Kurdistan\u00eeya ye! - Darka Maz\u00ee","isPartOf":{"@id":"https:\/\/darkamazi.info\/#website"},"primaryImageOfPage":{"@id":"https:\/\/darkamazi.info\/archives\/1051343#primaryimage"},"image":{"@id":"https:\/\/darkamazi.info\/archives\/1051343#primaryimage"},"thumbnailUrl":"https:\/\/darkamazi.info\/file\/2025\/10\/sheyhmus-ozengin.jpg","datePublished":"2026-01-13T13:37:00+00:00","breadcrumb":{"@id":"https:\/\/darkamazi.info\/archives\/1051343#breadcrumb"},"inLanguage":"en-US","potentialAction":[{"@type":"ReadAction","target":["https:\/\/darkamazi.info\/archives\/1051343"]}]},{"@type":"ImageObject","inLanguage":"en-US","@id":"https:\/\/darkamazi.info\/archives\/1051343#primaryimage","url":"https:\/\/darkamazi.info\/file\/2025\/10\/sheyhmus-ozengin.jpg","contentUrl":"https:\/\/darkamazi.info\/file\/2025\/10\/sheyhmus-ozengin.jpg","width":900,"height":475,"caption":"Bandora \u0130mral\u0131 li ser Rojavay\u00ea Kurdistan\u00ea!"},{"@type":"BreadcrumbList","@id":"https:\/\/darkamazi.info\/archives\/1051343#breadcrumb","itemListElement":[{"@type":"ListItem","position":1,"name":"Home","item":"https:\/\/darkamazi.info\/"},{"@type":"ListItem","position":2,"name":"Kurdistan, Welat\u00ea Kurd \u00fb Kurdistan\u00eeya ye!"}]},{"@type":"WebSite","@id":"https:\/\/darkamazi.info\/#website","url":"https:\/\/darkamazi.info\/","name":"Darka Maz\u00ee","description":"P\u00eageha Zanyariy\u00ean Nebih\u00eest\u00ee","publisher":{"@id":"https:\/\/darkamazi.info\/#organization"},"potentialAction":[{"@type":"SearchAction","target":{"@type":"EntryPoint","urlTemplate":"https:\/\/darkamazi.info\/?s={search_term_string}"},"query-input":{"@type":"PropertyValueSpecification","valueRequired":true,"valueName":"search_term_string"}}],"inLanguage":"en-US"},{"@type":"Organization","@id":"https:\/\/darkamazi.info\/#organization","name":"Darka Maz\u00ee","url":"https:\/\/darkamazi.info\/","logo":{"@type":"ImageObject","inLanguage":"en-US","@id":"https:\/\/darkamazi.info\/#\/schema\/logo\/image\/","url":"https:\/\/darkamazi.info\/file\/2017\/12\/darka-mazi-logo.png","contentUrl":"https:\/\/darkamazi.info\/file\/2017\/12\/darka-mazi-logo.png","width":151,"height":75,"caption":"Darka Maz\u00ee"},"image":{"@id":"https:\/\/darkamazi.info\/#\/schema\/logo\/image\/"},"sameAs":["https:\/\/www.facebook.com\/DarMaziKurmanci","https:\/\/x.com\/DarkaMaziLatini","https:\/\/www.instagram.com\/darkamazi.kurmanci\/","https:\/\/www.youtube.com\/channel\/UCa5HkTdmI8U1qCUFuTw8B2g"]},{"@type":"Person","@id":"https:\/\/darkamazi.info\/#\/schema\/person\/5ad3e24553a0567993fa8ed4bd0a776c","name":"darka mazi","sameAs":["https:\/\/darkamazi.info\/"],"url":"https:\/\/darkamazi.info\/archives\/author\/kurdi"}]}},"_links":{"self":[{"href":"https:\/\/darkamazi.info\/funavuv\/wp\/v2\/posts\/1051343","targetHints":{"allow":["GET"]}}],"collection":[{"href":"https:\/\/darkamazi.info\/funavuv\/wp\/v2\/posts"}],"about":[{"href":"https:\/\/darkamazi.info\/funavuv\/wp\/v2\/types\/post"}],"author":[{"embeddable":true,"href":"https:\/\/darkamazi.info\/funavuv\/wp\/v2\/users\/2"}],"replies":[{"embeddable":true,"href":"https:\/\/darkamazi.info\/funavuv\/wp\/v2\/comments?post=1051343"}],"version-history":[{"count":0,"href":"https:\/\/darkamazi.info\/funavuv\/wp\/v2\/posts\/1051343\/revisions"}],"wp:featuredmedia":[{"embeddable":true,"href":"https:\/\/darkamazi.info\/funavuv\/wp\/v2\/media\/1050363"}],"wp:attachment":[{"href":"https:\/\/darkamazi.info\/funavuv\/wp\/v2\/media?parent=1051343"}],"wp:term":[{"taxonomy":"category","embeddable":true,"href":"https:\/\/darkamazi.info\/funavuv\/wp\/v2\/categories?post=1051343"},{"taxonomy":"post_tag","embeddable":true,"href":"https:\/\/darkamazi.info\/funavuv\/wp\/v2\/tags?post=1051343"}],"curies":[{"name":"wp","href":"https:\/\/api.w.org\/{rel}","templated":true}]}}