{"id":1051345,"date":"2026-01-13T17:16:36","date_gmt":"2026-01-13T14:16:36","guid":{"rendered":"https:\/\/darkamazi.info\/?p=1051345"},"modified":"2026-01-13T17:16:36","modified_gmt":"2026-01-13T14:16:36","slug":"hsd-hezen-artesa-erebi-ya-suriyeye-der-hafire-topbaran-dikin","status":"publish","type":"post","link":"https:\/\/darkamazi.info\/archives\/1051345","title":{"rendered":"HSD: H\u00eaz\u00ean art\u00ea\u015fa Ereb\u00ee ya S\u00fbriyey\u00ea D\u00ear Hafir\u00ea topbaran dikin"},"content":{"rendered":"<h3 style=\"text-align: justify\"><span style=\"font-family: 'arial black', sans-serif\">H\u00eaz\u00ean S\u00fbriyeya Demokrat\u00eek (HSD) ragihandin: H\u00eaz\u00ean Art\u00ea\u015fa Ereb\u00ee ya S\u00fbriyey\u00ea niha D\u00ear Hafir\u00ea topbaran dikin \u00fb li bajark\u00ea Eb\u00fb Hemam\u00ea li derdora rojhilat\u00ea D\u00earazor\u00ea j\u00ee \u00ear\u00ee\u015f kir ser xaleka kontrol\u00ea ya h\u00eaz\u00ean me.<\/span><\/h3>\n<h3 style=\"text-align: justify\">H\u00eaz\u00ean S\u00fbriyeya Demokrat\u00eek (HSD) \u00eero (S\u00ea\u015fem, 13.012026) di daxuyaniyek\u00ea de e\u015fkere kir ku, saet 23:25 \u00ea \u015fev\u00ea h\u00eaz\u00ean \u00e7ekdar \u00ean gir\u00eaday\u00ee Art\u00ea\u015fa Ereb\u00ee ya S\u00fbriyey\u00ea li Eb\u00fb Hemam\u00ea \u00fb li aliyek\u00ea din j\u00ee li berey\u00ea \u00c7em\u00ea Firat\u00ea, \u00ear\u00ee\u015f kir ser xaleka h\u00eaz\u00ean wan b\u00eay\u00ee ku tu zirarek\u00ea bigih\u00eenin endam\u00ean h\u00eaz\u00ean wan<\/h3>\n<h3 style=\"text-align: justify\">HSD\u00ea herwesa ragihand ku, h\u00eaz\u00ean wan tavil\u00ea bersiva \u00e7avkaniya \u00ear\u00ee\u015fa wan daye \u00fb hem\u00ee r\u00eakar bi cih an\u00eene da ku xal\u00ean xwe li w\u00ea dever\u00ea bipar\u00eazin.<\/h3>\n<h3 style=\"text-align: justify\">H\u00eaz\u00ean S\u00fbriyeya Demokrat\u00eek (HSD) herwesa ragihand: H\u00eaz\u00ean Art\u00ea\u015fa Ereb\u00ee ya S\u00fbriyey\u00ea dest bi topbarankirina D\u00ear Hafir\u00ea kiriye. Herwesa got: Zirar\u00ean v\u00ea topbaran\u00ea h\u00een j\u00ee nay\u00ean zan\u00een<\/h3>\n","protected":false},"excerpt":{"rendered":"<p>H\u00eaz\u00ean S\u00fbriyeya Demokrat\u00eek (HSD) ragihandin: H\u00eaz\u00ean Art\u00ea\u015fa Ereb\u00ee ya S\u00fbriyey\u00ea niha D\u00ear Hafir\u00ea topbaran dikin \u00fb li bajark\u00ea Eb\u00fb Hemam\u00ea li derdora rojhilat\u00ea D\u00earazor\u00ea j\u00ee \u00ear\u00ee\u015f kir ser xaleka kontrol\u00ea ya h\u00eaz\u00ean me. H\u00eaz\u00ean S\u00fbriyeya Demokrat\u00eek (HSD) \u00eero (S\u00ea\u015fem, 13.012026) di daxuyaniyek\u00ea de e\u015fkere kir ku, saet 23:25 \u00ea \u015fev\u00ea h\u00eaz\u00ean \u00e7ekdar \u00ean gir\u00eaday\u00ee Art\u00ea\u015fa [&hellip;]<\/p>\n","protected":false},"author":2,"featured_media":1051222,"comment_status":"closed","ping_status":"closed","sticky":false,"template":"","format":"standard","meta":{"footnotes":""},"categories":[29],"tags":[37],"class_list":["post-1051345","post","type-post","status-publish","format-standard","has-post-thumbnail","hentry","category-kurdistan","tag-sereke"],"blocksy_meta":[],"seo_head":"<!-- This site is optimized with the Yoast SEO plugin v27.5 - https:\/\/yoast.com\/product\/yoast-seo-wordpress\/ -->\n<title>HSD: H\u00eaz\u00ean art\u00ea\u015fa Ereb\u00ee ya S\u00fbriyey\u00ea D\u00ear Hafir\u00ea topbaran dikin - Darka Maz\u00ee<\/title>\n<meta name=\"robots\" content=\"index, follow, max-snippet:-1, max-image-preview:large, max-video-preview:-1\" \/>\n<link rel=\"canonical\" href=\"https:\/\/darkamazi.info\/archives\/1051345\" \/>\n<meta property=\"og:locale\" content=\"en_US\" \/>\n<meta property=\"og:type\" content=\"article\" \/>\n<meta property=\"og:title\" content=\"HSD: H\u00eaz\u00ean art\u00ea\u015fa Ereb\u00ee ya S\u00fbriyey\u00ea D\u00ear Hafir\u00ea topbaran dikin - Darka Maz\u00ee\" \/>\n<meta property=\"og:description\" content=\"H\u00eaz\u00ean S\u00fbriyeya Demokrat\u00eek (HSD) ragihandin: H\u00eaz\u00ean Art\u00ea\u015fa Ereb\u00ee ya S\u00fbriyey\u00ea niha D\u00ear Hafir\u00ea topbaran dikin \u00fb li bajark\u00ea Eb\u00fb Hemam\u00ea li derdora rojhilat\u00ea D\u00earazor\u00ea j\u00ee \u00ear\u00ee\u015f kir ser xaleka kontrol\u00ea ya h\u00eaz\u00ean me. H\u00eaz\u00ean S\u00fbriyeya Demokrat\u00eek (HSD) \u00eero (S\u00ea\u015fem, 13.012026) di daxuyaniyek\u00ea de e\u015fkere kir ku, saet 23:25 \u00ea \u015fev\u00ea h\u00eaz\u00ean \u00e7ekdar \u00ean gir\u00eaday\u00ee Art\u00ea\u015fa [&hellip;]\" \/>\n<meta property=\"og:url\" content=\"https:\/\/darkamazi.info\/archives\/1051345\" \/>\n<meta property=\"og:site_name\" content=\"Darka Maz\u00ee\" \/>\n<meta property=\"article:publisher\" content=\"https:\/\/www.facebook.com\/DarMaziKurmanci\" \/>\n<meta property=\"article:published_time\" content=\"2026-01-13T14:16:36+00:00\" \/>\n<meta property=\"og:image\" content=\"https:\/\/darkamazi.info\/file\/2026\/01\/HSD-Suriye-768x424-1.jpg\" \/>\n\t<meta property=\"og:image:width\" content=\"768\" \/>\n\t<meta property=\"og:image:height\" content=\"424\" \/>\n\t<meta property=\"og:image:type\" content=\"image\/jpeg\" \/>\n<meta name=\"author\" content=\"darka mazi\" \/>\n<meta name=\"twitter:card\" content=\"summary_large_image\" \/>\n<meta name=\"twitter:creator\" content=\"@DarkaMaziLatini\" \/>\n<meta name=\"twitter:site\" content=\"@DarkaMaziLatini\" \/>\n<meta name=\"twitter:label1\" content=\"Written by\" \/>\n\t<meta name=\"twitter:data1\" content=\"darka mazi\" \/>\n\t<meta name=\"twitter:label2\" content=\"Est. reading time\" \/>\n\t<meta name=\"twitter:data2\" content=\"1 minute\" \/>\n<script type=\"application\/ld+json\" class=\"seo-schema-graph\">{\"@context\":\"https:\\\/\\\/schema.org\",\"@graph\":[{\"@type\":\"Article\",\"@id\":\"https:\\\/\\\/darkamazi.info\\\/archives\\\/1051345#article\",\"isPartOf\":{\"@id\":\"https:\\\/\\\/darkamazi.info\\\/archives\\\/1051345\"},\"author\":{\"name\":\"darka mazi\",\"@id\":\"https:\\\/\\\/darkamazi.info\\\/#\\\/schema\\\/person\\\/5ad3e24553a0567993fa8ed4bd0a776c\"},\"headline\":\"HSD: H\u00eaz\u00ean art\u00ea\u015fa Ereb\u00ee ya S\u00fbriyey\u00ea D\u00ear Hafir\u00ea topbaran dikin\",\"datePublished\":\"2026-01-13T14:16:36+00:00\",\"mainEntityOfPage\":{\"@id\":\"https:\\\/\\\/darkamazi.info\\\/archives\\\/1051345\"},\"wordCount\":195,\"publisher\":{\"@id\":\"https:\\\/\\\/darkamazi.info\\\/#organization\"},\"image\":{\"@id\":\"https:\\\/\\\/darkamazi.info\\\/archives\\\/1051345#primaryimage\"},\"thumbnailUrl\":\"https:\\\/\\\/darkamazi.info\\\/darka-content\\\/uploads\\\/2026\\\/01\\\/HSD-Suriye-768x424-1.jpg\",\"keywords\":[\"sereke\"],\"articleSection\":[\"Kurdistan\"],\"inLanguage\":\"en-US\"},{\"@type\":\"WebPage\",\"@id\":\"https:\\\/\\\/darkamazi.info\\\/archives\\\/1051345\",\"url\":\"https:\\\/\\\/darkamazi.info\\\/archives\\\/1051345\",\"name\":\"HSD: H\u00eaz\u00ean art\u00ea\u015fa Ereb\u00ee ya S\u00fbriyey\u00ea D\u00ear Hafir\u00ea topbaran dikin - Darka Maz\u00ee\",\"isPartOf\":{\"@id\":\"https:\\\/\\\/darkamazi.info\\\/#website\"},\"primaryImageOfPage\":{\"@id\":\"https:\\\/\\\/darkamazi.info\\\/archives\\\/1051345#primaryimage\"},\"image\":{\"@id\":\"https:\\\/\\\/darkamazi.info\\\/archives\\\/1051345#primaryimage\"},\"thumbnailUrl\":\"https:\\\/\\\/darkamazi.info\\\/darka-content\\\/uploads\\\/2026\\\/01\\\/HSD-Suriye-768x424-1.jpg\",\"datePublished\":\"2026-01-13T14:16:36+00:00\",\"breadcrumb\":{\"@id\":\"https:\\\/\\\/darkamazi.info\\\/archives\\\/1051345#breadcrumb\"},\"inLanguage\":\"en-US\",\"potentialAction\":[{\"@type\":\"ReadAction\",\"target\":[\"https:\\\/\\\/darkamazi.info\\\/archives\\\/1051345\"]}]},{\"@type\":\"ImageObject\",\"inLanguage\":\"en-US\",\"@id\":\"https:\\\/\\\/darkamazi.info\\\/archives\\\/1051345#primaryimage\",\"url\":\"https:\\\/\\\/darkamazi.info\\\/darka-content\\\/uploads\\\/2026\\\/01\\\/HSD-Suriye-768x424-1.jpg\",\"contentUrl\":\"https:\\\/\\\/darkamazi.info\\\/darka-content\\\/uploads\\\/2026\\\/01\\\/HSD-Suriye-768x424-1.jpg\",\"width\":768,\"height\":424,\"caption\":\"HSD: Entegrasyona le\u015fker\u00ee di \u00e7ar\u00e7oveya diyalogeke ferm\u00ee de hat n\u00eeqa\u015fkirin\"},{\"@type\":\"BreadcrumbList\",\"@id\":\"https:\\\/\\\/darkamazi.info\\\/archives\\\/1051345#breadcrumb\",\"itemListElement\":[{\"@type\":\"ListItem\",\"position\":1,\"name\":\"Home\",\"item\":\"https:\\\/\\\/darkamazi.info\\\/\"},{\"@type\":\"ListItem\",\"position\":2,\"name\":\"HSD: H\u00eaz\u00ean art\u00ea\u015fa Ereb\u00ee ya S\u00fbriyey\u00ea D\u00ear Hafir\u00ea topbaran dikin\"}]},{\"@type\":\"WebSite\",\"@id\":\"https:\\\/\\\/darkamazi.info\\\/#website\",\"url\":\"https:\\\/\\\/darkamazi.info\\\/\",\"name\":\"Darka Maz\u00ee\",\"description\":\"P\u00eageha Zanyariy\u00ean Nebih\u00eest\u00ee\",\"publisher\":{\"@id\":\"https:\\\/\\\/darkamazi.info\\\/#organization\"},\"potentialAction\":[{\"@type\":\"SearchAction\",\"target\":{\"@type\":\"EntryPoint\",\"urlTemplate\":\"https:\\\/\\\/darkamazi.info\\\/?s={search_term_string}\"},\"query-input\":{\"@type\":\"PropertyValueSpecification\",\"valueRequired\":true,\"valueName\":\"search_term_string\"}}],\"inLanguage\":\"en-US\"},{\"@type\":\"Organization\",\"@id\":\"https:\\\/\\\/darkamazi.info\\\/#organization\",\"name\":\"Darka Maz\u00ee\",\"url\":\"https:\\\/\\\/darkamazi.info\\\/\",\"logo\":{\"@type\":\"ImageObject\",\"inLanguage\":\"en-US\",\"@id\":\"https:\\\/\\\/darkamazi.info\\\/#\\\/schema\\\/logo\\\/image\\\/\",\"url\":\"https:\\\/\\\/darkamazi.info\\\/darka-content\\\/uploads\\\/2017\\\/12\\\/darka-mazi-logo.png\",\"contentUrl\":\"https:\\\/\\\/darkamazi.info\\\/darka-content\\\/uploads\\\/2017\\\/12\\\/darka-mazi-logo.png\",\"width\":151,\"height\":75,\"caption\":\"Darka Maz\u00ee\"},\"image\":{\"@id\":\"https:\\\/\\\/darkamazi.info\\\/#\\\/schema\\\/logo\\\/image\\\/\"},\"sameAs\":[\"https:\\\/\\\/www.facebook.com\\\/DarMaziKurmanci\",\"https:\\\/\\\/x.com\\\/DarkaMaziLatini\",\"https:\\\/\\\/www.instagram.com\\\/darkamazi.kurmanci\\\/\",\"https:\\\/\\\/www.youtube.com\\\/channel\\\/UCa5HkTdmI8U1qCUFuTw8B2g\"]},{\"@type\":\"Person\",\"@id\":\"https:\\\/\\\/darkamazi.info\\\/#\\\/schema\\\/person\\\/5ad3e24553a0567993fa8ed4bd0a776c\",\"name\":\"darka mazi\",\"sameAs\":[\"https:\\\/\\\/darkamazi.info\\\/\"],\"url\":\"https:\\\/\\\/darkamazi.info\\\/archives\\\/author\\\/kurdi\"}]}<\/script>\n<!-- \/ Yoast SEO plugin. -->","seo_head_json":{"title":"HSD: H\u00eaz\u00ean art\u00ea\u015fa Ereb\u00ee ya S\u00fbriyey\u00ea D\u00ear Hafir\u00ea topbaran dikin - Darka Maz\u00ee","robots":{"index":"index","follow":"follow","max-snippet":"max-snippet:-1","max-image-preview":"max-image-preview:large","max-video-preview":"max-video-preview:-1"},"canonical":"https:\/\/darkamazi.info\/archives\/1051345","og_locale":"en_US","og_type":"article","og_title":"HSD: H\u00eaz\u00ean art\u00ea\u015fa Ereb\u00ee ya S\u00fbriyey\u00ea D\u00ear Hafir\u00ea topbaran dikin - Darka Maz\u00ee","og_description":"H\u00eaz\u00ean S\u00fbriyeya Demokrat\u00eek (HSD) ragihandin: H\u00eaz\u00ean Art\u00ea\u015fa Ereb\u00ee ya S\u00fbriyey\u00ea niha D\u00ear Hafir\u00ea topbaran dikin \u00fb li bajark\u00ea Eb\u00fb Hemam\u00ea li derdora rojhilat\u00ea D\u00earazor\u00ea j\u00ee \u00ear\u00ee\u015f kir ser xaleka kontrol\u00ea ya h\u00eaz\u00ean me. H\u00eaz\u00ean S\u00fbriyeya Demokrat\u00eek (HSD) \u00eero (S\u00ea\u015fem, 13.012026) di daxuyaniyek\u00ea de e\u015fkere kir ku, saet 23:25 \u00ea \u015fev\u00ea h\u00eaz\u00ean \u00e7ekdar \u00ean gir\u00eaday\u00ee Art\u00ea\u015fa [&hellip;]","og_url":"https:\/\/darkamazi.info\/archives\/1051345","og_site_name":"Darka Maz\u00ee","article_publisher":"https:\/\/www.facebook.com\/DarMaziKurmanci","article_published_time":"2026-01-13T14:16:36+00:00","og_image":[{"width":768,"height":424,"url":"https:\/\/darkamazi.info\/file\/2026\/01\/HSD-Suriye-768x424-1.jpg","type":"image\/jpeg"}],"author":"darka mazi","twitter_card":"summary_large_image","twitter_creator":"@DarkaMaziLatini","twitter_site":"@DarkaMaziLatini","twitter_misc":{"Written by":"darka mazi","Est. reading time":"1 minute"},"schema":{"@context":"https:\/\/schema.org","@graph":[{"@type":"Article","@id":"https:\/\/darkamazi.info\/archives\/1051345#article","isPartOf":{"@id":"https:\/\/darkamazi.info\/archives\/1051345"},"author":{"name":"darka mazi","@id":"https:\/\/darkamazi.info\/#\/schema\/person\/5ad3e24553a0567993fa8ed4bd0a776c"},"headline":"HSD: H\u00eaz\u00ean art\u00ea\u015fa Ereb\u00ee ya S\u00fbriyey\u00ea D\u00ear Hafir\u00ea topbaran dikin","datePublished":"2026-01-13T14:16:36+00:00","mainEntityOfPage":{"@id":"https:\/\/darkamazi.info\/archives\/1051345"},"wordCount":195,"publisher":{"@id":"https:\/\/darkamazi.info\/#organization"},"image":{"@id":"https:\/\/darkamazi.info\/archives\/1051345#primaryimage"},"thumbnailUrl":"https:\/\/darkamazi.info\/file\/2026\/01\/HSD-Suriye-768x424-1.jpg","keywords":["sereke"],"articleSection":["Kurdistan"],"inLanguage":"en-US"},{"@type":"WebPage","@id":"https:\/\/darkamazi.info\/archives\/1051345","url":"https:\/\/darkamazi.info\/archives\/1051345","name":"HSD: H\u00eaz\u00ean art\u00ea\u015fa Ereb\u00ee ya S\u00fbriyey\u00ea D\u00ear Hafir\u00ea topbaran dikin - Darka Maz\u00ee","isPartOf":{"@id":"https:\/\/darkamazi.info\/#website"},"primaryImageOfPage":{"@id":"https:\/\/darkamazi.info\/archives\/1051345#primaryimage"},"image":{"@id":"https:\/\/darkamazi.info\/archives\/1051345#primaryimage"},"thumbnailUrl":"https:\/\/darkamazi.info\/file\/2026\/01\/HSD-Suriye-768x424-1.jpg","datePublished":"2026-01-13T14:16:36+00:00","breadcrumb":{"@id":"https:\/\/darkamazi.info\/archives\/1051345#breadcrumb"},"inLanguage":"en-US","potentialAction":[{"@type":"ReadAction","target":["https:\/\/darkamazi.info\/archives\/1051345"]}]},{"@type":"ImageObject","inLanguage":"en-US","@id":"https:\/\/darkamazi.info\/archives\/1051345#primaryimage","url":"https:\/\/darkamazi.info\/file\/2026\/01\/HSD-Suriye-768x424-1.jpg","contentUrl":"https:\/\/darkamazi.info\/file\/2026\/01\/HSD-Suriye-768x424-1.jpg","width":768,"height":424,"caption":"HSD: Entegrasyona le\u015fker\u00ee di \u00e7ar\u00e7oveya diyalogeke ferm\u00ee de hat n\u00eeqa\u015fkirin"},{"@type":"BreadcrumbList","@id":"https:\/\/darkamazi.info\/archives\/1051345#breadcrumb","itemListElement":[{"@type":"ListItem","position":1,"name":"Home","item":"https:\/\/darkamazi.info\/"},{"@type":"ListItem","position":2,"name":"HSD: H\u00eaz\u00ean art\u00ea\u015fa Ereb\u00ee ya S\u00fbriyey\u00ea D\u00ear Hafir\u00ea topbaran dikin"}]},{"@type":"WebSite","@id":"https:\/\/darkamazi.info\/#website","url":"https:\/\/darkamazi.info\/","name":"Darka Maz\u00ee","description":"P\u00eageha Zanyariy\u00ean Nebih\u00eest\u00ee","publisher":{"@id":"https:\/\/darkamazi.info\/#organization"},"potentialAction":[{"@type":"SearchAction","target":{"@type":"EntryPoint","urlTemplate":"https:\/\/darkamazi.info\/?s={search_term_string}"},"query-input":{"@type":"PropertyValueSpecification","valueRequired":true,"valueName":"search_term_string"}}],"inLanguage":"en-US"},{"@type":"Organization","@id":"https:\/\/darkamazi.info\/#organization","name":"Darka Maz\u00ee","url":"https:\/\/darkamazi.info\/","logo":{"@type":"ImageObject","inLanguage":"en-US","@id":"https:\/\/darkamazi.info\/#\/schema\/logo\/image\/","url":"https:\/\/darkamazi.info\/file\/2017\/12\/darka-mazi-logo.png","contentUrl":"https:\/\/darkamazi.info\/file\/2017\/12\/darka-mazi-logo.png","width":151,"height":75,"caption":"Darka Maz\u00ee"},"image":{"@id":"https:\/\/darkamazi.info\/#\/schema\/logo\/image\/"},"sameAs":["https:\/\/www.facebook.com\/DarMaziKurmanci","https:\/\/x.com\/DarkaMaziLatini","https:\/\/www.instagram.com\/darkamazi.kurmanci\/","https:\/\/www.youtube.com\/channel\/UCa5HkTdmI8U1qCUFuTw8B2g"]},{"@type":"Person","@id":"https:\/\/darkamazi.info\/#\/schema\/person\/5ad3e24553a0567993fa8ed4bd0a776c","name":"darka mazi","sameAs":["https:\/\/darkamazi.info\/"],"url":"https:\/\/darkamazi.info\/archives\/author\/kurdi"}]}},"_links":{"self":[{"href":"https:\/\/darkamazi.info\/funavuv\/wp\/v2\/posts\/1051345","targetHints":{"allow":["GET"]}}],"collection":[{"href":"https:\/\/darkamazi.info\/funavuv\/wp\/v2\/posts"}],"about":[{"href":"https:\/\/darkamazi.info\/funavuv\/wp\/v2\/types\/post"}],"author":[{"embeddable":true,"href":"https:\/\/darkamazi.info\/funavuv\/wp\/v2\/users\/2"}],"replies":[{"embeddable":true,"href":"https:\/\/darkamazi.info\/funavuv\/wp\/v2\/comments?post=1051345"}],"version-history":[{"count":0,"href":"https:\/\/darkamazi.info\/funavuv\/wp\/v2\/posts\/1051345\/revisions"}],"wp:featuredmedia":[{"embeddable":true,"href":"https:\/\/darkamazi.info\/funavuv\/wp\/v2\/media\/1051222"}],"wp:attachment":[{"href":"https:\/\/darkamazi.info\/funavuv\/wp\/v2\/media?parent=1051345"}],"wp:term":[{"taxonomy":"category","embeddable":true,"href":"https:\/\/darkamazi.info\/funavuv\/wp\/v2\/categories?post=1051345"},{"taxonomy":"post_tag","embeddable":true,"href":"https:\/\/darkamazi.info\/funavuv\/wp\/v2\/tags?post=1051345"}],"curies":[{"name":"wp","href":"https:\/\/api.w.org\/{rel}","templated":true}]}}