{"id":1051347,"date":"2026-01-13T19:17:27","date_gmt":"2026-01-13T16:17:27","guid":{"rendered":"https:\/\/darkamazi.info\/?p=1051347"},"modified":"2026-01-13T19:17:27","modified_gmt":"2026-01-13T16:17:27","slug":"ilham-ehmed-tu-kesek-bi-tena-sere-xwe-xwediye-suriyeye-nine","status":"publish","type":"post","link":"https:\/\/darkamazi.info\/archives\/1051347","title":{"rendered":"\u00celham Ehmed: Tu kesek bi tena ser\u00ea xwe xwediy\u00ea S\u00fbriyey\u00ea n\u00eene"},"content":{"rendered":"<h3 style=\"text-align: justify\"><span style=\"font-family: 'arial black', sans-serif\">Berpirsa Peywendiy\u00ean Derve ya R\u00eaveberiya Xweser a Bakur \u00fb Rojhilat\u00ea S\u00fbriyey\u00ea amaje da ku, tu kesek bi tena ser\u00ea xwe xwediy\u00ea S\u00fbriyey\u00ea n\u00eene, belk\u00ee div\u00ea hem\u00ee netewe \u00fb p\u00eakhate di a\u015ftiy\u00ea de bij\u00een.<\/span><\/h3>\n<h3 style=\"text-align: justify\">Berpirsa Peywendiy\u00ean Derve ya R\u00eaveberiya Xweser \u00celham Ehmed \u00eero (S\u00ea\u015fem, 13.01.2026) di konferanseka rojnamevan\u00ee de ragihand: Div\u00ea garantiya jiyan\u00ea hebe, div\u00ea \u00e7areseriyeka siyas\u00ee ji bo rew\u015fa S\u00fbriyey\u00ea \u00fb helwesteka cid\u00ee ji aliy\u00ea rayedar\u00ean S\u00fbriyey\u00ea ve ji bo \u00e7areserkirina pirsgir\u00eakan hebe.<\/h3>\n<h3 style=\"text-align: justify\">\u00celham Ehmed herwesa got: Div\u00ea \u00eerade hebe ku hem\u00ee p\u00eakhate \u00fb netewey\u00ean cuda cuda y\u00ean S\u00fbriyey\u00ea bi hev re bij\u00een, ji ber ku ew ten\u00ea li S\u00fbriyey\u00ea naj\u00een, belk\u00ee S\u00fbriye ji hejmareka netewe \u00fb p\u00eakhatey\u00ean cuda cuda p\u00eak t\u00ea.<\/h3>\n<h3 style=\"text-align: justify\">Berpirsa navbir\u00ee amaje j\u00ee da: Gotin ten\u00ea bes n\u00eene, ku t\u00ea gotin Kurd xwe\u015feviy\u00ean me ne, belk\u00ee div\u00ea di kiryar\u00ean wan de b\u00ea n\u00ee\u015fandan, herwesa div\u00ea zexteka navnetewey\u00ee ji bo rawestandina \u00ear\u00ee\u015fan ji aiy\u00ea art\u00ea\u015fa Ereb\u00ee ya S\u00fbriyey\u00ea ve hebe. Me hergav amadeb\u00fbna xwe ji bo diyalog\u00ea n\u00ee\u015fan daye, l\u00ea em tekez\u00ea li ser rawestandina \u00ear\u00ee\u015fan dikin.<\/h3>\n<h3 style=\"text-align: justify\">Berpirsa Peywendiy\u00ean Derve ya R\u00eaveberiya Xweser amaje j\u00ee da: Ti\u015ft\u00ean ku hik\u00fbmeta \u015eam\u00ea di medyay\u00ea de dib\u00eaje ten\u00ea t\u00eakdan e, ji ber ku di rastiy\u00ea de ti soz \u00fb kiryar\u00ean xwe bi cih nay\u00eene. Civaka navnetewey\u00ee \u00fb welat\u00ean rojavay\u00ee li beranber\u00ee \u00ear\u00ee\u015f\u00ean art\u00ea\u015fa Ereb\u00ee ya S\u00fbriyey\u00ea b\u00eadeng \u00fb b\u00eahelwest in, ev j\u00ee karek\u00ea xelet e.<\/h3>\n<h3 style=\"text-align: justify\">\u00celham Ehmed herwesa got: Em bang li Serok\u00ea Amer\u00eekay\u00ea Donald Trump dikin ku p\u00ea\u015fengiy\u00ea bike \u00fb a\u015ftiy\u00ea li dever\u00ea berqerar bike, l\u00ea pi\u015ft\u00ee ku\u015ftina bi sedan welatiy\u00ean Kurd \u00fb di d\u00fb re banga a\u015ftiy\u00ea b\u00ea kirin, w\u00ea hing\u00ea ti\u015ftek bi nav\u00ea a\u015ftiy\u00ea nam\u00eene, pirsa Kurdan bi v\u00ee reng\u00ee nay\u00ea \u00e7areserkirin.<\/h3>\n<h3 style=\"text-align: justify\">Art\u00ea\u015fa Ereb\u00ee ya S\u00fbriyey\u00ea li roja S\u00ea\u015fem\u00ea (06.01.2026) bi pi\u015ftgiriya kom\u00ean \u00e7ekdar \u00ean Eb\u00fb Hem\u015fe \u00fb Hemzat\u00ea, pi\u015ft\u00ee aloziy\u00ean 8\u00ea v\u00ea meh\u00ea, ji roja 10\u00ea v\u00ea mh\u00ea ve bi z\u00eadetir\u00ee 40 hezar \u00e7ekdar \u00fb \u00e7ek\u00ean giran \u00ear\u00ee\u015f\u00ee her du tax\u00ean Kurdan \u00ean Heleb\u00ea kir. Pi\u015ft\u00ee p\u00eanc rojan ji \u015fer \u00fb pev\u00e7\u00fbnan di navbera h\u00eaz\u00ean Asay\u00ee\u015fa HSD\u00ea \u00fb art\u00ea\u015fa Ereb\u00ee ya S\u00fbriyey\u00ea de, ew her du tax keftin bin dest\u00ea h\u00eaz\u00ean S\u00fbriyey\u00ea.<\/h3>\n","protected":false},"excerpt":{"rendered":"<p>Berpirsa Peywendiy\u00ean Derve ya R\u00eaveberiya Xweser a Bakur \u00fb Rojhilat\u00ea S\u00fbriyey\u00ea amaje da ku, tu kesek bi tena ser\u00ea xwe xwediy\u00ea S\u00fbriyey\u00ea n\u00eene, belk\u00ee div\u00ea hem\u00ee netewe \u00fb p\u00eakhate di a\u015ftiy\u00ea de bij\u00een. Berpirsa Peywendiy\u00ean Derve ya R\u00eaveberiya Xweser \u00celham Ehmed \u00eero (S\u00ea\u015fem, 13.01.2026) di konferanseka rojnamevan\u00ee de ragihand: Div\u00ea garantiya jiyan\u00ea hebe, div\u00ea \u00e7areseriyeka [&hellip;]<\/p>\n","protected":false},"author":2,"featured_media":1051348,"comment_status":"closed","ping_status":"closed","sticky":false,"template":"","format":"standard","meta":{"footnotes":""},"categories":[29],"tags":[37],"class_list":["post-1051347","post","type-post","status-publish","format-standard","has-post-thumbnail","hentry","category-kurdistan","tag-sereke"],"blocksy_meta":[],"seo_head":"<!-- This site is optimized with the Yoast SEO plugin v27.5 - https:\/\/yoast.com\/product\/yoast-seo-wordpress\/ -->\n<title>\u00celham Ehmed: Tu kesek bi tena ser\u00ea xwe xwediy\u00ea S\u00fbriyey\u00ea n\u00eene - Darka Maz\u00ee<\/title>\n<meta name=\"robots\" content=\"index, follow, max-snippet:-1, max-image-preview:large, max-video-preview:-1\" \/>\n<link rel=\"canonical\" href=\"https:\/\/darkamazi.info\/archives\/1051347\" \/>\n<meta property=\"og:locale\" content=\"en_US\" \/>\n<meta property=\"og:type\" content=\"article\" \/>\n<meta property=\"og:title\" content=\"\u00celham Ehmed: Tu kesek bi tena ser\u00ea xwe xwediy\u00ea S\u00fbriyey\u00ea n\u00eene - Darka Maz\u00ee\" \/>\n<meta property=\"og:description\" content=\"Berpirsa Peywendiy\u00ean Derve ya R\u00eaveberiya Xweser a Bakur \u00fb Rojhilat\u00ea S\u00fbriyey\u00ea amaje da ku, tu kesek bi tena ser\u00ea xwe xwediy\u00ea S\u00fbriyey\u00ea n\u00eene, belk\u00ee div\u00ea hem\u00ee netewe \u00fb p\u00eakhate di a\u015ftiy\u00ea de bij\u00een. Berpirsa Peywendiy\u00ean Derve ya R\u00eaveberiya Xweser \u00celham Ehmed \u00eero (S\u00ea\u015fem, 13.01.2026) di konferanseka rojnamevan\u00ee de ragihand: Div\u00ea garantiya jiyan\u00ea hebe, div\u00ea \u00e7areseriyeka [&hellip;]\" \/>\n<meta property=\"og:url\" content=\"https:\/\/darkamazi.info\/archives\/1051347\" \/>\n<meta property=\"og:site_name\" content=\"Darka Maz\u00ee\" \/>\n<meta property=\"article:publisher\" content=\"https:\/\/www.facebook.com\/DarMaziKurmanci\" \/>\n<meta property=\"article:published_time\" content=\"2026-01-13T16:17:27+00:00\" \/>\n<meta property=\"og:image\" content=\"https:\/\/darkamazi.info\/file\/2026\/01\/ilham-ehmed-1.jpg\" \/>\n\t<meta property=\"og:image:width\" content=\"900\" \/>\n\t<meta property=\"og:image:height\" content=\"497\" \/>\n\t<meta property=\"og:image:type\" content=\"image\/jpeg\" \/>\n<meta name=\"author\" content=\"darka mazi\" \/>\n<meta name=\"twitter:card\" content=\"summary_large_image\" \/>\n<meta name=\"twitter:creator\" content=\"@DarkaMaziLatini\" \/>\n<meta name=\"twitter:site\" content=\"@DarkaMaziLatini\" \/>\n<meta name=\"twitter:label1\" content=\"Written by\" \/>\n\t<meta name=\"twitter:data1\" content=\"darka mazi\" \/>\n\t<meta name=\"twitter:label2\" content=\"Est. reading time\" \/>\n\t<meta name=\"twitter:data2\" content=\"2 minutes\" \/>\n<script type=\"application\/ld+json\" class=\"seo-schema-graph\">{\"@context\":\"https:\\\/\\\/schema.org\",\"@graph\":[{\"@type\":\"Article\",\"@id\":\"https:\\\/\\\/darkamazi.info\\\/archives\\\/1051347#article\",\"isPartOf\":{\"@id\":\"https:\\\/\\\/darkamazi.info\\\/archives\\\/1051347\"},\"author\":{\"name\":\"darka mazi\",\"@id\":\"https:\\\/\\\/darkamazi.info\\\/#\\\/schema\\\/person\\\/5ad3e24553a0567993fa8ed4bd0a776c\"},\"headline\":\"\u00celham Ehmed: Tu kesek bi tena ser\u00ea xwe xwediy\u00ea S\u00fbriyey\u00ea n\u00eene\",\"datePublished\":\"2026-01-13T16:17:27+00:00\",\"mainEntityOfPage\":{\"@id\":\"https:\\\/\\\/darkamazi.info\\\/archives\\\/1051347\"},\"wordCount\":424,\"publisher\":{\"@id\":\"https:\\\/\\\/darkamazi.info\\\/#organization\"},\"image\":{\"@id\":\"https:\\\/\\\/darkamazi.info\\\/archives\\\/1051347#primaryimage\"},\"thumbnailUrl\":\"https:\\\/\\\/darkamazi.info\\\/darka-content\\\/uploads\\\/2026\\\/01\\\/ilham-ehmed-1.jpg\",\"keywords\":[\"sereke\"],\"articleSection\":[\"Kurdistan\"],\"inLanguage\":\"en-US\"},{\"@type\":\"WebPage\",\"@id\":\"https:\\\/\\\/darkamazi.info\\\/archives\\\/1051347\",\"url\":\"https:\\\/\\\/darkamazi.info\\\/archives\\\/1051347\",\"name\":\"\u00celham Ehmed: Tu kesek bi tena ser\u00ea xwe xwediy\u00ea S\u00fbriyey\u00ea n\u00eene - Darka Maz\u00ee\",\"isPartOf\":{\"@id\":\"https:\\\/\\\/darkamazi.info\\\/#website\"},\"primaryImageOfPage\":{\"@id\":\"https:\\\/\\\/darkamazi.info\\\/archives\\\/1051347#primaryimage\"},\"image\":{\"@id\":\"https:\\\/\\\/darkamazi.info\\\/archives\\\/1051347#primaryimage\"},\"thumbnailUrl\":\"https:\\\/\\\/darkamazi.info\\\/darka-content\\\/uploads\\\/2026\\\/01\\\/ilham-ehmed-1.jpg\",\"datePublished\":\"2026-01-13T16:17:27+00:00\",\"breadcrumb\":{\"@id\":\"https:\\\/\\\/darkamazi.info\\\/archives\\\/1051347#breadcrumb\"},\"inLanguage\":\"en-US\",\"potentialAction\":[{\"@type\":\"ReadAction\",\"target\":[\"https:\\\/\\\/darkamazi.info\\\/archives\\\/1051347\"]}]},{\"@type\":\"ImageObject\",\"inLanguage\":\"en-US\",\"@id\":\"https:\\\/\\\/darkamazi.info\\\/archives\\\/1051347#primaryimage\",\"url\":\"https:\\\/\\\/darkamazi.info\\\/darka-content\\\/uploads\\\/2026\\\/01\\\/ilham-ehmed-1.jpg\",\"contentUrl\":\"https:\\\/\\\/darkamazi.info\\\/darka-content\\\/uploads\\\/2026\\\/01\\\/ilham-ehmed-1.jpg\",\"width\":900,\"height\":497,\"caption\":\"\u00celham Ehmed: Tu kesek bi tena ser\u00ea xwe xwediy\u00ea S\u00fbriyey\u00ea n\u00eene\"},{\"@type\":\"BreadcrumbList\",\"@id\":\"https:\\\/\\\/darkamazi.info\\\/archives\\\/1051347#breadcrumb\",\"itemListElement\":[{\"@type\":\"ListItem\",\"position\":1,\"name\":\"Home\",\"item\":\"https:\\\/\\\/darkamazi.info\\\/\"},{\"@type\":\"ListItem\",\"position\":2,\"name\":\"\u00celham Ehmed: Tu kesek bi tena ser\u00ea xwe xwediy\u00ea S\u00fbriyey\u00ea n\u00eene\"}]},{\"@type\":\"WebSite\",\"@id\":\"https:\\\/\\\/darkamazi.info\\\/#website\",\"url\":\"https:\\\/\\\/darkamazi.info\\\/\",\"name\":\"Darka Maz\u00ee\",\"description\":\"P\u00eageha Zanyariy\u00ean Nebih\u00eest\u00ee\",\"publisher\":{\"@id\":\"https:\\\/\\\/darkamazi.info\\\/#organization\"},\"potentialAction\":[{\"@type\":\"SearchAction\",\"target\":{\"@type\":\"EntryPoint\",\"urlTemplate\":\"https:\\\/\\\/darkamazi.info\\\/?s={search_term_string}\"},\"query-input\":{\"@type\":\"PropertyValueSpecification\",\"valueRequired\":true,\"valueName\":\"search_term_string\"}}],\"inLanguage\":\"en-US\"},{\"@type\":\"Organization\",\"@id\":\"https:\\\/\\\/darkamazi.info\\\/#organization\",\"name\":\"Darka Maz\u00ee\",\"url\":\"https:\\\/\\\/darkamazi.info\\\/\",\"logo\":{\"@type\":\"ImageObject\",\"inLanguage\":\"en-US\",\"@id\":\"https:\\\/\\\/darkamazi.info\\\/#\\\/schema\\\/logo\\\/image\\\/\",\"url\":\"https:\\\/\\\/darkamazi.info\\\/darka-content\\\/uploads\\\/2017\\\/12\\\/darka-mazi-logo.png\",\"contentUrl\":\"https:\\\/\\\/darkamazi.info\\\/darka-content\\\/uploads\\\/2017\\\/12\\\/darka-mazi-logo.png\",\"width\":151,\"height\":75,\"caption\":\"Darka Maz\u00ee\"},\"image\":{\"@id\":\"https:\\\/\\\/darkamazi.info\\\/#\\\/schema\\\/logo\\\/image\\\/\"},\"sameAs\":[\"https:\\\/\\\/www.facebook.com\\\/DarMaziKurmanci\",\"https:\\\/\\\/x.com\\\/DarkaMaziLatini\",\"https:\\\/\\\/www.instagram.com\\\/darkamazi.kurmanci\\\/\",\"https:\\\/\\\/www.youtube.com\\\/channel\\\/UCa5HkTdmI8U1qCUFuTw8B2g\"]},{\"@type\":\"Person\",\"@id\":\"https:\\\/\\\/darkamazi.info\\\/#\\\/schema\\\/person\\\/5ad3e24553a0567993fa8ed4bd0a776c\",\"name\":\"darka mazi\",\"sameAs\":[\"https:\\\/\\\/darkamazi.info\\\/\"],\"url\":\"https:\\\/\\\/darkamazi.info\\\/archives\\\/author\\\/kurdi\"}]}<\/script>\n<!-- \/ Yoast SEO plugin. -->","seo_head_json":{"title":"\u00celham Ehmed: Tu kesek bi tena ser\u00ea xwe xwediy\u00ea S\u00fbriyey\u00ea n\u00eene - Darka Maz\u00ee","robots":{"index":"index","follow":"follow","max-snippet":"max-snippet:-1","max-image-preview":"max-image-preview:large","max-video-preview":"max-video-preview:-1"},"canonical":"https:\/\/darkamazi.info\/archives\/1051347","og_locale":"en_US","og_type":"article","og_title":"\u00celham Ehmed: Tu kesek bi tena ser\u00ea xwe xwediy\u00ea S\u00fbriyey\u00ea n\u00eene - Darka Maz\u00ee","og_description":"Berpirsa Peywendiy\u00ean Derve ya R\u00eaveberiya Xweser a Bakur \u00fb Rojhilat\u00ea S\u00fbriyey\u00ea amaje da ku, tu kesek bi tena ser\u00ea xwe xwediy\u00ea S\u00fbriyey\u00ea n\u00eene, belk\u00ee div\u00ea hem\u00ee netewe \u00fb p\u00eakhate di a\u015ftiy\u00ea de bij\u00een. Berpirsa Peywendiy\u00ean Derve ya R\u00eaveberiya Xweser \u00celham Ehmed \u00eero (S\u00ea\u015fem, 13.01.2026) di konferanseka rojnamevan\u00ee de ragihand: Div\u00ea garantiya jiyan\u00ea hebe, div\u00ea \u00e7areseriyeka [&hellip;]","og_url":"https:\/\/darkamazi.info\/archives\/1051347","og_site_name":"Darka Maz\u00ee","article_publisher":"https:\/\/www.facebook.com\/DarMaziKurmanci","article_published_time":"2026-01-13T16:17:27+00:00","og_image":[{"width":900,"height":497,"url":"https:\/\/darkamazi.info\/file\/2026\/01\/ilham-ehmed-1.jpg","type":"image\/jpeg"}],"author":"darka mazi","twitter_card":"summary_large_image","twitter_creator":"@DarkaMaziLatini","twitter_site":"@DarkaMaziLatini","twitter_misc":{"Written by":"darka mazi","Est. reading time":"2 minutes"},"schema":{"@context":"https:\/\/schema.org","@graph":[{"@type":"Article","@id":"https:\/\/darkamazi.info\/archives\/1051347#article","isPartOf":{"@id":"https:\/\/darkamazi.info\/archives\/1051347"},"author":{"name":"darka mazi","@id":"https:\/\/darkamazi.info\/#\/schema\/person\/5ad3e24553a0567993fa8ed4bd0a776c"},"headline":"\u00celham Ehmed: Tu kesek bi tena ser\u00ea xwe xwediy\u00ea S\u00fbriyey\u00ea n\u00eene","datePublished":"2026-01-13T16:17:27+00:00","mainEntityOfPage":{"@id":"https:\/\/darkamazi.info\/archives\/1051347"},"wordCount":424,"publisher":{"@id":"https:\/\/darkamazi.info\/#organization"},"image":{"@id":"https:\/\/darkamazi.info\/archives\/1051347#primaryimage"},"thumbnailUrl":"https:\/\/darkamazi.info\/file\/2026\/01\/ilham-ehmed-1.jpg","keywords":["sereke"],"articleSection":["Kurdistan"],"inLanguage":"en-US"},{"@type":"WebPage","@id":"https:\/\/darkamazi.info\/archives\/1051347","url":"https:\/\/darkamazi.info\/archives\/1051347","name":"\u00celham Ehmed: Tu kesek bi tena ser\u00ea xwe xwediy\u00ea S\u00fbriyey\u00ea n\u00eene - Darka Maz\u00ee","isPartOf":{"@id":"https:\/\/darkamazi.info\/#website"},"primaryImageOfPage":{"@id":"https:\/\/darkamazi.info\/archives\/1051347#primaryimage"},"image":{"@id":"https:\/\/darkamazi.info\/archives\/1051347#primaryimage"},"thumbnailUrl":"https:\/\/darkamazi.info\/file\/2026\/01\/ilham-ehmed-1.jpg","datePublished":"2026-01-13T16:17:27+00:00","breadcrumb":{"@id":"https:\/\/darkamazi.info\/archives\/1051347#breadcrumb"},"inLanguage":"en-US","potentialAction":[{"@type":"ReadAction","target":["https:\/\/darkamazi.info\/archives\/1051347"]}]},{"@type":"ImageObject","inLanguage":"en-US","@id":"https:\/\/darkamazi.info\/archives\/1051347#primaryimage","url":"https:\/\/darkamazi.info\/file\/2026\/01\/ilham-ehmed-1.jpg","contentUrl":"https:\/\/darkamazi.info\/file\/2026\/01\/ilham-ehmed-1.jpg","width":900,"height":497,"caption":"\u00celham Ehmed: Tu kesek bi tena ser\u00ea xwe xwediy\u00ea S\u00fbriyey\u00ea n\u00eene"},{"@type":"BreadcrumbList","@id":"https:\/\/darkamazi.info\/archives\/1051347#breadcrumb","itemListElement":[{"@type":"ListItem","position":1,"name":"Home","item":"https:\/\/darkamazi.info\/"},{"@type":"ListItem","position":2,"name":"\u00celham Ehmed: Tu kesek bi tena ser\u00ea xwe xwediy\u00ea S\u00fbriyey\u00ea n\u00eene"}]},{"@type":"WebSite","@id":"https:\/\/darkamazi.info\/#website","url":"https:\/\/darkamazi.info\/","name":"Darka Maz\u00ee","description":"P\u00eageha Zanyariy\u00ean Nebih\u00eest\u00ee","publisher":{"@id":"https:\/\/darkamazi.info\/#organization"},"potentialAction":[{"@type":"SearchAction","target":{"@type":"EntryPoint","urlTemplate":"https:\/\/darkamazi.info\/?s={search_term_string}"},"query-input":{"@type":"PropertyValueSpecification","valueRequired":true,"valueName":"search_term_string"}}],"inLanguage":"en-US"},{"@type":"Organization","@id":"https:\/\/darkamazi.info\/#organization","name":"Darka Maz\u00ee","url":"https:\/\/darkamazi.info\/","logo":{"@type":"ImageObject","inLanguage":"en-US","@id":"https:\/\/darkamazi.info\/#\/schema\/logo\/image\/","url":"https:\/\/darkamazi.info\/file\/2017\/12\/darka-mazi-logo.png","contentUrl":"https:\/\/darkamazi.info\/file\/2017\/12\/darka-mazi-logo.png","width":151,"height":75,"caption":"Darka Maz\u00ee"},"image":{"@id":"https:\/\/darkamazi.info\/#\/schema\/logo\/image\/"},"sameAs":["https:\/\/www.facebook.com\/DarMaziKurmanci","https:\/\/x.com\/DarkaMaziLatini","https:\/\/www.instagram.com\/darkamazi.kurmanci\/","https:\/\/www.youtube.com\/channel\/UCa5HkTdmI8U1qCUFuTw8B2g"]},{"@type":"Person","@id":"https:\/\/darkamazi.info\/#\/schema\/person\/5ad3e24553a0567993fa8ed4bd0a776c","name":"darka mazi","sameAs":["https:\/\/darkamazi.info\/"],"url":"https:\/\/darkamazi.info\/archives\/author\/kurdi"}]}},"_links":{"self":[{"href":"https:\/\/darkamazi.info\/funavuv\/wp\/v2\/posts\/1051347","targetHints":{"allow":["GET"]}}],"collection":[{"href":"https:\/\/darkamazi.info\/funavuv\/wp\/v2\/posts"}],"about":[{"href":"https:\/\/darkamazi.info\/funavuv\/wp\/v2\/types\/post"}],"author":[{"embeddable":true,"href":"https:\/\/darkamazi.info\/funavuv\/wp\/v2\/users\/2"}],"replies":[{"embeddable":true,"href":"https:\/\/darkamazi.info\/funavuv\/wp\/v2\/comments?post=1051347"}],"version-history":[{"count":0,"href":"https:\/\/darkamazi.info\/funavuv\/wp\/v2\/posts\/1051347\/revisions"}],"wp:featuredmedia":[{"embeddable":true,"href":"https:\/\/darkamazi.info\/funavuv\/wp\/v2\/media\/1051348"}],"wp:attachment":[{"href":"https:\/\/darkamazi.info\/funavuv\/wp\/v2\/media?parent=1051347"}],"wp:term":[{"taxonomy":"category","embeddable":true,"href":"https:\/\/darkamazi.info\/funavuv\/wp\/v2\/categories?post=1051347"},{"taxonomy":"post_tag","embeddable":true,"href":"https:\/\/darkamazi.info\/funavuv\/wp\/v2\/tags?post=1051347"}],"curies":[{"name":"wp","href":"https:\/\/api.w.org\/{rel}","templated":true}]}}