{"id":1051354,"date":"2026-01-14T16:40:43","date_gmt":"2026-01-14T13:40:43","guid":{"rendered":"https:\/\/darkamazi.info\/?p=1051354"},"modified":"2026-01-14T16:40:43","modified_gmt":"2026-01-14T13:40:43","slug":"hsd-li-der-hafire-firna-nan-u-postexane-bun-armanca-erisan","status":"publish","type":"post","link":"https:\/\/darkamazi.info\/archives\/1051354","title":{"rendered":"HSD: Li D\u00ear Hafir\u00ea firna nan \u00fb postexane b\u00fbn armanca \u00ear\u00ee\u015fan"},"content":{"rendered":"<h3 style=\"text-align: justify\"><span style=\"font-family: 'arial black', sans-serif\">Navenda Ragihandin\u00ea ya H\u00eaz\u00ean S\u00fbriyeya Demokrat\u00eek (HSD) ragihand, li bajar\u00ea D\u00ear Hafir\u00ea saziy\u00ean xizmetguzariy\u00ea \u00fb binesaziya baj\u00ear bi awayek\u00ee s\u00eestemat\u00eek t\u00ean bombebaran kirin.<\/span><\/h3>\n<h3 style=\"text-align: justify\">Li gor\u00ee daxuyaniya HSD\u00ea, h\u00eaz\u00ean gir\u00eaday\u00ee hik\u00fbmeta \u015eam\u00ea \u00fb kom\u00ean \u00e7ekdar \u00ean li w\u00ea eniy\u00ea, \u00eero 14\u00ea \u00c7iley\u00ea bi drona xwekuj \u00ear\u00ee\u015f\u00ee firna nan a bajar\u00ea D\u00ear Hafir\u00ea kirine. HSD\u00ea ev kiryar wek\u00ee &#8220;s\u00fbcek\u00ee n\u00fb&#8221; p\u00eanase kir \u00fb diyar kir ku ev \u00ear\u00ee\u015f rasterast ewlehiya siv\u00eelan \u00fb debara wan a rojane dike armanc.<\/h3>\n<h3 style=\"text-align: justify\">Di daxuyaniy\u00ea de hat destn\u00ee\u015fankirin, ev cara duyem\u00een e ji ser\u00ea sib\u00ea ve ku saziy\u00ean xizmetguzariy\u00ea y\u00ean bajar\u00ea D\u00ear Hafir\u00ea t\u00ean topbarankirin, ku avahiya postexaney\u00ea ya baj\u00ear j\u00ee \u00eero bi top \u00fb dronan hatiye armancgirtin.<\/h3>\n<h3 style=\"text-align: justify\">HSD\u00ea bal ki\u015fand ser metirsiya van \u00ear\u00ee\u015fan \u00fb got: &#8220;Ev \u00ear\u00ee\u015f\u00ean li ser binesaziy\u00ea, binp\u00eakirineke e\u015fkere ya hem\u00fb zagon \u00fb p\u00eevan\u00ean navdewlet\u00ee ne. Armanc ew e ku siv\u00eel ji xizmet\u00ean bingeh\u00een werin b\u00eaparkirin \u00fb tirs di nav civak\u00ea de were belavkirin.&#8221;<\/h3>\n<h3 style=\"text-align: justify\">Pi\u015ft\u00ee \u00ear\u00ee\u015fa li ser tax\u00ean \u015e\u00eax Meqs\u00fbd \u00fb E\u015frefiy\u00ea y\u00ean Heleb\u00ea, Art\u00ea\u015fa S\u00fbriy\u00ea \u00fb kom\u00ean pi\u015ftgir\u00ean wan eniy\u00ean \u015fer ber bi her\u00eam\u00ean din \u00ean Rojavay\u00ea Kurdistan\u00ea ve fireh dikin. Niha li her\u00eam\u00ean wek\u00ee D\u00ear Hafir, Meskene gundewar\u00ea Tebqay\u00ea \u00fb derdora Bendava Ti\u015fr\u00een\u00ea tevger\u00ean le\u015fker\u00ee y\u00ean giran t\u00ea d\u00eetin.<\/h3>\n","protected":false},"excerpt":{"rendered":"<p>Navenda Ragihandin\u00ea ya H\u00eaz\u00ean S\u00fbriyeya Demokrat\u00eek (HSD) ragihand, li bajar\u00ea D\u00ear Hafir\u00ea saziy\u00ean xizmetguzariy\u00ea \u00fb binesaziya baj\u00ear bi awayek\u00ee s\u00eestemat\u00eek t\u00ean bombebaran kirin. Li gor\u00ee daxuyaniya HSD\u00ea, h\u00eaz\u00ean gir\u00eaday\u00ee hik\u00fbmeta \u015eam\u00ea \u00fb kom\u00ean \u00e7ekdar \u00ean li w\u00ea eniy\u00ea, \u00eero 14\u00ea \u00c7iley\u00ea bi drona xwekuj \u00ear\u00ee\u015f\u00ee firna nan a bajar\u00ea D\u00ear Hafir\u00ea kirine. HSD\u00ea ev kiryar [&hellip;]<\/p>\n","protected":false},"author":2,"featured_media":1051355,"comment_status":"closed","ping_status":"closed","sticky":false,"template":"","format":"standard","meta":{"footnotes":""},"categories":[29],"tags":[37],"class_list":["post-1051354","post","type-post","status-publish","format-standard","has-post-thumbnail","hentry","category-kurdistan","tag-sereke"],"blocksy_meta":[],"seo_head":"<!-- This site is optimized with the Yoast SEO plugin v27.5 - https:\/\/yoast.com\/product\/yoast-seo-wordpress\/ -->\n<title>HSD: Li D\u00ear Hafir\u00ea firna nan \u00fb postexane b\u00fbn armanca \u00ear\u00ee\u015fan - Darka Maz\u00ee<\/title>\n<meta name=\"robots\" content=\"index, follow, max-snippet:-1, max-image-preview:large, max-video-preview:-1\" \/>\n<link rel=\"canonical\" href=\"https:\/\/darkamazi.info\/archives\/1051354\" \/>\n<meta property=\"og:locale\" content=\"en_US\" \/>\n<meta property=\"og:type\" content=\"article\" \/>\n<meta property=\"og:title\" content=\"HSD: Li D\u00ear Hafir\u00ea firna nan \u00fb postexane b\u00fbn armanca \u00ear\u00ee\u015fan - Darka Maz\u00ee\" \/>\n<meta property=\"og:description\" content=\"Navenda Ragihandin\u00ea ya H\u00eaz\u00ean S\u00fbriyeya Demokrat\u00eek (HSD) ragihand, li bajar\u00ea D\u00ear Hafir\u00ea saziy\u00ean xizmetguzariy\u00ea \u00fb binesaziya baj\u00ear bi awayek\u00ee s\u00eestemat\u00eek t\u00ean bombebaran kirin. Li gor\u00ee daxuyaniya HSD\u00ea, h\u00eaz\u00ean gir\u00eaday\u00ee hik\u00fbmeta \u015eam\u00ea \u00fb kom\u00ean \u00e7ekdar \u00ean li w\u00ea eniy\u00ea, \u00eero 14\u00ea \u00c7iley\u00ea bi drona xwekuj \u00ear\u00ee\u015f\u00ee firna nan a bajar\u00ea D\u00ear Hafir\u00ea kirine. HSD\u00ea ev kiryar [&hellip;]\" \/>\n<meta property=\"og:url\" content=\"https:\/\/darkamazi.info\/archives\/1051354\" \/>\n<meta property=\"og:site_name\" content=\"Darka Maz\u00ee\" \/>\n<meta property=\"article:publisher\" content=\"https:\/\/www.facebook.com\/DarMaziKurmanci\" \/>\n<meta property=\"article:published_time\" content=\"2026-01-14T13:40:43+00:00\" \/>\n<meta property=\"og:image\" content=\"https:\/\/darkamazi.info\/file\/2026\/01\/der-hafir-hsd-qsd.jpg\" \/>\n\t<meta property=\"og:image:width\" content=\"900\" \/>\n\t<meta property=\"og:image:height\" content=\"497\" \/>\n\t<meta property=\"og:image:type\" content=\"image\/jpeg\" \/>\n<meta name=\"author\" content=\"darka mazi\" \/>\n<meta name=\"twitter:card\" content=\"summary_large_image\" \/>\n<meta name=\"twitter:creator\" content=\"@DarkaMaziLatini\" \/>\n<meta name=\"twitter:site\" content=\"@DarkaMaziLatini\" \/>\n<meta name=\"twitter:label1\" content=\"Written by\" \/>\n\t<meta name=\"twitter:data1\" content=\"darka mazi\" \/>\n\t<meta name=\"twitter:label2\" content=\"Est. reading time\" \/>\n\t<meta name=\"twitter:data2\" content=\"2 minutes\" \/>\n<script type=\"application\/ld+json\" class=\"seo-schema-graph\">{\"@context\":\"https:\\\/\\\/schema.org\",\"@graph\":[{\"@type\":\"Article\",\"@id\":\"https:\\\/\\\/darkamazi.info\\\/archives\\\/1051354#article\",\"isPartOf\":{\"@id\":\"https:\\\/\\\/darkamazi.info\\\/archives\\\/1051354\"},\"author\":{\"name\":\"darka mazi\",\"@id\":\"https:\\\/\\\/darkamazi.info\\\/#\\\/schema\\\/person\\\/5ad3e24553a0567993fa8ed4bd0a776c\"},\"headline\":\"HSD: Li D\u00ear Hafir\u00ea firna nan \u00fb postexane b\u00fbn armanca \u00ear\u00ee\u015fan\",\"datePublished\":\"2026-01-14T13:40:43+00:00\",\"mainEntityOfPage\":{\"@id\":\"https:\\\/\\\/darkamazi.info\\\/archives\\\/1051354\"},\"wordCount\":261,\"publisher\":{\"@id\":\"https:\\\/\\\/darkamazi.info\\\/#organization\"},\"image\":{\"@id\":\"https:\\\/\\\/darkamazi.info\\\/archives\\\/1051354#primaryimage\"},\"thumbnailUrl\":\"https:\\\/\\\/darkamazi.info\\\/darka-content\\\/uploads\\\/2026\\\/01\\\/der-hafir-hsd-qsd.jpg\",\"keywords\":[\"sereke\"],\"articleSection\":[\"Kurdistan\"],\"inLanguage\":\"en-US\"},{\"@type\":\"WebPage\",\"@id\":\"https:\\\/\\\/darkamazi.info\\\/archives\\\/1051354\",\"url\":\"https:\\\/\\\/darkamazi.info\\\/archives\\\/1051354\",\"name\":\"HSD: Li D\u00ear Hafir\u00ea firna nan \u00fb postexane b\u00fbn armanca \u00ear\u00ee\u015fan - Darka Maz\u00ee\",\"isPartOf\":{\"@id\":\"https:\\\/\\\/darkamazi.info\\\/#website\"},\"primaryImageOfPage\":{\"@id\":\"https:\\\/\\\/darkamazi.info\\\/archives\\\/1051354#primaryimage\"},\"image\":{\"@id\":\"https:\\\/\\\/darkamazi.info\\\/archives\\\/1051354#primaryimage\"},\"thumbnailUrl\":\"https:\\\/\\\/darkamazi.info\\\/darka-content\\\/uploads\\\/2026\\\/01\\\/der-hafir-hsd-qsd.jpg\",\"datePublished\":\"2026-01-14T13:40:43+00:00\",\"breadcrumb\":{\"@id\":\"https:\\\/\\\/darkamazi.info\\\/archives\\\/1051354#breadcrumb\"},\"inLanguage\":\"en-US\",\"potentialAction\":[{\"@type\":\"ReadAction\",\"target\":[\"https:\\\/\\\/darkamazi.info\\\/archives\\\/1051354\"]}]},{\"@type\":\"ImageObject\",\"inLanguage\":\"en-US\",\"@id\":\"https:\\\/\\\/darkamazi.info\\\/archives\\\/1051354#primaryimage\",\"url\":\"https:\\\/\\\/darkamazi.info\\\/darka-content\\\/uploads\\\/2026\\\/01\\\/der-hafir-hsd-qsd.jpg\",\"contentUrl\":\"https:\\\/\\\/darkamazi.info\\\/darka-content\\\/uploads\\\/2026\\\/01\\\/der-hafir-hsd-qsd.jpg\",\"width\":900,\"height\":497,\"caption\":\"HSD: Li D\u00ear Hafir\u00ea firna nan \u00fb postexane b\u00fbn armanca \u00ear\u00ee\u015fan\"},{\"@type\":\"BreadcrumbList\",\"@id\":\"https:\\\/\\\/darkamazi.info\\\/archives\\\/1051354#breadcrumb\",\"itemListElement\":[{\"@type\":\"ListItem\",\"position\":1,\"name\":\"Home\",\"item\":\"https:\\\/\\\/darkamazi.info\\\/\"},{\"@type\":\"ListItem\",\"position\":2,\"name\":\"HSD: Li D\u00ear Hafir\u00ea firna nan \u00fb postexane b\u00fbn armanca \u00ear\u00ee\u015fan\"}]},{\"@type\":\"WebSite\",\"@id\":\"https:\\\/\\\/darkamazi.info\\\/#website\",\"url\":\"https:\\\/\\\/darkamazi.info\\\/\",\"name\":\"Darka Maz\u00ee\",\"description\":\"P\u00eageha Zanyariy\u00ean Nebih\u00eest\u00ee\",\"publisher\":{\"@id\":\"https:\\\/\\\/darkamazi.info\\\/#organization\"},\"potentialAction\":[{\"@type\":\"SearchAction\",\"target\":{\"@type\":\"EntryPoint\",\"urlTemplate\":\"https:\\\/\\\/darkamazi.info\\\/?s={search_term_string}\"},\"query-input\":{\"@type\":\"PropertyValueSpecification\",\"valueRequired\":true,\"valueName\":\"search_term_string\"}}],\"inLanguage\":\"en-US\"},{\"@type\":\"Organization\",\"@id\":\"https:\\\/\\\/darkamazi.info\\\/#organization\",\"name\":\"Darka Maz\u00ee\",\"url\":\"https:\\\/\\\/darkamazi.info\\\/\",\"logo\":{\"@type\":\"ImageObject\",\"inLanguage\":\"en-US\",\"@id\":\"https:\\\/\\\/darkamazi.info\\\/#\\\/schema\\\/logo\\\/image\\\/\",\"url\":\"https:\\\/\\\/darkamazi.info\\\/darka-content\\\/uploads\\\/2017\\\/12\\\/darka-mazi-logo.png\",\"contentUrl\":\"https:\\\/\\\/darkamazi.info\\\/darka-content\\\/uploads\\\/2017\\\/12\\\/darka-mazi-logo.png\",\"width\":151,\"height\":75,\"caption\":\"Darka Maz\u00ee\"},\"image\":{\"@id\":\"https:\\\/\\\/darkamazi.info\\\/#\\\/schema\\\/logo\\\/image\\\/\"},\"sameAs\":[\"https:\\\/\\\/www.facebook.com\\\/DarMaziKurmanci\",\"https:\\\/\\\/x.com\\\/DarkaMaziLatini\",\"https:\\\/\\\/www.instagram.com\\\/darkamazi.kurmanci\\\/\",\"https:\\\/\\\/www.youtube.com\\\/channel\\\/UCa5HkTdmI8U1qCUFuTw8B2g\"]},{\"@type\":\"Person\",\"@id\":\"https:\\\/\\\/darkamazi.info\\\/#\\\/schema\\\/person\\\/5ad3e24553a0567993fa8ed4bd0a776c\",\"name\":\"darka mazi\",\"sameAs\":[\"https:\\\/\\\/darkamazi.info\\\/\"],\"url\":\"https:\\\/\\\/darkamazi.info\\\/archives\\\/author\\\/kurdi\"}]}<\/script>\n<!-- \/ Yoast SEO plugin. -->","seo_head_json":{"title":"HSD: Li D\u00ear Hafir\u00ea firna nan \u00fb postexane b\u00fbn armanca \u00ear\u00ee\u015fan - Darka Maz\u00ee","robots":{"index":"index","follow":"follow","max-snippet":"max-snippet:-1","max-image-preview":"max-image-preview:large","max-video-preview":"max-video-preview:-1"},"canonical":"https:\/\/darkamazi.info\/archives\/1051354","og_locale":"en_US","og_type":"article","og_title":"HSD: Li D\u00ear Hafir\u00ea firna nan \u00fb postexane b\u00fbn armanca \u00ear\u00ee\u015fan - Darka Maz\u00ee","og_description":"Navenda Ragihandin\u00ea ya H\u00eaz\u00ean S\u00fbriyeya Demokrat\u00eek (HSD) ragihand, li bajar\u00ea D\u00ear Hafir\u00ea saziy\u00ean xizmetguzariy\u00ea \u00fb binesaziya baj\u00ear bi awayek\u00ee s\u00eestemat\u00eek t\u00ean bombebaran kirin. Li gor\u00ee daxuyaniya HSD\u00ea, h\u00eaz\u00ean gir\u00eaday\u00ee hik\u00fbmeta \u015eam\u00ea \u00fb kom\u00ean \u00e7ekdar \u00ean li w\u00ea eniy\u00ea, \u00eero 14\u00ea \u00c7iley\u00ea bi drona xwekuj \u00ear\u00ee\u015f\u00ee firna nan a bajar\u00ea D\u00ear Hafir\u00ea kirine. HSD\u00ea ev kiryar [&hellip;]","og_url":"https:\/\/darkamazi.info\/archives\/1051354","og_site_name":"Darka Maz\u00ee","article_publisher":"https:\/\/www.facebook.com\/DarMaziKurmanci","article_published_time":"2026-01-14T13:40:43+00:00","og_image":[{"width":900,"height":497,"url":"https:\/\/darkamazi.info\/file\/2026\/01\/der-hafir-hsd-qsd.jpg","type":"image\/jpeg"}],"author":"darka mazi","twitter_card":"summary_large_image","twitter_creator":"@DarkaMaziLatini","twitter_site":"@DarkaMaziLatini","twitter_misc":{"Written by":"darka mazi","Est. reading time":"2 minutes"},"schema":{"@context":"https:\/\/schema.org","@graph":[{"@type":"Article","@id":"https:\/\/darkamazi.info\/archives\/1051354#article","isPartOf":{"@id":"https:\/\/darkamazi.info\/archives\/1051354"},"author":{"name":"darka mazi","@id":"https:\/\/darkamazi.info\/#\/schema\/person\/5ad3e24553a0567993fa8ed4bd0a776c"},"headline":"HSD: Li D\u00ear Hafir\u00ea firna nan \u00fb postexane b\u00fbn armanca \u00ear\u00ee\u015fan","datePublished":"2026-01-14T13:40:43+00:00","mainEntityOfPage":{"@id":"https:\/\/darkamazi.info\/archives\/1051354"},"wordCount":261,"publisher":{"@id":"https:\/\/darkamazi.info\/#organization"},"image":{"@id":"https:\/\/darkamazi.info\/archives\/1051354#primaryimage"},"thumbnailUrl":"https:\/\/darkamazi.info\/file\/2026\/01\/der-hafir-hsd-qsd.jpg","keywords":["sereke"],"articleSection":["Kurdistan"],"inLanguage":"en-US"},{"@type":"WebPage","@id":"https:\/\/darkamazi.info\/archives\/1051354","url":"https:\/\/darkamazi.info\/archives\/1051354","name":"HSD: Li D\u00ear Hafir\u00ea firna nan \u00fb postexane b\u00fbn armanca \u00ear\u00ee\u015fan - Darka Maz\u00ee","isPartOf":{"@id":"https:\/\/darkamazi.info\/#website"},"primaryImageOfPage":{"@id":"https:\/\/darkamazi.info\/archives\/1051354#primaryimage"},"image":{"@id":"https:\/\/darkamazi.info\/archives\/1051354#primaryimage"},"thumbnailUrl":"https:\/\/darkamazi.info\/file\/2026\/01\/der-hafir-hsd-qsd.jpg","datePublished":"2026-01-14T13:40:43+00:00","breadcrumb":{"@id":"https:\/\/darkamazi.info\/archives\/1051354#breadcrumb"},"inLanguage":"en-US","potentialAction":[{"@type":"ReadAction","target":["https:\/\/darkamazi.info\/archives\/1051354"]}]},{"@type":"ImageObject","inLanguage":"en-US","@id":"https:\/\/darkamazi.info\/archives\/1051354#primaryimage","url":"https:\/\/darkamazi.info\/file\/2026\/01\/der-hafir-hsd-qsd.jpg","contentUrl":"https:\/\/darkamazi.info\/file\/2026\/01\/der-hafir-hsd-qsd.jpg","width":900,"height":497,"caption":"HSD: Li D\u00ear Hafir\u00ea firna nan \u00fb postexane b\u00fbn armanca \u00ear\u00ee\u015fan"},{"@type":"BreadcrumbList","@id":"https:\/\/darkamazi.info\/archives\/1051354#breadcrumb","itemListElement":[{"@type":"ListItem","position":1,"name":"Home","item":"https:\/\/darkamazi.info\/"},{"@type":"ListItem","position":2,"name":"HSD: Li D\u00ear Hafir\u00ea firna nan \u00fb postexane b\u00fbn armanca \u00ear\u00ee\u015fan"}]},{"@type":"WebSite","@id":"https:\/\/darkamazi.info\/#website","url":"https:\/\/darkamazi.info\/","name":"Darka Maz\u00ee","description":"P\u00eageha Zanyariy\u00ean Nebih\u00eest\u00ee","publisher":{"@id":"https:\/\/darkamazi.info\/#organization"},"potentialAction":[{"@type":"SearchAction","target":{"@type":"EntryPoint","urlTemplate":"https:\/\/darkamazi.info\/?s={search_term_string}"},"query-input":{"@type":"PropertyValueSpecification","valueRequired":true,"valueName":"search_term_string"}}],"inLanguage":"en-US"},{"@type":"Organization","@id":"https:\/\/darkamazi.info\/#organization","name":"Darka Maz\u00ee","url":"https:\/\/darkamazi.info\/","logo":{"@type":"ImageObject","inLanguage":"en-US","@id":"https:\/\/darkamazi.info\/#\/schema\/logo\/image\/","url":"https:\/\/darkamazi.info\/file\/2017\/12\/darka-mazi-logo.png","contentUrl":"https:\/\/darkamazi.info\/file\/2017\/12\/darka-mazi-logo.png","width":151,"height":75,"caption":"Darka Maz\u00ee"},"image":{"@id":"https:\/\/darkamazi.info\/#\/schema\/logo\/image\/"},"sameAs":["https:\/\/www.facebook.com\/DarMaziKurmanci","https:\/\/x.com\/DarkaMaziLatini","https:\/\/www.instagram.com\/darkamazi.kurmanci\/","https:\/\/www.youtube.com\/channel\/UCa5HkTdmI8U1qCUFuTw8B2g"]},{"@type":"Person","@id":"https:\/\/darkamazi.info\/#\/schema\/person\/5ad3e24553a0567993fa8ed4bd0a776c","name":"darka mazi","sameAs":["https:\/\/darkamazi.info\/"],"url":"https:\/\/darkamazi.info\/archives\/author\/kurdi"}]}},"_links":{"self":[{"href":"https:\/\/darkamazi.info\/funavuv\/wp\/v2\/posts\/1051354","targetHints":{"allow":["GET"]}}],"collection":[{"href":"https:\/\/darkamazi.info\/funavuv\/wp\/v2\/posts"}],"about":[{"href":"https:\/\/darkamazi.info\/funavuv\/wp\/v2\/types\/post"}],"author":[{"embeddable":true,"href":"https:\/\/darkamazi.info\/funavuv\/wp\/v2\/users\/2"}],"replies":[{"embeddable":true,"href":"https:\/\/darkamazi.info\/funavuv\/wp\/v2\/comments?post=1051354"}],"version-history":[{"count":0,"href":"https:\/\/darkamazi.info\/funavuv\/wp\/v2\/posts\/1051354\/revisions"}],"wp:featuredmedia":[{"embeddable":true,"href":"https:\/\/darkamazi.info\/funavuv\/wp\/v2\/media\/1051355"}],"wp:attachment":[{"href":"https:\/\/darkamazi.info\/funavuv\/wp\/v2\/media?parent=1051354"}],"wp:term":[{"taxonomy":"category","embeddable":true,"href":"https:\/\/darkamazi.info\/funavuv\/wp\/v2\/categories?post=1051354"},{"taxonomy":"post_tag","embeddable":true,"href":"https:\/\/darkamazi.info\/funavuv\/wp\/v2\/tags?post=1051354"}],"curies":[{"name":"wp","href":"https:\/\/api.w.org\/{rel}","templated":true}]}}