{"id":1051357,"date":"2026-01-14T19:19:23","date_gmt":"2026-01-14T16:19:23","guid":{"rendered":"https:\/\/darkamazi.info\/?p=1051357"},"modified":"2026-01-14T19:19:23","modified_gmt":"2026-01-14T16:19:23","slug":"lindsey-graham-em-erisa-li-ser-hevpeymanen-xwe-yen-kurd-bi-tu-rengan-qebul-nakin","status":"publish","type":"post","link":"https:\/\/darkamazi.info\/archives\/1051357","title":{"rendered":"Lindsey Graham: Em \u00ear\u00ee\u015fa li ser hevpeyman\u00ean xwe y\u00ean Kurd bi tu rengan qeb\u00fbl nakin"},"content":{"rendered":"<h3 style=\"text-align: justify\"><span style=\"font-family: 'arial black', sans-serif\">Senatorek\u00ea Amer\u00eekay\u00ee tekez kir ku, div\u00ea Hik\u00fbmeta S\u00fbriyey\u00ea li ser destdir\u00eajiyan li ser maf\u00ean k\u00eamaniyan li S\u00fbriyey\u00ea b\u00ea haydarkirin \u00fb ev nay\u00ea qeb\u00fblkirin.<\/span><\/h3>\n<h3 style=\"text-align: justify\">Senator\u00ea Amer\u00eekay\u00ee Lindsey Graham, ku dostek\u00ea n\u00eaz\u00eek \u00ea Serok\u00ea Amer\u00eekay\u00ea Donald Trump e, \u00eero (\u00c7ar\u015fem, 14.01.2026) li ser tora civak\u00ee ya X\u00ea peyamek li ser rew\u015fa S\u00fbriyey\u00ea belav kir.<\/h3>\n<h3 style=\"text-align: justify\">Lindsey Graham di peyama xwe de niv\u00eesiye: Ez daxwaza aramkirina rew\u015fa S\u00fbriyey\u00ea dikim. Hin raport\u00ean bawer\u00ea hatine belavkirin ku behsa w\u00ea yek\u00ea dikin ku, h\u00eaz\u00ean S\u00fbriyey\u00ea z\u00eadetir p\u00eangavan li dij\u00ee hevpeyman\u00ean me y\u00ean Kurd diav\u00eajin. Her p\u00eangaveka bi v\u00ee reng\u00ee, bi d\u00eetina min dibe sedema w\u00ea yek\u00ea ku Amer\u00eekay\u00ea rengvedaneka tund hebe.<\/h3>\n<h3 style=\"text-align: justify\">Graham di peyama xwe de herwesa got: Em pi\u015ftgiriy\u00ea didin w\u00ea yek\u00ea ku derfeteka din bi S\u00fbriyey\u00ea b\u00ea dan, l\u00ea em \u00ear\u00ee\u015fa li ser hevpeyman\u00ean xwe y\u00ean Kurd qeb\u00fbl nakin, ku di \u015fkandina DAI\u015e\u00ea de h\u00eaza sereke b\u00fbn.<\/h3>\n<h3 style=\"text-align: justify\">Art\u00ea\u015fa Ereb\u00ee ya S\u00fbriyey\u00ea li roja S\u00ea\u015fem\u00ea (06.01.2026) bi pi\u015ftgiriya kom\u00ean \u00e7ekdar \u00ean Eb\u00fb Hem\u015fe \u00fb Hemzat\u00ea, pi\u015ft\u00ee aloziy\u00ean 8\u00ea v\u00ea meh\u00ea, ji roja 10\u00ea v\u00ea meh\u00ea ve bi z\u00eadetir ji 40 hezar \u00e7ekdaran \u00fb \u00e7ek\u00ean giran \u00ear\u00ee\u015f\u00ee her du tax\u00ean Kurdan \u00ean Heleb\u00ea kir. Pi\u015ft\u00ee p\u00eanc rojan ji \u015fer \u00fb pev\u00e7\u00fbnan di navbera h\u00eaz\u00ean Asay\u00ee\u015fa HSD\u00ea \u00fb art\u00ea\u015fa Ereb\u00ee ya S\u00fbriyey\u00ea de, ew her du tax keftin bin dest\u00ea h\u00eaz\u00ean S\u00fbriyey\u00ea.<\/h3>\n","protected":false},"excerpt":{"rendered":"<p>Senatorek\u00ea Amer\u00eekay\u00ee tekez kir ku, div\u00ea Hik\u00fbmeta S\u00fbriyey\u00ea li ser destdir\u00eajiyan li ser maf\u00ean k\u00eamaniyan li S\u00fbriyey\u00ea b\u00ea haydarkirin \u00fb ev nay\u00ea qeb\u00fblkirin. Senator\u00ea Amer\u00eekay\u00ee Lindsey Graham, ku dostek\u00ea n\u00eaz\u00eek \u00ea Serok\u00ea Amer\u00eekay\u00ea Donald Trump e, \u00eero (\u00c7ar\u015fem, 14.01.2026) li ser tora civak\u00ee ya X\u00ea peyamek li ser rew\u015fa S\u00fbriyey\u00ea belav kir. Lindsey Graham di [&hellip;]<\/p>\n","protected":false},"author":2,"featured_media":1051358,"comment_status":"closed","ping_status":"closed","sticky":false,"template":"","format":"standard","meta":{"footnotes":""},"categories":[29],"tags":[37],"class_list":["post-1051357","post","type-post","status-publish","format-standard","has-post-thumbnail","hentry","category-kurdistan","tag-sereke"],"blocksy_meta":[],"seo_head":"<!-- This site is optimized with the Yoast SEO plugin v27.5 - https:\/\/yoast.com\/product\/yoast-seo-wordpress\/ -->\n<title>Lindsey Graham: Em \u00ear\u00ee\u015fa li ser hevpeyman\u00ean xwe y\u00ean Kurd bi tu rengan qeb\u00fbl nakin - Darka Maz\u00ee<\/title>\n<meta name=\"robots\" content=\"index, follow, max-snippet:-1, max-image-preview:large, max-video-preview:-1\" \/>\n<link rel=\"canonical\" href=\"https:\/\/darkamazi.info\/archives\/1051357\" \/>\n<meta property=\"og:locale\" content=\"en_US\" \/>\n<meta property=\"og:type\" content=\"article\" \/>\n<meta property=\"og:title\" content=\"Lindsey Graham: Em \u00ear\u00ee\u015fa li ser hevpeyman\u00ean xwe y\u00ean Kurd bi tu rengan qeb\u00fbl nakin - Darka Maz\u00ee\" \/>\n<meta property=\"og:description\" content=\"Senatorek\u00ea Amer\u00eekay\u00ee tekez kir ku, div\u00ea Hik\u00fbmeta S\u00fbriyey\u00ea li ser destdir\u00eajiyan li ser maf\u00ean k\u00eamaniyan li S\u00fbriyey\u00ea b\u00ea haydarkirin \u00fb ev nay\u00ea qeb\u00fblkirin. Senator\u00ea Amer\u00eekay\u00ee Lindsey Graham, ku dostek\u00ea n\u00eaz\u00eek \u00ea Serok\u00ea Amer\u00eekay\u00ea Donald Trump e, \u00eero (\u00c7ar\u015fem, 14.01.2026) li ser tora civak\u00ee ya X\u00ea peyamek li ser rew\u015fa S\u00fbriyey\u00ea belav kir. Lindsey Graham di [&hellip;]\" \/>\n<meta property=\"og:url\" content=\"https:\/\/darkamazi.info\/archives\/1051357\" \/>\n<meta property=\"og:site_name\" content=\"Darka Maz\u00ee\" \/>\n<meta property=\"article:publisher\" content=\"https:\/\/www.facebook.com\/DarMaziKurmanci\" \/>\n<meta property=\"article:published_time\" content=\"2026-01-14T16:19:23+00:00\" \/>\n<meta property=\"og:image\" content=\"https:\/\/darkamazi.info\/file\/2026\/01\/Lindsey-Graham.jpg\" \/>\n\t<meta property=\"og:image:width\" content=\"900\" \/>\n\t<meta property=\"og:image:height\" content=\"497\" \/>\n\t<meta property=\"og:image:type\" content=\"image\/jpeg\" \/>\n<meta name=\"author\" content=\"darka mazi\" \/>\n<meta name=\"twitter:card\" content=\"summary_large_image\" \/>\n<meta name=\"twitter:creator\" content=\"@DarkaMaziLatini\" \/>\n<meta name=\"twitter:site\" content=\"@DarkaMaziLatini\" \/>\n<meta name=\"twitter:label1\" content=\"Written by\" \/>\n\t<meta name=\"twitter:data1\" content=\"darka mazi\" \/>\n\t<meta name=\"twitter:label2\" content=\"Est. reading time\" \/>\n\t<meta name=\"twitter:data2\" content=\"2 minutes\" \/>\n<script type=\"application\/ld+json\" class=\"seo-schema-graph\">{\"@context\":\"https:\\\/\\\/schema.org\",\"@graph\":[{\"@type\":\"Article\",\"@id\":\"https:\\\/\\\/darkamazi.info\\\/archives\\\/1051357#article\",\"isPartOf\":{\"@id\":\"https:\\\/\\\/darkamazi.info\\\/archives\\\/1051357\"},\"author\":{\"name\":\"darka mazi\",\"@id\":\"https:\\\/\\\/darkamazi.info\\\/#\\\/schema\\\/person\\\/5ad3e24553a0567993fa8ed4bd0a776c\"},\"headline\":\"Lindsey Graham: Em \u00ear\u00ee\u015fa li ser hevpeyman\u00ean xwe y\u00ean Kurd bi tu rengan qeb\u00fbl nakin\",\"datePublished\":\"2026-01-14T16:19:23+00:00\",\"mainEntityOfPage\":{\"@id\":\"https:\\\/\\\/darkamazi.info\\\/archives\\\/1051357\"},\"wordCount\":282,\"publisher\":{\"@id\":\"https:\\\/\\\/darkamazi.info\\\/#organization\"},\"image\":{\"@id\":\"https:\\\/\\\/darkamazi.info\\\/archives\\\/1051357#primaryimage\"},\"thumbnailUrl\":\"https:\\\/\\\/darkamazi.info\\\/darka-content\\\/uploads\\\/2026\\\/01\\\/Lindsey-Graham.jpg\",\"keywords\":[\"sereke\"],\"articleSection\":[\"Kurdistan\"],\"inLanguage\":\"en-US\"},{\"@type\":\"WebPage\",\"@id\":\"https:\\\/\\\/darkamazi.info\\\/archives\\\/1051357\",\"url\":\"https:\\\/\\\/darkamazi.info\\\/archives\\\/1051357\",\"name\":\"Lindsey Graham: Em \u00ear\u00ee\u015fa li ser hevpeyman\u00ean xwe y\u00ean Kurd bi tu rengan qeb\u00fbl nakin - Darka Maz\u00ee\",\"isPartOf\":{\"@id\":\"https:\\\/\\\/darkamazi.info\\\/#website\"},\"primaryImageOfPage\":{\"@id\":\"https:\\\/\\\/darkamazi.info\\\/archives\\\/1051357#primaryimage\"},\"image\":{\"@id\":\"https:\\\/\\\/darkamazi.info\\\/archives\\\/1051357#primaryimage\"},\"thumbnailUrl\":\"https:\\\/\\\/darkamazi.info\\\/darka-content\\\/uploads\\\/2026\\\/01\\\/Lindsey-Graham.jpg\",\"datePublished\":\"2026-01-14T16:19:23+00:00\",\"breadcrumb\":{\"@id\":\"https:\\\/\\\/darkamazi.info\\\/archives\\\/1051357#breadcrumb\"},\"inLanguage\":\"en-US\",\"potentialAction\":[{\"@type\":\"ReadAction\",\"target\":[\"https:\\\/\\\/darkamazi.info\\\/archives\\\/1051357\"]}]},{\"@type\":\"ImageObject\",\"inLanguage\":\"en-US\",\"@id\":\"https:\\\/\\\/darkamazi.info\\\/archives\\\/1051357#primaryimage\",\"url\":\"https:\\\/\\\/darkamazi.info\\\/darka-content\\\/uploads\\\/2026\\\/01\\\/Lindsey-Graham.jpg\",\"contentUrl\":\"https:\\\/\\\/darkamazi.info\\\/darka-content\\\/uploads\\\/2026\\\/01\\\/Lindsey-Graham.jpg\",\"width\":900,\"height\":497,\"caption\":\"Lindsey Graham: Em \u00ear\u00ee\u015fa li ser hevpeyman\u00ean xwe y\u00ean Kurd bi tu rengan qeb\u00fbl nakin\"},{\"@type\":\"BreadcrumbList\",\"@id\":\"https:\\\/\\\/darkamazi.info\\\/archives\\\/1051357#breadcrumb\",\"itemListElement\":[{\"@type\":\"ListItem\",\"position\":1,\"name\":\"Home\",\"item\":\"https:\\\/\\\/darkamazi.info\\\/\"},{\"@type\":\"ListItem\",\"position\":2,\"name\":\"Lindsey Graham: Em \u00ear\u00ee\u015fa li ser hevpeyman\u00ean xwe y\u00ean Kurd bi tu rengan qeb\u00fbl nakin\"}]},{\"@type\":\"WebSite\",\"@id\":\"https:\\\/\\\/darkamazi.info\\\/#website\",\"url\":\"https:\\\/\\\/darkamazi.info\\\/\",\"name\":\"Darka Maz\u00ee\",\"description\":\"P\u00eageha Zanyariy\u00ean Nebih\u00eest\u00ee\",\"publisher\":{\"@id\":\"https:\\\/\\\/darkamazi.info\\\/#organization\"},\"potentialAction\":[{\"@type\":\"SearchAction\",\"target\":{\"@type\":\"EntryPoint\",\"urlTemplate\":\"https:\\\/\\\/darkamazi.info\\\/?s={search_term_string}\"},\"query-input\":{\"@type\":\"PropertyValueSpecification\",\"valueRequired\":true,\"valueName\":\"search_term_string\"}}],\"inLanguage\":\"en-US\"},{\"@type\":\"Organization\",\"@id\":\"https:\\\/\\\/darkamazi.info\\\/#organization\",\"name\":\"Darka Maz\u00ee\",\"url\":\"https:\\\/\\\/darkamazi.info\\\/\",\"logo\":{\"@type\":\"ImageObject\",\"inLanguage\":\"en-US\",\"@id\":\"https:\\\/\\\/darkamazi.info\\\/#\\\/schema\\\/logo\\\/image\\\/\",\"url\":\"https:\\\/\\\/darkamazi.info\\\/darka-content\\\/uploads\\\/2017\\\/12\\\/darka-mazi-logo.png\",\"contentUrl\":\"https:\\\/\\\/darkamazi.info\\\/darka-content\\\/uploads\\\/2017\\\/12\\\/darka-mazi-logo.png\",\"width\":151,\"height\":75,\"caption\":\"Darka Maz\u00ee\"},\"image\":{\"@id\":\"https:\\\/\\\/darkamazi.info\\\/#\\\/schema\\\/logo\\\/image\\\/\"},\"sameAs\":[\"https:\\\/\\\/www.facebook.com\\\/DarMaziKurmanci\",\"https:\\\/\\\/x.com\\\/DarkaMaziLatini\",\"https:\\\/\\\/www.instagram.com\\\/darkamazi.kurmanci\\\/\",\"https:\\\/\\\/www.youtube.com\\\/channel\\\/UCa5HkTdmI8U1qCUFuTw8B2g\"]},{\"@type\":\"Person\",\"@id\":\"https:\\\/\\\/darkamazi.info\\\/#\\\/schema\\\/person\\\/5ad3e24553a0567993fa8ed4bd0a776c\",\"name\":\"darka mazi\",\"sameAs\":[\"https:\\\/\\\/darkamazi.info\\\/\"],\"url\":\"https:\\\/\\\/darkamazi.info\\\/archives\\\/author\\\/kurdi\"}]}<\/script>\n<!-- \/ Yoast SEO plugin. -->","seo_head_json":{"title":"Lindsey Graham: Em \u00ear\u00ee\u015fa li ser hevpeyman\u00ean xwe y\u00ean Kurd bi tu rengan qeb\u00fbl nakin - Darka Maz\u00ee","robots":{"index":"index","follow":"follow","max-snippet":"max-snippet:-1","max-image-preview":"max-image-preview:large","max-video-preview":"max-video-preview:-1"},"canonical":"https:\/\/darkamazi.info\/archives\/1051357","og_locale":"en_US","og_type":"article","og_title":"Lindsey Graham: Em \u00ear\u00ee\u015fa li ser hevpeyman\u00ean xwe y\u00ean Kurd bi tu rengan qeb\u00fbl nakin - Darka Maz\u00ee","og_description":"Senatorek\u00ea Amer\u00eekay\u00ee tekez kir ku, div\u00ea Hik\u00fbmeta S\u00fbriyey\u00ea li ser destdir\u00eajiyan li ser maf\u00ean k\u00eamaniyan li S\u00fbriyey\u00ea b\u00ea haydarkirin \u00fb ev nay\u00ea qeb\u00fblkirin. Senator\u00ea Amer\u00eekay\u00ee Lindsey Graham, ku dostek\u00ea n\u00eaz\u00eek \u00ea Serok\u00ea Amer\u00eekay\u00ea Donald Trump e, \u00eero (\u00c7ar\u015fem, 14.01.2026) li ser tora civak\u00ee ya X\u00ea peyamek li ser rew\u015fa S\u00fbriyey\u00ea belav kir. Lindsey Graham di [&hellip;]","og_url":"https:\/\/darkamazi.info\/archives\/1051357","og_site_name":"Darka Maz\u00ee","article_publisher":"https:\/\/www.facebook.com\/DarMaziKurmanci","article_published_time":"2026-01-14T16:19:23+00:00","og_image":[{"width":900,"height":497,"url":"https:\/\/darkamazi.info\/file\/2026\/01\/Lindsey-Graham.jpg","type":"image\/jpeg"}],"author":"darka mazi","twitter_card":"summary_large_image","twitter_creator":"@DarkaMaziLatini","twitter_site":"@DarkaMaziLatini","twitter_misc":{"Written by":"darka mazi","Est. reading time":"2 minutes"},"schema":{"@context":"https:\/\/schema.org","@graph":[{"@type":"Article","@id":"https:\/\/darkamazi.info\/archives\/1051357#article","isPartOf":{"@id":"https:\/\/darkamazi.info\/archives\/1051357"},"author":{"name":"darka mazi","@id":"https:\/\/darkamazi.info\/#\/schema\/person\/5ad3e24553a0567993fa8ed4bd0a776c"},"headline":"Lindsey Graham: Em \u00ear\u00ee\u015fa li ser hevpeyman\u00ean xwe y\u00ean Kurd bi tu rengan qeb\u00fbl nakin","datePublished":"2026-01-14T16:19:23+00:00","mainEntityOfPage":{"@id":"https:\/\/darkamazi.info\/archives\/1051357"},"wordCount":282,"publisher":{"@id":"https:\/\/darkamazi.info\/#organization"},"image":{"@id":"https:\/\/darkamazi.info\/archives\/1051357#primaryimage"},"thumbnailUrl":"https:\/\/darkamazi.info\/file\/2026\/01\/Lindsey-Graham.jpg","keywords":["sereke"],"articleSection":["Kurdistan"],"inLanguage":"en-US"},{"@type":"WebPage","@id":"https:\/\/darkamazi.info\/archives\/1051357","url":"https:\/\/darkamazi.info\/archives\/1051357","name":"Lindsey Graham: Em \u00ear\u00ee\u015fa li ser hevpeyman\u00ean xwe y\u00ean Kurd bi tu rengan qeb\u00fbl nakin - Darka Maz\u00ee","isPartOf":{"@id":"https:\/\/darkamazi.info\/#website"},"primaryImageOfPage":{"@id":"https:\/\/darkamazi.info\/archives\/1051357#primaryimage"},"image":{"@id":"https:\/\/darkamazi.info\/archives\/1051357#primaryimage"},"thumbnailUrl":"https:\/\/darkamazi.info\/file\/2026\/01\/Lindsey-Graham.jpg","datePublished":"2026-01-14T16:19:23+00:00","breadcrumb":{"@id":"https:\/\/darkamazi.info\/archives\/1051357#breadcrumb"},"inLanguage":"en-US","potentialAction":[{"@type":"ReadAction","target":["https:\/\/darkamazi.info\/archives\/1051357"]}]},{"@type":"ImageObject","inLanguage":"en-US","@id":"https:\/\/darkamazi.info\/archives\/1051357#primaryimage","url":"https:\/\/darkamazi.info\/file\/2026\/01\/Lindsey-Graham.jpg","contentUrl":"https:\/\/darkamazi.info\/file\/2026\/01\/Lindsey-Graham.jpg","width":900,"height":497,"caption":"Lindsey Graham: Em \u00ear\u00ee\u015fa li ser hevpeyman\u00ean xwe y\u00ean Kurd bi tu rengan qeb\u00fbl nakin"},{"@type":"BreadcrumbList","@id":"https:\/\/darkamazi.info\/archives\/1051357#breadcrumb","itemListElement":[{"@type":"ListItem","position":1,"name":"Home","item":"https:\/\/darkamazi.info\/"},{"@type":"ListItem","position":2,"name":"Lindsey Graham: Em \u00ear\u00ee\u015fa li ser hevpeyman\u00ean xwe y\u00ean Kurd bi tu rengan qeb\u00fbl nakin"}]},{"@type":"WebSite","@id":"https:\/\/darkamazi.info\/#website","url":"https:\/\/darkamazi.info\/","name":"Darka Maz\u00ee","description":"P\u00eageha Zanyariy\u00ean Nebih\u00eest\u00ee","publisher":{"@id":"https:\/\/darkamazi.info\/#organization"},"potentialAction":[{"@type":"SearchAction","target":{"@type":"EntryPoint","urlTemplate":"https:\/\/darkamazi.info\/?s={search_term_string}"},"query-input":{"@type":"PropertyValueSpecification","valueRequired":true,"valueName":"search_term_string"}}],"inLanguage":"en-US"},{"@type":"Organization","@id":"https:\/\/darkamazi.info\/#organization","name":"Darka Maz\u00ee","url":"https:\/\/darkamazi.info\/","logo":{"@type":"ImageObject","inLanguage":"en-US","@id":"https:\/\/darkamazi.info\/#\/schema\/logo\/image\/","url":"https:\/\/darkamazi.info\/file\/2017\/12\/darka-mazi-logo.png","contentUrl":"https:\/\/darkamazi.info\/file\/2017\/12\/darka-mazi-logo.png","width":151,"height":75,"caption":"Darka Maz\u00ee"},"image":{"@id":"https:\/\/darkamazi.info\/#\/schema\/logo\/image\/"},"sameAs":["https:\/\/www.facebook.com\/DarMaziKurmanci","https:\/\/x.com\/DarkaMaziLatini","https:\/\/www.instagram.com\/darkamazi.kurmanci\/","https:\/\/www.youtube.com\/channel\/UCa5HkTdmI8U1qCUFuTw8B2g"]},{"@type":"Person","@id":"https:\/\/darkamazi.info\/#\/schema\/person\/5ad3e24553a0567993fa8ed4bd0a776c","name":"darka mazi","sameAs":["https:\/\/darkamazi.info\/"],"url":"https:\/\/darkamazi.info\/archives\/author\/kurdi"}]}},"_links":{"self":[{"href":"https:\/\/darkamazi.info\/funavuv\/wp\/v2\/posts\/1051357","targetHints":{"allow":["GET"]}}],"collection":[{"href":"https:\/\/darkamazi.info\/funavuv\/wp\/v2\/posts"}],"about":[{"href":"https:\/\/darkamazi.info\/funavuv\/wp\/v2\/types\/post"}],"author":[{"embeddable":true,"href":"https:\/\/darkamazi.info\/funavuv\/wp\/v2\/users\/2"}],"replies":[{"embeddable":true,"href":"https:\/\/darkamazi.info\/funavuv\/wp\/v2\/comments?post=1051357"}],"version-history":[{"count":0,"href":"https:\/\/darkamazi.info\/funavuv\/wp\/v2\/posts\/1051357\/revisions"}],"wp:featuredmedia":[{"embeddable":true,"href":"https:\/\/darkamazi.info\/funavuv\/wp\/v2\/media\/1051358"}],"wp:attachment":[{"href":"https:\/\/darkamazi.info\/funavuv\/wp\/v2\/media?parent=1051357"}],"wp:term":[{"taxonomy":"category","embeddable":true,"href":"https:\/\/darkamazi.info\/funavuv\/wp\/v2\/categories?post=1051357"},{"taxonomy":"post_tag","embeddable":true,"href":"https:\/\/darkamazi.info\/funavuv\/wp\/v2\/tags?post=1051357"}],"curies":[{"name":"wp","href":"https:\/\/api.w.org\/{rel}","templated":true}]}}