{"id":1051361,"date":"2026-01-15T09:51:02","date_gmt":"2026-01-15T06:51:02","guid":{"rendered":"https:\/\/darkamazi.info\/?p=1051361"},"modified":"2026-01-15T09:51:02","modified_gmt":"2026-01-15T06:51:02","slug":"ahmet-davutoglu-em-binpekirina-mafen-kurdan-li-suriyeye-qebul-nakin","status":"publish","type":"post","link":"https:\/\/darkamazi.info\/archives\/1051361","title":{"rendered":"Ahmet Davutoglu: Em binp\u00eakirina maf\u00ean Kurdan li S\u00fbriyey\u00ea qeb\u00fbl nakin"},"content":{"rendered":"<h3 style=\"text-align: justify\"><span style=\"font-family: 'arial black', sans-serif\">Serok\u00ea Gi\u015ft\u00ee y\u00ea Partiya Siberoj\u00ea Ahmet Davutoglu ragihand, dir\u00eajb\u00fbna p\u00eavajoya a\u015ftiy\u00ea ya li Tirkiyey\u00ea r\u00ea li ber dest\u00eawerdan\u00ean biyan\u00ee vedike. Tekez kir j\u00ee, ew li dij\u00ee binp\u00eakirina maf\u00ean Kurdan \u00ean li S\u00fbriy\u00ea ne.<\/span><\/h3>\n<h3 style=\"text-align: justify\"><span style=\"font-family: arial, helvetica, sans-serif\">Ahmet Davutoglu di civ\u00eena fraksiyona &#8220;Yeni Yol&#8221; de li ser ge\u015fedan\u00ean daw\u00ee y\u00ean li Tirkiye \u00fb S\u00fbriy\u00ea axiv\u00ee. Davutoglu bal ki\u015fand ser peywendiya navbera aramiya navxwey\u00ee \u00fb pol\u00eet\u00eekaya derve \u00fb diyar kir ku n\u00eaz\u00eekatiya li hember\u00ee Kurd\u00ean S\u00fbriy\u00ea bandoreke rasterast li ser p\u00eavajoya a\u015ftiy\u00ea ya li Tirkiyey\u00ea dike.<\/span><\/h3>\n<h3 style=\"text-align: justify\"><span style=\"font-family: arial, helvetica, sans-serif\">Davutoglu destn\u00ee\u015fan kir, w\u00ee di destp\u00eak\u00ea de pi\u015ftgir\u00ee dab\u00fb gava Devlet Bah\u00e7el\u00ee, l\u00ea bel\u00ea hi\u015fyar\u00ee dab\u00fb ku ev p\u00eavajo ney\u00ea pa\u015fxistin. Davutoglu wiha axiv\u00ee: &#8220;Min pi\u015ftevaniya xwe diyar kirib\u00fb, l\u00ea min gotib\u00fb prosey\u00ea dir\u00eaj nekin. Her karek\u00ee ku li v\u00ea her\u00eam\u00ea dir\u00eaj bibe, dest\u00eawerdan\u00ean derek\u00ee l\u00ea z\u00eade dibin. Div\u00ea gav\u00ean z\u00fbtir werin av\u00eatin. &#8220;<\/span><\/h3>\n<h3 style=\"text-align: justify\"><span style=\"font-family: arial, helvetica, sans-serif\">Davutoglu got: &#8220;Em dib\u00eenin ku hinek al\u00ee hi\u015fyar\u00ee didin Tirkiyey\u00ea; ti kes nikare hi\u015fyariy\u00ea bide me, l\u00ea di heman dem\u00ea de ti kes nikare biray\u00ean me y\u00ean Kurd li S\u00fbriy\u00ea wek\u00ee neyar (dijmin) bib\u00eene.&#8221;<\/span><\/h3>\n<h3 style=\"text-align: justify\"><span style=\"font-family: arial, helvetica, sans-serif\">Serok\u00ea Partiya Siberoj\u00ea rexne li w\u00ea hi\u015fmendiy\u00ea girt ku Kurd\u00ean S\u00fbriy\u00ea wek\u00ee metirs\u00ee p\u00eanase dike \u00fb got: &#8220;Kurd dipirsin; \u00e7ima Tirkiye Kurd\u00ean li S\u00fbriy\u00ea wek\u00ee gef dib\u00eene? Ji aliy\u00ea din ve, hinek \u00eed\u00eea dikin ku \u00cesra\u00eel li bakur\u00ea S\u00fbriy\u00ea dewletek\u00ea ava dike. Ev n\u00eeqa\u015f dibin sedem ku pi\u015ftevaniya gel bo p\u00eavajoya a\u015ftiy\u00ea k\u00eam bibe \u00fb par\u00e7eb\u00fbna civak\u00ee z\u00eade bibe. Em ti car\u00ee qeb\u00fbl nakin ku maf\u00ean Kurdan li S\u00fbriy\u00ea werin binp\u00eakirin.&#8221;<\/span><\/h3>\n<h3 style=\"text-align: justify\"><span style=\"font-family: arial, helvetica, sans-serif\">Davutoglu di dawiya axaftina xwe de bang li hik\u00fbmet\u00ea kir ku pol\u00eet\u00eekayeke zelaltir \u00fb dadperwertir li hember\u00ee Kurd\u00ean li her\u00eam\u00ea bime\u015f\u00eene, da ku a\u015ftiya navxwey\u00ee ya Tirkiyey\u00ea ney\u00ea xerabkirin.<\/span><\/h3>\n","protected":false},"excerpt":{"rendered":"<p>Serok\u00ea Gi\u015ft\u00ee y\u00ea Partiya Siberoj\u00ea Ahmet Davutoglu ragihand, dir\u00eajb\u00fbna p\u00eavajoya a\u015ftiy\u00ea ya li Tirkiyey\u00ea r\u00ea li ber dest\u00eawerdan\u00ean biyan\u00ee vedike. Tekez kir j\u00ee, ew li dij\u00ee binp\u00eakirina maf\u00ean Kurdan \u00ean li S\u00fbriy\u00ea ne. Ahmet Davutoglu di civ\u00eena fraksiyona &#8220;Yeni Yol&#8221; de li ser ge\u015fedan\u00ean daw\u00ee y\u00ean li Tirkiye \u00fb S\u00fbriy\u00ea axiv\u00ee. Davutoglu bal ki\u015fand ser [&hellip;]<\/p>\n","protected":false},"author":2,"featured_media":1051362,"comment_status":"closed","ping_status":"closed","sticky":false,"template":"","format":"standard","meta":{"footnotes":""},"categories":[31],"tags":[37],"class_list":["post-1051361","post","type-post","status-publish","format-standard","has-post-thumbnail","hentry","category-rojhelata-navin","tag-sereke"],"blocksy_meta":[],"seo_head":"<!-- This site is optimized with the Yoast SEO plugin v27.5 - https:\/\/yoast.com\/product\/yoast-seo-wordpress\/ -->\n<title>Ahmet Davutoglu: Em binp\u00eakirina maf\u00ean Kurdan li S\u00fbriyey\u00ea qeb\u00fbl nakin - Darka Maz\u00ee<\/title>\n<meta name=\"robots\" content=\"index, follow, max-snippet:-1, max-image-preview:large, max-video-preview:-1\" \/>\n<link rel=\"canonical\" href=\"https:\/\/darkamazi.info\/archives\/1051361\" \/>\n<meta property=\"og:locale\" content=\"en_US\" \/>\n<meta property=\"og:type\" content=\"article\" \/>\n<meta property=\"og:title\" content=\"Ahmet Davutoglu: Em binp\u00eakirina maf\u00ean Kurdan li S\u00fbriyey\u00ea qeb\u00fbl nakin - Darka Maz\u00ee\" \/>\n<meta property=\"og:description\" content=\"Serok\u00ea Gi\u015ft\u00ee y\u00ea Partiya Siberoj\u00ea Ahmet Davutoglu ragihand, dir\u00eajb\u00fbna p\u00eavajoya a\u015ftiy\u00ea ya li Tirkiyey\u00ea r\u00ea li ber dest\u00eawerdan\u00ean biyan\u00ee vedike. Tekez kir j\u00ee, ew li dij\u00ee binp\u00eakirina maf\u00ean Kurdan \u00ean li S\u00fbriy\u00ea ne. Ahmet Davutoglu di civ\u00eena fraksiyona &#8220;Yeni Yol&#8221; de li ser ge\u015fedan\u00ean daw\u00ee y\u00ean li Tirkiye \u00fb S\u00fbriy\u00ea axiv\u00ee. Davutoglu bal ki\u015fand ser [&hellip;]\" \/>\n<meta property=\"og:url\" content=\"https:\/\/darkamazi.info\/archives\/1051361\" \/>\n<meta property=\"og:site_name\" content=\"Darka Maz\u00ee\" \/>\n<meta property=\"article:publisher\" content=\"https:\/\/www.facebook.com\/DarMaziKurmanci\" \/>\n<meta property=\"article:published_time\" content=\"2026-01-15T06:51:02+00:00\" \/>\n<meta property=\"og:image\" content=\"https:\/\/darkamazi.info\/file\/2026\/01\/Ahmet-Davutoglu-info.jpg\" \/>\n\t<meta property=\"og:image:width\" content=\"900\" \/>\n\t<meta property=\"og:image:height\" content=\"500\" \/>\n\t<meta property=\"og:image:type\" content=\"image\/jpeg\" \/>\n<meta name=\"author\" content=\"darka mazi\" \/>\n<meta name=\"twitter:card\" content=\"summary_large_image\" \/>\n<meta name=\"twitter:creator\" content=\"@DarkaMaziLatini\" \/>\n<meta name=\"twitter:site\" content=\"@DarkaMaziLatini\" \/>\n<meta name=\"twitter:label1\" content=\"Written by\" \/>\n\t<meta name=\"twitter:data1\" content=\"darka mazi\" \/>\n\t<meta name=\"twitter:label2\" content=\"Est. reading time\" \/>\n\t<meta name=\"twitter:data2\" content=\"2 minutes\" \/>\n<script type=\"application\/ld+json\" class=\"seo-schema-graph\">{\"@context\":\"https:\\\/\\\/schema.org\",\"@graph\":[{\"@type\":\"Article\",\"@id\":\"https:\\\/\\\/darkamazi.info\\\/archives\\\/1051361#article\",\"isPartOf\":{\"@id\":\"https:\\\/\\\/darkamazi.info\\\/archives\\\/1051361\"},\"author\":{\"name\":\"darka mazi\",\"@id\":\"https:\\\/\\\/darkamazi.info\\\/#\\\/schema\\\/person\\\/5ad3e24553a0567993fa8ed4bd0a776c\"},\"headline\":\"Ahmet Davutoglu: Em binp\u00eakirina maf\u00ean Kurdan li S\u00fbriyey\u00ea qeb\u00fbl nakin\",\"datePublished\":\"2026-01-15T06:51:02+00:00\",\"mainEntityOfPage\":{\"@id\":\"https:\\\/\\\/darkamazi.info\\\/archives\\\/1051361\"},\"wordCount\":353,\"publisher\":{\"@id\":\"https:\\\/\\\/darkamazi.info\\\/#organization\"},\"image\":{\"@id\":\"https:\\\/\\\/darkamazi.info\\\/archives\\\/1051361#primaryimage\"},\"thumbnailUrl\":\"https:\\\/\\\/darkamazi.info\\\/darka-content\\\/uploads\\\/2026\\\/01\\\/Ahmet-Davutoglu-info.jpg\",\"keywords\":[\"sereke\"],\"articleSection\":[\"Rojhelata nav\u00een\"],\"inLanguage\":\"en-US\"},{\"@type\":\"WebPage\",\"@id\":\"https:\\\/\\\/darkamazi.info\\\/archives\\\/1051361\",\"url\":\"https:\\\/\\\/darkamazi.info\\\/archives\\\/1051361\",\"name\":\"Ahmet Davutoglu: Em binp\u00eakirina maf\u00ean Kurdan li S\u00fbriyey\u00ea qeb\u00fbl nakin - Darka Maz\u00ee\",\"isPartOf\":{\"@id\":\"https:\\\/\\\/darkamazi.info\\\/#website\"},\"primaryImageOfPage\":{\"@id\":\"https:\\\/\\\/darkamazi.info\\\/archives\\\/1051361#primaryimage\"},\"image\":{\"@id\":\"https:\\\/\\\/darkamazi.info\\\/archives\\\/1051361#primaryimage\"},\"thumbnailUrl\":\"https:\\\/\\\/darkamazi.info\\\/darka-content\\\/uploads\\\/2026\\\/01\\\/Ahmet-Davutoglu-info.jpg\",\"datePublished\":\"2026-01-15T06:51:02+00:00\",\"breadcrumb\":{\"@id\":\"https:\\\/\\\/darkamazi.info\\\/archives\\\/1051361#breadcrumb\"},\"inLanguage\":\"en-US\",\"potentialAction\":[{\"@type\":\"ReadAction\",\"target\":[\"https:\\\/\\\/darkamazi.info\\\/archives\\\/1051361\"]}]},{\"@type\":\"ImageObject\",\"inLanguage\":\"en-US\",\"@id\":\"https:\\\/\\\/darkamazi.info\\\/archives\\\/1051361#primaryimage\",\"url\":\"https:\\\/\\\/darkamazi.info\\\/darka-content\\\/uploads\\\/2026\\\/01\\\/Ahmet-Davutoglu-info.jpg\",\"contentUrl\":\"https:\\\/\\\/darkamazi.info\\\/darka-content\\\/uploads\\\/2026\\\/01\\\/Ahmet-Davutoglu-info.jpg\",\"width\":900,\"height\":500,\"caption\":\"Ahmet-Davutoglu-info\"},{\"@type\":\"BreadcrumbList\",\"@id\":\"https:\\\/\\\/darkamazi.info\\\/archives\\\/1051361#breadcrumb\",\"itemListElement\":[{\"@type\":\"ListItem\",\"position\":1,\"name\":\"Home\",\"item\":\"https:\\\/\\\/darkamazi.info\\\/\"},{\"@type\":\"ListItem\",\"position\":2,\"name\":\"Ahmet Davutoglu: Em binp\u00eakirina maf\u00ean Kurdan li S\u00fbriyey\u00ea qeb\u00fbl nakin\"}]},{\"@type\":\"WebSite\",\"@id\":\"https:\\\/\\\/darkamazi.info\\\/#website\",\"url\":\"https:\\\/\\\/darkamazi.info\\\/\",\"name\":\"Darka Maz\u00ee\",\"description\":\"P\u00eageha Zanyariy\u00ean Nebih\u00eest\u00ee\",\"publisher\":{\"@id\":\"https:\\\/\\\/darkamazi.info\\\/#organization\"},\"potentialAction\":[{\"@type\":\"SearchAction\",\"target\":{\"@type\":\"EntryPoint\",\"urlTemplate\":\"https:\\\/\\\/darkamazi.info\\\/?s={search_term_string}\"},\"query-input\":{\"@type\":\"PropertyValueSpecification\",\"valueRequired\":true,\"valueName\":\"search_term_string\"}}],\"inLanguage\":\"en-US\"},{\"@type\":\"Organization\",\"@id\":\"https:\\\/\\\/darkamazi.info\\\/#organization\",\"name\":\"Darka Maz\u00ee\",\"url\":\"https:\\\/\\\/darkamazi.info\\\/\",\"logo\":{\"@type\":\"ImageObject\",\"inLanguage\":\"en-US\",\"@id\":\"https:\\\/\\\/darkamazi.info\\\/#\\\/schema\\\/logo\\\/image\\\/\",\"url\":\"https:\\\/\\\/darkamazi.info\\\/darka-content\\\/uploads\\\/2017\\\/12\\\/darka-mazi-logo.png\",\"contentUrl\":\"https:\\\/\\\/darkamazi.info\\\/darka-content\\\/uploads\\\/2017\\\/12\\\/darka-mazi-logo.png\",\"width\":151,\"height\":75,\"caption\":\"Darka Maz\u00ee\"},\"image\":{\"@id\":\"https:\\\/\\\/darkamazi.info\\\/#\\\/schema\\\/logo\\\/image\\\/\"},\"sameAs\":[\"https:\\\/\\\/www.facebook.com\\\/DarMaziKurmanci\",\"https:\\\/\\\/x.com\\\/DarkaMaziLatini\",\"https:\\\/\\\/www.instagram.com\\\/darkamazi.kurmanci\\\/\",\"https:\\\/\\\/www.youtube.com\\\/channel\\\/UCa5HkTdmI8U1qCUFuTw8B2g\"]},{\"@type\":\"Person\",\"@id\":\"https:\\\/\\\/darkamazi.info\\\/#\\\/schema\\\/person\\\/5ad3e24553a0567993fa8ed4bd0a776c\",\"name\":\"darka mazi\",\"sameAs\":[\"https:\\\/\\\/darkamazi.info\\\/\"],\"url\":\"https:\\\/\\\/darkamazi.info\\\/archives\\\/author\\\/kurdi\"}]}<\/script>\n<!-- \/ Yoast SEO plugin. -->","seo_head_json":{"title":"Ahmet Davutoglu: Em binp\u00eakirina maf\u00ean Kurdan li S\u00fbriyey\u00ea qeb\u00fbl nakin - Darka Maz\u00ee","robots":{"index":"index","follow":"follow","max-snippet":"max-snippet:-1","max-image-preview":"max-image-preview:large","max-video-preview":"max-video-preview:-1"},"canonical":"https:\/\/darkamazi.info\/archives\/1051361","og_locale":"en_US","og_type":"article","og_title":"Ahmet Davutoglu: Em binp\u00eakirina maf\u00ean Kurdan li S\u00fbriyey\u00ea qeb\u00fbl nakin - Darka Maz\u00ee","og_description":"Serok\u00ea Gi\u015ft\u00ee y\u00ea Partiya Siberoj\u00ea Ahmet Davutoglu ragihand, dir\u00eajb\u00fbna p\u00eavajoya a\u015ftiy\u00ea ya li Tirkiyey\u00ea r\u00ea li ber dest\u00eawerdan\u00ean biyan\u00ee vedike. Tekez kir j\u00ee, ew li dij\u00ee binp\u00eakirina maf\u00ean Kurdan \u00ean li S\u00fbriy\u00ea ne. Ahmet Davutoglu di civ\u00eena fraksiyona &#8220;Yeni Yol&#8221; de li ser ge\u015fedan\u00ean daw\u00ee y\u00ean li Tirkiye \u00fb S\u00fbriy\u00ea axiv\u00ee. Davutoglu bal ki\u015fand ser [&hellip;]","og_url":"https:\/\/darkamazi.info\/archives\/1051361","og_site_name":"Darka Maz\u00ee","article_publisher":"https:\/\/www.facebook.com\/DarMaziKurmanci","article_published_time":"2026-01-15T06:51:02+00:00","og_image":[{"width":900,"height":500,"url":"https:\/\/darkamazi.info\/file\/2026\/01\/Ahmet-Davutoglu-info.jpg","type":"image\/jpeg"}],"author":"darka mazi","twitter_card":"summary_large_image","twitter_creator":"@DarkaMaziLatini","twitter_site":"@DarkaMaziLatini","twitter_misc":{"Written by":"darka mazi","Est. reading time":"2 minutes"},"schema":{"@context":"https:\/\/schema.org","@graph":[{"@type":"Article","@id":"https:\/\/darkamazi.info\/archives\/1051361#article","isPartOf":{"@id":"https:\/\/darkamazi.info\/archives\/1051361"},"author":{"name":"darka mazi","@id":"https:\/\/darkamazi.info\/#\/schema\/person\/5ad3e24553a0567993fa8ed4bd0a776c"},"headline":"Ahmet Davutoglu: Em binp\u00eakirina maf\u00ean Kurdan li S\u00fbriyey\u00ea qeb\u00fbl nakin","datePublished":"2026-01-15T06:51:02+00:00","mainEntityOfPage":{"@id":"https:\/\/darkamazi.info\/archives\/1051361"},"wordCount":353,"publisher":{"@id":"https:\/\/darkamazi.info\/#organization"},"image":{"@id":"https:\/\/darkamazi.info\/archives\/1051361#primaryimage"},"thumbnailUrl":"https:\/\/darkamazi.info\/file\/2026\/01\/Ahmet-Davutoglu-info.jpg","keywords":["sereke"],"articleSection":["Rojhelata nav\u00een"],"inLanguage":"en-US"},{"@type":"WebPage","@id":"https:\/\/darkamazi.info\/archives\/1051361","url":"https:\/\/darkamazi.info\/archives\/1051361","name":"Ahmet Davutoglu: Em binp\u00eakirina maf\u00ean Kurdan li S\u00fbriyey\u00ea qeb\u00fbl nakin - Darka Maz\u00ee","isPartOf":{"@id":"https:\/\/darkamazi.info\/#website"},"primaryImageOfPage":{"@id":"https:\/\/darkamazi.info\/archives\/1051361#primaryimage"},"image":{"@id":"https:\/\/darkamazi.info\/archives\/1051361#primaryimage"},"thumbnailUrl":"https:\/\/darkamazi.info\/file\/2026\/01\/Ahmet-Davutoglu-info.jpg","datePublished":"2026-01-15T06:51:02+00:00","breadcrumb":{"@id":"https:\/\/darkamazi.info\/archives\/1051361#breadcrumb"},"inLanguage":"en-US","potentialAction":[{"@type":"ReadAction","target":["https:\/\/darkamazi.info\/archives\/1051361"]}]},{"@type":"ImageObject","inLanguage":"en-US","@id":"https:\/\/darkamazi.info\/archives\/1051361#primaryimage","url":"https:\/\/darkamazi.info\/file\/2026\/01\/Ahmet-Davutoglu-info.jpg","contentUrl":"https:\/\/darkamazi.info\/file\/2026\/01\/Ahmet-Davutoglu-info.jpg","width":900,"height":500,"caption":"Ahmet-Davutoglu-info"},{"@type":"BreadcrumbList","@id":"https:\/\/darkamazi.info\/archives\/1051361#breadcrumb","itemListElement":[{"@type":"ListItem","position":1,"name":"Home","item":"https:\/\/darkamazi.info\/"},{"@type":"ListItem","position":2,"name":"Ahmet Davutoglu: Em binp\u00eakirina maf\u00ean Kurdan li S\u00fbriyey\u00ea qeb\u00fbl nakin"}]},{"@type":"WebSite","@id":"https:\/\/darkamazi.info\/#website","url":"https:\/\/darkamazi.info\/","name":"Darka Maz\u00ee","description":"P\u00eageha Zanyariy\u00ean Nebih\u00eest\u00ee","publisher":{"@id":"https:\/\/darkamazi.info\/#organization"},"potentialAction":[{"@type":"SearchAction","target":{"@type":"EntryPoint","urlTemplate":"https:\/\/darkamazi.info\/?s={search_term_string}"},"query-input":{"@type":"PropertyValueSpecification","valueRequired":true,"valueName":"search_term_string"}}],"inLanguage":"en-US"},{"@type":"Organization","@id":"https:\/\/darkamazi.info\/#organization","name":"Darka Maz\u00ee","url":"https:\/\/darkamazi.info\/","logo":{"@type":"ImageObject","inLanguage":"en-US","@id":"https:\/\/darkamazi.info\/#\/schema\/logo\/image\/","url":"https:\/\/darkamazi.info\/file\/2017\/12\/darka-mazi-logo.png","contentUrl":"https:\/\/darkamazi.info\/file\/2017\/12\/darka-mazi-logo.png","width":151,"height":75,"caption":"Darka Maz\u00ee"},"image":{"@id":"https:\/\/darkamazi.info\/#\/schema\/logo\/image\/"},"sameAs":["https:\/\/www.facebook.com\/DarMaziKurmanci","https:\/\/x.com\/DarkaMaziLatini","https:\/\/www.instagram.com\/darkamazi.kurmanci\/","https:\/\/www.youtube.com\/channel\/UCa5HkTdmI8U1qCUFuTw8B2g"]},{"@type":"Person","@id":"https:\/\/darkamazi.info\/#\/schema\/person\/5ad3e24553a0567993fa8ed4bd0a776c","name":"darka mazi","sameAs":["https:\/\/darkamazi.info\/"],"url":"https:\/\/darkamazi.info\/archives\/author\/kurdi"}]}},"_links":{"self":[{"href":"https:\/\/darkamazi.info\/funavuv\/wp\/v2\/posts\/1051361","targetHints":{"allow":["GET"]}}],"collection":[{"href":"https:\/\/darkamazi.info\/funavuv\/wp\/v2\/posts"}],"about":[{"href":"https:\/\/darkamazi.info\/funavuv\/wp\/v2\/types\/post"}],"author":[{"embeddable":true,"href":"https:\/\/darkamazi.info\/funavuv\/wp\/v2\/users\/2"}],"replies":[{"embeddable":true,"href":"https:\/\/darkamazi.info\/funavuv\/wp\/v2\/comments?post=1051361"}],"version-history":[{"count":0,"href":"https:\/\/darkamazi.info\/funavuv\/wp\/v2\/posts\/1051361\/revisions"}],"wp:featuredmedia":[{"embeddable":true,"href":"https:\/\/darkamazi.info\/funavuv\/wp\/v2\/media\/1051362"}],"wp:attachment":[{"href":"https:\/\/darkamazi.info\/funavuv\/wp\/v2\/media?parent=1051361"}],"wp:term":[{"taxonomy":"category","embeddable":true,"href":"https:\/\/darkamazi.info\/funavuv\/wp\/v2\/categories?post=1051361"},{"taxonomy":"post_tag","embeddable":true,"href":"https:\/\/darkamazi.info\/funavuv\/wp\/v2\/tags?post=1051361"}],"curies":[{"name":"wp","href":"https:\/\/api.w.org\/{rel}","templated":true}]}}