{"id":1051371,"date":"2026-01-15T13:17:12","date_gmt":"2026-01-15T10:17:12","guid":{"rendered":"https:\/\/darkamazi.info\/?p=1051371"},"modified":"2026-01-15T13:17:41","modified_gmt":"2026-01-15T10:17:41","slug":"1051371","status":"publish","type":"post","link":"https:\/\/darkamazi.info\/archives\/1051371","title":{"rendered":"Alaya \u00cesra\u00eel\u00ea li S\u00fbriyey\u00ea ye l\u00ea h\u00fbn Kurdan bi s\u00eeyon\u00eezm\u00ea tohmetbar dikin"},"content":{"rendered":"<h3 style=\"text-align: justify\"><span style=\"font-family: 'arial black', sans-serif\">Parlamenter\u00ea DEM Partiy\u00ea Sirri Sakik got, \u201cDi nav axa S\u00fbriyey\u00ea de alaya \u00cesra\u00eel\u00ea li ba dibe l\u00ea Kurd bi s\u00eeyon\u00eezm\u00ea t\u00ean tohmetbarkirin.\u201d<\/span><\/h3>\n<h3 style=\"text-align: justify\"><span style=\"font-family: arial, helvetica, sans-serif\">Parlamenter\u00ea DEM Partiy\u00ea Sirri Sakik doh di r\u00fbni\u015ftina Parlamentoya Tirkiyey\u00ea de derbar\u00ea r\u00fbdan\u00ean daw\u00ee y\u00ean li S\u00fbriyey\u00ea axiv\u00ee.<\/span><\/h3>\n<h3 style=\"text-align: justify\"><span style=\"font-family: arial, helvetica, sans-serif\">Sirri Sakik bersiva wan \u00eediayan da ku dib\u00eajin berpirs\u00ean Rojavay\u00ea Kurdistan\u00ea pi\u015ftevaniy\u00ea ji \u00cesra\u00eel\u00ea werdigirin.<\/span><\/h3>\n<h3 style=\"text-align: justify\"><span style=\"font-family: arial, helvetica, sans-serif\">Sakik bal ki\u015fand ser bilindkirina alaya \u00cesra\u00eel\u00ea ya li Gir\u00ean Golan\u00ea y\u00ean S\u00fbriyey\u00ea \u00fb got, &#8220;Kurd ti caran neb\u00fbne xulam\u00ean s\u00eeyon\u00eezm\u00ea.&#8221;<\/span><\/h3>\n<h3 style=\"text-align: justify\"><span style=\"font-family: arial, helvetica, sans-serif\">Sakik di dema axaftina xwe de w\u00eaneyek\u00ee Gir\u00ean Golan\u00ea n\u00ee\u015fan\u00ee parlamenteran da \u00fb neraz\u00eeb\u00fbna xwe li hember\u00ee tohmetbarkirina Kurdan an\u00ee ziman:<\/span><\/h3>\n<h3 style=\"text-align: justify\"><span style=\"font-family: arial, helvetica, sans-serif\">&#8220;Parlamenter\u00ean bir\u00eaz ba\u015f li v\u00ee w\u00eaney\u00ee bin\u00earin. Ev Gir\u00ean Golan\u00ea ye, axa S\u00fbriyey\u00ea ye. Li w\u00ea der\u00ea alaya \u00cesra\u00eel\u00ea li ba dibe. Y\u00ean ku Kurdan bi s\u00eeyon\u00eezm\u00ea tohmetbar dikin bin\u00earin, di alaya s\u00eeyon\u00eezm\u00ea li w\u00ea der\u00ea t\u00ea bilindkirin \u00fb li Par\u00ees\u00ea li gel \u00cesra\u00eel\u00ea peyman t\u00ean \u00eemzekirin \u00fb \u00eari\u015f\u00ee du tax\u00ean Kurdan t\u00ean kirin, diyar e ka k\u00ee xulam\u00ean \u00cesra\u00eel\u00ea ne.&#8221;<\/span><\/h3>\n","protected":false},"excerpt":{"rendered":"<p>Parlamenter\u00ea DEM Partiy\u00ea Sirri Sakik got, \u201cDi nav axa S\u00fbriyey\u00ea de alaya \u00cesra\u00eel\u00ea li ba dibe l\u00ea Kurd bi s\u00eeyon\u00eezm\u00ea t\u00ean tohmetbarkirin.\u201d Parlamenter\u00ea DEM Partiy\u00ea Sirri Sakik doh di r\u00fbni\u015ftina Parlamentoya Tirkiyey\u00ea de derbar\u00ea r\u00fbdan\u00ean daw\u00ee y\u00ean li S\u00fbriyey\u00ea axiv\u00ee. Sirri Sakik bersiva wan \u00eediayan da ku dib\u00eajin berpirs\u00ean Rojavay\u00ea Kurdistan\u00ea pi\u015ftevaniy\u00ea ji \u00cesra\u00eel\u00ea werdigirin. [&hellip;]<\/p>\n","protected":false},"author":2,"featured_media":1051374,"comment_status":"closed","ping_status":"closed","sticky":false,"template":"","format":"standard","meta":{"footnotes":""},"categories":[31],"tags":[37],"class_list":["post-1051371","post","type-post","status-publish","format-standard","has-post-thumbnail","hentry","category-rojhelata-navin","tag-sereke"],"blocksy_meta":[],"seo_head":"<!-- This site is optimized with the Yoast SEO plugin v27.5 - https:\/\/yoast.com\/product\/yoast-seo-wordpress\/ -->\n<title>Alaya \u00cesra\u00eel\u00ea li S\u00fbriyey\u00ea ye l\u00ea h\u00fbn Kurdan bi s\u00eeyon\u00eezm\u00ea tohmetbar dikin - Darka Maz\u00ee<\/title>\n<meta name=\"robots\" content=\"index, follow, max-snippet:-1, max-image-preview:large, max-video-preview:-1\" \/>\n<link rel=\"canonical\" href=\"https:\/\/darkamazi.info\/archives\/1051371\" \/>\n<meta property=\"og:locale\" content=\"en_US\" \/>\n<meta property=\"og:type\" content=\"article\" \/>\n<meta property=\"og:title\" content=\"Alaya \u00cesra\u00eel\u00ea li S\u00fbriyey\u00ea ye l\u00ea h\u00fbn Kurdan bi s\u00eeyon\u00eezm\u00ea tohmetbar dikin - Darka Maz\u00ee\" \/>\n<meta property=\"og:description\" content=\"Parlamenter\u00ea DEM Partiy\u00ea Sirri Sakik got, \u201cDi nav axa S\u00fbriyey\u00ea de alaya \u00cesra\u00eel\u00ea li ba dibe l\u00ea Kurd bi s\u00eeyon\u00eezm\u00ea t\u00ean tohmetbarkirin.\u201d Parlamenter\u00ea DEM Partiy\u00ea Sirri Sakik doh di r\u00fbni\u015ftina Parlamentoya Tirkiyey\u00ea de derbar\u00ea r\u00fbdan\u00ean daw\u00ee y\u00ean li S\u00fbriyey\u00ea axiv\u00ee. Sirri Sakik bersiva wan \u00eediayan da ku dib\u00eajin berpirs\u00ean Rojavay\u00ea Kurdistan\u00ea pi\u015ftevaniy\u00ea ji \u00cesra\u00eel\u00ea werdigirin. [&hellip;]\" \/>\n<meta property=\"og:url\" content=\"https:\/\/darkamazi.info\/archives\/1051371\" \/>\n<meta property=\"og:site_name\" content=\"Darka Maz\u00ee\" \/>\n<meta property=\"article:publisher\" content=\"https:\/\/www.facebook.com\/DarMaziKurmanci\" \/>\n<meta property=\"article:published_time\" content=\"2026-01-15T10:17:12+00:00\" \/>\n<meta property=\"article:modified_time\" content=\"2026-01-15T10:17:41+00:00\" \/>\n<meta property=\"og:image\" content=\"https:\/\/darkamazi.info\/file\/2026\/01\/Sakik-Alaya.jpg\" \/>\n\t<meta property=\"og:image:width\" content=\"900\" \/>\n\t<meta property=\"og:image:height\" content=\"500\" \/>\n\t<meta property=\"og:image:type\" content=\"image\/jpeg\" \/>\n<meta name=\"author\" content=\"darka mazi\" \/>\n<meta name=\"twitter:card\" content=\"summary_large_image\" \/>\n<meta name=\"twitter:creator\" content=\"@DarkaMaziLatini\" \/>\n<meta name=\"twitter:site\" content=\"@DarkaMaziLatini\" \/>\n<meta name=\"twitter:label1\" content=\"Written by\" \/>\n\t<meta name=\"twitter:data1\" content=\"darka mazi\" \/>\n\t<meta name=\"twitter:label2\" content=\"Est. reading time\" \/>\n\t<meta name=\"twitter:data2\" content=\"1 minute\" \/>\n<script type=\"application\/ld+json\" class=\"seo-schema-graph\">{\"@context\":\"https:\\\/\\\/schema.org\",\"@graph\":[{\"@type\":\"Article\",\"@id\":\"https:\\\/\\\/darkamazi.info\\\/archives\\\/1051371#article\",\"isPartOf\":{\"@id\":\"https:\\\/\\\/darkamazi.info\\\/archives\\\/1051371\"},\"author\":{\"name\":\"darka mazi\",\"@id\":\"https:\\\/\\\/darkamazi.info\\\/#\\\/schema\\\/person\\\/5ad3e24553a0567993fa8ed4bd0a776c\"},\"headline\":\"Alaya \u00cesra\u00eel\u00ea li S\u00fbriyey\u00ea ye l\u00ea h\u00fbn Kurdan bi s\u00eeyon\u00eezm\u00ea tohmetbar dikin\",\"datePublished\":\"2026-01-15T10:17:12+00:00\",\"dateModified\":\"2026-01-15T10:17:41+00:00\",\"mainEntityOfPage\":{\"@id\":\"https:\\\/\\\/darkamazi.info\\\/archives\\\/1051371\"},\"wordCount\":220,\"publisher\":{\"@id\":\"https:\\\/\\\/darkamazi.info\\\/#organization\"},\"image\":{\"@id\":\"https:\\\/\\\/darkamazi.info\\\/archives\\\/1051371#primaryimage\"},\"thumbnailUrl\":\"https:\\\/\\\/darkamazi.info\\\/darka-content\\\/uploads\\\/2026\\\/01\\\/Sakik-Alaya.jpg\",\"keywords\":[\"sereke\"],\"articleSection\":[\"Rojhelata nav\u00een\"],\"inLanguage\":\"en-US\"},{\"@type\":\"WebPage\",\"@id\":\"https:\\\/\\\/darkamazi.info\\\/archives\\\/1051371\",\"url\":\"https:\\\/\\\/darkamazi.info\\\/archives\\\/1051371\",\"name\":\"Alaya \u00cesra\u00eel\u00ea li S\u00fbriyey\u00ea ye l\u00ea h\u00fbn Kurdan bi s\u00eeyon\u00eezm\u00ea tohmetbar dikin - Darka Maz\u00ee\",\"isPartOf\":{\"@id\":\"https:\\\/\\\/darkamazi.info\\\/#website\"},\"primaryImageOfPage\":{\"@id\":\"https:\\\/\\\/darkamazi.info\\\/archives\\\/1051371#primaryimage\"},\"image\":{\"@id\":\"https:\\\/\\\/darkamazi.info\\\/archives\\\/1051371#primaryimage\"},\"thumbnailUrl\":\"https:\\\/\\\/darkamazi.info\\\/darka-content\\\/uploads\\\/2026\\\/01\\\/Sakik-Alaya.jpg\",\"datePublished\":\"2026-01-15T10:17:12+00:00\",\"dateModified\":\"2026-01-15T10:17:41+00:00\",\"breadcrumb\":{\"@id\":\"https:\\\/\\\/darkamazi.info\\\/archives\\\/1051371#breadcrumb\"},\"inLanguage\":\"en-US\",\"potentialAction\":[{\"@type\":\"ReadAction\",\"target\":[\"https:\\\/\\\/darkamazi.info\\\/archives\\\/1051371\"]}]},{\"@type\":\"ImageObject\",\"inLanguage\":\"en-US\",\"@id\":\"https:\\\/\\\/darkamazi.info\\\/archives\\\/1051371#primaryimage\",\"url\":\"https:\\\/\\\/darkamazi.info\\\/darka-content\\\/uploads\\\/2026\\\/01\\\/Sakik-Alaya.jpg\",\"contentUrl\":\"https:\\\/\\\/darkamazi.info\\\/darka-content\\\/uploads\\\/2026\\\/01\\\/Sakik-Alaya.jpg\",\"width\":900,\"height\":500,\"caption\":\"Sakik Alaya\"},{\"@type\":\"BreadcrumbList\",\"@id\":\"https:\\\/\\\/darkamazi.info\\\/archives\\\/1051371#breadcrumb\",\"itemListElement\":[{\"@type\":\"ListItem\",\"position\":1,\"name\":\"Home\",\"item\":\"https:\\\/\\\/darkamazi.info\\\/\"},{\"@type\":\"ListItem\",\"position\":2,\"name\":\"Alaya \u00cesra\u00eel\u00ea li S\u00fbriyey\u00ea ye l\u00ea h\u00fbn Kurdan bi s\u00eeyon\u00eezm\u00ea tohmetbar dikin\"}]},{\"@type\":\"WebSite\",\"@id\":\"https:\\\/\\\/darkamazi.info\\\/#website\",\"url\":\"https:\\\/\\\/darkamazi.info\\\/\",\"name\":\"Darka Maz\u00ee\",\"description\":\"P\u00eageha Zanyariy\u00ean Nebih\u00eest\u00ee\",\"publisher\":{\"@id\":\"https:\\\/\\\/darkamazi.info\\\/#organization\"},\"potentialAction\":[{\"@type\":\"SearchAction\",\"target\":{\"@type\":\"EntryPoint\",\"urlTemplate\":\"https:\\\/\\\/darkamazi.info\\\/?s={search_term_string}\"},\"query-input\":{\"@type\":\"PropertyValueSpecification\",\"valueRequired\":true,\"valueName\":\"search_term_string\"}}],\"inLanguage\":\"en-US\"},{\"@type\":\"Organization\",\"@id\":\"https:\\\/\\\/darkamazi.info\\\/#organization\",\"name\":\"Darka Maz\u00ee\",\"url\":\"https:\\\/\\\/darkamazi.info\\\/\",\"logo\":{\"@type\":\"ImageObject\",\"inLanguage\":\"en-US\",\"@id\":\"https:\\\/\\\/darkamazi.info\\\/#\\\/schema\\\/logo\\\/image\\\/\",\"url\":\"https:\\\/\\\/darkamazi.info\\\/darka-content\\\/uploads\\\/2017\\\/12\\\/darka-mazi-logo.png\",\"contentUrl\":\"https:\\\/\\\/darkamazi.info\\\/darka-content\\\/uploads\\\/2017\\\/12\\\/darka-mazi-logo.png\",\"width\":151,\"height\":75,\"caption\":\"Darka Maz\u00ee\"},\"image\":{\"@id\":\"https:\\\/\\\/darkamazi.info\\\/#\\\/schema\\\/logo\\\/image\\\/\"},\"sameAs\":[\"https:\\\/\\\/www.facebook.com\\\/DarMaziKurmanci\",\"https:\\\/\\\/x.com\\\/DarkaMaziLatini\",\"https:\\\/\\\/www.instagram.com\\\/darkamazi.kurmanci\\\/\",\"https:\\\/\\\/www.youtube.com\\\/channel\\\/UCa5HkTdmI8U1qCUFuTw8B2g\"]},{\"@type\":\"Person\",\"@id\":\"https:\\\/\\\/darkamazi.info\\\/#\\\/schema\\\/person\\\/5ad3e24553a0567993fa8ed4bd0a776c\",\"name\":\"darka mazi\",\"sameAs\":[\"https:\\\/\\\/darkamazi.info\\\/\"],\"url\":\"https:\\\/\\\/darkamazi.info\\\/archives\\\/author\\\/kurdi\"}]}<\/script>\n<!-- \/ Yoast SEO plugin. -->","seo_head_json":{"title":"Alaya \u00cesra\u00eel\u00ea li S\u00fbriyey\u00ea ye l\u00ea h\u00fbn Kurdan bi s\u00eeyon\u00eezm\u00ea tohmetbar dikin - Darka Maz\u00ee","robots":{"index":"index","follow":"follow","max-snippet":"max-snippet:-1","max-image-preview":"max-image-preview:large","max-video-preview":"max-video-preview:-1"},"canonical":"https:\/\/darkamazi.info\/archives\/1051371","og_locale":"en_US","og_type":"article","og_title":"Alaya \u00cesra\u00eel\u00ea li S\u00fbriyey\u00ea ye l\u00ea h\u00fbn Kurdan bi s\u00eeyon\u00eezm\u00ea tohmetbar dikin - Darka Maz\u00ee","og_description":"Parlamenter\u00ea DEM Partiy\u00ea Sirri Sakik got, \u201cDi nav axa S\u00fbriyey\u00ea de alaya \u00cesra\u00eel\u00ea li ba dibe l\u00ea Kurd bi s\u00eeyon\u00eezm\u00ea t\u00ean tohmetbarkirin.\u201d Parlamenter\u00ea DEM Partiy\u00ea Sirri Sakik doh di r\u00fbni\u015ftina Parlamentoya Tirkiyey\u00ea de derbar\u00ea r\u00fbdan\u00ean daw\u00ee y\u00ean li S\u00fbriyey\u00ea axiv\u00ee. Sirri Sakik bersiva wan \u00eediayan da ku dib\u00eajin berpirs\u00ean Rojavay\u00ea Kurdistan\u00ea pi\u015ftevaniy\u00ea ji \u00cesra\u00eel\u00ea werdigirin. [&hellip;]","og_url":"https:\/\/darkamazi.info\/archives\/1051371","og_site_name":"Darka Maz\u00ee","article_publisher":"https:\/\/www.facebook.com\/DarMaziKurmanci","article_published_time":"2026-01-15T10:17:12+00:00","article_modified_time":"2026-01-15T10:17:41+00:00","og_image":[{"width":900,"height":500,"url":"https:\/\/darkamazi.info\/file\/2026\/01\/Sakik-Alaya.jpg","type":"image\/jpeg"}],"author":"darka mazi","twitter_card":"summary_large_image","twitter_creator":"@DarkaMaziLatini","twitter_site":"@DarkaMaziLatini","twitter_misc":{"Written by":"darka mazi","Est. reading time":"1 minute"},"schema":{"@context":"https:\/\/schema.org","@graph":[{"@type":"Article","@id":"https:\/\/darkamazi.info\/archives\/1051371#article","isPartOf":{"@id":"https:\/\/darkamazi.info\/archives\/1051371"},"author":{"name":"darka mazi","@id":"https:\/\/darkamazi.info\/#\/schema\/person\/5ad3e24553a0567993fa8ed4bd0a776c"},"headline":"Alaya \u00cesra\u00eel\u00ea li S\u00fbriyey\u00ea ye l\u00ea h\u00fbn Kurdan bi s\u00eeyon\u00eezm\u00ea tohmetbar dikin","datePublished":"2026-01-15T10:17:12+00:00","dateModified":"2026-01-15T10:17:41+00:00","mainEntityOfPage":{"@id":"https:\/\/darkamazi.info\/archives\/1051371"},"wordCount":220,"publisher":{"@id":"https:\/\/darkamazi.info\/#organization"},"image":{"@id":"https:\/\/darkamazi.info\/archives\/1051371#primaryimage"},"thumbnailUrl":"https:\/\/darkamazi.info\/file\/2026\/01\/Sakik-Alaya.jpg","keywords":["sereke"],"articleSection":["Rojhelata nav\u00een"],"inLanguage":"en-US"},{"@type":"WebPage","@id":"https:\/\/darkamazi.info\/archives\/1051371","url":"https:\/\/darkamazi.info\/archives\/1051371","name":"Alaya \u00cesra\u00eel\u00ea li S\u00fbriyey\u00ea ye l\u00ea h\u00fbn Kurdan bi s\u00eeyon\u00eezm\u00ea tohmetbar dikin - Darka Maz\u00ee","isPartOf":{"@id":"https:\/\/darkamazi.info\/#website"},"primaryImageOfPage":{"@id":"https:\/\/darkamazi.info\/archives\/1051371#primaryimage"},"image":{"@id":"https:\/\/darkamazi.info\/archives\/1051371#primaryimage"},"thumbnailUrl":"https:\/\/darkamazi.info\/file\/2026\/01\/Sakik-Alaya.jpg","datePublished":"2026-01-15T10:17:12+00:00","dateModified":"2026-01-15T10:17:41+00:00","breadcrumb":{"@id":"https:\/\/darkamazi.info\/archives\/1051371#breadcrumb"},"inLanguage":"en-US","potentialAction":[{"@type":"ReadAction","target":["https:\/\/darkamazi.info\/archives\/1051371"]}]},{"@type":"ImageObject","inLanguage":"en-US","@id":"https:\/\/darkamazi.info\/archives\/1051371#primaryimage","url":"https:\/\/darkamazi.info\/file\/2026\/01\/Sakik-Alaya.jpg","contentUrl":"https:\/\/darkamazi.info\/file\/2026\/01\/Sakik-Alaya.jpg","width":900,"height":500,"caption":"Sakik Alaya"},{"@type":"BreadcrumbList","@id":"https:\/\/darkamazi.info\/archives\/1051371#breadcrumb","itemListElement":[{"@type":"ListItem","position":1,"name":"Home","item":"https:\/\/darkamazi.info\/"},{"@type":"ListItem","position":2,"name":"Alaya \u00cesra\u00eel\u00ea li S\u00fbriyey\u00ea ye l\u00ea h\u00fbn Kurdan bi s\u00eeyon\u00eezm\u00ea tohmetbar dikin"}]},{"@type":"WebSite","@id":"https:\/\/darkamazi.info\/#website","url":"https:\/\/darkamazi.info\/","name":"Darka Maz\u00ee","description":"P\u00eageha Zanyariy\u00ean Nebih\u00eest\u00ee","publisher":{"@id":"https:\/\/darkamazi.info\/#organization"},"potentialAction":[{"@type":"SearchAction","target":{"@type":"EntryPoint","urlTemplate":"https:\/\/darkamazi.info\/?s={search_term_string}"},"query-input":{"@type":"PropertyValueSpecification","valueRequired":true,"valueName":"search_term_string"}}],"inLanguage":"en-US"},{"@type":"Organization","@id":"https:\/\/darkamazi.info\/#organization","name":"Darka Maz\u00ee","url":"https:\/\/darkamazi.info\/","logo":{"@type":"ImageObject","inLanguage":"en-US","@id":"https:\/\/darkamazi.info\/#\/schema\/logo\/image\/","url":"https:\/\/darkamazi.info\/file\/2017\/12\/darka-mazi-logo.png","contentUrl":"https:\/\/darkamazi.info\/file\/2017\/12\/darka-mazi-logo.png","width":151,"height":75,"caption":"Darka Maz\u00ee"},"image":{"@id":"https:\/\/darkamazi.info\/#\/schema\/logo\/image\/"},"sameAs":["https:\/\/www.facebook.com\/DarMaziKurmanci","https:\/\/x.com\/DarkaMaziLatini","https:\/\/www.instagram.com\/darkamazi.kurmanci\/","https:\/\/www.youtube.com\/channel\/UCa5HkTdmI8U1qCUFuTw8B2g"]},{"@type":"Person","@id":"https:\/\/darkamazi.info\/#\/schema\/person\/5ad3e24553a0567993fa8ed4bd0a776c","name":"darka mazi","sameAs":["https:\/\/darkamazi.info\/"],"url":"https:\/\/darkamazi.info\/archives\/author\/kurdi"}]}},"_links":{"self":[{"href":"https:\/\/darkamazi.info\/funavuv\/wp\/v2\/posts\/1051371","targetHints":{"allow":["GET"]}}],"collection":[{"href":"https:\/\/darkamazi.info\/funavuv\/wp\/v2\/posts"}],"about":[{"href":"https:\/\/darkamazi.info\/funavuv\/wp\/v2\/types\/post"}],"author":[{"embeddable":true,"href":"https:\/\/darkamazi.info\/funavuv\/wp\/v2\/users\/2"}],"replies":[{"embeddable":true,"href":"https:\/\/darkamazi.info\/funavuv\/wp\/v2\/comments?post=1051371"}],"version-history":[{"count":0,"href":"https:\/\/darkamazi.info\/funavuv\/wp\/v2\/posts\/1051371\/revisions"}],"wp:featuredmedia":[{"embeddable":true,"href":"https:\/\/darkamazi.info\/funavuv\/wp\/v2\/media\/1051374"}],"wp:attachment":[{"href":"https:\/\/darkamazi.info\/funavuv\/wp\/v2\/media?parent=1051371"}],"wp:term":[{"taxonomy":"category","embeddable":true,"href":"https:\/\/darkamazi.info\/funavuv\/wp\/v2\/categories?post=1051371"},{"taxonomy":"post_tag","embeddable":true,"href":"https:\/\/darkamazi.info\/funavuv\/wp\/v2\/tags?post=1051371"}],"curies":[{"name":"wp","href":"https:\/\/api.w.org\/{rel}","templated":true}]}}