{"id":1051377,"date":"2026-01-15T16:58:18","date_gmt":"2026-01-15T13:58:18","guid":{"rendered":"https:\/\/darkamazi.info\/?p=1051377"},"modified":"2026-01-15T16:58:18","modified_gmt":"2026-01-15T13:58:18","slug":"reveberya-xweser-dergehen-bi-navceyen-hikumeta-same-re-girtin","status":"publish","type":"post","link":"https:\/\/darkamazi.info\/archives\/1051377","title":{"rendered":"R\u00eaveberya Xweser dergeh\u00ean bi nav\u00e7ey\u00ean hik\u00fbmeta \u015eam\u00ea re girtin"},"content":{"rendered":"<h3 style=\"text-align: justify\"><span style=\"font-family: 'arial black', sans-serif\"><strong>R\u00eaveberiya Xweser ji ber sedem\u00ean ewlehiy\u00ea, biryara girtina hem\u00fb dergeh\u00ean li her\u00eam\u00ean Tebqa, Reqa \u00fb D\u00earezor\u00ea da.<\/strong><\/span><\/h3>\n<h3 style=\"text-align: justify\"><span style=\"font-family: arial, helvetica, sans-serif\">Fermandariya Gi\u015ft\u00ee ya Ewlekariya Dergehan a ser bi Desteya Hundir\u00een a R\u00eaveberiya Xweser ve, \u00eero 15\u00ea \u00c7iley\u00ea di daxuyaniyeke niv\u00eesk\u00ee de diyar kir, ev biryar pi\u015ft\u00ee p\u00ea\u015fhatiy\u00ean ewlehiy\u00ea y\u00ean metirs\u00eedar \u00fb biryara Hik\u00fbmeta Veguh\u00eaz a li \u015eam\u00ea ya ji bo girtina dergehan, hatiye day\u00een.<\/span><\/h3>\n<h3 style=\"text-align: justify\"><span style=\"font-family: arial, helvetica, sans-serif\">Di daxuyaniy\u00ea de hat destn\u00ee\u015fankirin ku girtina dergehan ji aliy\u00ea \u015eam\u00ea ve b\u00fbye sedema tengezar\u00ee \u00fb aloziyeke ewlehiy\u00ea ya mezin. Ev rew\u015f rasterast metirsiy\u00ea li ser jiyana siv\u00eelan, karker \u00fb r\u00eawiy\u00ean ku van dergehan bi kar t\u00eenin, \u00e7\u00eadike. Ji ber v\u00ea yek\u00ea, ji bo parastina ewlehiya gi\u015ft\u00ee R\u00eaveberiya Xweser ev biryar girtine:<\/span><\/h3>\n<h3 style=\"text-align: justify\"><span style=\"font-family: arial, helvetica, sans-serif\"><strong>1- Girtina Dergehan:<\/strong> Hem\u00fb dergeh\u00ean di s\u00eenor\u00ea Tebqa, Reqa \u00fb D\u00earezor\u00ea de heta agahdarkirineke din hatine girtin.<\/span><\/h3>\n<h3 style=\"text-align: justify\"><span style=\"font-family: arial, helvetica, sans-serif\"><strong>2- Dema Biryar\u00ea:<\/strong> Biryar ji d\u00eeroka we\u015fandina daxuyaniy\u00ea (15\u00ea \u00c7ileya 2026an) ve dikeve war\u00ea cibic\u00eekirin\u00ea.<\/span><\/h3>\n<h3 style=\"text-align: justify\"><span style=\"font-family: arial, helvetica, sans-serif\">Fermandariya Ewlekariya Dergehan diyar kir ku ev biryar du rew\u015fan li dervey\u00ee girtin\u00ea dih\u00eale:<\/span><\/h3>\n<h3 style=\"text-align: justify\"><span style=\"font-family: arial, helvetica, sans-serif\"><strong>1- Rew\u015f\u00ean Mirov\u00ee:<\/strong> Kes\u00ean ku rew\u015fa wan a tendurist\u00ee an j\u00ee mirov\u00ee ya awarte hebe, d\u00ea karibin derbas bibin.<\/span><\/h3>\n<h3 style=\"text-align: justify\"><span style=\"font-family: arial, helvetica, sans-serif\"><strong>2- R\u00eaxistin\u00ean Mirov\u00ee: <\/strong>R\u00eaxistin\u00ean mirov\u00ee y\u00ean ferm\u00ee \u00fb pejirand\u00ee d\u00ea ji v\u00ea biryar\u00ea b\u00eapar bin \u00fb xebat\u00ean wan d\u00ea berdewam bikin.<\/span><\/h3>\n<h3 style=\"text-align: justify\"><span style=\"font-family: arial, helvetica, sans-serif\">Ev biryar pi\u015ft\u00ee w\u00ea yek\u00ea t\u00ea, Desteya Operasyonan a Art\u00ea\u015fa S\u00fbriyey\u00ea di 13\u00ea \u00c7iley\u00ea de her\u00eam\u00ean D\u00ear Hafir, Bab\u00eer\u00ee, Qewas \u00fb Meskeney\u00ea wek &#8220;her\u00eama le\u015fker\u00ee ya qedexe&#8221; ragihandib\u00fb \u00fb dest bi \u00ear\u00ee\u015f\u00ean li ser van her\u00eaman kirib\u00fb.<\/span><\/h3>\n","protected":false},"excerpt":{"rendered":"<p>R\u00eaveberiya Xweser ji ber sedem\u00ean ewlehiy\u00ea, biryara girtina hem\u00fb dergeh\u00ean li her\u00eam\u00ean Tebqa, Reqa \u00fb D\u00earezor\u00ea da. Fermandariya Gi\u015ft\u00ee ya Ewlekariya Dergehan a ser bi Desteya Hundir\u00een a R\u00eaveberiya Xweser ve, \u00eero 15\u00ea \u00c7iley\u00ea di daxuyaniyeke niv\u00eesk\u00ee de diyar kir, ev biryar pi\u015ft\u00ee p\u00ea\u015fhatiy\u00ean ewlehiy\u00ea y\u00ean metirs\u00eedar \u00fb biryara Hik\u00fbmeta Veguh\u00eaz a li \u015eam\u00ea ya [&hellip;]<\/p>\n","protected":false},"author":2,"featured_media":1051378,"comment_status":"closed","ping_status":"closed","sticky":false,"template":"","format":"standard","meta":{"footnotes":""},"categories":[29],"tags":[37],"class_list":["post-1051377","post","type-post","status-publish","format-standard","has-post-thumbnail","hentry","category-kurdistan","tag-sereke"],"blocksy_meta":[],"seo_head":"<!-- This site is optimized with the Yoast SEO plugin v27.5 - https:\/\/yoast.com\/product\/yoast-seo-wordpress\/ -->\n<title>R\u00eaveberya Xweser dergeh\u00ean bi nav\u00e7ey\u00ean hik\u00fbmeta \u015eam\u00ea re girtin - Darka Maz\u00ee<\/title>\n<meta name=\"robots\" content=\"index, follow, max-snippet:-1, max-image-preview:large, max-video-preview:-1\" \/>\n<link rel=\"canonical\" href=\"https:\/\/darkamazi.info\/archives\/1051377\" \/>\n<meta property=\"og:locale\" content=\"en_US\" \/>\n<meta property=\"og:type\" content=\"article\" \/>\n<meta property=\"og:title\" content=\"R\u00eaveberya Xweser dergeh\u00ean bi nav\u00e7ey\u00ean hik\u00fbmeta \u015eam\u00ea re girtin - Darka Maz\u00ee\" \/>\n<meta property=\"og:description\" content=\"R\u00eaveberiya Xweser ji ber sedem\u00ean ewlehiy\u00ea, biryara girtina hem\u00fb dergeh\u00ean li her\u00eam\u00ean Tebqa, Reqa \u00fb D\u00earezor\u00ea da. Fermandariya Gi\u015ft\u00ee ya Ewlekariya Dergehan a ser bi Desteya Hundir\u00een a R\u00eaveberiya Xweser ve, \u00eero 15\u00ea \u00c7iley\u00ea di daxuyaniyeke niv\u00eesk\u00ee de diyar kir, ev biryar pi\u015ft\u00ee p\u00ea\u015fhatiy\u00ean ewlehiy\u00ea y\u00ean metirs\u00eedar \u00fb biryara Hik\u00fbmeta Veguh\u00eaz a li \u015eam\u00ea ya [&hellip;]\" \/>\n<meta property=\"og:url\" content=\"https:\/\/darkamazi.info\/archives\/1051377\" \/>\n<meta property=\"og:site_name\" content=\"Darka Maz\u00ee\" \/>\n<meta property=\"article:publisher\" content=\"https:\/\/www.facebook.com\/DarMaziKurmanci\" \/>\n<meta property=\"article:published_time\" content=\"2026-01-15T13:58:18+00:00\" \/>\n<meta property=\"og:image\" content=\"https:\/\/darkamazi.info\/file\/2026\/01\/Reveberiya-Xweser-info.jpg\" \/>\n\t<meta property=\"og:image:width\" content=\"900\" \/>\n\t<meta property=\"og:image:height\" content=\"500\" \/>\n\t<meta property=\"og:image:type\" content=\"image\/jpeg\" \/>\n<meta name=\"author\" content=\"darka mazi\" \/>\n<meta name=\"twitter:card\" content=\"summary_large_image\" \/>\n<meta name=\"twitter:creator\" content=\"@DarkaMaziLatini\" \/>\n<meta name=\"twitter:site\" content=\"@DarkaMaziLatini\" \/>\n<meta name=\"twitter:label1\" content=\"Written by\" \/>\n\t<meta name=\"twitter:data1\" content=\"darka mazi\" \/>\n\t<meta name=\"twitter:label2\" content=\"Est. reading time\" \/>\n\t<meta name=\"twitter:data2\" content=\"2 minutes\" \/>\n<script type=\"application\/ld+json\" class=\"seo-schema-graph\">{\"@context\":\"https:\\\/\\\/schema.org\",\"@graph\":[{\"@type\":\"Article\",\"@id\":\"https:\\\/\\\/darkamazi.info\\\/archives\\\/1051377#article\",\"isPartOf\":{\"@id\":\"https:\\\/\\\/darkamazi.info\\\/archives\\\/1051377\"},\"author\":{\"name\":\"darka mazi\",\"@id\":\"https:\\\/\\\/darkamazi.info\\\/#\\\/schema\\\/person\\\/5ad3e24553a0567993fa8ed4bd0a776c\"},\"headline\":\"R\u00eaveberya Xweser dergeh\u00ean bi nav\u00e7ey\u00ean hik\u00fbmeta \u015eam\u00ea re girtin\",\"datePublished\":\"2026-01-15T13:58:18+00:00\",\"mainEntityOfPage\":{\"@id\":\"https:\\\/\\\/darkamazi.info\\\/archives\\\/1051377\"},\"wordCount\":293,\"publisher\":{\"@id\":\"https:\\\/\\\/darkamazi.info\\\/#organization\"},\"image\":{\"@id\":\"https:\\\/\\\/darkamazi.info\\\/archives\\\/1051377#primaryimage\"},\"thumbnailUrl\":\"https:\\\/\\\/darkamazi.info\\\/darka-content\\\/uploads\\\/2026\\\/01\\\/Reveberiya-Xweser-info.jpg\",\"keywords\":[\"sereke\"],\"articleSection\":[\"Kurdistan\"],\"inLanguage\":\"en-US\"},{\"@type\":\"WebPage\",\"@id\":\"https:\\\/\\\/darkamazi.info\\\/archives\\\/1051377\",\"url\":\"https:\\\/\\\/darkamazi.info\\\/archives\\\/1051377\",\"name\":\"R\u00eaveberya Xweser dergeh\u00ean bi nav\u00e7ey\u00ean hik\u00fbmeta \u015eam\u00ea re girtin - Darka Maz\u00ee\",\"isPartOf\":{\"@id\":\"https:\\\/\\\/darkamazi.info\\\/#website\"},\"primaryImageOfPage\":{\"@id\":\"https:\\\/\\\/darkamazi.info\\\/archives\\\/1051377#primaryimage\"},\"image\":{\"@id\":\"https:\\\/\\\/darkamazi.info\\\/archives\\\/1051377#primaryimage\"},\"thumbnailUrl\":\"https:\\\/\\\/darkamazi.info\\\/darka-content\\\/uploads\\\/2026\\\/01\\\/Reveberiya-Xweser-info.jpg\",\"datePublished\":\"2026-01-15T13:58:18+00:00\",\"breadcrumb\":{\"@id\":\"https:\\\/\\\/darkamazi.info\\\/archives\\\/1051377#breadcrumb\"},\"inLanguage\":\"en-US\",\"potentialAction\":[{\"@type\":\"ReadAction\",\"target\":[\"https:\\\/\\\/darkamazi.info\\\/archives\\\/1051377\"]}]},{\"@type\":\"ImageObject\",\"inLanguage\":\"en-US\",\"@id\":\"https:\\\/\\\/darkamazi.info\\\/archives\\\/1051377#primaryimage\",\"url\":\"https:\\\/\\\/darkamazi.info\\\/darka-content\\\/uploads\\\/2026\\\/01\\\/Reveberiya-Xweser-info.jpg\",\"contentUrl\":\"https:\\\/\\\/darkamazi.info\\\/darka-content\\\/uploads\\\/2026\\\/01\\\/Reveberiya-Xweser-info.jpg\",\"width\":900,\"height\":500,\"caption\":\"R\u00eaveberiya-Xweser-net\"},{\"@type\":\"BreadcrumbList\",\"@id\":\"https:\\\/\\\/darkamazi.info\\\/archives\\\/1051377#breadcrumb\",\"itemListElement\":[{\"@type\":\"ListItem\",\"position\":1,\"name\":\"Home\",\"item\":\"https:\\\/\\\/darkamazi.info\\\/\"},{\"@type\":\"ListItem\",\"position\":2,\"name\":\"R\u00eaveberya Xweser dergeh\u00ean bi nav\u00e7ey\u00ean hik\u00fbmeta \u015eam\u00ea re girtin\"}]},{\"@type\":\"WebSite\",\"@id\":\"https:\\\/\\\/darkamazi.info\\\/#website\",\"url\":\"https:\\\/\\\/darkamazi.info\\\/\",\"name\":\"Darka Maz\u00ee\",\"description\":\"P\u00eageha Zanyariy\u00ean Nebih\u00eest\u00ee\",\"publisher\":{\"@id\":\"https:\\\/\\\/darkamazi.info\\\/#organization\"},\"potentialAction\":[{\"@type\":\"SearchAction\",\"target\":{\"@type\":\"EntryPoint\",\"urlTemplate\":\"https:\\\/\\\/darkamazi.info\\\/?s={search_term_string}\"},\"query-input\":{\"@type\":\"PropertyValueSpecification\",\"valueRequired\":true,\"valueName\":\"search_term_string\"}}],\"inLanguage\":\"en-US\"},{\"@type\":\"Organization\",\"@id\":\"https:\\\/\\\/darkamazi.info\\\/#organization\",\"name\":\"Darka Maz\u00ee\",\"url\":\"https:\\\/\\\/darkamazi.info\\\/\",\"logo\":{\"@type\":\"ImageObject\",\"inLanguage\":\"en-US\",\"@id\":\"https:\\\/\\\/darkamazi.info\\\/#\\\/schema\\\/logo\\\/image\\\/\",\"url\":\"https:\\\/\\\/darkamazi.info\\\/darka-content\\\/uploads\\\/2017\\\/12\\\/darka-mazi-logo.png\",\"contentUrl\":\"https:\\\/\\\/darkamazi.info\\\/darka-content\\\/uploads\\\/2017\\\/12\\\/darka-mazi-logo.png\",\"width\":151,\"height\":75,\"caption\":\"Darka Maz\u00ee\"},\"image\":{\"@id\":\"https:\\\/\\\/darkamazi.info\\\/#\\\/schema\\\/logo\\\/image\\\/\"},\"sameAs\":[\"https:\\\/\\\/www.facebook.com\\\/DarMaziKurmanci\",\"https:\\\/\\\/x.com\\\/DarkaMaziLatini\",\"https:\\\/\\\/www.instagram.com\\\/darkamazi.kurmanci\\\/\",\"https:\\\/\\\/www.youtube.com\\\/channel\\\/UCa5HkTdmI8U1qCUFuTw8B2g\"]},{\"@type\":\"Person\",\"@id\":\"https:\\\/\\\/darkamazi.info\\\/#\\\/schema\\\/person\\\/5ad3e24553a0567993fa8ed4bd0a776c\",\"name\":\"darka mazi\",\"sameAs\":[\"https:\\\/\\\/darkamazi.info\\\/\"],\"url\":\"https:\\\/\\\/darkamazi.info\\\/archives\\\/author\\\/kurdi\"}]}<\/script>\n<!-- \/ Yoast SEO plugin. -->","seo_head_json":{"title":"R\u00eaveberya Xweser dergeh\u00ean bi nav\u00e7ey\u00ean hik\u00fbmeta \u015eam\u00ea re girtin - Darka Maz\u00ee","robots":{"index":"index","follow":"follow","max-snippet":"max-snippet:-1","max-image-preview":"max-image-preview:large","max-video-preview":"max-video-preview:-1"},"canonical":"https:\/\/darkamazi.info\/archives\/1051377","og_locale":"en_US","og_type":"article","og_title":"R\u00eaveberya Xweser dergeh\u00ean bi nav\u00e7ey\u00ean hik\u00fbmeta \u015eam\u00ea re girtin - Darka Maz\u00ee","og_description":"R\u00eaveberiya Xweser ji ber sedem\u00ean ewlehiy\u00ea, biryara girtina hem\u00fb dergeh\u00ean li her\u00eam\u00ean Tebqa, Reqa \u00fb D\u00earezor\u00ea da. Fermandariya Gi\u015ft\u00ee ya Ewlekariya Dergehan a ser bi Desteya Hundir\u00een a R\u00eaveberiya Xweser ve, \u00eero 15\u00ea \u00c7iley\u00ea di daxuyaniyeke niv\u00eesk\u00ee de diyar kir, ev biryar pi\u015ft\u00ee p\u00ea\u015fhatiy\u00ean ewlehiy\u00ea y\u00ean metirs\u00eedar \u00fb biryara Hik\u00fbmeta Veguh\u00eaz a li \u015eam\u00ea ya [&hellip;]","og_url":"https:\/\/darkamazi.info\/archives\/1051377","og_site_name":"Darka Maz\u00ee","article_publisher":"https:\/\/www.facebook.com\/DarMaziKurmanci","article_published_time":"2026-01-15T13:58:18+00:00","og_image":[{"width":900,"height":500,"url":"https:\/\/darkamazi.info\/file\/2026\/01\/Reveberiya-Xweser-info.jpg","type":"image\/jpeg"}],"author":"darka mazi","twitter_card":"summary_large_image","twitter_creator":"@DarkaMaziLatini","twitter_site":"@DarkaMaziLatini","twitter_misc":{"Written by":"darka mazi","Est. reading time":"2 minutes"},"schema":{"@context":"https:\/\/schema.org","@graph":[{"@type":"Article","@id":"https:\/\/darkamazi.info\/archives\/1051377#article","isPartOf":{"@id":"https:\/\/darkamazi.info\/archives\/1051377"},"author":{"name":"darka mazi","@id":"https:\/\/darkamazi.info\/#\/schema\/person\/5ad3e24553a0567993fa8ed4bd0a776c"},"headline":"R\u00eaveberya Xweser dergeh\u00ean bi nav\u00e7ey\u00ean hik\u00fbmeta \u015eam\u00ea re girtin","datePublished":"2026-01-15T13:58:18+00:00","mainEntityOfPage":{"@id":"https:\/\/darkamazi.info\/archives\/1051377"},"wordCount":293,"publisher":{"@id":"https:\/\/darkamazi.info\/#organization"},"image":{"@id":"https:\/\/darkamazi.info\/archives\/1051377#primaryimage"},"thumbnailUrl":"https:\/\/darkamazi.info\/file\/2026\/01\/Reveberiya-Xweser-info.jpg","keywords":["sereke"],"articleSection":["Kurdistan"],"inLanguage":"en-US"},{"@type":"WebPage","@id":"https:\/\/darkamazi.info\/archives\/1051377","url":"https:\/\/darkamazi.info\/archives\/1051377","name":"R\u00eaveberya Xweser dergeh\u00ean bi nav\u00e7ey\u00ean hik\u00fbmeta \u015eam\u00ea re girtin - Darka Maz\u00ee","isPartOf":{"@id":"https:\/\/darkamazi.info\/#website"},"primaryImageOfPage":{"@id":"https:\/\/darkamazi.info\/archives\/1051377#primaryimage"},"image":{"@id":"https:\/\/darkamazi.info\/archives\/1051377#primaryimage"},"thumbnailUrl":"https:\/\/darkamazi.info\/file\/2026\/01\/Reveberiya-Xweser-info.jpg","datePublished":"2026-01-15T13:58:18+00:00","breadcrumb":{"@id":"https:\/\/darkamazi.info\/archives\/1051377#breadcrumb"},"inLanguage":"en-US","potentialAction":[{"@type":"ReadAction","target":["https:\/\/darkamazi.info\/archives\/1051377"]}]},{"@type":"ImageObject","inLanguage":"en-US","@id":"https:\/\/darkamazi.info\/archives\/1051377#primaryimage","url":"https:\/\/darkamazi.info\/file\/2026\/01\/Reveberiya-Xweser-info.jpg","contentUrl":"https:\/\/darkamazi.info\/file\/2026\/01\/Reveberiya-Xweser-info.jpg","width":900,"height":500,"caption":"R\u00eaveberiya-Xweser-net"},{"@type":"BreadcrumbList","@id":"https:\/\/darkamazi.info\/archives\/1051377#breadcrumb","itemListElement":[{"@type":"ListItem","position":1,"name":"Home","item":"https:\/\/darkamazi.info\/"},{"@type":"ListItem","position":2,"name":"R\u00eaveberya Xweser dergeh\u00ean bi nav\u00e7ey\u00ean hik\u00fbmeta \u015eam\u00ea re girtin"}]},{"@type":"WebSite","@id":"https:\/\/darkamazi.info\/#website","url":"https:\/\/darkamazi.info\/","name":"Darka Maz\u00ee","description":"P\u00eageha Zanyariy\u00ean Nebih\u00eest\u00ee","publisher":{"@id":"https:\/\/darkamazi.info\/#organization"},"potentialAction":[{"@type":"SearchAction","target":{"@type":"EntryPoint","urlTemplate":"https:\/\/darkamazi.info\/?s={search_term_string}"},"query-input":{"@type":"PropertyValueSpecification","valueRequired":true,"valueName":"search_term_string"}}],"inLanguage":"en-US"},{"@type":"Organization","@id":"https:\/\/darkamazi.info\/#organization","name":"Darka Maz\u00ee","url":"https:\/\/darkamazi.info\/","logo":{"@type":"ImageObject","inLanguage":"en-US","@id":"https:\/\/darkamazi.info\/#\/schema\/logo\/image\/","url":"https:\/\/darkamazi.info\/file\/2017\/12\/darka-mazi-logo.png","contentUrl":"https:\/\/darkamazi.info\/file\/2017\/12\/darka-mazi-logo.png","width":151,"height":75,"caption":"Darka Maz\u00ee"},"image":{"@id":"https:\/\/darkamazi.info\/#\/schema\/logo\/image\/"},"sameAs":["https:\/\/www.facebook.com\/DarMaziKurmanci","https:\/\/x.com\/DarkaMaziLatini","https:\/\/www.instagram.com\/darkamazi.kurmanci\/","https:\/\/www.youtube.com\/channel\/UCa5HkTdmI8U1qCUFuTw8B2g"]},{"@type":"Person","@id":"https:\/\/darkamazi.info\/#\/schema\/person\/5ad3e24553a0567993fa8ed4bd0a776c","name":"darka mazi","sameAs":["https:\/\/darkamazi.info\/"],"url":"https:\/\/darkamazi.info\/archives\/author\/kurdi"}]}},"_links":{"self":[{"href":"https:\/\/darkamazi.info\/funavuv\/wp\/v2\/posts\/1051377","targetHints":{"allow":["GET"]}}],"collection":[{"href":"https:\/\/darkamazi.info\/funavuv\/wp\/v2\/posts"}],"about":[{"href":"https:\/\/darkamazi.info\/funavuv\/wp\/v2\/types\/post"}],"author":[{"embeddable":true,"href":"https:\/\/darkamazi.info\/funavuv\/wp\/v2\/users\/2"}],"replies":[{"embeddable":true,"href":"https:\/\/darkamazi.info\/funavuv\/wp\/v2\/comments?post=1051377"}],"version-history":[{"count":0,"href":"https:\/\/darkamazi.info\/funavuv\/wp\/v2\/posts\/1051377\/revisions"}],"wp:featuredmedia":[{"embeddable":true,"href":"https:\/\/darkamazi.info\/funavuv\/wp\/v2\/media\/1051378"}],"wp:attachment":[{"href":"https:\/\/darkamazi.info\/funavuv\/wp\/v2\/media?parent=1051377"}],"wp:term":[{"taxonomy":"category","embeddable":true,"href":"https:\/\/darkamazi.info\/funavuv\/wp\/v2\/categories?post=1051377"},{"taxonomy":"post_tag","embeddable":true,"href":"https:\/\/darkamazi.info\/funavuv\/wp\/v2\/tags?post=1051377"}],"curies":[{"name":"wp","href":"https:\/\/api.w.org\/{rel}","templated":true}]}}