{"id":1051380,"date":"2026-01-15T19:54:03","date_gmt":"2026-01-15T16:54:03","guid":{"rendered":"https:\/\/darkamazi.info\/?p=1051380"},"modified":"2026-01-15T19:54:04","modified_gmt":"2026-01-15T16:54:04","slug":"artesa-colani-hsde-heta-sibe-molet-li-der-hafire-heye","status":"publish","type":"post","link":"https:\/\/darkamazi.info\/archives\/1051380","title":{"rendered":"Art\u00ea\u015fa Colan\u00ee: HSD\u00ea heta sibe molet li D\u00ear Hafir\u00ea heye"},"content":{"rendered":"<h3 style=\"text-align: justify\"><span style=\"font-family: 'arial black', sans-serif\">J\u00fbra operasyonan ya art\u00eay\u015fa Colan\u00ee bang li xelk\u00ea D\u00ear Hafir\u00ea dike xwe ji bingeh\u00ean HSD\u00ea d\u00fbr bikin \u00fb e\u015fkere kir, tev amadekariy\u00ean \u00ear\u00ee\u015f\u00ea bi daw\u00ee b\u00fbne.<\/span><\/h3>\n<h3 style=\"text-align: justify\"><span style=\"font-family: arial, helvetica, sans-serif\">Art\u00ea\u015fa Colan\u00ee \u00eero roja p\u00eanc\u015fem\u00ee 15 \u00c7ileya 2026\u00ea di daxuyaniyek\u00ea de gefa \u00ear\u00ee\u015fa ser HSD\u00ea li D\u00ear Hafir\u00ea kir \u00fb dib\u00eaje: Kur\u00eedor\u00ean derketina \u015f\u00ean\u00eeyan d\u00ea ji saet 9:00 Sibeh\u00ea heya 5:00 \u00cavar\u00ea vekir\u00ee bim\u00eenin \u00fb heger HSDe r\u00eagiriy\u00ea li derketina xelk\u00ea bike, d\u00ea were armanc girtin.<\/span><\/h3>\n<h3 style=\"text-align: justify\"><span style=\"font-family: arial, helvetica, sans-serif\">J\u00fbra operasyonan ya art\u00ea\u015fa S\u00fbryey\u00ea her wiha e\u015fkere kir\u00eeye ku tev amadekar\u00ee y\u00ean \u00ear\u00ee\u015fa ser D\u00ear Hafir\u00ea bi dway b\u00fbne \u00fb bang li xelk\u00ea kir\u00ee ye ji bingeh\u00ean HSD\u00ea d\u00fbr bi sekin in.<\/span><\/h3>\n<h3 style=\"text-align: justify\"><span style=\"font-family: arial, helvetica, sans-serif\">Ev gefa art\u00ea\u015fa S\u00fbryey\u00ea pi\u015ft\u00ee biryara R\u00eaveber\u00eeya Xweser ya girtina deriy\u00ean bi hik\u00fbmeta \u015eam\u00ea re hat\u00eeye.<\/span><\/h3>\n","protected":false},"excerpt":{"rendered":"<p>J\u00fbra operasyonan ya art\u00eay\u015fa Colan\u00ee bang li xelk\u00ea D\u00ear Hafir\u00ea dike xwe ji bingeh\u00ean HSD\u00ea d\u00fbr bikin \u00fb e\u015fkere kir, tev amadekariy\u00ean \u00ear\u00ee\u015f\u00ea bi daw\u00ee b\u00fbne. Art\u00ea\u015fa Colan\u00ee \u00eero roja p\u00eanc\u015fem\u00ee 15 \u00c7ileya 2026\u00ea di daxuyaniyek\u00ea de gefa \u00ear\u00ee\u015fa ser HSD\u00ea li D\u00ear Hafir\u00ea kir \u00fb dib\u00eaje: Kur\u00eedor\u00ean derketina \u015f\u00ean\u00eeyan d\u00ea ji saet 9:00 Sibeh\u00ea [&hellip;]<\/p>\n","protected":false},"author":2,"featured_media":1051382,"comment_status":"closed","ping_status":"closed","sticky":false,"template":"","format":"standard","meta":{"footnotes":""},"categories":[31],"tags":[37],"class_list":["post-1051380","post","type-post","status-publish","format-standard","has-post-thumbnail","hentry","category-rojhelata-navin","tag-sereke"],"blocksy_meta":[],"seo_head":"<!-- This site is optimized with the Yoast SEO plugin v27.5 - https:\/\/yoast.com\/product\/yoast-seo-wordpress\/ -->\n<title>Art\u00ea\u015fa Colan\u00ee: HSD\u00ea heta sibe molet li D\u00ear Hafir\u00ea heye - Darka Maz\u00ee<\/title>\n<meta name=\"robots\" content=\"index, follow, max-snippet:-1, max-image-preview:large, max-video-preview:-1\" \/>\n<link rel=\"canonical\" href=\"https:\/\/darkamazi.info\/archives\/1051380\" \/>\n<meta property=\"og:locale\" content=\"en_US\" \/>\n<meta property=\"og:type\" content=\"article\" \/>\n<meta property=\"og:title\" content=\"Art\u00ea\u015fa Colan\u00ee: HSD\u00ea heta sibe molet li D\u00ear Hafir\u00ea heye - Darka Maz\u00ee\" \/>\n<meta property=\"og:description\" content=\"J\u00fbra operasyonan ya art\u00eay\u015fa Colan\u00ee bang li xelk\u00ea D\u00ear Hafir\u00ea dike xwe ji bingeh\u00ean HSD\u00ea d\u00fbr bikin \u00fb e\u015fkere kir, tev amadekariy\u00ean \u00ear\u00ee\u015f\u00ea bi daw\u00ee b\u00fbne. Art\u00ea\u015fa Colan\u00ee \u00eero roja p\u00eanc\u015fem\u00ee 15 \u00c7ileya 2026\u00ea di daxuyaniyek\u00ea de gefa \u00ear\u00ee\u015fa ser HSD\u00ea li D\u00ear Hafir\u00ea kir \u00fb dib\u00eaje: Kur\u00eedor\u00ean derketina \u015f\u00ean\u00eeyan d\u00ea ji saet 9:00 Sibeh\u00ea [&hellip;]\" \/>\n<meta property=\"og:url\" content=\"https:\/\/darkamazi.info\/archives\/1051380\" \/>\n<meta property=\"og:site_name\" content=\"Darka Maz\u00ee\" \/>\n<meta property=\"article:publisher\" content=\"https:\/\/www.facebook.com\/DarMaziKurmanci\" \/>\n<meta property=\"article:published_time\" content=\"2026-01-15T16:54:03+00:00\" \/>\n<meta property=\"article:modified_time\" content=\"2026-01-15T16:54:04+00:00\" \/>\n<meta property=\"og:image\" content=\"https:\/\/darkamazi.info\/file\/2026\/01\/Syria-Armi-Der-hafir-info.jpg\" \/>\n\t<meta property=\"og:image:width\" content=\"900\" \/>\n\t<meta property=\"og:image:height\" content=\"500\" \/>\n\t<meta property=\"og:image:type\" content=\"image\/jpeg\" \/>\n<meta name=\"author\" content=\"darka mazi\" \/>\n<meta name=\"twitter:card\" content=\"summary_large_image\" \/>\n<meta name=\"twitter:creator\" content=\"@DarkaMaziLatini\" \/>\n<meta name=\"twitter:site\" content=\"@DarkaMaziLatini\" \/>\n<meta name=\"twitter:label1\" content=\"Written by\" \/>\n\t<meta name=\"twitter:data1\" content=\"darka mazi\" \/>\n\t<meta name=\"twitter:label2\" content=\"Est. reading time\" \/>\n\t<meta name=\"twitter:data2\" content=\"1 minute\" \/>\n<script type=\"application\/ld+json\" class=\"seo-schema-graph\">{\"@context\":\"https:\\\/\\\/schema.org\",\"@graph\":[{\"@type\":\"Article\",\"@id\":\"https:\\\/\\\/darkamazi.info\\\/archives\\\/1051380#article\",\"isPartOf\":{\"@id\":\"https:\\\/\\\/darkamazi.info\\\/archives\\\/1051380\"},\"author\":{\"name\":\"darka mazi\",\"@id\":\"https:\\\/\\\/darkamazi.info\\\/#\\\/schema\\\/person\\\/5ad3e24553a0567993fa8ed4bd0a776c\"},\"headline\":\"Art\u00ea\u015fa Colan\u00ee: HSD\u00ea heta sibe molet li D\u00ear Hafir\u00ea heye\",\"datePublished\":\"2026-01-15T16:54:03+00:00\",\"dateModified\":\"2026-01-15T16:54:04+00:00\",\"mainEntityOfPage\":{\"@id\":\"https:\\\/\\\/darkamazi.info\\\/archives\\\/1051380\"},\"wordCount\":164,\"publisher\":{\"@id\":\"https:\\\/\\\/darkamazi.info\\\/#organization\"},\"image\":{\"@id\":\"https:\\\/\\\/darkamazi.info\\\/archives\\\/1051380#primaryimage\"},\"thumbnailUrl\":\"https:\\\/\\\/darkamazi.info\\\/darka-content\\\/uploads\\\/2026\\\/01\\\/Syria-Armi-Der-hafir-info.jpg\",\"keywords\":[\"sereke\"],\"articleSection\":[\"Rojhelata nav\u00een\"],\"inLanguage\":\"en-US\"},{\"@type\":\"WebPage\",\"@id\":\"https:\\\/\\\/darkamazi.info\\\/archives\\\/1051380\",\"url\":\"https:\\\/\\\/darkamazi.info\\\/archives\\\/1051380\",\"name\":\"Art\u00ea\u015fa Colan\u00ee: HSD\u00ea heta sibe molet li D\u00ear Hafir\u00ea heye - Darka Maz\u00ee\",\"isPartOf\":{\"@id\":\"https:\\\/\\\/darkamazi.info\\\/#website\"},\"primaryImageOfPage\":{\"@id\":\"https:\\\/\\\/darkamazi.info\\\/archives\\\/1051380#primaryimage\"},\"image\":{\"@id\":\"https:\\\/\\\/darkamazi.info\\\/archives\\\/1051380#primaryimage\"},\"thumbnailUrl\":\"https:\\\/\\\/darkamazi.info\\\/darka-content\\\/uploads\\\/2026\\\/01\\\/Syria-Armi-Der-hafir-info.jpg\",\"datePublished\":\"2026-01-15T16:54:03+00:00\",\"dateModified\":\"2026-01-15T16:54:04+00:00\",\"breadcrumb\":{\"@id\":\"https:\\\/\\\/darkamazi.info\\\/archives\\\/1051380#breadcrumb\"},\"inLanguage\":\"en-US\",\"potentialAction\":[{\"@type\":\"ReadAction\",\"target\":[\"https:\\\/\\\/darkamazi.info\\\/archives\\\/1051380\"]}]},{\"@type\":\"ImageObject\",\"inLanguage\":\"en-US\",\"@id\":\"https:\\\/\\\/darkamazi.info\\\/archives\\\/1051380#primaryimage\",\"url\":\"https:\\\/\\\/darkamazi.info\\\/darka-content\\\/uploads\\\/2026\\\/01\\\/Syria-Armi-Der-hafir-info.jpg\",\"contentUrl\":\"https:\\\/\\\/darkamazi.info\\\/darka-content\\\/uploads\\\/2026\\\/01\\\/Syria-Armi-Der-hafir-info.jpg\",\"width\":900,\"height\":500,\"caption\":\"Syria-Armi-Der-hafir-info\"},{\"@type\":\"BreadcrumbList\",\"@id\":\"https:\\\/\\\/darkamazi.info\\\/archives\\\/1051380#breadcrumb\",\"itemListElement\":[{\"@type\":\"ListItem\",\"position\":1,\"name\":\"Home\",\"item\":\"https:\\\/\\\/darkamazi.info\\\/\"},{\"@type\":\"ListItem\",\"position\":2,\"name\":\"Art\u00ea\u015fa Colan\u00ee: HSD\u00ea heta sibe molet li D\u00ear Hafir\u00ea heye\"}]},{\"@type\":\"WebSite\",\"@id\":\"https:\\\/\\\/darkamazi.info\\\/#website\",\"url\":\"https:\\\/\\\/darkamazi.info\\\/\",\"name\":\"Darka Maz\u00ee\",\"description\":\"P\u00eageha Zanyariy\u00ean Nebih\u00eest\u00ee\",\"publisher\":{\"@id\":\"https:\\\/\\\/darkamazi.info\\\/#organization\"},\"potentialAction\":[{\"@type\":\"SearchAction\",\"target\":{\"@type\":\"EntryPoint\",\"urlTemplate\":\"https:\\\/\\\/darkamazi.info\\\/?s={search_term_string}\"},\"query-input\":{\"@type\":\"PropertyValueSpecification\",\"valueRequired\":true,\"valueName\":\"search_term_string\"}}],\"inLanguage\":\"en-US\"},{\"@type\":\"Organization\",\"@id\":\"https:\\\/\\\/darkamazi.info\\\/#organization\",\"name\":\"Darka Maz\u00ee\",\"url\":\"https:\\\/\\\/darkamazi.info\\\/\",\"logo\":{\"@type\":\"ImageObject\",\"inLanguage\":\"en-US\",\"@id\":\"https:\\\/\\\/darkamazi.info\\\/#\\\/schema\\\/logo\\\/image\\\/\",\"url\":\"https:\\\/\\\/darkamazi.info\\\/darka-content\\\/uploads\\\/2017\\\/12\\\/darka-mazi-logo.png\",\"contentUrl\":\"https:\\\/\\\/darkamazi.info\\\/darka-content\\\/uploads\\\/2017\\\/12\\\/darka-mazi-logo.png\",\"width\":151,\"height\":75,\"caption\":\"Darka Maz\u00ee\"},\"image\":{\"@id\":\"https:\\\/\\\/darkamazi.info\\\/#\\\/schema\\\/logo\\\/image\\\/\"},\"sameAs\":[\"https:\\\/\\\/www.facebook.com\\\/DarMaziKurmanci\",\"https:\\\/\\\/x.com\\\/DarkaMaziLatini\",\"https:\\\/\\\/www.instagram.com\\\/darkamazi.kurmanci\\\/\",\"https:\\\/\\\/www.youtube.com\\\/channel\\\/UCa5HkTdmI8U1qCUFuTw8B2g\"]},{\"@type\":\"Person\",\"@id\":\"https:\\\/\\\/darkamazi.info\\\/#\\\/schema\\\/person\\\/5ad3e24553a0567993fa8ed4bd0a776c\",\"name\":\"darka mazi\",\"sameAs\":[\"https:\\\/\\\/darkamazi.info\\\/\"],\"url\":\"https:\\\/\\\/darkamazi.info\\\/archives\\\/author\\\/kurdi\"}]}<\/script>\n<!-- \/ Yoast SEO plugin. -->","seo_head_json":{"title":"Art\u00ea\u015fa Colan\u00ee: HSD\u00ea heta sibe molet li D\u00ear Hafir\u00ea heye - Darka Maz\u00ee","robots":{"index":"index","follow":"follow","max-snippet":"max-snippet:-1","max-image-preview":"max-image-preview:large","max-video-preview":"max-video-preview:-1"},"canonical":"https:\/\/darkamazi.info\/archives\/1051380","og_locale":"en_US","og_type":"article","og_title":"Art\u00ea\u015fa Colan\u00ee: HSD\u00ea heta sibe molet li D\u00ear Hafir\u00ea heye - Darka Maz\u00ee","og_description":"J\u00fbra operasyonan ya art\u00eay\u015fa Colan\u00ee bang li xelk\u00ea D\u00ear Hafir\u00ea dike xwe ji bingeh\u00ean HSD\u00ea d\u00fbr bikin \u00fb e\u015fkere kir, tev amadekariy\u00ean \u00ear\u00ee\u015f\u00ea bi daw\u00ee b\u00fbne. Art\u00ea\u015fa Colan\u00ee \u00eero roja p\u00eanc\u015fem\u00ee 15 \u00c7ileya 2026\u00ea di daxuyaniyek\u00ea de gefa \u00ear\u00ee\u015fa ser HSD\u00ea li D\u00ear Hafir\u00ea kir \u00fb dib\u00eaje: Kur\u00eedor\u00ean derketina \u015f\u00ean\u00eeyan d\u00ea ji saet 9:00 Sibeh\u00ea [&hellip;]","og_url":"https:\/\/darkamazi.info\/archives\/1051380","og_site_name":"Darka Maz\u00ee","article_publisher":"https:\/\/www.facebook.com\/DarMaziKurmanci","article_published_time":"2026-01-15T16:54:03+00:00","article_modified_time":"2026-01-15T16:54:04+00:00","og_image":[{"width":900,"height":500,"url":"https:\/\/darkamazi.info\/file\/2026\/01\/Syria-Armi-Der-hafir-info.jpg","type":"image\/jpeg"}],"author":"darka mazi","twitter_card":"summary_large_image","twitter_creator":"@DarkaMaziLatini","twitter_site":"@DarkaMaziLatini","twitter_misc":{"Written by":"darka mazi","Est. reading time":"1 minute"},"schema":{"@context":"https:\/\/schema.org","@graph":[{"@type":"Article","@id":"https:\/\/darkamazi.info\/archives\/1051380#article","isPartOf":{"@id":"https:\/\/darkamazi.info\/archives\/1051380"},"author":{"name":"darka mazi","@id":"https:\/\/darkamazi.info\/#\/schema\/person\/5ad3e24553a0567993fa8ed4bd0a776c"},"headline":"Art\u00ea\u015fa Colan\u00ee: HSD\u00ea heta sibe molet li D\u00ear Hafir\u00ea heye","datePublished":"2026-01-15T16:54:03+00:00","dateModified":"2026-01-15T16:54:04+00:00","mainEntityOfPage":{"@id":"https:\/\/darkamazi.info\/archives\/1051380"},"wordCount":164,"publisher":{"@id":"https:\/\/darkamazi.info\/#organization"},"image":{"@id":"https:\/\/darkamazi.info\/archives\/1051380#primaryimage"},"thumbnailUrl":"https:\/\/darkamazi.info\/file\/2026\/01\/Syria-Armi-Der-hafir-info.jpg","keywords":["sereke"],"articleSection":["Rojhelata nav\u00een"],"inLanguage":"en-US"},{"@type":"WebPage","@id":"https:\/\/darkamazi.info\/archives\/1051380","url":"https:\/\/darkamazi.info\/archives\/1051380","name":"Art\u00ea\u015fa Colan\u00ee: HSD\u00ea heta sibe molet li D\u00ear Hafir\u00ea heye - Darka Maz\u00ee","isPartOf":{"@id":"https:\/\/darkamazi.info\/#website"},"primaryImageOfPage":{"@id":"https:\/\/darkamazi.info\/archives\/1051380#primaryimage"},"image":{"@id":"https:\/\/darkamazi.info\/archives\/1051380#primaryimage"},"thumbnailUrl":"https:\/\/darkamazi.info\/file\/2026\/01\/Syria-Armi-Der-hafir-info.jpg","datePublished":"2026-01-15T16:54:03+00:00","dateModified":"2026-01-15T16:54:04+00:00","breadcrumb":{"@id":"https:\/\/darkamazi.info\/archives\/1051380#breadcrumb"},"inLanguage":"en-US","potentialAction":[{"@type":"ReadAction","target":["https:\/\/darkamazi.info\/archives\/1051380"]}]},{"@type":"ImageObject","inLanguage":"en-US","@id":"https:\/\/darkamazi.info\/archives\/1051380#primaryimage","url":"https:\/\/darkamazi.info\/file\/2026\/01\/Syria-Armi-Der-hafir-info.jpg","contentUrl":"https:\/\/darkamazi.info\/file\/2026\/01\/Syria-Armi-Der-hafir-info.jpg","width":900,"height":500,"caption":"Syria-Armi-Der-hafir-info"},{"@type":"BreadcrumbList","@id":"https:\/\/darkamazi.info\/archives\/1051380#breadcrumb","itemListElement":[{"@type":"ListItem","position":1,"name":"Home","item":"https:\/\/darkamazi.info\/"},{"@type":"ListItem","position":2,"name":"Art\u00ea\u015fa Colan\u00ee: HSD\u00ea heta sibe molet li D\u00ear Hafir\u00ea heye"}]},{"@type":"WebSite","@id":"https:\/\/darkamazi.info\/#website","url":"https:\/\/darkamazi.info\/","name":"Darka Maz\u00ee","description":"P\u00eageha Zanyariy\u00ean Nebih\u00eest\u00ee","publisher":{"@id":"https:\/\/darkamazi.info\/#organization"},"potentialAction":[{"@type":"SearchAction","target":{"@type":"EntryPoint","urlTemplate":"https:\/\/darkamazi.info\/?s={search_term_string}"},"query-input":{"@type":"PropertyValueSpecification","valueRequired":true,"valueName":"search_term_string"}}],"inLanguage":"en-US"},{"@type":"Organization","@id":"https:\/\/darkamazi.info\/#organization","name":"Darka Maz\u00ee","url":"https:\/\/darkamazi.info\/","logo":{"@type":"ImageObject","inLanguage":"en-US","@id":"https:\/\/darkamazi.info\/#\/schema\/logo\/image\/","url":"https:\/\/darkamazi.info\/file\/2017\/12\/darka-mazi-logo.png","contentUrl":"https:\/\/darkamazi.info\/file\/2017\/12\/darka-mazi-logo.png","width":151,"height":75,"caption":"Darka Maz\u00ee"},"image":{"@id":"https:\/\/darkamazi.info\/#\/schema\/logo\/image\/"},"sameAs":["https:\/\/www.facebook.com\/DarMaziKurmanci","https:\/\/x.com\/DarkaMaziLatini","https:\/\/www.instagram.com\/darkamazi.kurmanci\/","https:\/\/www.youtube.com\/channel\/UCa5HkTdmI8U1qCUFuTw8B2g"]},{"@type":"Person","@id":"https:\/\/darkamazi.info\/#\/schema\/person\/5ad3e24553a0567993fa8ed4bd0a776c","name":"darka mazi","sameAs":["https:\/\/darkamazi.info\/"],"url":"https:\/\/darkamazi.info\/archives\/author\/kurdi"}]}},"_links":{"self":[{"href":"https:\/\/darkamazi.info\/funavuv\/wp\/v2\/posts\/1051380","targetHints":{"allow":["GET"]}}],"collection":[{"href":"https:\/\/darkamazi.info\/funavuv\/wp\/v2\/posts"}],"about":[{"href":"https:\/\/darkamazi.info\/funavuv\/wp\/v2\/types\/post"}],"author":[{"embeddable":true,"href":"https:\/\/darkamazi.info\/funavuv\/wp\/v2\/users\/2"}],"replies":[{"embeddable":true,"href":"https:\/\/darkamazi.info\/funavuv\/wp\/v2\/comments?post=1051380"}],"version-history":[{"count":0,"href":"https:\/\/darkamazi.info\/funavuv\/wp\/v2\/posts\/1051380\/revisions"}],"wp:featuredmedia":[{"embeddable":true,"href":"https:\/\/darkamazi.info\/funavuv\/wp\/v2\/media\/1051382"}],"wp:attachment":[{"href":"https:\/\/darkamazi.info\/funavuv\/wp\/v2\/media?parent=1051380"}],"wp:term":[{"taxonomy":"category","embeddable":true,"href":"https:\/\/darkamazi.info\/funavuv\/wp\/v2\/categories?post=1051380"},{"taxonomy":"post_tag","embeddable":true,"href":"https:\/\/darkamazi.info\/funavuv\/wp\/v2\/tags?post=1051380"}],"curies":[{"name":"wp","href":"https:\/\/api.w.org\/{rel}","templated":true}]}}