{"id":1051384,"date":"2026-01-17T11:39:24","date_gmt":"2026-01-17T08:39:24","guid":{"rendered":"https:\/\/darkamazi.info\/?p=1051384"},"modified":"2026-01-17T11:39:24","modified_gmt":"2026-01-17T08:39:24","slug":"eshed-seybani-siberoja-me-u-kurdan-yek-e-u-naye-parcekirin","status":"publish","type":"post","link":"https:\/\/darkamazi.info\/archives\/1051384","title":{"rendered":"Eshed \u015eeyban\u00ee: Siberoja me \u00fb kurdan yek e \u00fb nay\u00ea par\u00e7ekirin"},"content":{"rendered":"<h3 style=\"text-align: justify\"><span style=\"font-family: 'arial black', sans-serif\">Wez\u00eer\u00ea Derve y\u00ea S\u00fbriyey\u00ea ragihand: Kurd\u00ean S\u00fbriyey\u00ea st\u00fbna resen a welat\u00ea me ne. Bi wan re, em dikarin S\u00fbriyeyeka azad ava bikin.<\/span><\/h3>\n<h3 style=\"text-align: justify\">Wez\u00eer\u00ea Derve y\u00ea S\u00fbriyey\u00ea Eshed \u015eeyban\u00ee duh\u00ee (\u00cen, 16.01.2026) li ser hesab\u00ea xwe y\u00ea tora civak\u00ee ya X\u00ea bi ziman\u00ea Kurd\u00ee niv\u00ees\u00ee: Ji ber ku Nasnameya S\u00fbr\u00ee her tim ji bo hem\u00ee zarok\u00ean w\u00ea b\u00fbye yekkar, \u00fb biray\u00ean Kurd di v\u00ea avah\u00eey\u00ea de st\u00fbnek\u00ee resen in. Ew ji me ne \u00fb em ji wan in, \u00fb siberoja me yek e \u00fb nay\u00ea par\u00e7ekirin.<\/h3>\n<h3 style=\"text-align: justify\">Wez\u00eer\u00ea Derve y\u00ea S\u00fbriyey\u00ea amaje j\u00ee daye: H\u00eaza S\u00fbr\u00eey\u00ea di hevgirtina gel\u00ea w\u00ea de ye, \u00fb bi yek\u00eet\u00eeya xwe em r\u00fbbir\u00fby\u00ee her asteng\u00eeyan dibin da ku welatek\u00ee azad ava bikin ku ji bo hem\u00ee xewn \u00fb h\u00eav\u00eey\u00ean me fireh be.<\/h3>\n<h3 style=\"text-align: justify\">Ev gotin\u00ean Wez\u00eer\u00ea Derve y\u00ea S\u00fbriyey\u00ea Eshed \u015eeyban\u00ee pi\u015ft\u00ee w\u00ea yek\u00ea hatin ku, Serok\u00ea S\u00fbriyey\u00ea Ehmed \u015eera duh\u00ee (\u00cen 16.01.2026) biryarnameya komar\u00ee ya hejmar 13 ji bo 2026\u00ea derxist. Ew biryarname hejmareka biryar\u00ean t\u00eakildar\u00ee statuya qan\u00fbn\u00ee, \u00e7and\u00ee \u00fb siyas\u00ee ya Kurdan li S\u00fbriyey\u00ea vedigire.<\/h3>\n<h3 style=\"text-align: justify\">Ehmed \u015eera di w\u00ea biryarnameya xwe de tekez kir ku, nasnameya \u00e7and\u00ee \u00fb ziman\u00ee ya Kurdan pareka bingeh\u00een a nasnameya netewey\u00ee ya S\u00fbriyeya yekb\u00fby\u00ee \u00fb pirreng e.<\/h3>\n<h3 style=\"text-align: justify\">Xal\u00ean her\u00ee gir\u00eeng \u00ean w\u00ea biryarnamey\u00ea ev in:<\/h3>\n<ol>\n<li>\n<h3>It\u00eerafkirina bi Nasnamey\u00ea: Kurd\u00ean S\u00fbriyey\u00ea pareka resen \u00fb sereke ne ji gel\u00ea S\u00fbriyey\u00ea. Nasname \u00fb ziman\u00ea wan pareka veneqetiyay\u00ee ya nasnameya netewey\u00ee ye.<\/h3>\n<\/li>\n<li>\n<h3>Ziman\u00ea Kurd\u00ee \u00fb Perwerde: Ziman\u00ea Kurd\u00ee wek\u00ee &#8220;ziman\u00ea netewey\u00ee&#8221; hat qeb\u00fblkirin. Li gor\u00ee biryar\u00ea, li dever\u00ean ku r\u00eajeya Kurdan l\u00ea ber\u00e7av e, di dibistan\u00ean hik\u00fbmet\u00ea \u00fb y\u00ean taybet de maf\u00ea perwerdehiya ziman\u00ea Kurd\u00ee wek\u00ee ders\u00ean bijarde yan j\u00ee \u00e7alakiy\u00ean \u00e7and\u00ee hat day\u00een.<\/h3>\n<\/li>\n<li>\n<h3>\u00c7areserkirina Pirsa Nasnamey\u00ea (Serjim\u00eariya 1962\u00ea): Hem\u00ee qan\u00fbn \u00fb r\u00eakar\u00ean awarte y\u00ean ku ji serjim\u00eariya sala 1962\u00ea ya par\u00eazgeha Hesekey\u00ea derketib\u00fbn hatin betalkirin. Li gor\u00ee v\u00ea, maf\u00ea welat\u00eeb\u00fbna S\u00fbriyey\u00ea ji bo hem\u00ee Kurd\u00ean li ser axa S\u00fbriyey\u00ea dij\u00een, bi taybet\u00ee ji bo &#8220;Makt\u00fbm\u00ean Qeyd\u00ea&#8221;, hat nas\u00een \u00fb di maf \u00fb erkan de bi hem\u00ee welatiyan re b\u00fbn wekhev.<\/h3>\n<\/li>\n<li>\n<h3>Newroz B\u00fb Cejna Netewey\u00ee: Roja 21\u00ea Adar\u00ea, Cejna Newroz\u00ea, li seranser\u00ea Komara Ereb\u00ee ya S\u00fbriyey\u00ea wek\u00ee &#8220;b\u00eahnvedana ferm\u00ee&#8221; ya bim\u00fb\u00e7e \u00fb wek\u00ee cejneka netewey\u00ee ya sembola bihar \u00fb biratiy\u00ea hat ragihandin.<\/h3>\n<\/li>\n<\/ol>\n<h3 style=\"text-align: justify\">Madey\u00ean w\u00ea Biryarnamey\u00ea bi v\u00ee reng\u00ee ne:<\/h3>\n<h3 style=\"text-align: justify\">Madeya (1): Welatiy\u00ean Kurd \u00ean S\u00fbriyey\u00ea wek\u00ee pareka bingeh\u00een \u00fb resen a gel\u00ea S\u00fbriyey\u00ea t\u00ean hejmartin. Nasnameya wan a \u00e7and\u00ee \u00fb ziman\u00ee, pareka veneqetiyay\u00ee ya nasnameya netewey\u00ee ya S\u00fbriyey\u00ea ye ku nasnameyeka pirreng \u00fb yekgirt\u00ee ye.<\/h3>\n<h3 style=\"text-align: justify\">Madeya (2): Dewlet pabend\u00ee parastina pirrengiya \u00e7and\u00ee \u00fb ziman\u00ee dibe; di \u00e7ar\u00e7oveya serweriya netewey\u00ee de, maf\u00ea welatiy\u00ean Kurd \u00ea vejandina m\u00eeras, huner \u00fb p\u00ea\u015fxistina ziman\u00ea wan \u00ea dayik\u00ea garant\u00ee dike.<\/h3>\n<h3 style=\"text-align: justify\">Madeya (3): Ziman\u00ea Kurd\u00ee wek\u00ee zimanek\u00ea netewey\u00ee t\u00ea qeb\u00fblkirin. Li nava dibistan\u00ean dewlet\u00ea \u00fb y\u00ean taybet, li wan dever\u00ean ku r\u00eajeya \u015f\u00eaniya Kurdan l\u00ea ber\u00e7av e, dest\u00fbr t\u00ea day\u00een ku ziman\u00ea Kurd\u00ee wek\u00ee ders\u00ean bijarde yan j\u00ee wek\u00ee \u00e7alakiyeka perwerdehiy\u00ea ya \u00e7and\u00ee b\u00ean day\u00een.<\/h3>\n<h3 style=\"text-align: justify\">Madeya (4): Hem\u00ee qan\u00fbn \u00fb r\u00eakar\u00ean awarte y\u00ean ku ji encama serjim\u00eariya sala 1962\u00ea ya par\u00eazgeha Hesekey\u00ea derketib\u00fbn t\u00ean hilwe\u015fandin. Maf\u00ea welat\u00eeb\u00fbna S\u00fbriyey\u00ea ji bo hem\u00ee kes\u00ean bi esl\u00ea xwe Kurd \u00ean ku li ser axa S\u00fbriyey\u00ea dij\u00een t\u00ea day\u00een (di nav de &#8220;Makt\u00fbm\u00ean Qeyd\u00ea&#8221; j\u00ee hene) \u00fb di war\u00ea maf \u00fb erkan de bi temam\u00ee wekhev dibin.<\/h3>\n<h3 style=\"text-align: justify\">Madeya (5): Cejna \u201cNewroz\u00ea\u201d (21\u00ea Adar\u00ea), wek\u00ee cejneka netewey\u00ee ku sembola bihar \u00fb biratiy\u00ea ye, li seranser\u00ea Komara Ereb\u00ee ya S\u00fbriyey\u00ea dibe b\u00eahnvedana ferm\u00ee ya bim\u00fb\u00e7e.<\/h3>\n<h3 style=\"text-align: justify\">Madeya (6): Dezgeh\u00ean dewlet\u00ea y\u00ean ragihandin \u00fb perwerdehiy\u00ea ne\u00e7ar in ku gotareka netewey\u00ee ya tevgir bime\u015f\u00eenin. Hem\u00ee cudakar\u00ee yan d\u00fbrxistin li ser bingeha nijad \u00fb ziman bi rengek\u00ea qan\u00fbn\u00ee qedexe ne; her kes\u00ea ku fitneya neteweperestiy\u00ea sor bike, li gor\u00ee qan\u00fbn\u00ean di meriyet\u00ea de t\u00ea cezakirin.<\/h3>\n<h3 style=\"text-align: justify\">Madeya (7): Wezaret \u00fb aliy\u00ean peywend\u00eedar, her yek li gor\u00ee qada xwe, berpirsiyar e ku r\u00eanimay\u00ean p\u00eadiv\u00ee ji bo bicihan\u00eena xal\u00ean v\u00ea biryarnamey\u00ea derxe.<\/h3>\n<h3 style=\"text-align: justify\">Madeya (8): Ev biryarname di Rojnameya Ferm\u00ee de t\u00ea we\u015fandin \u00fb ji d\u00eeroka derketina xwe ve t\u00ea bicihan\u00een.<\/h3>\n","protected":false},"excerpt":{"rendered":"<p>Wez\u00eer\u00ea Derve y\u00ea S\u00fbriyey\u00ea ragihand: Kurd\u00ean S\u00fbriyey\u00ea st\u00fbna resen a welat\u00ea me ne. Bi wan re, em dikarin S\u00fbriyeyeka azad ava bikin. Wez\u00eer\u00ea Derve y\u00ea S\u00fbriyey\u00ea Eshed \u015eeyban\u00ee duh\u00ee (\u00cen, 16.01.2026) li ser hesab\u00ea xwe y\u00ea tora civak\u00ee ya X\u00ea bi ziman\u00ea Kurd\u00ee niv\u00ees\u00ee: Ji ber ku Nasnameya S\u00fbr\u00ee her tim ji bo hem\u00ee zarok\u00ean [&hellip;]<\/p>\n","protected":false},"author":2,"featured_media":1051385,"comment_status":"closed","ping_status":"closed","sticky":false,"template":"","format":"standard","meta":{"footnotes":""},"categories":[29],"tags":[37],"class_list":["post-1051384","post","type-post","status-publish","format-standard","has-post-thumbnail","hentry","category-kurdistan","tag-sereke"],"blocksy_meta":[],"seo_head":"<!-- This site is optimized with the Yoast SEO plugin v27.5 - https:\/\/yoast.com\/product\/yoast-seo-wordpress\/ -->\n<title>Eshed \u015eeyban\u00ee: Siberoja me \u00fb kurdan yek e \u00fb nay\u00ea par\u00e7ekirin - Darka Maz\u00ee<\/title>\n<meta name=\"robots\" content=\"index, follow, max-snippet:-1, max-image-preview:large, max-video-preview:-1\" \/>\n<link rel=\"canonical\" href=\"https:\/\/darkamazi.info\/archives\/1051384\" \/>\n<meta property=\"og:locale\" content=\"en_US\" \/>\n<meta property=\"og:type\" content=\"article\" \/>\n<meta property=\"og:title\" content=\"Eshed \u015eeyban\u00ee: Siberoja me \u00fb kurdan yek e \u00fb nay\u00ea par\u00e7ekirin - Darka Maz\u00ee\" \/>\n<meta property=\"og:description\" content=\"Wez\u00eer\u00ea Derve y\u00ea S\u00fbriyey\u00ea ragihand: Kurd\u00ean S\u00fbriyey\u00ea st\u00fbna resen a welat\u00ea me ne. Bi wan re, em dikarin S\u00fbriyeyeka azad ava bikin. Wez\u00eer\u00ea Derve y\u00ea S\u00fbriyey\u00ea Eshed \u015eeyban\u00ee duh\u00ee (\u00cen, 16.01.2026) li ser hesab\u00ea xwe y\u00ea tora civak\u00ee ya X\u00ea bi ziman\u00ea Kurd\u00ee niv\u00ees\u00ee: Ji ber ku Nasnameya S\u00fbr\u00ee her tim ji bo hem\u00ee zarok\u00ean [&hellip;]\" \/>\n<meta property=\"og:url\" content=\"https:\/\/darkamazi.info\/archives\/1051384\" \/>\n<meta property=\"og:site_name\" content=\"Darka Maz\u00ee\" \/>\n<meta property=\"article:publisher\" content=\"https:\/\/www.facebook.com\/DarMaziKurmanci\" \/>\n<meta property=\"article:published_time\" content=\"2026-01-17T08:39:24+00:00\" \/>\n<meta property=\"og:image\" content=\"https:\/\/darkamazi.info\/file\/2026\/01\/Syria-Iran-gef-Net.jpg\" \/>\n\t<meta property=\"og:image:width\" content=\"900\" \/>\n\t<meta property=\"og:image:height\" content=\"500\" \/>\n\t<meta property=\"og:image:type\" content=\"image\/jpeg\" \/>\n<meta name=\"author\" content=\"darka mazi\" \/>\n<meta name=\"twitter:card\" content=\"summary_large_image\" \/>\n<meta name=\"twitter:creator\" content=\"@DarkaMaziLatini\" \/>\n<meta name=\"twitter:site\" content=\"@DarkaMaziLatini\" \/>\n<meta name=\"twitter:label1\" content=\"Written by\" \/>\n\t<meta name=\"twitter:data1\" content=\"darka mazi\" \/>\n\t<meta name=\"twitter:label2\" content=\"Est. reading time\" \/>\n\t<meta name=\"twitter:data2\" content=\"4 minutes\" \/>\n<script type=\"application\/ld+json\" class=\"seo-schema-graph\">{\"@context\":\"https:\\\/\\\/schema.org\",\"@graph\":[{\"@type\":\"Article\",\"@id\":\"https:\\\/\\\/darkamazi.info\\\/archives\\\/1051384#article\",\"isPartOf\":{\"@id\":\"https:\\\/\\\/darkamazi.info\\\/archives\\\/1051384\"},\"author\":{\"name\":\"darka mazi\",\"@id\":\"https:\\\/\\\/darkamazi.info\\\/#\\\/schema\\\/person\\\/5ad3e24553a0567993fa8ed4bd0a776c\"},\"headline\":\"Eshed \u015eeyban\u00ee: Siberoja me \u00fb kurdan yek e \u00fb nay\u00ea par\u00e7ekirin\",\"datePublished\":\"2026-01-17T08:39:24+00:00\",\"mainEntityOfPage\":{\"@id\":\"https:\\\/\\\/darkamazi.info\\\/archives\\\/1051384\"},\"wordCount\":744,\"publisher\":{\"@id\":\"https:\\\/\\\/darkamazi.info\\\/#organization\"},\"image\":{\"@id\":\"https:\\\/\\\/darkamazi.info\\\/archives\\\/1051384#primaryimage\"},\"thumbnailUrl\":\"https:\\\/\\\/darkamazi.info\\\/darka-content\\\/uploads\\\/2026\\\/01\\\/Syria-Iran-gef-Net.jpg\",\"keywords\":[\"sereke\"],\"articleSection\":[\"Kurdistan\"],\"inLanguage\":\"en-US\"},{\"@type\":\"WebPage\",\"@id\":\"https:\\\/\\\/darkamazi.info\\\/archives\\\/1051384\",\"url\":\"https:\\\/\\\/darkamazi.info\\\/archives\\\/1051384\",\"name\":\"Eshed \u015eeyban\u00ee: Siberoja me \u00fb kurdan yek e \u00fb nay\u00ea par\u00e7ekirin - Darka Maz\u00ee\",\"isPartOf\":{\"@id\":\"https:\\\/\\\/darkamazi.info\\\/#website\"},\"primaryImageOfPage\":{\"@id\":\"https:\\\/\\\/darkamazi.info\\\/archives\\\/1051384#primaryimage\"},\"image\":{\"@id\":\"https:\\\/\\\/darkamazi.info\\\/archives\\\/1051384#primaryimage\"},\"thumbnailUrl\":\"https:\\\/\\\/darkamazi.info\\\/darka-content\\\/uploads\\\/2026\\\/01\\\/Syria-Iran-gef-Net.jpg\",\"datePublished\":\"2026-01-17T08:39:24+00:00\",\"breadcrumb\":{\"@id\":\"https:\\\/\\\/darkamazi.info\\\/archives\\\/1051384#breadcrumb\"},\"inLanguage\":\"en-US\",\"potentialAction\":[{\"@type\":\"ReadAction\",\"target\":[\"https:\\\/\\\/darkamazi.info\\\/archives\\\/1051384\"]}]},{\"@type\":\"ImageObject\",\"inLanguage\":\"en-US\",\"@id\":\"https:\\\/\\\/darkamazi.info\\\/archives\\\/1051384#primaryimage\",\"url\":\"https:\\\/\\\/darkamazi.info\\\/darka-content\\\/uploads\\\/2026\\\/01\\\/Syria-Iran-gef-Net.jpg\",\"contentUrl\":\"https:\\\/\\\/darkamazi.info\\\/darka-content\\\/uploads\\\/2026\\\/01\\\/Syria-Iran-gef-Net.jpg\",\"width\":900,\"height\":500,\"caption\":\"Eshed \u015eeyban\u00ee: Siberoja me \u00fb kurdan yek e \u00fb nay\u00ea par\u00e7ekirin\"},{\"@type\":\"BreadcrumbList\",\"@id\":\"https:\\\/\\\/darkamazi.info\\\/archives\\\/1051384#breadcrumb\",\"itemListElement\":[{\"@type\":\"ListItem\",\"position\":1,\"name\":\"Home\",\"item\":\"https:\\\/\\\/darkamazi.info\\\/\"},{\"@type\":\"ListItem\",\"position\":2,\"name\":\"Eshed \u015eeyban\u00ee: Siberoja me \u00fb kurdan yek e \u00fb nay\u00ea par\u00e7ekirin\"}]},{\"@type\":\"WebSite\",\"@id\":\"https:\\\/\\\/darkamazi.info\\\/#website\",\"url\":\"https:\\\/\\\/darkamazi.info\\\/\",\"name\":\"Darka Maz\u00ee\",\"description\":\"P\u00eageha Zanyariy\u00ean Nebih\u00eest\u00ee\",\"publisher\":{\"@id\":\"https:\\\/\\\/darkamazi.info\\\/#organization\"},\"potentialAction\":[{\"@type\":\"SearchAction\",\"target\":{\"@type\":\"EntryPoint\",\"urlTemplate\":\"https:\\\/\\\/darkamazi.info\\\/?s={search_term_string}\"},\"query-input\":{\"@type\":\"PropertyValueSpecification\",\"valueRequired\":true,\"valueName\":\"search_term_string\"}}],\"inLanguage\":\"en-US\"},{\"@type\":\"Organization\",\"@id\":\"https:\\\/\\\/darkamazi.info\\\/#organization\",\"name\":\"Darka Maz\u00ee\",\"url\":\"https:\\\/\\\/darkamazi.info\\\/\",\"logo\":{\"@type\":\"ImageObject\",\"inLanguage\":\"en-US\",\"@id\":\"https:\\\/\\\/darkamazi.info\\\/#\\\/schema\\\/logo\\\/image\\\/\",\"url\":\"https:\\\/\\\/darkamazi.info\\\/darka-content\\\/uploads\\\/2017\\\/12\\\/darka-mazi-logo.png\",\"contentUrl\":\"https:\\\/\\\/darkamazi.info\\\/darka-content\\\/uploads\\\/2017\\\/12\\\/darka-mazi-logo.png\",\"width\":151,\"height\":75,\"caption\":\"Darka Maz\u00ee\"},\"image\":{\"@id\":\"https:\\\/\\\/darkamazi.info\\\/#\\\/schema\\\/logo\\\/image\\\/\"},\"sameAs\":[\"https:\\\/\\\/www.facebook.com\\\/DarMaziKurmanci\",\"https:\\\/\\\/x.com\\\/DarkaMaziLatini\",\"https:\\\/\\\/www.instagram.com\\\/darkamazi.kurmanci\\\/\",\"https:\\\/\\\/www.youtube.com\\\/channel\\\/UCa5HkTdmI8U1qCUFuTw8B2g\"]},{\"@type\":\"Person\",\"@id\":\"https:\\\/\\\/darkamazi.info\\\/#\\\/schema\\\/person\\\/5ad3e24553a0567993fa8ed4bd0a776c\",\"name\":\"darka mazi\",\"sameAs\":[\"https:\\\/\\\/darkamazi.info\\\/\"],\"url\":\"https:\\\/\\\/darkamazi.info\\\/archives\\\/author\\\/kurdi\"}]}<\/script>\n<!-- \/ Yoast SEO plugin. -->","seo_head_json":{"title":"Eshed \u015eeyban\u00ee: Siberoja me \u00fb kurdan yek e \u00fb nay\u00ea par\u00e7ekirin - Darka Maz\u00ee","robots":{"index":"index","follow":"follow","max-snippet":"max-snippet:-1","max-image-preview":"max-image-preview:large","max-video-preview":"max-video-preview:-1"},"canonical":"https:\/\/darkamazi.info\/archives\/1051384","og_locale":"en_US","og_type":"article","og_title":"Eshed \u015eeyban\u00ee: Siberoja me \u00fb kurdan yek e \u00fb nay\u00ea par\u00e7ekirin - Darka Maz\u00ee","og_description":"Wez\u00eer\u00ea Derve y\u00ea S\u00fbriyey\u00ea ragihand: Kurd\u00ean S\u00fbriyey\u00ea st\u00fbna resen a welat\u00ea me ne. Bi wan re, em dikarin S\u00fbriyeyeka azad ava bikin. Wez\u00eer\u00ea Derve y\u00ea S\u00fbriyey\u00ea Eshed \u015eeyban\u00ee duh\u00ee (\u00cen, 16.01.2026) li ser hesab\u00ea xwe y\u00ea tora civak\u00ee ya X\u00ea bi ziman\u00ea Kurd\u00ee niv\u00ees\u00ee: Ji ber ku Nasnameya S\u00fbr\u00ee her tim ji bo hem\u00ee zarok\u00ean [&hellip;]","og_url":"https:\/\/darkamazi.info\/archives\/1051384","og_site_name":"Darka Maz\u00ee","article_publisher":"https:\/\/www.facebook.com\/DarMaziKurmanci","article_published_time":"2026-01-17T08:39:24+00:00","og_image":[{"width":900,"height":500,"url":"https:\/\/darkamazi.info\/file\/2026\/01\/Syria-Iran-gef-Net.jpg","type":"image\/jpeg"}],"author":"darka mazi","twitter_card":"summary_large_image","twitter_creator":"@DarkaMaziLatini","twitter_site":"@DarkaMaziLatini","twitter_misc":{"Written by":"darka mazi","Est. reading time":"4 minutes"},"schema":{"@context":"https:\/\/schema.org","@graph":[{"@type":"Article","@id":"https:\/\/darkamazi.info\/archives\/1051384#article","isPartOf":{"@id":"https:\/\/darkamazi.info\/archives\/1051384"},"author":{"name":"darka mazi","@id":"https:\/\/darkamazi.info\/#\/schema\/person\/5ad3e24553a0567993fa8ed4bd0a776c"},"headline":"Eshed \u015eeyban\u00ee: Siberoja me \u00fb kurdan yek e \u00fb nay\u00ea par\u00e7ekirin","datePublished":"2026-01-17T08:39:24+00:00","mainEntityOfPage":{"@id":"https:\/\/darkamazi.info\/archives\/1051384"},"wordCount":744,"publisher":{"@id":"https:\/\/darkamazi.info\/#organization"},"image":{"@id":"https:\/\/darkamazi.info\/archives\/1051384#primaryimage"},"thumbnailUrl":"https:\/\/darkamazi.info\/file\/2026\/01\/Syria-Iran-gef-Net.jpg","keywords":["sereke"],"articleSection":["Kurdistan"],"inLanguage":"en-US"},{"@type":"WebPage","@id":"https:\/\/darkamazi.info\/archives\/1051384","url":"https:\/\/darkamazi.info\/archives\/1051384","name":"Eshed \u015eeyban\u00ee: Siberoja me \u00fb kurdan yek e \u00fb nay\u00ea par\u00e7ekirin - Darka Maz\u00ee","isPartOf":{"@id":"https:\/\/darkamazi.info\/#website"},"primaryImageOfPage":{"@id":"https:\/\/darkamazi.info\/archives\/1051384#primaryimage"},"image":{"@id":"https:\/\/darkamazi.info\/archives\/1051384#primaryimage"},"thumbnailUrl":"https:\/\/darkamazi.info\/file\/2026\/01\/Syria-Iran-gef-Net.jpg","datePublished":"2026-01-17T08:39:24+00:00","breadcrumb":{"@id":"https:\/\/darkamazi.info\/archives\/1051384#breadcrumb"},"inLanguage":"en-US","potentialAction":[{"@type":"ReadAction","target":["https:\/\/darkamazi.info\/archives\/1051384"]}]},{"@type":"ImageObject","inLanguage":"en-US","@id":"https:\/\/darkamazi.info\/archives\/1051384#primaryimage","url":"https:\/\/darkamazi.info\/file\/2026\/01\/Syria-Iran-gef-Net.jpg","contentUrl":"https:\/\/darkamazi.info\/file\/2026\/01\/Syria-Iran-gef-Net.jpg","width":900,"height":500,"caption":"Eshed \u015eeyban\u00ee: Siberoja me \u00fb kurdan yek e \u00fb nay\u00ea par\u00e7ekirin"},{"@type":"BreadcrumbList","@id":"https:\/\/darkamazi.info\/archives\/1051384#breadcrumb","itemListElement":[{"@type":"ListItem","position":1,"name":"Home","item":"https:\/\/darkamazi.info\/"},{"@type":"ListItem","position":2,"name":"Eshed \u015eeyban\u00ee: Siberoja me \u00fb kurdan yek e \u00fb nay\u00ea par\u00e7ekirin"}]},{"@type":"WebSite","@id":"https:\/\/darkamazi.info\/#website","url":"https:\/\/darkamazi.info\/","name":"Darka Maz\u00ee","description":"P\u00eageha Zanyariy\u00ean Nebih\u00eest\u00ee","publisher":{"@id":"https:\/\/darkamazi.info\/#organization"},"potentialAction":[{"@type":"SearchAction","target":{"@type":"EntryPoint","urlTemplate":"https:\/\/darkamazi.info\/?s={search_term_string}"},"query-input":{"@type":"PropertyValueSpecification","valueRequired":true,"valueName":"search_term_string"}}],"inLanguage":"en-US"},{"@type":"Organization","@id":"https:\/\/darkamazi.info\/#organization","name":"Darka Maz\u00ee","url":"https:\/\/darkamazi.info\/","logo":{"@type":"ImageObject","inLanguage":"en-US","@id":"https:\/\/darkamazi.info\/#\/schema\/logo\/image\/","url":"https:\/\/darkamazi.info\/file\/2017\/12\/darka-mazi-logo.png","contentUrl":"https:\/\/darkamazi.info\/file\/2017\/12\/darka-mazi-logo.png","width":151,"height":75,"caption":"Darka Maz\u00ee"},"image":{"@id":"https:\/\/darkamazi.info\/#\/schema\/logo\/image\/"},"sameAs":["https:\/\/www.facebook.com\/DarMaziKurmanci","https:\/\/x.com\/DarkaMaziLatini","https:\/\/www.instagram.com\/darkamazi.kurmanci\/","https:\/\/www.youtube.com\/channel\/UCa5HkTdmI8U1qCUFuTw8B2g"]},{"@type":"Person","@id":"https:\/\/darkamazi.info\/#\/schema\/person\/5ad3e24553a0567993fa8ed4bd0a776c","name":"darka mazi","sameAs":["https:\/\/darkamazi.info\/"],"url":"https:\/\/darkamazi.info\/archives\/author\/kurdi"}]}},"_links":{"self":[{"href":"https:\/\/darkamazi.info\/funavuv\/wp\/v2\/posts\/1051384","targetHints":{"allow":["GET"]}}],"collection":[{"href":"https:\/\/darkamazi.info\/funavuv\/wp\/v2\/posts"}],"about":[{"href":"https:\/\/darkamazi.info\/funavuv\/wp\/v2\/types\/post"}],"author":[{"embeddable":true,"href":"https:\/\/darkamazi.info\/funavuv\/wp\/v2\/users\/2"}],"replies":[{"embeddable":true,"href":"https:\/\/darkamazi.info\/funavuv\/wp\/v2\/comments?post=1051384"}],"version-history":[{"count":0,"href":"https:\/\/darkamazi.info\/funavuv\/wp\/v2\/posts\/1051384\/revisions"}],"wp:featuredmedia":[{"embeddable":true,"href":"https:\/\/darkamazi.info\/funavuv\/wp\/v2\/media\/1051385"}],"wp:attachment":[{"href":"https:\/\/darkamazi.info\/funavuv\/wp\/v2\/media?parent=1051384"}],"wp:term":[{"taxonomy":"category","embeddable":true,"href":"https:\/\/darkamazi.info\/funavuv\/wp\/v2\/categories?post=1051384"},{"taxonomy":"post_tag","embeddable":true,"href":"https:\/\/darkamazi.info\/funavuv\/wp\/v2\/tags?post=1051384"}],"curies":[{"name":"wp","href":"https:\/\/api.w.org\/{rel}","templated":true}]}}