{"id":1051387,"date":"2026-01-17T12:16:58","date_gmt":"2026-01-17T09:16:58","guid":{"rendered":"https:\/\/darkamazi.info\/?p=1051387"},"modified":"2026-01-17T12:16:58","modified_gmt":"2026-01-17T09:16:58","slug":"ji-yekitiyeke-berfireh-re-ci-lazim-e-hak-par-u-pwk","status":"publish","type":"post","link":"https:\/\/darkamazi.info\/archives\/1051387","title":{"rendered":"Ji yekitiyeke berfireh re \u00e7i lazim e? HAK-PAR \u00fb PWK"},"content":{"rendered":"<h3 style=\"text-align: justify\"><span style=\"font-family: 'arial black', sans-serif;color: #0000ff\">B\u00fbb\u00ea Eser<\/span><\/h3>\n<h3 style=\"text-align: justify\"><span style=\"font-family: 'arial black', sans-serif\">Mirov carna li d\u00eerok\u00ea vegere w\u00ea ba\u015f e. Mirov carna ti\u015ftan dubare bike j\u00ee rind e. Ji xwe di nava milet \u00fb dewlet\u00ean dagirker\u00ee de ev gir\u00eeng e. Ji ber ku xelk\u00ea wan famkor kirine. Loma j\u00ee p\u00eaw\u00eestiye dubarekirinan j\u00ee ferz e. Ez j\u00ee niha v\u00ea dikim.<\/span><\/h3>\n<h3 style=\"text-align: justify\">Weke t\u00ea zan\u00een ku pi\u015ft\u00ee 1980 li tirkiy\u00ea \u00fb bi taybet\u00ee li bakur\u00ea Kurdistan\u00ea her ti\u015ft serobin\u00ee hev kirin. Ne r\u00fbmet \u00fb q\u00eemet. Ne h\u00eajay\u00ee \u00fb helwest hi\u015ftin. Armanc ji v\u00ea ew b\u00fb ku k\u00ea\u015feya kurd, bifetis\u00eenin an tune bikin. Ruhiyeta Kurdistan\u00ee, \u00eeradeya kar \u00fb xebat\u00ean siyas\u00ee t\u00eak birin ango ku\u015ftin.<\/h3>\n<h3 style=\"text-align: justify\">Loma j\u00ee z\u00eendana Diyarbekir\u00ea bi plan \u00fb proje vekirin. Wir weke lobaratuwarek\u00ea bi kar an\u00een ku kurdan, ji kurdistan\u00eeb\u00fbna wan bid\u00fbr bixin. Li gor min di gelek waran de bi ser j\u00ee ketin.<\/h3>\n<h3 style=\"text-align: justify\">Ji ber ku di w\u00ea labaratuwar\u00eade, helwest, berxwedan \u00fb ruh\u00ea teko\u015feriy\u00ea d\u00ea \u00e7awa t\u00eak bibin, f\u00eam kirin. Armanca wan \u00ee sereke ev b\u00fb. Her weha bi pkk ya xwe dest bi \u015fer\u00ea \u00e7ekdar\u00ee kirin. Da ku wan qehreman\u00ean di w\u00ea labaratuwar\u00ea de li berxwedan, tesl\u00eem neb\u00fbn, ango tesl\u00eem negirtin. Ji z\u00eendan\u00ea berdidan. Bi al\u00eekar\u00ee \u00fb pi\u015ftgiriya dewlet\u00ea ew di\u015fandin nava ger\u00eelay\u00ean pkk.<\/h3>\n<h3 style=\"text-align: justify\">Armanc ji v\u00ea ew b\u00fb ku y\u00ean di z\u00eendan\u00ea de tesl\u00eem ne b\u00fb b\u00fbn, li wir tesl\u00eem dihatin girtin ku ew bibin mir\u00eed\u00ean zilam\u00ean wan Evdila. Ya j\u00ee bi dest\u00ea zilam\u00ean MIT\u00ea (\u00eestixbaratan tirkan) ku weke \u015fervan di nava pkk de cih girtib\u00fbn, dihatin ku\u015ftin. Yan\u00ee vekirina z\u00eendana Diyarbekir\u00ea \u00fb \u015fer\u00ea pkk weke du labaratuwaran ji bona tunekirina kurdan b\u00fbn. Yek\u00ea di z\u00eendan\u00ea de bi ku\u015ftin \u00fb \u00ea\u015fkenceyan xwestin girtiyan bikin tirk\u00ean ba\u015f. Ya din j\u00ee li ser\u00ea \u00e7iyan li ser nav\u00ea \u015fer\u00ea azadiy\u00ea kes\u00ean qehreman, aqilmend, zana \u00fb t\u00eagi\u015ft\u00ee ku\u015ftin \u00fb dikujin.<\/h3>\n<h3 style=\"text-align: justify\">Li tirkiy\u00ea \u00fb bakur\u00ea Kurdistan\u00ea bi saya \u201dfail\u00ee mech\u00fbl\u201d yan\u00ee kujerin qesas ne diyar ku piraniya wan ji zilam\u00ean dewlet \u00fb pkk ya k\u00fbr b\u00fbn. Bi hevre \u015fexsiyet\u00ean kurdan, kadroy\u00ean ku nehatib\u00fbn girtin, piraniya wan ku\u015ftin an didan ku\u015ftin.<\/h3>\n<h3 style=\"text-align: justify\">Li aliyek\u00ee din j\u00ee di war\u00ea demokratik de j\u00ee, dewlet\u00ea \u00fb HDP (DEM a niha) bi hev re xebit\u00een ku kes\u00ean xwed\u00ee helwest\u00ean kurdistan\u00ee b\u00fbn, di mit\u00eeng ango xwep\u00ea\u015fandan\u00ean Hdp de, dane p\u00ea\u015f. Piraniya kes\u00ean weha j\u00ee ya hatin girtin ya j\u00ee ku\u015ftin. Y\u00ean girtin j\u00ee piraniya wan pi\u015ft\u00ee ku ji z\u00eendan\u00ea derketin b\u00fbne zilam\u00ea dewlet\u00ea \u00fb \u00ead\u00ee wan j\u00ee \u00e7i li ewropa \u00fb \u00e7i j\u00ee li Kurdistan\u00ea, kar\u00ea li ser xebat\u00ean li ewropa rapor didan tirkiy\u00ea ango MIT\u00ea.<\/h3>\n<h3 style=\"text-align: justify\">Armanc ji v\u00ea xebata herdu aliy\u00ean k\u00fbr, b\u00eadengkirina kurdan \u00fb bi serxistina fikr\u00ean Evdilay\u00ea k\u00fbr b\u00fb. Baweriya min de di v\u00ee war\u00ee de j\u00ee bi serketin. Ji wan zilam\u00ean ku di z\u00eendan\u00ea de b\u00fbne zilam\u00ea dewlet\u00ea h\u00ea j\u00ee \u00e7i li ewropa \u00fb \u00e7i j\u00ee li Kurdistan\u00ea di nava me dene. \u00c7\u00eerok dir\u00eaj e \u00fb naxwazim wext\u00ea we bigirim.<\/h3>\n<h3 style=\"text-align: justify\"><strong>Em vegerin rew\u015fa niha ya bakur\u00ea Kurdistsn\u00ea. <\/strong><\/h3>\n<h3 style=\"text-align: justify\">Herdu aliy\u00ean k\u00fbr (dewlet \u00fb pkk) xebat, tevger \u00fb \u00e7alakiy\u00ean Kurdistan\u00ee an\u00een ser xeta mirin\u00ea. Yan\u00ee bawer dikirin ku \u00ead\u00ee w\u00ea her ti\u015ft weke wan bibe. L\u00ea ev neb\u00fb. Ji ber ku ba\u015f\u00fbr\u00ea Kurdistan\u00ea bi serpere\u015ftiya Barzaniyan azad\u00ee \u00fb federasyon bi dest xist. Ev ji bona hem\u00ee kurdan h\u00eajay\u00ee \u00fb ne mirin b\u00fb. Heb\u00fbna ba\u015f\u00fbr\u00ea Kurdistan\u00ea b\u00fb sedem ku li tirkiy\u00ea hin qenal\u00ean demokrat\u00eek hatin vekirin.<\/h3>\n<h3 style=\"text-align: justify\">Ji wan qenelana j\u00ee yek j\u00ea vekirina partiy\u00ean siyas\u00ee \u00fb e\u015fkere b\u00fb. Armanc ji v\u00ea j\u00ee ew b\u00fb ku pi\u015ft\u00ee \u015fer\u00ea \u00e7ekdar\u00ee pkk \u00fb dewlet\u00ea xwestin ku kurdan di war\u00ea demokrat\u00eek de entegrey\u00ee tirkiy\u00ea ango tirkan bikin. Yan\u00ee Kurdan j\u00ee weke gelek k\u00eam neteweyan bikin tirk.<\/h3>\n<h3 style=\"text-align: justify\">L\u00ea Kurdan \u00fb bi taybet\u00ee r\u00eazdar Kemal Burkay, z\u00fb ev plan f\u00eam kirin. Loma li gor fikir, raman \u00fb r\u00ea ni\u015fandana cenab\u00ea Kemal Burkay, heger k\u00eam \u00fb ze\u00eef j\u00ee b\u00fbn, li hember hem\u00ee tund \u00fb t\u00fbjiyan milet\u00ea kurd b\u00ea altarnat\u00eef nehi\u015ft. Wan j\u00ee di war\u00ea demokrat\u00eek de, bi saya vekirina partiyek legal ku ji w\u00ea p\u00eavajoy\u00ea niha HAK-PAR e tim \u00e7ir\u00fbskek ku tariya milet\u00ea kurd rohn\u00ee dikir heb\u00fb. Mala wan ava b\u00ee ku bi saya w\u00ea \u00e7ir\u00fbsk\u00ea heb\u00fbn \u00fb parastina milet hate kirin ku bi temam\u00ee t\u00eak nere \u00fb ne\u00e7\u00fb.<\/h3>\n<h3 style=\"text-align: justify\">Niha j\u00ee em dib\u00eenin ku bi saya wan xebat\u00ean demokrat\u00eek y\u00ean xwe weke xeta Kemal Burkay did\u00eetin, b\u00ea westan heta \u00eero \u00a0berdewamiya kar\u00ea xwe kirine \u00fb dikin. L\u00ea hin kurd v\u00ea nab\u00eenin an naxwazin bib\u00eenin. \u00cero berhem\u00ean w\u00ea t\u00eane d\u00eetin. Loma j\u00ee ji ber wan xebat\u00ean wan \u00ee demokrat\u00eek, kurd li bakur\u00ea Kurdisran\u00ea b\u00ea altarnat\u00eef neman.<\/h3>\n<h3 style=\"text-align: justify\">Hezar mixabin ku tam di dema roj bi roj HAK-PAR xurt dib\u00fb ku bibin h\u00eazek altarnat\u00eef, hin x\u00earnexwazan ew kirin du be\u015f ango du per\u00e7e. Ew gav\u00ean berbi altarnat\u00eefek ba\u015f ku dihatin av\u00eatin, qels \u00fb lawaz b\u00fb.<\/h3>\n<h3 style=\"text-align: justify\">Li ser asas\u00ea vekirina partiy\u00ean e\u015fkere \u00fb demokrat\u00eek,\u00a0 \u00eero em dib\u00eenin ku gelek partiy\u00ean e\u015fkera y\u00ean bakur\u00ea Kurdistan\u00ea hatin vekirin. Yek ji wan j\u00ee Partiya Welatpar\u00eaz\u00ean Kurdistan\u00ee b\u00fb.<\/h3>\n<h3 style=\"text-align: justify\">Bi vekirina PWK xeteke n\u00fb, b\u00eer \u00fb baweriteke taze bingeh\u00ea xwe ango bizr\u00ea xwe av\u00eat ser erda Kurdistan\u00ea ya dagirkir\u00ee. H\u00eaviyeke xurt, baweriyeke delal da kes\u00ean ku xwe b\u00ea altarnat\u00eef did\u00eetin.<\/h3>\n<h3 style=\"text-align: justify\">PWK\u00ea j\u00ee li gor xwe kar\u00ea ba\u015f \u00fb hewldan\u00ean delal kir \u00fb dike, l\u00ea t\u00ear nake. Bi taybet\u00ee serok\u00ea PWK r\u00eazdar Mustafa Oz\u00e7el\u00eek ji damezrandina w\u00ea \u00fb heta niha qet ranewestiya ye. \u00c7i j\u00ea hatiye kir\u00ee ye \u00fb dike. Di nava PWK de j\u00ee hin kadroy\u00ean h\u00eaja weke cigir\u00ea serok\u00ea PWK r\u00eazdar Cano Amad\u00ee \u00fb gelek\u00ean din, li gel hev kar\u00ea ba\u015f dikin. L\u00ea piraniya endam\u00ean mecl\u00ees \u00fb hin ji kadroy\u00ean w\u00ea y\u00ean sal mezin, him ji ber tirsa pkk \u00fb him j\u00ee, ji ber bin gelekan ji wan \u015fil e loma ne \u00e7alak in. \u00a0Ev rew\u015f di nava piraniya partiy\u00ean kurdistan\u00ee de j\u00ee heye.<\/h3>\n<h3 style=\"text-align: justify\">L\u00ea r\u00eazdar Mustafa Oz\u00e7el\u00eek qet ranewestiya y\u00ee. Di van dem\u00ean tal\u00eede hema hema herroj di bernameyeke televizyon\u00ean kurdistan\u00ee de, bi konferans \u00fb civ\u00eenan rew\u015f\u00ea zelal dike. \u015eirove \u00fb d\u00eetin\u00ean PWK bi zelal\u00ee \u00fb vekir\u00ee ji raya gi\u015ft\u00ee re dib\u00eaje \u00fb diniv\u00ees\u00eene.<\/h3>\n<h3 style=\"text-align: justify\">Ji bona ku endam\u00ean mecl\u00ees\u00ea j\u00ee li ser wan d\u00eetin \u00fb ner\u00een\u00ean r\u00eazdar Mustefa Oz\u00e7ekl\u00eek biniv\u00ees\u00eenin \u00fb ray\u00ean xwe j\u00ee li ser z\u00eade bike, tenha bi parvekirina niv\u00ees\u00ean cenab\u00ee w\u00ee xwe kil\u00eet dikin. Ev j\u00ee ji bona partiyeke \u00e7alak nabe. Yan\u00ee bi motoreke qels siyare nay\u00ea ajotin.<\/h3>\n<h3 style=\"text-align: justify\">Erk \u00fb berbirsiyariya endam\u00ean mecl\u00ees \u00fb kadroy\u00ean partiy\u00ea ew e ku ew j\u00ee bi ner\u00een \u00fb d\u00eetin\u00ean xwe li ser xebat\u00ean serok\u00ea xwe z\u00eade bikin da ku part\u00ee bi wan ner\u00een \u00fb d\u00eetinan di nava xelk\u00ea de cih\u00ea xwe bigire. Em dizanin ku bi gulek nabe bihar, l\u00ea \u00ee\u015ferata hatina bihar\u00ea ye.<\/h3>\n<h3 style=\"text-align: justify\"><strong>Gotina tal\u00ee:<\/strong><\/h3>\n<h3 style=\"text-align: justify\">Di nava her partiy\u00ean siyas\u00ee de weke HAK-PAR \u00fb PWK de kambax\u00ee, karnekirin \u00fb erka xwe p\u00eak nean\u00een heye. Ev ne ten\u00ea di nava wan de weha ye. Loma div\u00ea z\u00fbtir\u00een dem\u00ea \u00fb ji bona partiyeke \u00e7alak \u00fb w\u00earek div\u00ea HAK-PAR \u00fb PWK h\u00eaz\u00ean xwe, qawet\u00ean xwe, mejiy\u00ean xwe. B\u00eer \u00fb baweriy\u00ean xwe bikin yek da ku bi cahdek w\u00earek \u00fb netewey\u00ee li bakur\u00ea Kurdistan\u00ea xebat\u00ean siyas\u00ee b\u00eane kirin ku altarnat\u00eefeke netewey\u00ee p\u00eak b\u00eenin.<\/h3>\n<h3 style=\"text-align: justify\">Bi v\u00ee hal\u00ee \u00fb bi v\u00ea lawazb\u00fbn\u00ea h\u00fbn bawer bikin em \u00ea hem\u00ee bi hevre wenda bikin. Ev wendakirin j\u00ee d\u00ea bibe ya tal\u00ee ku \u00ead\u00ee tu sed sal j\u00ee nema dikare kurdan azad bike. Li ser me kurd\u00ean bakur\u00ea Kurdistan\u00ea ferz \u00fb zar\u00fbr\u00ee ye ku em h\u00eaz\u00ean xwe bikin yek. Destp\u00eak bila ji HAK-PAR \u00fb PWK de be, pi\u015ftre j\u00ee part\u00ee, kes \u00fb kesayet\u00ean din j\u00ee dikarin be\u015fdar\u00ee nava v\u00ea yekitiy\u00ea bibin. L\u00ea div\u00ea em ji derek\u00ea de destp\u00ea bikin.<\/h3>\n<h3 style=\"text-align: justify\">Ji ber ku niha Bax\u00e7el\u00ee \u00fb Evdila bi hem\u00ee h\u00eaz\u00ean xwe kar dikin ku kurdan tune bike. Div\u00ea em j\u00ee bi hem\u00ee h\u00eaz\u00ean xwe kar bikin da ku kurd li ser nig\u00ean xwe bin \u00fb bigh\u00eajin maf\u00ea xwe \u00ea rewa\u2026<\/h3>\n","protected":false},"excerpt":{"rendered":"<p>B\u00fbb\u00ea Eser Mirov carna li d\u00eerok\u00ea vegere w\u00ea ba\u015f e. Mirov carna ti\u015ftan dubare bike j\u00ee rind e. Ji xwe di nava milet \u00fb dewlet\u00ean dagirker\u00ee de ev gir\u00eeng e. Ji ber ku xelk\u00ea wan famkor kirine. Loma j\u00ee p\u00eaw\u00eestiye dubarekirinan j\u00ee ferz e. Ez j\u00ee niha v\u00ea dikim. Weke t\u00ea zan\u00een ku pi\u015ft\u00ee 1980 [&hellip;]<\/p>\n","protected":false},"author":2,"featured_media":1051388,"comment_status":"closed","ping_status":"closed","sticky":false,"template":"","format":"standard","meta":{"footnotes":""},"categories":[28],"tags":[37],"class_list":["post-1051387","post","type-post","status-publish","format-standard","has-post-thumbnail","hentry","category-nerin","tag-sereke"],"blocksy_meta":[],"seo_head":"<!-- This site is optimized with the Yoast SEO plugin v27.5 - https:\/\/yoast.com\/product\/yoast-seo-wordpress\/ -->\n<title>Ji yekitiyeke berfireh re \u00e7i lazim e? HAK-PAR \u00fb PWK - Darka Maz\u00ee<\/title>\n<meta name=\"robots\" content=\"index, follow, max-snippet:-1, max-image-preview:large, max-video-preview:-1\" \/>\n<link rel=\"canonical\" href=\"https:\/\/darkamazi.info\/archives\/1051387\" \/>\n<meta property=\"og:locale\" content=\"en_US\" \/>\n<meta property=\"og:type\" content=\"article\" \/>\n<meta property=\"og:title\" content=\"Ji yekitiyeke berfireh re \u00e7i lazim e? HAK-PAR \u00fb PWK - Darka Maz\u00ee\" \/>\n<meta property=\"og:description\" content=\"B\u00fbb\u00ea Eser Mirov carna li d\u00eerok\u00ea vegere w\u00ea ba\u015f e. Mirov carna ti\u015ftan dubare bike j\u00ee rind e. Ji xwe di nava milet \u00fb dewlet\u00ean dagirker\u00ee de ev gir\u00eeng e. Ji ber ku xelk\u00ea wan famkor kirine. Loma j\u00ee p\u00eaw\u00eestiye dubarekirinan j\u00ee ferz e. Ez j\u00ee niha v\u00ea dikim. Weke t\u00ea zan\u00een ku pi\u015ft\u00ee 1980 [&hellip;]\" \/>\n<meta property=\"og:url\" content=\"https:\/\/darkamazi.info\/archives\/1051387\" \/>\n<meta property=\"og:site_name\" content=\"Darka Maz\u00ee\" \/>\n<meta property=\"article:publisher\" content=\"https:\/\/www.facebook.com\/DarMaziKurmanci\" \/>\n<meta property=\"article:published_time\" content=\"2026-01-17T09:16:58+00:00\" \/>\n<meta property=\"og:image\" content=\"https:\/\/darkamazi.info\/file\/2026\/01\/Bube-eser-1-1.jpg\" \/>\n\t<meta property=\"og:image:width\" content=\"900\" \/>\n\t<meta property=\"og:image:height\" content=\"497\" \/>\n\t<meta property=\"og:image:type\" content=\"image\/jpeg\" \/>\n<meta name=\"author\" content=\"darka mazi\" \/>\n<meta name=\"twitter:card\" content=\"summary_large_image\" \/>\n<meta name=\"twitter:creator\" content=\"@DarkaMaziLatini\" \/>\n<meta name=\"twitter:site\" content=\"@DarkaMaziLatini\" \/>\n<meta name=\"twitter:label1\" content=\"Written by\" \/>\n\t<meta name=\"twitter:data1\" content=\"darka mazi\" \/>\n\t<meta name=\"twitter:label2\" content=\"Est. reading time\" \/>\n\t<meta name=\"twitter:data2\" content=\"6 minutes\" \/>\n<script type=\"application\/ld+json\" class=\"seo-schema-graph\">{\"@context\":\"https:\\\/\\\/schema.org\",\"@graph\":[{\"@type\":\"Article\",\"@id\":\"https:\\\/\\\/darkamazi.info\\\/archives\\\/1051387#article\",\"isPartOf\":{\"@id\":\"https:\\\/\\\/darkamazi.info\\\/archives\\\/1051387\"},\"author\":{\"name\":\"darka mazi\",\"@id\":\"https:\\\/\\\/darkamazi.info\\\/#\\\/schema\\\/person\\\/5ad3e24553a0567993fa8ed4bd0a776c\"},\"headline\":\"Ji yekitiyeke berfireh re \u00e7i lazim e? HAK-PAR \u00fb PWK\",\"datePublished\":\"2026-01-17T09:16:58+00:00\",\"mainEntityOfPage\":{\"@id\":\"https:\\\/\\\/darkamazi.info\\\/archives\\\/1051387\"},\"wordCount\":1450,\"publisher\":{\"@id\":\"https:\\\/\\\/darkamazi.info\\\/#organization\"},\"image\":{\"@id\":\"https:\\\/\\\/darkamazi.info\\\/archives\\\/1051387#primaryimage\"},\"thumbnailUrl\":\"https:\\\/\\\/darkamazi.info\\\/darka-content\\\/uploads\\\/2026\\\/01\\\/Bube-eser-1-1.jpg\",\"keywords\":[\"sereke\"],\"articleSection\":[\"Ner\u00een\"],\"inLanguage\":\"en-US\"},{\"@type\":\"WebPage\",\"@id\":\"https:\\\/\\\/darkamazi.info\\\/archives\\\/1051387\",\"url\":\"https:\\\/\\\/darkamazi.info\\\/archives\\\/1051387\",\"name\":\"Ji yekitiyeke berfireh re \u00e7i lazim e? HAK-PAR \u00fb PWK - Darka Maz\u00ee\",\"isPartOf\":{\"@id\":\"https:\\\/\\\/darkamazi.info\\\/#website\"},\"primaryImageOfPage\":{\"@id\":\"https:\\\/\\\/darkamazi.info\\\/archives\\\/1051387#primaryimage\"},\"image\":{\"@id\":\"https:\\\/\\\/darkamazi.info\\\/archives\\\/1051387#primaryimage\"},\"thumbnailUrl\":\"https:\\\/\\\/darkamazi.info\\\/darka-content\\\/uploads\\\/2026\\\/01\\\/Bube-eser-1-1.jpg\",\"datePublished\":\"2026-01-17T09:16:58+00:00\",\"breadcrumb\":{\"@id\":\"https:\\\/\\\/darkamazi.info\\\/archives\\\/1051387#breadcrumb\"},\"inLanguage\":\"en-US\",\"potentialAction\":[{\"@type\":\"ReadAction\",\"target\":[\"https:\\\/\\\/darkamazi.info\\\/archives\\\/1051387\"]}]},{\"@type\":\"ImageObject\",\"inLanguage\":\"en-US\",\"@id\":\"https:\\\/\\\/darkamazi.info\\\/archives\\\/1051387#primaryimage\",\"url\":\"https:\\\/\\\/darkamazi.info\\\/darka-content\\\/uploads\\\/2026\\\/01\\\/Bube-eser-1-1.jpg\",\"contentUrl\":\"https:\\\/\\\/darkamazi.info\\\/darka-content\\\/uploads\\\/2026\\\/01\\\/Bube-eser-1-1.jpg\",\"width\":900,\"height\":497,\"caption\":\"Ji yekitiyeke berfireh re \u00e7i lazim e? HAK-PAR \u00fb PWK\"},{\"@type\":\"BreadcrumbList\",\"@id\":\"https:\\\/\\\/darkamazi.info\\\/archives\\\/1051387#breadcrumb\",\"itemListElement\":[{\"@type\":\"ListItem\",\"position\":1,\"name\":\"Home\",\"item\":\"https:\\\/\\\/darkamazi.info\\\/\"},{\"@type\":\"ListItem\",\"position\":2,\"name\":\"Ji yekitiyeke berfireh re \u00e7i lazim e? HAK-PAR \u00fb PWK\"}]},{\"@type\":\"WebSite\",\"@id\":\"https:\\\/\\\/darkamazi.info\\\/#website\",\"url\":\"https:\\\/\\\/darkamazi.info\\\/\",\"name\":\"Darka Maz\u00ee\",\"description\":\"P\u00eageha Zanyariy\u00ean Nebih\u00eest\u00ee\",\"publisher\":{\"@id\":\"https:\\\/\\\/darkamazi.info\\\/#organization\"},\"potentialAction\":[{\"@type\":\"SearchAction\",\"target\":{\"@type\":\"EntryPoint\",\"urlTemplate\":\"https:\\\/\\\/darkamazi.info\\\/?s={search_term_string}\"},\"query-input\":{\"@type\":\"PropertyValueSpecification\",\"valueRequired\":true,\"valueName\":\"search_term_string\"}}],\"inLanguage\":\"en-US\"},{\"@type\":\"Organization\",\"@id\":\"https:\\\/\\\/darkamazi.info\\\/#organization\",\"name\":\"Darka Maz\u00ee\",\"url\":\"https:\\\/\\\/darkamazi.info\\\/\",\"logo\":{\"@type\":\"ImageObject\",\"inLanguage\":\"en-US\",\"@id\":\"https:\\\/\\\/darkamazi.info\\\/#\\\/schema\\\/logo\\\/image\\\/\",\"url\":\"https:\\\/\\\/darkamazi.info\\\/darka-content\\\/uploads\\\/2017\\\/12\\\/darka-mazi-logo.png\",\"contentUrl\":\"https:\\\/\\\/darkamazi.info\\\/darka-content\\\/uploads\\\/2017\\\/12\\\/darka-mazi-logo.png\",\"width\":151,\"height\":75,\"caption\":\"Darka Maz\u00ee\"},\"image\":{\"@id\":\"https:\\\/\\\/darkamazi.info\\\/#\\\/schema\\\/logo\\\/image\\\/\"},\"sameAs\":[\"https:\\\/\\\/www.facebook.com\\\/DarMaziKurmanci\",\"https:\\\/\\\/x.com\\\/DarkaMaziLatini\",\"https:\\\/\\\/www.instagram.com\\\/darkamazi.kurmanci\\\/\",\"https:\\\/\\\/www.youtube.com\\\/channel\\\/UCa5HkTdmI8U1qCUFuTw8B2g\"]},{\"@type\":\"Person\",\"@id\":\"https:\\\/\\\/darkamazi.info\\\/#\\\/schema\\\/person\\\/5ad3e24553a0567993fa8ed4bd0a776c\",\"name\":\"darka mazi\",\"sameAs\":[\"https:\\\/\\\/darkamazi.info\\\/\"],\"url\":\"https:\\\/\\\/darkamazi.info\\\/archives\\\/author\\\/kurdi\"}]}<\/script>\n<!-- \/ Yoast SEO plugin. -->","seo_head_json":{"title":"Ji yekitiyeke berfireh re \u00e7i lazim e? HAK-PAR \u00fb PWK - Darka Maz\u00ee","robots":{"index":"index","follow":"follow","max-snippet":"max-snippet:-1","max-image-preview":"max-image-preview:large","max-video-preview":"max-video-preview:-1"},"canonical":"https:\/\/darkamazi.info\/archives\/1051387","og_locale":"en_US","og_type":"article","og_title":"Ji yekitiyeke berfireh re \u00e7i lazim e? HAK-PAR \u00fb PWK - Darka Maz\u00ee","og_description":"B\u00fbb\u00ea Eser Mirov carna li d\u00eerok\u00ea vegere w\u00ea ba\u015f e. Mirov carna ti\u015ftan dubare bike j\u00ee rind e. Ji xwe di nava milet \u00fb dewlet\u00ean dagirker\u00ee de ev gir\u00eeng e. Ji ber ku xelk\u00ea wan famkor kirine. Loma j\u00ee p\u00eaw\u00eestiye dubarekirinan j\u00ee ferz e. Ez j\u00ee niha v\u00ea dikim. Weke t\u00ea zan\u00een ku pi\u015ft\u00ee 1980 [&hellip;]","og_url":"https:\/\/darkamazi.info\/archives\/1051387","og_site_name":"Darka Maz\u00ee","article_publisher":"https:\/\/www.facebook.com\/DarMaziKurmanci","article_published_time":"2026-01-17T09:16:58+00:00","og_image":[{"width":900,"height":497,"url":"https:\/\/darkamazi.info\/file\/2026\/01\/Bube-eser-1-1.jpg","type":"image\/jpeg"}],"author":"darka mazi","twitter_card":"summary_large_image","twitter_creator":"@DarkaMaziLatini","twitter_site":"@DarkaMaziLatini","twitter_misc":{"Written by":"darka mazi","Est. reading time":"6 minutes"},"schema":{"@context":"https:\/\/schema.org","@graph":[{"@type":"Article","@id":"https:\/\/darkamazi.info\/archives\/1051387#article","isPartOf":{"@id":"https:\/\/darkamazi.info\/archives\/1051387"},"author":{"name":"darka mazi","@id":"https:\/\/darkamazi.info\/#\/schema\/person\/5ad3e24553a0567993fa8ed4bd0a776c"},"headline":"Ji yekitiyeke berfireh re \u00e7i lazim e? HAK-PAR \u00fb PWK","datePublished":"2026-01-17T09:16:58+00:00","mainEntityOfPage":{"@id":"https:\/\/darkamazi.info\/archives\/1051387"},"wordCount":1450,"publisher":{"@id":"https:\/\/darkamazi.info\/#organization"},"image":{"@id":"https:\/\/darkamazi.info\/archives\/1051387#primaryimage"},"thumbnailUrl":"https:\/\/darkamazi.info\/file\/2026\/01\/Bube-eser-1-1.jpg","keywords":["sereke"],"articleSection":["Ner\u00een"],"inLanguage":"en-US"},{"@type":"WebPage","@id":"https:\/\/darkamazi.info\/archives\/1051387","url":"https:\/\/darkamazi.info\/archives\/1051387","name":"Ji yekitiyeke berfireh re \u00e7i lazim e? HAK-PAR \u00fb PWK - Darka Maz\u00ee","isPartOf":{"@id":"https:\/\/darkamazi.info\/#website"},"primaryImageOfPage":{"@id":"https:\/\/darkamazi.info\/archives\/1051387#primaryimage"},"image":{"@id":"https:\/\/darkamazi.info\/archives\/1051387#primaryimage"},"thumbnailUrl":"https:\/\/darkamazi.info\/file\/2026\/01\/Bube-eser-1-1.jpg","datePublished":"2026-01-17T09:16:58+00:00","breadcrumb":{"@id":"https:\/\/darkamazi.info\/archives\/1051387#breadcrumb"},"inLanguage":"en-US","potentialAction":[{"@type":"ReadAction","target":["https:\/\/darkamazi.info\/archives\/1051387"]}]},{"@type":"ImageObject","inLanguage":"en-US","@id":"https:\/\/darkamazi.info\/archives\/1051387#primaryimage","url":"https:\/\/darkamazi.info\/file\/2026\/01\/Bube-eser-1-1.jpg","contentUrl":"https:\/\/darkamazi.info\/file\/2026\/01\/Bube-eser-1-1.jpg","width":900,"height":497,"caption":"Ji yekitiyeke berfireh re \u00e7i lazim e? HAK-PAR \u00fb PWK"},{"@type":"BreadcrumbList","@id":"https:\/\/darkamazi.info\/archives\/1051387#breadcrumb","itemListElement":[{"@type":"ListItem","position":1,"name":"Home","item":"https:\/\/darkamazi.info\/"},{"@type":"ListItem","position":2,"name":"Ji yekitiyeke berfireh re \u00e7i lazim e? HAK-PAR \u00fb PWK"}]},{"@type":"WebSite","@id":"https:\/\/darkamazi.info\/#website","url":"https:\/\/darkamazi.info\/","name":"Darka Maz\u00ee","description":"P\u00eageha Zanyariy\u00ean Nebih\u00eest\u00ee","publisher":{"@id":"https:\/\/darkamazi.info\/#organization"},"potentialAction":[{"@type":"SearchAction","target":{"@type":"EntryPoint","urlTemplate":"https:\/\/darkamazi.info\/?s={search_term_string}"},"query-input":{"@type":"PropertyValueSpecification","valueRequired":true,"valueName":"search_term_string"}}],"inLanguage":"en-US"},{"@type":"Organization","@id":"https:\/\/darkamazi.info\/#organization","name":"Darka Maz\u00ee","url":"https:\/\/darkamazi.info\/","logo":{"@type":"ImageObject","inLanguage":"en-US","@id":"https:\/\/darkamazi.info\/#\/schema\/logo\/image\/","url":"https:\/\/darkamazi.info\/file\/2017\/12\/darka-mazi-logo.png","contentUrl":"https:\/\/darkamazi.info\/file\/2017\/12\/darka-mazi-logo.png","width":151,"height":75,"caption":"Darka Maz\u00ee"},"image":{"@id":"https:\/\/darkamazi.info\/#\/schema\/logo\/image\/"},"sameAs":["https:\/\/www.facebook.com\/DarMaziKurmanci","https:\/\/x.com\/DarkaMaziLatini","https:\/\/www.instagram.com\/darkamazi.kurmanci\/","https:\/\/www.youtube.com\/channel\/UCa5HkTdmI8U1qCUFuTw8B2g"]},{"@type":"Person","@id":"https:\/\/darkamazi.info\/#\/schema\/person\/5ad3e24553a0567993fa8ed4bd0a776c","name":"darka mazi","sameAs":["https:\/\/darkamazi.info\/"],"url":"https:\/\/darkamazi.info\/archives\/author\/kurdi"}]}},"_links":{"self":[{"href":"https:\/\/darkamazi.info\/funavuv\/wp\/v2\/posts\/1051387","targetHints":{"allow":["GET"]}}],"collection":[{"href":"https:\/\/darkamazi.info\/funavuv\/wp\/v2\/posts"}],"about":[{"href":"https:\/\/darkamazi.info\/funavuv\/wp\/v2\/types\/post"}],"author":[{"embeddable":true,"href":"https:\/\/darkamazi.info\/funavuv\/wp\/v2\/users\/2"}],"replies":[{"embeddable":true,"href":"https:\/\/darkamazi.info\/funavuv\/wp\/v2\/comments?post=1051387"}],"version-history":[{"count":0,"href":"https:\/\/darkamazi.info\/funavuv\/wp\/v2\/posts\/1051387\/revisions"}],"wp:featuredmedia":[{"embeddable":true,"href":"https:\/\/darkamazi.info\/funavuv\/wp\/v2\/media\/1051388"}],"wp:attachment":[{"href":"https:\/\/darkamazi.info\/funavuv\/wp\/v2\/media?parent=1051387"}],"wp:term":[{"taxonomy":"category","embeddable":true,"href":"https:\/\/darkamazi.info\/funavuv\/wp\/v2\/categories?post=1051387"},{"taxonomy":"post_tag","embeddable":true,"href":"https:\/\/darkamazi.info\/funavuv\/wp\/v2\/tags?post=1051387"}],"curies":[{"name":"wp","href":"https:\/\/api.w.org\/{rel}","templated":true}]}}