{"id":1051390,"date":"2026-01-17T12:34:48","date_gmt":"2026-01-17T09:34:48","guid":{"rendered":"https:\/\/darkamazi.info\/?p=1051390"},"modified":"2026-01-17T12:34:48","modified_gmt":"2026-01-17T09:34:48","slug":"reveberiya-xweser-di-bersiva-sera-de-maf-bi-fermanen-demki-nayen-parastin","status":"publish","type":"post","link":"https:\/\/darkamazi.info\/archives\/1051390","title":{"rendered":"R\u00eaveberiya Xweser di Bersiva \u015eera de: Maf bi ferman\u00ean demk\u00ee nay\u00ean parastin"},"content":{"rendered":"<h3 style=\"text-align: justify\"><span style=\"font-family: 'arial black', sans-serif\">R\u00eaveberiya Xweser a Bakur \u00fb Rojhilat\u00ea S\u00fbriy\u00ea ango Rojavay\u00ea Kurdistan\u00ea, di daxuyaniyek\u00ea de derbar\u00ea fermana ku duh \u00eavar\u00ea ji h\u00eala Ehmed El \u015eera ve hatiye day\u00een de, tekez kir ku maf bi ferman\u00ean demk\u00ee nay\u00ean parastin \u00fb p\u00eadiv\u00ee bi r\u00eaziknamey\u00ean da\u00eem\u00ee y\u00ean ku hem\u00fb gel \u00fb baweriyan dihew\u00eene heye.<\/span><\/h3>\n<h3 style=\"text-align: justify\">R\u00eaveberiya Xweser a Bakur \u00fb Rojhilat\u00ea S\u00fbriy\u00ea derbar\u00ea fermana ku duh \u00eavar\u00ea ji h\u00eala Ehmed El \u015eera, Serok\u00ea Hik\u00fbmeta Demk\u00ee ya S\u00fbriy\u00ea ve hatiye day\u00een de daxuyaniyek niv\u00eesk\u00ee we\u015fand.<\/h3>\n<h3 style=\"text-align: justify\">R\u00eaveberiya Xweser a Rojavay\u00ea Kurdistan\u00ea ragehand: \u201cMe biryara serok\u00ea hikumeta demk\u00ee ya S\u00fbriy\u00ea Ehmed El \u015eera ya der bar\u00ea maf\u00ean Kurd\u00ean li S\u00fbriy\u00ea de \u015fopand. Em diyar dikin ku maf bi biryar\u00ean demk\u00ee nay\u00ean parastin, l\u00ea bi dest\u00fbr\u00ean da\u00eem\u00ee y\u00ean ku \u00eeradeya gelan \u00fb tevah\u00ee p\u00eakhateyan \u00eefade dikin, t\u00eane parastin.<\/h3>\n<h3 style=\"text-align: justify\">Herwiha ragehand: Her biryarek niyeta w\u00ea \u00e7i dibe bila bibe, eger nebe be\u015feke dest\u00fbreke gi\u015ft\u00ee \u00fb maf\u00ean her kes\u00ee b\u00eay\u00ee cudab\u00fbn m\u00eesoger neke, nabe garantiya rasteq\u00een a maf\u00ean tevah\u00ee p\u00eakhateyan. Wek\u00ee ku di Hevpeymana Civak\u00ee ya R\u00eaveberiya Xweseriya Xweseriya Demokrat\u00eek de hatiye destn\u00ee\u015fankirin, div\u00ea dest\u00fbreke demokrat\u00eek a pirreng were avakirin ku maf\u00ean tevah\u00ee p\u00eakhate \u00fb civak \u00fb baweriy\u00ean li S\u00fbriy\u00ea bipar\u00eaze. Ji ber ku pirreng\u00ee j\u00eadera h\u00eaza S\u00fbriy\u00ea \u00fb bedewiya w\u00ea ye.<\/h3>\n<h3 style=\"text-align: justify\">Daxuyaniy\u00ea de hat gotin: Di demek\u00ea de em dib\u00eenin dibe ev biryarek gava destp\u00eak\u00ea be, l\u00ea h\u00eaviy\u00ean gel\u00ea S\u00fbriy\u00ea bi cih nayne ku berd\u00eal\u00ean giran dane \u00fb \u015fore\u015freke rasteq\u00een ji bo bidestxistina maf\u00ean xwe y\u00ean rewa, avakirina dewleteke demokrat\u00eek ku her kes t\u00ea de bi azad \u00fb r\u00fbmet, edalet \u00fb wekhev bij\u00ee.<\/h3>\n<h3 style=\"text-align: justify\">R\u00eaveberiya Xweser dawiy\u00ea de j\u00ee got: Em teqez dikin ku diyaloga n\u00ee\u015ftiman\u00ee ya rasteq\u00een, dest\u00fbreke demokrat\u00eek a nenavend\u00ee ya ku tevkariya rasteq\u00een di navbera hem\u00fb s\u00fbriyeyiyan de m\u00eesoger bike \u00fb bingeh\u00ean dewleta hemwelat\u00eeb\u00fbn\u00ea \u00fb edaleta civak\u00ee deyne, \u00e7areseriya bingeh\u00een a pirsgir\u00eak\u00ean maf \u00fb azadiy\u00ean li S\u00fbriy\u00ea ye.\u201d<\/h3>\n","protected":false},"excerpt":{"rendered":"<p>R\u00eaveberiya Xweser a Bakur \u00fb Rojhilat\u00ea S\u00fbriy\u00ea ango Rojavay\u00ea Kurdistan\u00ea, di daxuyaniyek\u00ea de derbar\u00ea fermana ku duh \u00eavar\u00ea ji h\u00eala Ehmed El \u015eera ve hatiye day\u00een de, tekez kir ku maf bi ferman\u00ean demk\u00ee nay\u00ean parastin \u00fb p\u00eadiv\u00ee bi r\u00eaziknamey\u00ean da\u00eem\u00ee y\u00ean ku hem\u00fb gel \u00fb baweriyan dihew\u00eene heye. R\u00eaveberiya Xweser a Bakur \u00fb Rojhilat\u00ea [&hellip;]<\/p>\n","protected":false},"author":2,"featured_media":1051284,"comment_status":"closed","ping_status":"closed","sticky":false,"template":"","format":"standard","meta":{"footnotes":""},"categories":[29],"tags":[37],"class_list":["post-1051390","post","type-post","status-publish","format-standard","has-post-thumbnail","hentry","category-kurdistan","tag-sereke"],"blocksy_meta":[],"seo_head":"<!-- This site is optimized with the Yoast SEO plugin v27.5 - https:\/\/yoast.com\/product\/yoast-seo-wordpress\/ -->\n<title>R\u00eaveberiya Xweser di Bersiva \u015eera de: Maf bi ferman\u00ean demk\u00ee nay\u00ean parastin - Darka Maz\u00ee<\/title>\n<meta name=\"robots\" content=\"index, follow, max-snippet:-1, max-image-preview:large, max-video-preview:-1\" \/>\n<link rel=\"canonical\" href=\"https:\/\/darkamazi.info\/archives\/1051390\" \/>\n<meta property=\"og:locale\" content=\"en_US\" \/>\n<meta property=\"og:type\" content=\"article\" \/>\n<meta property=\"og:title\" content=\"R\u00eaveberiya Xweser di Bersiva \u015eera de: Maf bi ferman\u00ean demk\u00ee nay\u00ean parastin - Darka Maz\u00ee\" \/>\n<meta property=\"og:description\" content=\"R\u00eaveberiya Xweser a Bakur \u00fb Rojhilat\u00ea S\u00fbriy\u00ea ango Rojavay\u00ea Kurdistan\u00ea, di daxuyaniyek\u00ea de derbar\u00ea fermana ku duh \u00eavar\u00ea ji h\u00eala Ehmed El \u015eera ve hatiye day\u00een de, tekez kir ku maf bi ferman\u00ean demk\u00ee nay\u00ean parastin \u00fb p\u00eadiv\u00ee bi r\u00eaziknamey\u00ean da\u00eem\u00ee y\u00ean ku hem\u00fb gel \u00fb baweriyan dihew\u00eene heye. R\u00eaveberiya Xweser a Bakur \u00fb Rojhilat\u00ea [&hellip;]\" \/>\n<meta property=\"og:url\" content=\"https:\/\/darkamazi.info\/archives\/1051390\" \/>\n<meta property=\"og:site_name\" content=\"Darka Maz\u00ee\" \/>\n<meta property=\"article:publisher\" content=\"https:\/\/www.facebook.com\/DarMaziKurmanci\" \/>\n<meta property=\"article:published_time\" content=\"2026-01-17T09:34:48+00:00\" \/>\n<meta property=\"og:image\" content=\"https:\/\/darkamazi.info\/file\/2026\/01\/reveberiya-xweser.jpg\" \/>\n\t<meta property=\"og:image:width\" content=\"900\" \/>\n\t<meta property=\"og:image:height\" content=\"497\" \/>\n\t<meta property=\"og:image:type\" content=\"image\/jpeg\" \/>\n<meta name=\"author\" content=\"darka mazi\" \/>\n<meta name=\"twitter:card\" content=\"summary_large_image\" \/>\n<meta name=\"twitter:creator\" content=\"@DarkaMaziLatini\" \/>\n<meta name=\"twitter:site\" content=\"@DarkaMaziLatini\" \/>\n<meta name=\"twitter:label1\" content=\"Written by\" \/>\n\t<meta name=\"twitter:data1\" content=\"darka mazi\" \/>\n\t<meta name=\"twitter:label2\" content=\"Est. reading time\" \/>\n\t<meta name=\"twitter:data2\" content=\"2 minutes\" \/>\n<script type=\"application\/ld+json\" class=\"seo-schema-graph\">{\"@context\":\"https:\\\/\\\/schema.org\",\"@graph\":[{\"@type\":\"Article\",\"@id\":\"https:\\\/\\\/darkamazi.info\\\/archives\\\/1051390#article\",\"isPartOf\":{\"@id\":\"https:\\\/\\\/darkamazi.info\\\/archives\\\/1051390\"},\"author\":{\"name\":\"darka mazi\",\"@id\":\"https:\\\/\\\/darkamazi.info\\\/#\\\/schema\\\/person\\\/5ad3e24553a0567993fa8ed4bd0a776c\"},\"headline\":\"R\u00eaveberiya Xweser di Bersiva \u015eera de: Maf bi ferman\u00ean demk\u00ee nay\u00ean parastin\",\"datePublished\":\"2026-01-17T09:34:48+00:00\",\"mainEntityOfPage\":{\"@id\":\"https:\\\/\\\/darkamazi.info\\\/archives\\\/1051390\"},\"wordCount\":384,\"publisher\":{\"@id\":\"https:\\\/\\\/darkamazi.info\\\/#organization\"},\"image\":{\"@id\":\"https:\\\/\\\/darkamazi.info\\\/archives\\\/1051390#primaryimage\"},\"thumbnailUrl\":\"https:\\\/\\\/darkamazi.info\\\/darka-content\\\/uploads\\\/2026\\\/01\\\/reveberiya-xweser.jpg\",\"keywords\":[\"sereke\"],\"articleSection\":[\"Kurdistan\"],\"inLanguage\":\"en-US\"},{\"@type\":\"WebPage\",\"@id\":\"https:\\\/\\\/darkamazi.info\\\/archives\\\/1051390\",\"url\":\"https:\\\/\\\/darkamazi.info\\\/archives\\\/1051390\",\"name\":\"R\u00eaveberiya Xweser di Bersiva \u015eera de: Maf bi ferman\u00ean demk\u00ee nay\u00ean parastin - Darka Maz\u00ee\",\"isPartOf\":{\"@id\":\"https:\\\/\\\/darkamazi.info\\\/#website\"},\"primaryImageOfPage\":{\"@id\":\"https:\\\/\\\/darkamazi.info\\\/archives\\\/1051390#primaryimage\"},\"image\":{\"@id\":\"https:\\\/\\\/darkamazi.info\\\/archives\\\/1051390#primaryimage\"},\"thumbnailUrl\":\"https:\\\/\\\/darkamazi.info\\\/darka-content\\\/uploads\\\/2026\\\/01\\\/reveberiya-xweser.jpg\",\"datePublished\":\"2026-01-17T09:34:48+00:00\",\"breadcrumb\":{\"@id\":\"https:\\\/\\\/darkamazi.info\\\/archives\\\/1051390#breadcrumb\"},\"inLanguage\":\"en-US\",\"potentialAction\":[{\"@type\":\"ReadAction\",\"target\":[\"https:\\\/\\\/darkamazi.info\\\/archives\\\/1051390\"]}]},{\"@type\":\"ImageObject\",\"inLanguage\":\"en-US\",\"@id\":\"https:\\\/\\\/darkamazi.info\\\/archives\\\/1051390#primaryimage\",\"url\":\"https:\\\/\\\/darkamazi.info\\\/darka-content\\\/uploads\\\/2026\\\/01\\\/reveberiya-xweser.jpg\",\"contentUrl\":\"https:\\\/\\\/darkamazi.info\\\/darka-content\\\/uploads\\\/2026\\\/01\\\/reveberiya-xweser.jpg\",\"width\":900,\"height\":497,\"caption\":\"R\u00eaveberiya Xweser: Bombebarankirina nexwe\u015fxaneyan tawana \u015fer \u00fb binp\u00eakirina qan\u00fbn\u00ean navnetewey\u00ee ye\"},{\"@type\":\"BreadcrumbList\",\"@id\":\"https:\\\/\\\/darkamazi.info\\\/archives\\\/1051390#breadcrumb\",\"itemListElement\":[{\"@type\":\"ListItem\",\"position\":1,\"name\":\"Home\",\"item\":\"https:\\\/\\\/darkamazi.info\\\/\"},{\"@type\":\"ListItem\",\"position\":2,\"name\":\"R\u00eaveberiya Xweser di Bersiva \u015eera de: Maf bi ferman\u00ean demk\u00ee nay\u00ean parastin\"}]},{\"@type\":\"WebSite\",\"@id\":\"https:\\\/\\\/darkamazi.info\\\/#website\",\"url\":\"https:\\\/\\\/darkamazi.info\\\/\",\"name\":\"Darka Maz\u00ee\",\"description\":\"P\u00eageha Zanyariy\u00ean Nebih\u00eest\u00ee\",\"publisher\":{\"@id\":\"https:\\\/\\\/darkamazi.info\\\/#organization\"},\"potentialAction\":[{\"@type\":\"SearchAction\",\"target\":{\"@type\":\"EntryPoint\",\"urlTemplate\":\"https:\\\/\\\/darkamazi.info\\\/?s={search_term_string}\"},\"query-input\":{\"@type\":\"PropertyValueSpecification\",\"valueRequired\":true,\"valueName\":\"search_term_string\"}}],\"inLanguage\":\"en-US\"},{\"@type\":\"Organization\",\"@id\":\"https:\\\/\\\/darkamazi.info\\\/#organization\",\"name\":\"Darka Maz\u00ee\",\"url\":\"https:\\\/\\\/darkamazi.info\\\/\",\"logo\":{\"@type\":\"ImageObject\",\"inLanguage\":\"en-US\",\"@id\":\"https:\\\/\\\/darkamazi.info\\\/#\\\/schema\\\/logo\\\/image\\\/\",\"url\":\"https:\\\/\\\/darkamazi.info\\\/darka-content\\\/uploads\\\/2017\\\/12\\\/darka-mazi-logo.png\",\"contentUrl\":\"https:\\\/\\\/darkamazi.info\\\/darka-content\\\/uploads\\\/2017\\\/12\\\/darka-mazi-logo.png\",\"width\":151,\"height\":75,\"caption\":\"Darka Maz\u00ee\"},\"image\":{\"@id\":\"https:\\\/\\\/darkamazi.info\\\/#\\\/schema\\\/logo\\\/image\\\/\"},\"sameAs\":[\"https:\\\/\\\/www.facebook.com\\\/DarMaziKurmanci\",\"https:\\\/\\\/x.com\\\/DarkaMaziLatini\",\"https:\\\/\\\/www.instagram.com\\\/darkamazi.kurmanci\\\/\",\"https:\\\/\\\/www.youtube.com\\\/channel\\\/UCa5HkTdmI8U1qCUFuTw8B2g\"]},{\"@type\":\"Person\",\"@id\":\"https:\\\/\\\/darkamazi.info\\\/#\\\/schema\\\/person\\\/5ad3e24553a0567993fa8ed4bd0a776c\",\"name\":\"darka mazi\",\"sameAs\":[\"https:\\\/\\\/darkamazi.info\\\/\"],\"url\":\"https:\\\/\\\/darkamazi.info\\\/archives\\\/author\\\/kurdi\"}]}<\/script>\n<!-- \/ Yoast SEO plugin. -->","seo_head_json":{"title":"R\u00eaveberiya Xweser di Bersiva \u015eera de: Maf bi ferman\u00ean demk\u00ee nay\u00ean parastin - Darka Maz\u00ee","robots":{"index":"index","follow":"follow","max-snippet":"max-snippet:-1","max-image-preview":"max-image-preview:large","max-video-preview":"max-video-preview:-1"},"canonical":"https:\/\/darkamazi.info\/archives\/1051390","og_locale":"en_US","og_type":"article","og_title":"R\u00eaveberiya Xweser di Bersiva \u015eera de: Maf bi ferman\u00ean demk\u00ee nay\u00ean parastin - Darka Maz\u00ee","og_description":"R\u00eaveberiya Xweser a Bakur \u00fb Rojhilat\u00ea S\u00fbriy\u00ea ango Rojavay\u00ea Kurdistan\u00ea, di daxuyaniyek\u00ea de derbar\u00ea fermana ku duh \u00eavar\u00ea ji h\u00eala Ehmed El \u015eera ve hatiye day\u00een de, tekez kir ku maf bi ferman\u00ean demk\u00ee nay\u00ean parastin \u00fb p\u00eadiv\u00ee bi r\u00eaziknamey\u00ean da\u00eem\u00ee y\u00ean ku hem\u00fb gel \u00fb baweriyan dihew\u00eene heye. R\u00eaveberiya Xweser a Bakur \u00fb Rojhilat\u00ea [&hellip;]","og_url":"https:\/\/darkamazi.info\/archives\/1051390","og_site_name":"Darka Maz\u00ee","article_publisher":"https:\/\/www.facebook.com\/DarMaziKurmanci","article_published_time":"2026-01-17T09:34:48+00:00","og_image":[{"width":900,"height":497,"url":"https:\/\/darkamazi.info\/file\/2026\/01\/reveberiya-xweser.jpg","type":"image\/jpeg"}],"author":"darka mazi","twitter_card":"summary_large_image","twitter_creator":"@DarkaMaziLatini","twitter_site":"@DarkaMaziLatini","twitter_misc":{"Written by":"darka mazi","Est. reading time":"2 minutes"},"schema":{"@context":"https:\/\/schema.org","@graph":[{"@type":"Article","@id":"https:\/\/darkamazi.info\/archives\/1051390#article","isPartOf":{"@id":"https:\/\/darkamazi.info\/archives\/1051390"},"author":{"name":"darka mazi","@id":"https:\/\/darkamazi.info\/#\/schema\/person\/5ad3e24553a0567993fa8ed4bd0a776c"},"headline":"R\u00eaveberiya Xweser di Bersiva \u015eera de: Maf bi ferman\u00ean demk\u00ee nay\u00ean parastin","datePublished":"2026-01-17T09:34:48+00:00","mainEntityOfPage":{"@id":"https:\/\/darkamazi.info\/archives\/1051390"},"wordCount":384,"publisher":{"@id":"https:\/\/darkamazi.info\/#organization"},"image":{"@id":"https:\/\/darkamazi.info\/archives\/1051390#primaryimage"},"thumbnailUrl":"https:\/\/darkamazi.info\/file\/2026\/01\/reveberiya-xweser.jpg","keywords":["sereke"],"articleSection":["Kurdistan"],"inLanguage":"en-US"},{"@type":"WebPage","@id":"https:\/\/darkamazi.info\/archives\/1051390","url":"https:\/\/darkamazi.info\/archives\/1051390","name":"R\u00eaveberiya Xweser di Bersiva \u015eera de: Maf bi ferman\u00ean demk\u00ee nay\u00ean parastin - Darka Maz\u00ee","isPartOf":{"@id":"https:\/\/darkamazi.info\/#website"},"primaryImageOfPage":{"@id":"https:\/\/darkamazi.info\/archives\/1051390#primaryimage"},"image":{"@id":"https:\/\/darkamazi.info\/archives\/1051390#primaryimage"},"thumbnailUrl":"https:\/\/darkamazi.info\/file\/2026\/01\/reveberiya-xweser.jpg","datePublished":"2026-01-17T09:34:48+00:00","breadcrumb":{"@id":"https:\/\/darkamazi.info\/archives\/1051390#breadcrumb"},"inLanguage":"en-US","potentialAction":[{"@type":"ReadAction","target":["https:\/\/darkamazi.info\/archives\/1051390"]}]},{"@type":"ImageObject","inLanguage":"en-US","@id":"https:\/\/darkamazi.info\/archives\/1051390#primaryimage","url":"https:\/\/darkamazi.info\/file\/2026\/01\/reveberiya-xweser.jpg","contentUrl":"https:\/\/darkamazi.info\/file\/2026\/01\/reveberiya-xweser.jpg","width":900,"height":497,"caption":"R\u00eaveberiya Xweser: Bombebarankirina nexwe\u015fxaneyan tawana \u015fer \u00fb binp\u00eakirina qan\u00fbn\u00ean navnetewey\u00ee ye"},{"@type":"BreadcrumbList","@id":"https:\/\/darkamazi.info\/archives\/1051390#breadcrumb","itemListElement":[{"@type":"ListItem","position":1,"name":"Home","item":"https:\/\/darkamazi.info\/"},{"@type":"ListItem","position":2,"name":"R\u00eaveberiya Xweser di Bersiva \u015eera de: Maf bi ferman\u00ean demk\u00ee nay\u00ean parastin"}]},{"@type":"WebSite","@id":"https:\/\/darkamazi.info\/#website","url":"https:\/\/darkamazi.info\/","name":"Darka Maz\u00ee","description":"P\u00eageha Zanyariy\u00ean Nebih\u00eest\u00ee","publisher":{"@id":"https:\/\/darkamazi.info\/#organization"},"potentialAction":[{"@type":"SearchAction","target":{"@type":"EntryPoint","urlTemplate":"https:\/\/darkamazi.info\/?s={search_term_string}"},"query-input":{"@type":"PropertyValueSpecification","valueRequired":true,"valueName":"search_term_string"}}],"inLanguage":"en-US"},{"@type":"Organization","@id":"https:\/\/darkamazi.info\/#organization","name":"Darka Maz\u00ee","url":"https:\/\/darkamazi.info\/","logo":{"@type":"ImageObject","inLanguage":"en-US","@id":"https:\/\/darkamazi.info\/#\/schema\/logo\/image\/","url":"https:\/\/darkamazi.info\/file\/2017\/12\/darka-mazi-logo.png","contentUrl":"https:\/\/darkamazi.info\/file\/2017\/12\/darka-mazi-logo.png","width":151,"height":75,"caption":"Darka Maz\u00ee"},"image":{"@id":"https:\/\/darkamazi.info\/#\/schema\/logo\/image\/"},"sameAs":["https:\/\/www.facebook.com\/DarMaziKurmanci","https:\/\/x.com\/DarkaMaziLatini","https:\/\/www.instagram.com\/darkamazi.kurmanci\/","https:\/\/www.youtube.com\/channel\/UCa5HkTdmI8U1qCUFuTw8B2g"]},{"@type":"Person","@id":"https:\/\/darkamazi.info\/#\/schema\/person\/5ad3e24553a0567993fa8ed4bd0a776c","name":"darka mazi","sameAs":["https:\/\/darkamazi.info\/"],"url":"https:\/\/darkamazi.info\/archives\/author\/kurdi"}]}},"_links":{"self":[{"href":"https:\/\/darkamazi.info\/funavuv\/wp\/v2\/posts\/1051390","targetHints":{"allow":["GET"]}}],"collection":[{"href":"https:\/\/darkamazi.info\/funavuv\/wp\/v2\/posts"}],"about":[{"href":"https:\/\/darkamazi.info\/funavuv\/wp\/v2\/types\/post"}],"author":[{"embeddable":true,"href":"https:\/\/darkamazi.info\/funavuv\/wp\/v2\/users\/2"}],"replies":[{"embeddable":true,"href":"https:\/\/darkamazi.info\/funavuv\/wp\/v2\/comments?post=1051390"}],"version-history":[{"count":0,"href":"https:\/\/darkamazi.info\/funavuv\/wp\/v2\/posts\/1051390\/revisions"}],"wp:featuredmedia":[{"embeddable":true,"href":"https:\/\/darkamazi.info\/funavuv\/wp\/v2\/media\/1051284"}],"wp:attachment":[{"href":"https:\/\/darkamazi.info\/funavuv\/wp\/v2\/media?parent=1051390"}],"wp:term":[{"taxonomy":"category","embeddable":true,"href":"https:\/\/darkamazi.info\/funavuv\/wp\/v2\/categories?post=1051390"},{"taxonomy":"post_tag","embeddable":true,"href":"https:\/\/darkamazi.info\/funavuv\/wp\/v2\/tags?post=1051390"}],"curies":[{"name":"wp","href":"https:\/\/api.w.org\/{rel}","templated":true}]}}