{"id":1051392,"date":"2026-01-17T14:15:49","date_gmt":"2026-01-17T11:15:49","guid":{"rendered":"https:\/\/darkamazi.info\/?p=1051392"},"modified":"2026-01-17T14:15:49","modified_gmt":"2026-01-17T11:15:49","slug":"sandeya-imraliye-ji-bo-hevditina-ocalan-cu-imraliye","status":"publish","type":"post","link":"https:\/\/darkamazi.info\/archives\/1051392","title":{"rendered":"\u015eandeya \u00cemraliy\u00ea ji bo hevd\u00eetina Ocalan \u00e7\u00fb \u00cemraliy\u00ea"},"content":{"rendered":"<h3 style=\"text-align: justify\"><span style=\"font-family: 'arial black', sans-serif\">\u015eandeya \u00cemraliy\u00eaya Partiya Demokras\u00ee \u00fb Wekheviy\u00eaya Gelan (Dem Part\u00ee) ji bo bo ku bi Abdullah Ocalan re hevd\u00eetin\u00ea bike, ber bi girava \u00cemraliy\u00ea ve \u00e7\u00fb.<\/span><\/h3>\n<h3 style=\"text-align: justify\">\u015eandeya \u00cemraliy\u00ea ji parlamentera wan\u00ea Perv\u00een Buldan, parlamenter\u00ea Rihay\u00ea M\u00eethat Sancar \u00fb endam\u00ea buroya hiq\u00fbq\u00eaya sedsal\u00ea Fayik Ozgur Erol p\u00eak t\u00ea.<\/h3>\n<h3 style=\"text-align: justify\">\u015eandeya \u00cemraliy\u00ea her\u00ee daw\u00ee 2&#8217;y\u00ea Kan\u00fbna 2025&#8217;an bi r\u00eaber\u00ea PKK\u2019eya hilwe\u015fyay\u00ee Evdilla Ocalan re hevd\u00eetin kirib\u00fb.<\/h3>\n","protected":false},"excerpt":{"rendered":"<p>\u015eandeya \u00cemraliy\u00eaya Partiya Demokras\u00ee \u00fb Wekheviy\u00eaya Gelan (Dem Part\u00ee) ji bo bo ku bi Abdullah Ocalan re hevd\u00eetin\u00ea bike, ber bi girava \u00cemraliy\u00ea ve \u00e7\u00fb. \u015eandeya \u00cemraliy\u00ea ji parlamentera wan\u00ea Perv\u00een Buldan, parlamenter\u00ea Rihay\u00ea M\u00eethat Sancar \u00fb endam\u00ea buroya hiq\u00fbq\u00eaya sedsal\u00ea Fayik Ozgur Erol p\u00eak t\u00ea. \u015eandeya \u00cemraliy\u00ea her\u00ee daw\u00ee 2&#8217;y\u00ea Kan\u00fbna 2025&#8217;an bi r\u00eaber\u00ea [&hellip;]<\/p>\n","protected":false},"author":2,"featured_media":1051393,"comment_status":"closed","ping_status":"closed","sticky":false,"template":"","format":"standard","meta":{"footnotes":""},"categories":[29],"tags":[37],"class_list":["post-1051392","post","type-post","status-publish","format-standard","has-post-thumbnail","hentry","category-kurdistan","tag-sereke"],"blocksy_meta":[],"seo_head":"<!-- This site is optimized with the Yoast SEO plugin v27.5 - https:\/\/yoast.com\/product\/yoast-seo-wordpress\/ -->\n<title>\u015eandeya \u00cemraliy\u00ea ji bo hevd\u00eetina Ocalan \u00e7\u00fb \u00cemraliy\u00ea - Darka Maz\u00ee<\/title>\n<meta name=\"robots\" content=\"index, follow, max-snippet:-1, max-image-preview:large, max-video-preview:-1\" \/>\n<link rel=\"canonical\" href=\"https:\/\/darkamazi.info\/archives\/1051392\" \/>\n<meta property=\"og:locale\" content=\"en_US\" \/>\n<meta property=\"og:type\" content=\"article\" \/>\n<meta property=\"og:title\" content=\"\u015eandeya \u00cemraliy\u00ea ji bo hevd\u00eetina Ocalan \u00e7\u00fb \u00cemraliy\u00ea - Darka Maz\u00ee\" \/>\n<meta property=\"og:description\" content=\"\u015eandeya \u00cemraliy\u00eaya Partiya Demokras\u00ee \u00fb Wekheviy\u00eaya Gelan (Dem Part\u00ee) ji bo bo ku bi Abdullah Ocalan re hevd\u00eetin\u00ea bike, ber bi girava \u00cemraliy\u00ea ve \u00e7\u00fb. \u015eandeya \u00cemraliy\u00ea ji parlamentera wan\u00ea Perv\u00een Buldan, parlamenter\u00ea Rihay\u00ea M\u00eethat Sancar \u00fb endam\u00ea buroya hiq\u00fbq\u00eaya sedsal\u00ea Fayik Ozgur Erol p\u00eak t\u00ea. \u015eandeya \u00cemraliy\u00ea her\u00ee daw\u00ee 2&#8217;y\u00ea Kan\u00fbna 2025&#8217;an bi r\u00eaber\u00ea [&hellip;]\" \/>\n<meta property=\"og:url\" content=\"https:\/\/darkamazi.info\/archives\/1051392\" \/>\n<meta property=\"og:site_name\" content=\"Darka Maz\u00ee\" \/>\n<meta property=\"article:publisher\" content=\"https:\/\/www.facebook.com\/DarMaziKurmanci\" \/>\n<meta property=\"article:published_time\" content=\"2026-01-17T11:15:49+00:00\" \/>\n<meta property=\"og:image\" content=\"https:\/\/darkamazi.info\/file\/2026\/01\/Hevditina-sanda-Dem-Partiye-li-gel-Ocalan-net.jpg\" \/>\n\t<meta property=\"og:image:width\" content=\"900\" \/>\n\t<meta property=\"og:image:height\" content=\"500\" \/>\n\t<meta property=\"og:image:type\" content=\"image\/jpeg\" \/>\n<meta name=\"author\" content=\"darka mazi\" \/>\n<meta name=\"twitter:card\" content=\"summary_large_image\" \/>\n<meta name=\"twitter:creator\" content=\"@DarkaMaziLatini\" \/>\n<meta name=\"twitter:site\" content=\"@DarkaMaziLatini\" \/>\n<meta name=\"twitter:label1\" content=\"Written by\" \/>\n\t<meta name=\"twitter:data1\" content=\"darka mazi\" \/>\n\t<meta name=\"twitter:label2\" content=\"Est. reading time\" \/>\n\t<meta name=\"twitter:data2\" content=\"1 minute\" \/>\n<script type=\"application\/ld+json\" class=\"seo-schema-graph\">{\"@context\":\"https:\\\/\\\/schema.org\",\"@graph\":[{\"@type\":\"Article\",\"@id\":\"https:\\\/\\\/darkamazi.info\\\/archives\\\/1051392#article\",\"isPartOf\":{\"@id\":\"https:\\\/\\\/darkamazi.info\\\/archives\\\/1051392\"},\"author\":{\"name\":\"darka mazi\",\"@id\":\"https:\\\/\\\/darkamazi.info\\\/#\\\/schema\\\/person\\\/5ad3e24553a0567993fa8ed4bd0a776c\"},\"headline\":\"\u015eandeya \u00cemraliy\u00ea ji bo hevd\u00eetina Ocalan \u00e7\u00fb \u00cemraliy\u00ea\",\"datePublished\":\"2026-01-17T11:15:49+00:00\",\"mainEntityOfPage\":{\"@id\":\"https:\\\/\\\/darkamazi.info\\\/archives\\\/1051392\"},\"wordCount\":80,\"publisher\":{\"@id\":\"https:\\\/\\\/darkamazi.info\\\/#organization\"},\"image\":{\"@id\":\"https:\\\/\\\/darkamazi.info\\\/archives\\\/1051392#primaryimage\"},\"thumbnailUrl\":\"https:\\\/\\\/darkamazi.info\\\/darka-content\\\/uploads\\\/2026\\\/01\\\/Hevditina-sanda-Dem-Partiye-li-gel-Ocalan-net.jpg\",\"keywords\":[\"sereke\"],\"articleSection\":[\"Kurdistan\"],\"inLanguage\":\"en-US\"},{\"@type\":\"WebPage\",\"@id\":\"https:\\\/\\\/darkamazi.info\\\/archives\\\/1051392\",\"url\":\"https:\\\/\\\/darkamazi.info\\\/archives\\\/1051392\",\"name\":\"\u015eandeya \u00cemraliy\u00ea ji bo hevd\u00eetina Ocalan \u00e7\u00fb \u00cemraliy\u00ea - Darka Maz\u00ee\",\"isPartOf\":{\"@id\":\"https:\\\/\\\/darkamazi.info\\\/#website\"},\"primaryImageOfPage\":{\"@id\":\"https:\\\/\\\/darkamazi.info\\\/archives\\\/1051392#primaryimage\"},\"image\":{\"@id\":\"https:\\\/\\\/darkamazi.info\\\/archives\\\/1051392#primaryimage\"},\"thumbnailUrl\":\"https:\\\/\\\/darkamazi.info\\\/darka-content\\\/uploads\\\/2026\\\/01\\\/Hevditina-sanda-Dem-Partiye-li-gel-Ocalan-net.jpg\",\"datePublished\":\"2026-01-17T11:15:49+00:00\",\"breadcrumb\":{\"@id\":\"https:\\\/\\\/darkamazi.info\\\/archives\\\/1051392#breadcrumb\"},\"inLanguage\":\"en-US\",\"potentialAction\":[{\"@type\":\"ReadAction\",\"target\":[\"https:\\\/\\\/darkamazi.info\\\/archives\\\/1051392\"]}]},{\"@type\":\"ImageObject\",\"inLanguage\":\"en-US\",\"@id\":\"https:\\\/\\\/darkamazi.info\\\/archives\\\/1051392#primaryimage\",\"url\":\"https:\\\/\\\/darkamazi.info\\\/darka-content\\\/uploads\\\/2026\\\/01\\\/Hevditina-sanda-Dem-Partiye-li-gel-Ocalan-net.jpg\",\"contentUrl\":\"https:\\\/\\\/darkamazi.info\\\/darka-content\\\/uploads\\\/2026\\\/01\\\/Hevditina-sanda-Dem-Partiye-li-gel-Ocalan-net.jpg\",\"width\":900,\"height\":500,\"caption\":\"\u015eandeya \u00cemraliy\u00ea ji bo hevd\u00eetina Ocalan \u00e7\u00fb \u00cemraliy\u00ea\"},{\"@type\":\"BreadcrumbList\",\"@id\":\"https:\\\/\\\/darkamazi.info\\\/archives\\\/1051392#breadcrumb\",\"itemListElement\":[{\"@type\":\"ListItem\",\"position\":1,\"name\":\"Home\",\"item\":\"https:\\\/\\\/darkamazi.info\\\/\"},{\"@type\":\"ListItem\",\"position\":2,\"name\":\"\u015eandeya \u00cemraliy\u00ea ji bo hevd\u00eetina Ocalan \u00e7\u00fb \u00cemraliy\u00ea\"}]},{\"@type\":\"WebSite\",\"@id\":\"https:\\\/\\\/darkamazi.info\\\/#website\",\"url\":\"https:\\\/\\\/darkamazi.info\\\/\",\"name\":\"Darka Maz\u00ee\",\"description\":\"P\u00eageha Zanyariy\u00ean Nebih\u00eest\u00ee\",\"publisher\":{\"@id\":\"https:\\\/\\\/darkamazi.info\\\/#organization\"},\"potentialAction\":[{\"@type\":\"SearchAction\",\"target\":{\"@type\":\"EntryPoint\",\"urlTemplate\":\"https:\\\/\\\/darkamazi.info\\\/?s={search_term_string}\"},\"query-input\":{\"@type\":\"PropertyValueSpecification\",\"valueRequired\":true,\"valueName\":\"search_term_string\"}}],\"inLanguage\":\"en-US\"},{\"@type\":\"Organization\",\"@id\":\"https:\\\/\\\/darkamazi.info\\\/#organization\",\"name\":\"Darka Maz\u00ee\",\"url\":\"https:\\\/\\\/darkamazi.info\\\/\",\"logo\":{\"@type\":\"ImageObject\",\"inLanguage\":\"en-US\",\"@id\":\"https:\\\/\\\/darkamazi.info\\\/#\\\/schema\\\/logo\\\/image\\\/\",\"url\":\"https:\\\/\\\/darkamazi.info\\\/darka-content\\\/uploads\\\/2017\\\/12\\\/darka-mazi-logo.png\",\"contentUrl\":\"https:\\\/\\\/darkamazi.info\\\/darka-content\\\/uploads\\\/2017\\\/12\\\/darka-mazi-logo.png\",\"width\":151,\"height\":75,\"caption\":\"Darka Maz\u00ee\"},\"image\":{\"@id\":\"https:\\\/\\\/darkamazi.info\\\/#\\\/schema\\\/logo\\\/image\\\/\"},\"sameAs\":[\"https:\\\/\\\/www.facebook.com\\\/DarMaziKurmanci\",\"https:\\\/\\\/x.com\\\/DarkaMaziLatini\",\"https:\\\/\\\/www.instagram.com\\\/darkamazi.kurmanci\\\/\",\"https:\\\/\\\/www.youtube.com\\\/channel\\\/UCa5HkTdmI8U1qCUFuTw8B2g\"]},{\"@type\":\"Person\",\"@id\":\"https:\\\/\\\/darkamazi.info\\\/#\\\/schema\\\/person\\\/5ad3e24553a0567993fa8ed4bd0a776c\",\"name\":\"darka mazi\",\"sameAs\":[\"https:\\\/\\\/darkamazi.info\\\/\"],\"url\":\"https:\\\/\\\/darkamazi.info\\\/archives\\\/author\\\/kurdi\"}]}<\/script>\n<!-- \/ Yoast SEO plugin. -->","seo_head_json":{"title":"\u015eandeya \u00cemraliy\u00ea ji bo hevd\u00eetina Ocalan \u00e7\u00fb \u00cemraliy\u00ea - Darka Maz\u00ee","robots":{"index":"index","follow":"follow","max-snippet":"max-snippet:-1","max-image-preview":"max-image-preview:large","max-video-preview":"max-video-preview:-1"},"canonical":"https:\/\/darkamazi.info\/archives\/1051392","og_locale":"en_US","og_type":"article","og_title":"\u015eandeya \u00cemraliy\u00ea ji bo hevd\u00eetina Ocalan \u00e7\u00fb \u00cemraliy\u00ea - Darka Maz\u00ee","og_description":"\u015eandeya \u00cemraliy\u00eaya Partiya Demokras\u00ee \u00fb Wekheviy\u00eaya Gelan (Dem Part\u00ee) ji bo bo ku bi Abdullah Ocalan re hevd\u00eetin\u00ea bike, ber bi girava \u00cemraliy\u00ea ve \u00e7\u00fb. \u015eandeya \u00cemraliy\u00ea ji parlamentera wan\u00ea Perv\u00een Buldan, parlamenter\u00ea Rihay\u00ea M\u00eethat Sancar \u00fb endam\u00ea buroya hiq\u00fbq\u00eaya sedsal\u00ea Fayik Ozgur Erol p\u00eak t\u00ea. \u015eandeya \u00cemraliy\u00ea her\u00ee daw\u00ee 2&#8217;y\u00ea Kan\u00fbna 2025&#8217;an bi r\u00eaber\u00ea [&hellip;]","og_url":"https:\/\/darkamazi.info\/archives\/1051392","og_site_name":"Darka Maz\u00ee","article_publisher":"https:\/\/www.facebook.com\/DarMaziKurmanci","article_published_time":"2026-01-17T11:15:49+00:00","og_image":[{"width":900,"height":500,"url":"https:\/\/darkamazi.info\/file\/2026\/01\/Hevditina-sanda-Dem-Partiye-li-gel-Ocalan-net.jpg","type":"image\/jpeg"}],"author":"darka mazi","twitter_card":"summary_large_image","twitter_creator":"@DarkaMaziLatini","twitter_site":"@DarkaMaziLatini","twitter_misc":{"Written by":"darka mazi","Est. reading time":"1 minute"},"schema":{"@context":"https:\/\/schema.org","@graph":[{"@type":"Article","@id":"https:\/\/darkamazi.info\/archives\/1051392#article","isPartOf":{"@id":"https:\/\/darkamazi.info\/archives\/1051392"},"author":{"name":"darka mazi","@id":"https:\/\/darkamazi.info\/#\/schema\/person\/5ad3e24553a0567993fa8ed4bd0a776c"},"headline":"\u015eandeya \u00cemraliy\u00ea ji bo hevd\u00eetina Ocalan \u00e7\u00fb \u00cemraliy\u00ea","datePublished":"2026-01-17T11:15:49+00:00","mainEntityOfPage":{"@id":"https:\/\/darkamazi.info\/archives\/1051392"},"wordCount":80,"publisher":{"@id":"https:\/\/darkamazi.info\/#organization"},"image":{"@id":"https:\/\/darkamazi.info\/archives\/1051392#primaryimage"},"thumbnailUrl":"https:\/\/darkamazi.info\/file\/2026\/01\/Hevditina-sanda-Dem-Partiye-li-gel-Ocalan-net.jpg","keywords":["sereke"],"articleSection":["Kurdistan"],"inLanguage":"en-US"},{"@type":"WebPage","@id":"https:\/\/darkamazi.info\/archives\/1051392","url":"https:\/\/darkamazi.info\/archives\/1051392","name":"\u015eandeya \u00cemraliy\u00ea ji bo hevd\u00eetina Ocalan \u00e7\u00fb \u00cemraliy\u00ea - Darka Maz\u00ee","isPartOf":{"@id":"https:\/\/darkamazi.info\/#website"},"primaryImageOfPage":{"@id":"https:\/\/darkamazi.info\/archives\/1051392#primaryimage"},"image":{"@id":"https:\/\/darkamazi.info\/archives\/1051392#primaryimage"},"thumbnailUrl":"https:\/\/darkamazi.info\/file\/2026\/01\/Hevditina-sanda-Dem-Partiye-li-gel-Ocalan-net.jpg","datePublished":"2026-01-17T11:15:49+00:00","breadcrumb":{"@id":"https:\/\/darkamazi.info\/archives\/1051392#breadcrumb"},"inLanguage":"en-US","potentialAction":[{"@type":"ReadAction","target":["https:\/\/darkamazi.info\/archives\/1051392"]}]},{"@type":"ImageObject","inLanguage":"en-US","@id":"https:\/\/darkamazi.info\/archives\/1051392#primaryimage","url":"https:\/\/darkamazi.info\/file\/2026\/01\/Hevditina-sanda-Dem-Partiye-li-gel-Ocalan-net.jpg","contentUrl":"https:\/\/darkamazi.info\/file\/2026\/01\/Hevditina-sanda-Dem-Partiye-li-gel-Ocalan-net.jpg","width":900,"height":500,"caption":"\u015eandeya \u00cemraliy\u00ea ji bo hevd\u00eetina Ocalan \u00e7\u00fb \u00cemraliy\u00ea"},{"@type":"BreadcrumbList","@id":"https:\/\/darkamazi.info\/archives\/1051392#breadcrumb","itemListElement":[{"@type":"ListItem","position":1,"name":"Home","item":"https:\/\/darkamazi.info\/"},{"@type":"ListItem","position":2,"name":"\u015eandeya \u00cemraliy\u00ea ji bo hevd\u00eetina Ocalan \u00e7\u00fb \u00cemraliy\u00ea"}]},{"@type":"WebSite","@id":"https:\/\/darkamazi.info\/#website","url":"https:\/\/darkamazi.info\/","name":"Darka Maz\u00ee","description":"P\u00eageha Zanyariy\u00ean Nebih\u00eest\u00ee","publisher":{"@id":"https:\/\/darkamazi.info\/#organization"},"potentialAction":[{"@type":"SearchAction","target":{"@type":"EntryPoint","urlTemplate":"https:\/\/darkamazi.info\/?s={search_term_string}"},"query-input":{"@type":"PropertyValueSpecification","valueRequired":true,"valueName":"search_term_string"}}],"inLanguage":"en-US"},{"@type":"Organization","@id":"https:\/\/darkamazi.info\/#organization","name":"Darka Maz\u00ee","url":"https:\/\/darkamazi.info\/","logo":{"@type":"ImageObject","inLanguage":"en-US","@id":"https:\/\/darkamazi.info\/#\/schema\/logo\/image\/","url":"https:\/\/darkamazi.info\/file\/2017\/12\/darka-mazi-logo.png","contentUrl":"https:\/\/darkamazi.info\/file\/2017\/12\/darka-mazi-logo.png","width":151,"height":75,"caption":"Darka Maz\u00ee"},"image":{"@id":"https:\/\/darkamazi.info\/#\/schema\/logo\/image\/"},"sameAs":["https:\/\/www.facebook.com\/DarMaziKurmanci","https:\/\/x.com\/DarkaMaziLatini","https:\/\/www.instagram.com\/darkamazi.kurmanci\/","https:\/\/www.youtube.com\/channel\/UCa5HkTdmI8U1qCUFuTw8B2g"]},{"@type":"Person","@id":"https:\/\/darkamazi.info\/#\/schema\/person\/5ad3e24553a0567993fa8ed4bd0a776c","name":"darka mazi","sameAs":["https:\/\/darkamazi.info\/"],"url":"https:\/\/darkamazi.info\/archives\/author\/kurdi"}]}},"_links":{"self":[{"href":"https:\/\/darkamazi.info\/funavuv\/wp\/v2\/posts\/1051392","targetHints":{"allow":["GET"]}}],"collection":[{"href":"https:\/\/darkamazi.info\/funavuv\/wp\/v2\/posts"}],"about":[{"href":"https:\/\/darkamazi.info\/funavuv\/wp\/v2\/types\/post"}],"author":[{"embeddable":true,"href":"https:\/\/darkamazi.info\/funavuv\/wp\/v2\/users\/2"}],"replies":[{"embeddable":true,"href":"https:\/\/darkamazi.info\/funavuv\/wp\/v2\/comments?post=1051392"}],"version-history":[{"count":0,"href":"https:\/\/darkamazi.info\/funavuv\/wp\/v2\/posts\/1051392\/revisions"}],"wp:featuredmedia":[{"embeddable":true,"href":"https:\/\/darkamazi.info\/funavuv\/wp\/v2\/media\/1051393"}],"wp:attachment":[{"href":"https:\/\/darkamazi.info\/funavuv\/wp\/v2\/media?parent=1051392"}],"wp:term":[{"taxonomy":"category","embeddable":true,"href":"https:\/\/darkamazi.info\/funavuv\/wp\/v2\/categories?post=1051392"},{"taxonomy":"post_tag","embeddable":true,"href":"https:\/\/darkamazi.info\/funavuv\/wp\/v2\/tags?post=1051392"}],"curies":[{"name":"wp","href":"https:\/\/api.w.org\/{rel}","templated":true}]}}