{"id":1051401,"date":"2026-01-17T19:14:47","date_gmt":"2026-01-17T16:14:47","guid":{"rendered":"https:\/\/darkamazi.info\/?p=1051401"},"modified":"2026-01-17T19:14:47","modified_gmt":"2026-01-17T16:14:47","slug":"serok-barzani-mevandariya-tom-barrack-mezlum-ebdi-u-mihemed-ismail-dike","status":"publish","type":"post","link":"https:\/\/darkamazi.info\/archives\/1051401","title":{"rendered":"Serok Barzan\u00ee m\u00eavandariya Tom Barrack, Mezl\u00fbm Ebd\u00ee \u00fb Mihemed \u00cesma\u00eel dike"},"content":{"rendered":"<h3 style=\"text-align: justify\"><span style=\"font-family: 'arial black', sans-serif\">Serok Mes\u00fbd Barzan\u00ee m\u00eavandariya civ\u00eeneke giring a di navbera N\u00fbner\u00ea Taybet \u00ea Amer\u00eekay\u00ea Tom Barrack, Fermandar\u00ea Gi\u015ft\u00ee y\u00ea HSD\u2019\u00ea Mezl\u00fbm Ebd\u00ee \u00fb Serok\u00ea ENKS\u2019\u00ea Mihemed \u00cesma\u00eel de kir.<\/span><\/h3>\n<h3 style=\"text-align: justify\">Baregeha Barzan\u00ee ragihand, Serok Mes\u00fbd Barzan\u00ee \u00eero 17\u00ea \u00c7ileya 2026an, p\u00ea\u015fwaz\u00ee li \u015fandeyeke payebilind a Amer\u00eek\u00ee \u00fb fermandar \u00fb berpirs\u00ean Kurd \u00ean Rojavay\u00ea kir. Di v\u00ea civ\u00eena stratej\u00eek de ev kes amade b\u00fbn:<\/h3>\n<h3 style=\"text-align: justify\">&#8211; Balyoz Tom Barrack, N\u00fbner\u00ea Taybet \u00ea Serok\u00ea Amer\u00eekay\u00ea ji bo Kar\u00fbbar\u00ean S\u00fbriyey\u00ea.<\/h3>\n<h3 style=\"text-align: justify\">&#8211; Mezl\u00fbm Ebd\u00ee, Fermandar\u00ea Gi\u015ft\u00ee y\u00ea H\u00eaz\u00ean S\u00fbriyeya Demokrat\u00eek (HSD).<\/h3>\n<h3 style=\"text-align: justify\">&#8211; Mihemed \u00cesma\u00eel, Serok\u00ea Enc\u00fbmena Ni\u015ftiman\u00ee ya Kurd\u00ee li S\u00fbriyey\u00ea (ENKS).<\/h3>\n<h3 style=\"text-align: justify\">&#8211; Wendy Green, Konsula Gi\u015ft\u00ee ya Amer\u00eekay\u00ea li Hewl\u00ear\u00ea.<\/h3>\n<h3 style=\"text-align: justify\">&#8211; General Kevin Lambert, Fermandar\u00ea H\u00eaz\u00ean Amer\u00eekay\u00ea li S\u00fbriyey\u00ea.<\/h3>\n<h3 style=\"text-align: justify\">&#8211; Kolonel Zakaria Cork.<\/h3>\n<h3 style=\"text-align: justify\">Serok Mes\u00fbd Barzan\u00ee di destp\u00eaka hevd\u00eetin\u00ea de bi germ\u00ee bix\u00earhatina aliyan kir \u00fb spasiya wan kir ku di v\u00ea serdem \u00fb rew\u015fa taybet de ji bo p\u00eakan\u00eena a\u015ftiy\u00ea \u00fb r\u00eagirtina li tund\u00fbt\u00fbjiy\u00ea li hev civ\u00eene. Serok Barzan\u00ee di axaftina xwe de tekez\u00ee li ser giringiya diyalog\u00ea kir \u00fb bal ki\u015fand ser bingeha &#8220;jiyana hevbe\u015f \u00fb aramiy\u00ea&#8221; di nava S\u00fbriyeyeke n\u00fb de.<\/h3>\n<h3 style=\"text-align: justify\">N\u00fbner\u00ea Amer\u00eekay\u00ea Tom Barrack li ser nav\u00ea welat\u00ea xwe spasiya Serok Barzan\u00ee kir ji bo m\u00eavandariya v\u00ea civ\u00eena giring \u00fb her wiha ji bo pi\u015ftgiriya cenab\u00ea w\u00ee ya berdewam a ji bo \u00e7areserkirina kr\u00eeza S\u00fbriyeyey\u00ea.<\/h3>\n<h3 style=\"text-align: justify\">Di civ\u00een\u00ea de be\u015fdaran bi h\u00fbrgil\u00ee li ser ge\u015fedan\u00ean daw\u00ee y\u00ean li S\u00fbriyey\u00ea axiv\u00een \u00fb n\u00ear\u00een\u00ean xwe parve kirin. Li gor\u00ee agahiyan, aliyan ji bo m\u00eesogerkirina aramiy\u00ea li her\u00eam\u00ea, li ser \u00e7end gav\u00ean kirdar\u00ee (prat\u00eek) li hev kirin, da ku r\u00ea li ber aloziy\u00ean le\u015fker\u00ee y\u00ean n\u00fb were girtin.<\/h3>\n<h3 style=\"text-align: justify\">Ev hevd\u00eetin di demek\u00ea de p\u00eak t\u00ea ku Amer\u00eeka \u00fb Her\u00eama Kurdistan\u00ea hewl didin aliy\u00ean Kurd\u00ee y\u00ean S\u00fbriyey\u00ea \u00fb hik\u00fbmeta n\u00fb ya li \u015eam\u00ea b\u00eenin ser maseya diyalog\u00ea.<\/h3>\n","protected":false},"excerpt":{"rendered":"<p>Serok Mes\u00fbd Barzan\u00ee m\u00eavandariya civ\u00eeneke giring a di navbera N\u00fbner\u00ea Taybet \u00ea Amer\u00eekay\u00ea Tom Barrack, Fermandar\u00ea Gi\u015ft\u00ee y\u00ea HSD\u2019\u00ea Mezl\u00fbm Ebd\u00ee \u00fb Serok\u00ea ENKS\u2019\u00ea Mihemed \u00cesma\u00eel de kir. Baregeha Barzan\u00ee ragihand, Serok Mes\u00fbd Barzan\u00ee \u00eero 17\u00ea \u00c7ileya 2026an, p\u00ea\u015fwaz\u00ee li \u015fandeyeke payebilind a Amer\u00eek\u00ee \u00fb fermandar \u00fb berpirs\u00ean Kurd \u00ean Rojavay\u00ea kir. Di v\u00ea civ\u00eena [&hellip;]<\/p>\n","protected":false},"author":2,"featured_media":1051402,"comment_status":"closed","ping_status":"closed","sticky":false,"template":"","format":"standard","meta":{"footnotes":""},"categories":[29],"tags":[37],"class_list":["post-1051401","post","type-post","status-publish","format-standard","has-post-thumbnail","hentry","category-kurdistan","tag-sereke"],"blocksy_meta":[],"seo_head":"<!-- This site is optimized with the Yoast SEO plugin v27.5 - https:\/\/yoast.com\/product\/yoast-seo-wordpress\/ -->\n<title>Serok Barzan\u00ee m\u00eavandariya Tom Barrack, Mezl\u00fbm Ebd\u00ee \u00fb Mihemed \u00cesma\u00eel dike - Darka Maz\u00ee<\/title>\n<meta name=\"robots\" content=\"index, follow, max-snippet:-1, max-image-preview:large, max-video-preview:-1\" \/>\n<link rel=\"canonical\" href=\"https:\/\/darkamazi.info\/archives\/1051401\" \/>\n<meta property=\"og:locale\" content=\"en_US\" \/>\n<meta property=\"og:type\" content=\"article\" \/>\n<meta property=\"og:title\" content=\"Serok Barzan\u00ee m\u00eavandariya Tom Barrack, Mezl\u00fbm Ebd\u00ee \u00fb Mihemed \u00cesma\u00eel dike - Darka Maz\u00ee\" \/>\n<meta property=\"og:description\" content=\"Serok Mes\u00fbd Barzan\u00ee m\u00eavandariya civ\u00eeneke giring a di navbera N\u00fbner\u00ea Taybet \u00ea Amer\u00eekay\u00ea Tom Barrack, Fermandar\u00ea Gi\u015ft\u00ee y\u00ea HSD\u2019\u00ea Mezl\u00fbm Ebd\u00ee \u00fb Serok\u00ea ENKS\u2019\u00ea Mihemed \u00cesma\u00eel de kir. Baregeha Barzan\u00ee ragihand, Serok Mes\u00fbd Barzan\u00ee \u00eero 17\u00ea \u00c7ileya 2026an, p\u00ea\u015fwaz\u00ee li \u015fandeyeke payebilind a Amer\u00eek\u00ee \u00fb fermandar \u00fb berpirs\u00ean Kurd \u00ean Rojavay\u00ea kir. Di v\u00ea civ\u00eena [&hellip;]\" \/>\n<meta property=\"og:url\" content=\"https:\/\/darkamazi.info\/archives\/1051401\" \/>\n<meta property=\"og:site_name\" content=\"Darka Maz\u00ee\" \/>\n<meta property=\"article:publisher\" content=\"https:\/\/www.facebook.com\/DarMaziKurmanci\" \/>\n<meta property=\"article:published_time\" content=\"2026-01-17T16:14:47+00:00\" \/>\n<meta property=\"og:image\" content=\"https:\/\/darkamazi.info\/file\/2026\/01\/serok-barzani-tom-barack.jpg\" \/>\n\t<meta property=\"og:image:width\" content=\"900\" \/>\n\t<meta property=\"og:image:height\" content=\"497\" \/>\n\t<meta property=\"og:image:type\" content=\"image\/jpeg\" \/>\n<meta name=\"author\" content=\"darka mazi\" \/>\n<meta name=\"twitter:card\" content=\"summary_large_image\" \/>\n<meta name=\"twitter:creator\" content=\"@DarkaMaziLatini\" \/>\n<meta name=\"twitter:site\" content=\"@DarkaMaziLatini\" \/>\n<meta name=\"twitter:label1\" content=\"Written by\" \/>\n\t<meta name=\"twitter:data1\" content=\"darka mazi\" \/>\n\t<meta name=\"twitter:label2\" content=\"Est. reading time\" \/>\n\t<meta name=\"twitter:data2\" content=\"2 minutes\" \/>\n<script type=\"application\/ld+json\" class=\"seo-schema-graph\">{\"@context\":\"https:\\\/\\\/schema.org\",\"@graph\":[{\"@type\":\"Article\",\"@id\":\"https:\\\/\\\/darkamazi.info\\\/archives\\\/1051401#article\",\"isPartOf\":{\"@id\":\"https:\\\/\\\/darkamazi.info\\\/archives\\\/1051401\"},\"author\":{\"name\":\"darka mazi\",\"@id\":\"https:\\\/\\\/darkamazi.info\\\/#\\\/schema\\\/person\\\/5ad3e24553a0567993fa8ed4bd0a776c\"},\"headline\":\"Serok Barzan\u00ee m\u00eavandariya Tom Barrack, Mezl\u00fbm Ebd\u00ee \u00fb Mihemed \u00cesma\u00eel dike\",\"datePublished\":\"2026-01-17T16:14:47+00:00\",\"mainEntityOfPage\":{\"@id\":\"https:\\\/\\\/darkamazi.info\\\/archives\\\/1051401\"},\"wordCount\":373,\"publisher\":{\"@id\":\"https:\\\/\\\/darkamazi.info\\\/#organization\"},\"image\":{\"@id\":\"https:\\\/\\\/darkamazi.info\\\/archives\\\/1051401#primaryimage\"},\"thumbnailUrl\":\"https:\\\/\\\/darkamazi.info\\\/darka-content\\\/uploads\\\/2026\\\/01\\\/serok-barzani-tom-barack.jpg\",\"keywords\":[\"sereke\"],\"articleSection\":[\"Kurdistan\"],\"inLanguage\":\"en-US\"},{\"@type\":\"WebPage\",\"@id\":\"https:\\\/\\\/darkamazi.info\\\/archives\\\/1051401\",\"url\":\"https:\\\/\\\/darkamazi.info\\\/archives\\\/1051401\",\"name\":\"Serok Barzan\u00ee m\u00eavandariya Tom Barrack, Mezl\u00fbm Ebd\u00ee \u00fb Mihemed \u00cesma\u00eel dike - Darka Maz\u00ee\",\"isPartOf\":{\"@id\":\"https:\\\/\\\/darkamazi.info\\\/#website\"},\"primaryImageOfPage\":{\"@id\":\"https:\\\/\\\/darkamazi.info\\\/archives\\\/1051401#primaryimage\"},\"image\":{\"@id\":\"https:\\\/\\\/darkamazi.info\\\/archives\\\/1051401#primaryimage\"},\"thumbnailUrl\":\"https:\\\/\\\/darkamazi.info\\\/darka-content\\\/uploads\\\/2026\\\/01\\\/serok-barzani-tom-barack.jpg\",\"datePublished\":\"2026-01-17T16:14:47+00:00\",\"breadcrumb\":{\"@id\":\"https:\\\/\\\/darkamazi.info\\\/archives\\\/1051401#breadcrumb\"},\"inLanguage\":\"en-US\",\"potentialAction\":[{\"@type\":\"ReadAction\",\"target\":[\"https:\\\/\\\/darkamazi.info\\\/archives\\\/1051401\"]}]},{\"@type\":\"ImageObject\",\"inLanguage\":\"en-US\",\"@id\":\"https:\\\/\\\/darkamazi.info\\\/archives\\\/1051401#primaryimage\",\"url\":\"https:\\\/\\\/darkamazi.info\\\/darka-content\\\/uploads\\\/2026\\\/01\\\/serok-barzani-tom-barack.jpg\",\"contentUrl\":\"https:\\\/\\\/darkamazi.info\\\/darka-content\\\/uploads\\\/2026\\\/01\\\/serok-barzani-tom-barack.jpg\",\"width\":900,\"height\":497,\"caption\":\"Serok Barzan\u00ee m\u00eavandariya Tom Barrack, Mezl\u00fbm Ebd\u00ee \u00fb Mihemed \u00cesma\u00eel dike\"},{\"@type\":\"BreadcrumbList\",\"@id\":\"https:\\\/\\\/darkamazi.info\\\/archives\\\/1051401#breadcrumb\",\"itemListElement\":[{\"@type\":\"ListItem\",\"position\":1,\"name\":\"Home\",\"item\":\"https:\\\/\\\/darkamazi.info\\\/\"},{\"@type\":\"ListItem\",\"position\":2,\"name\":\"Serok Barzan\u00ee m\u00eavandariya Tom Barrack, Mezl\u00fbm Ebd\u00ee \u00fb Mihemed \u00cesma\u00eel dike\"}]},{\"@type\":\"WebSite\",\"@id\":\"https:\\\/\\\/darkamazi.info\\\/#website\",\"url\":\"https:\\\/\\\/darkamazi.info\\\/\",\"name\":\"Darka Maz\u00ee\",\"description\":\"P\u00eageha Zanyariy\u00ean Nebih\u00eest\u00ee\",\"publisher\":{\"@id\":\"https:\\\/\\\/darkamazi.info\\\/#organization\"},\"potentialAction\":[{\"@type\":\"SearchAction\",\"target\":{\"@type\":\"EntryPoint\",\"urlTemplate\":\"https:\\\/\\\/darkamazi.info\\\/?s={search_term_string}\"},\"query-input\":{\"@type\":\"PropertyValueSpecification\",\"valueRequired\":true,\"valueName\":\"search_term_string\"}}],\"inLanguage\":\"en-US\"},{\"@type\":\"Organization\",\"@id\":\"https:\\\/\\\/darkamazi.info\\\/#organization\",\"name\":\"Darka Maz\u00ee\",\"url\":\"https:\\\/\\\/darkamazi.info\\\/\",\"logo\":{\"@type\":\"ImageObject\",\"inLanguage\":\"en-US\",\"@id\":\"https:\\\/\\\/darkamazi.info\\\/#\\\/schema\\\/logo\\\/image\\\/\",\"url\":\"https:\\\/\\\/darkamazi.info\\\/darka-content\\\/uploads\\\/2017\\\/12\\\/darka-mazi-logo.png\",\"contentUrl\":\"https:\\\/\\\/darkamazi.info\\\/darka-content\\\/uploads\\\/2017\\\/12\\\/darka-mazi-logo.png\",\"width\":151,\"height\":75,\"caption\":\"Darka Maz\u00ee\"},\"image\":{\"@id\":\"https:\\\/\\\/darkamazi.info\\\/#\\\/schema\\\/logo\\\/image\\\/\"},\"sameAs\":[\"https:\\\/\\\/www.facebook.com\\\/DarMaziKurmanci\",\"https:\\\/\\\/x.com\\\/DarkaMaziLatini\",\"https:\\\/\\\/www.instagram.com\\\/darkamazi.kurmanci\\\/\",\"https:\\\/\\\/www.youtube.com\\\/channel\\\/UCa5HkTdmI8U1qCUFuTw8B2g\"]},{\"@type\":\"Person\",\"@id\":\"https:\\\/\\\/darkamazi.info\\\/#\\\/schema\\\/person\\\/5ad3e24553a0567993fa8ed4bd0a776c\",\"name\":\"darka mazi\",\"sameAs\":[\"https:\\\/\\\/darkamazi.info\\\/\"],\"url\":\"https:\\\/\\\/darkamazi.info\\\/archives\\\/author\\\/kurdi\"}]}<\/script>\n<!-- \/ Yoast SEO plugin. -->","seo_head_json":{"title":"Serok Barzan\u00ee m\u00eavandariya Tom Barrack, Mezl\u00fbm Ebd\u00ee \u00fb Mihemed \u00cesma\u00eel dike - Darka Maz\u00ee","robots":{"index":"index","follow":"follow","max-snippet":"max-snippet:-1","max-image-preview":"max-image-preview:large","max-video-preview":"max-video-preview:-1"},"canonical":"https:\/\/darkamazi.info\/archives\/1051401","og_locale":"en_US","og_type":"article","og_title":"Serok Barzan\u00ee m\u00eavandariya Tom Barrack, Mezl\u00fbm Ebd\u00ee \u00fb Mihemed \u00cesma\u00eel dike - Darka Maz\u00ee","og_description":"Serok Mes\u00fbd Barzan\u00ee m\u00eavandariya civ\u00eeneke giring a di navbera N\u00fbner\u00ea Taybet \u00ea Amer\u00eekay\u00ea Tom Barrack, Fermandar\u00ea Gi\u015ft\u00ee y\u00ea HSD\u2019\u00ea Mezl\u00fbm Ebd\u00ee \u00fb Serok\u00ea ENKS\u2019\u00ea Mihemed \u00cesma\u00eel de kir. Baregeha Barzan\u00ee ragihand, Serok Mes\u00fbd Barzan\u00ee \u00eero 17\u00ea \u00c7ileya 2026an, p\u00ea\u015fwaz\u00ee li \u015fandeyeke payebilind a Amer\u00eek\u00ee \u00fb fermandar \u00fb berpirs\u00ean Kurd \u00ean Rojavay\u00ea kir. Di v\u00ea civ\u00eena [&hellip;]","og_url":"https:\/\/darkamazi.info\/archives\/1051401","og_site_name":"Darka Maz\u00ee","article_publisher":"https:\/\/www.facebook.com\/DarMaziKurmanci","article_published_time":"2026-01-17T16:14:47+00:00","og_image":[{"width":900,"height":497,"url":"https:\/\/darkamazi.info\/file\/2026\/01\/serok-barzani-tom-barack.jpg","type":"image\/jpeg"}],"author":"darka mazi","twitter_card":"summary_large_image","twitter_creator":"@DarkaMaziLatini","twitter_site":"@DarkaMaziLatini","twitter_misc":{"Written by":"darka mazi","Est. reading time":"2 minutes"},"schema":{"@context":"https:\/\/schema.org","@graph":[{"@type":"Article","@id":"https:\/\/darkamazi.info\/archives\/1051401#article","isPartOf":{"@id":"https:\/\/darkamazi.info\/archives\/1051401"},"author":{"name":"darka mazi","@id":"https:\/\/darkamazi.info\/#\/schema\/person\/5ad3e24553a0567993fa8ed4bd0a776c"},"headline":"Serok Barzan\u00ee m\u00eavandariya Tom Barrack, Mezl\u00fbm Ebd\u00ee \u00fb Mihemed \u00cesma\u00eel dike","datePublished":"2026-01-17T16:14:47+00:00","mainEntityOfPage":{"@id":"https:\/\/darkamazi.info\/archives\/1051401"},"wordCount":373,"publisher":{"@id":"https:\/\/darkamazi.info\/#organization"},"image":{"@id":"https:\/\/darkamazi.info\/archives\/1051401#primaryimage"},"thumbnailUrl":"https:\/\/darkamazi.info\/file\/2026\/01\/serok-barzani-tom-barack.jpg","keywords":["sereke"],"articleSection":["Kurdistan"],"inLanguage":"en-US"},{"@type":"WebPage","@id":"https:\/\/darkamazi.info\/archives\/1051401","url":"https:\/\/darkamazi.info\/archives\/1051401","name":"Serok Barzan\u00ee m\u00eavandariya Tom Barrack, Mezl\u00fbm Ebd\u00ee \u00fb Mihemed \u00cesma\u00eel dike - Darka Maz\u00ee","isPartOf":{"@id":"https:\/\/darkamazi.info\/#website"},"primaryImageOfPage":{"@id":"https:\/\/darkamazi.info\/archives\/1051401#primaryimage"},"image":{"@id":"https:\/\/darkamazi.info\/archives\/1051401#primaryimage"},"thumbnailUrl":"https:\/\/darkamazi.info\/file\/2026\/01\/serok-barzani-tom-barack.jpg","datePublished":"2026-01-17T16:14:47+00:00","breadcrumb":{"@id":"https:\/\/darkamazi.info\/archives\/1051401#breadcrumb"},"inLanguage":"en-US","potentialAction":[{"@type":"ReadAction","target":["https:\/\/darkamazi.info\/archives\/1051401"]}]},{"@type":"ImageObject","inLanguage":"en-US","@id":"https:\/\/darkamazi.info\/archives\/1051401#primaryimage","url":"https:\/\/darkamazi.info\/file\/2026\/01\/serok-barzani-tom-barack.jpg","contentUrl":"https:\/\/darkamazi.info\/file\/2026\/01\/serok-barzani-tom-barack.jpg","width":900,"height":497,"caption":"Serok Barzan\u00ee m\u00eavandariya Tom Barrack, Mezl\u00fbm Ebd\u00ee \u00fb Mihemed \u00cesma\u00eel dike"},{"@type":"BreadcrumbList","@id":"https:\/\/darkamazi.info\/archives\/1051401#breadcrumb","itemListElement":[{"@type":"ListItem","position":1,"name":"Home","item":"https:\/\/darkamazi.info\/"},{"@type":"ListItem","position":2,"name":"Serok Barzan\u00ee m\u00eavandariya Tom Barrack, Mezl\u00fbm Ebd\u00ee \u00fb Mihemed \u00cesma\u00eel dike"}]},{"@type":"WebSite","@id":"https:\/\/darkamazi.info\/#website","url":"https:\/\/darkamazi.info\/","name":"Darka Maz\u00ee","description":"P\u00eageha Zanyariy\u00ean Nebih\u00eest\u00ee","publisher":{"@id":"https:\/\/darkamazi.info\/#organization"},"potentialAction":[{"@type":"SearchAction","target":{"@type":"EntryPoint","urlTemplate":"https:\/\/darkamazi.info\/?s={search_term_string}"},"query-input":{"@type":"PropertyValueSpecification","valueRequired":true,"valueName":"search_term_string"}}],"inLanguage":"en-US"},{"@type":"Organization","@id":"https:\/\/darkamazi.info\/#organization","name":"Darka Maz\u00ee","url":"https:\/\/darkamazi.info\/","logo":{"@type":"ImageObject","inLanguage":"en-US","@id":"https:\/\/darkamazi.info\/#\/schema\/logo\/image\/","url":"https:\/\/darkamazi.info\/file\/2017\/12\/darka-mazi-logo.png","contentUrl":"https:\/\/darkamazi.info\/file\/2017\/12\/darka-mazi-logo.png","width":151,"height":75,"caption":"Darka Maz\u00ee"},"image":{"@id":"https:\/\/darkamazi.info\/#\/schema\/logo\/image\/"},"sameAs":["https:\/\/www.facebook.com\/DarMaziKurmanci","https:\/\/x.com\/DarkaMaziLatini","https:\/\/www.instagram.com\/darkamazi.kurmanci\/","https:\/\/www.youtube.com\/channel\/UCa5HkTdmI8U1qCUFuTw8B2g"]},{"@type":"Person","@id":"https:\/\/darkamazi.info\/#\/schema\/person\/5ad3e24553a0567993fa8ed4bd0a776c","name":"darka mazi","sameAs":["https:\/\/darkamazi.info\/"],"url":"https:\/\/darkamazi.info\/archives\/author\/kurdi"}]}},"_links":{"self":[{"href":"https:\/\/darkamazi.info\/funavuv\/wp\/v2\/posts\/1051401","targetHints":{"allow":["GET"]}}],"collection":[{"href":"https:\/\/darkamazi.info\/funavuv\/wp\/v2\/posts"}],"about":[{"href":"https:\/\/darkamazi.info\/funavuv\/wp\/v2\/types\/post"}],"author":[{"embeddable":true,"href":"https:\/\/darkamazi.info\/funavuv\/wp\/v2\/users\/2"}],"replies":[{"embeddable":true,"href":"https:\/\/darkamazi.info\/funavuv\/wp\/v2\/comments?post=1051401"}],"version-history":[{"count":0,"href":"https:\/\/darkamazi.info\/funavuv\/wp\/v2\/posts\/1051401\/revisions"}],"wp:featuredmedia":[{"embeddable":true,"href":"https:\/\/darkamazi.info\/funavuv\/wp\/v2\/media\/1051402"}],"wp:attachment":[{"href":"https:\/\/darkamazi.info\/funavuv\/wp\/v2\/media?parent=1051401"}],"wp:term":[{"taxonomy":"category","embeddable":true,"href":"https:\/\/darkamazi.info\/funavuv\/wp\/v2\/categories?post=1051401"},{"taxonomy":"post_tag","embeddable":true,"href":"https:\/\/darkamazi.info\/funavuv\/wp\/v2\/tags?post=1051401"}],"curies":[{"name":"wp","href":"https:\/\/api.w.org\/{rel}","templated":true}]}}