{"id":1051404,"date":"2026-01-17T20:04:31","date_gmt":"2026-01-17T17:04:31","guid":{"rendered":"https:\/\/darkamazi.info\/?p=1051404"},"modified":"2026-01-17T20:04:31","modified_gmt":"2026-01-17T17:04:31","slug":"ocalan-li-ser-helebe-bedenge-le-iro-peyamek-ji-konferansa-insiyatifa-yekitiya-demokratik-re-sand","status":"publish","type":"post","link":"https:\/\/darkamazi.info\/archives\/1051404","title":{"rendered":"Ocalan li ser Heleb\u00ea b\u00eadenge, l\u00ea \u00eero peyamek ji konferansa \u00censiyat\u00eefa Yek\u00eetiya Demokrat\u00eek re \u015fand"},"content":{"rendered":"<h3 style=\"text-align: justify\"><span style=\"font-family: 'arial black', sans-serif\">Abdullah Ocalan, r\u00eaber\u00ea PKK\u2019eya hilwe\u015fiyay\u00ee, \u00eero peyamek ji 2yem\u00een civ\u00eena gi\u015ft\u00eeya asay\u00eeya \u00censiyat\u00eefa Yek\u00eetiya Demokrat\u00eek re \u015fand. H\u00eajay\u00ee gotin\u00eaye ku Ocalan, li ser \u00ear\u00ee\u015f\u00ean berfireh\u00ean li ser tax\u00ean Kurdan \u00ean li E\u015frefiy\u00ea \u00fb \u015e\u00eax Meqs\u00fbd\u00ea y\u00ean Heleb\u00ea \u00fb ko\u00e7berb\u00fbna bi hezaran kurdan a ji ber wan \u00ear\u00ee\u015fan, peyvek j\u00ee negot, l\u00ea bel\u00ea peyamek ji konferans\u00ea re \u015fand.<\/span><\/h3>\n<h3 style=\"text-align: justify\">Ji Sibata 2025-an vir ve, r\u00eaber\u00ea PKK\u2019\u00ea Abdullah Ocalan bi berdewam\u00ee gelek caran peyam \u015fandine. Peyam\u00ean w\u00ee liser \u00cazidyan, konferans\u00ean \u00cazidiyan, civ\u00een\u00ean PKK\u2019\u00ea y\u00ean li kampa penaberan a Mexm\u00fbr, civ\u00een\u00ean PKK\u2019\u00eay\u00ean li Qend\u00eel\u00ea \u00fb hem\u00fb civ\u00een\u00ean li Europa, Sil\u00eamaniy\u00ea \u00fb Bakur\u00ea Kurdistan\u00ea b\u00fbn. L\u00eabel\u00ea, Abdullah Ocalan li ser pev\u00e7\u00fbn\u00ean li Heleb\u00ea b\u00eadeng ma.<\/h3>\n<h3 style=\"text-align: justify\">Heman Ocalan \u00eero peyamek ji 2em\u00een kongreya \u00censiyat\u00eefa Yek\u00eetiya Demokrat\u00eek re \u015fand, ku t\u00ea de d\u00eesa rexne li dewletpar\u00eaziy\u00ea kir \u00fb tekez\u00ee li ser Yek\u00eetiya Gelan kir. Di peyama Ocalan de hatiye gotin ku &#8220;\u00e7areseriya pirsgir\u00eaka kurd \u00fb Yek\u00eetiya Demokrat\u00eek ten\u00ea dema ku li k\u00ealeka l\u00eager\u00eena azad\u00ee \u00fb a\u015ftiy\u00ea ji h\u00eala hem\u00ee gel\u00ean li Tirkiye, \u00ceran, \u00ceraq \u00fb S\u00fbriyey\u00ea ve were nirxandin, wateyek\u00ee bi dest dixe.&#8221;<\/h3>\n<h3 style=\"text-align: justify\">Ev pirs t\u00ea pirs\u00een: &#8220;\u00c7ima Ocalan, ku li ser her mijar\u00ea ti\u015ftek\u00ee dib\u00eaje, li ser Heleb\u00ea b\u00eadeng ma?&#8221;<\/h3>\n<h3 style=\"text-align: justify\">B\u00eadengiya Ocalan li ser Heleb\u00ea di bingeh de t\u00ea v\u00ea watey\u00ea ku ew ti\u015ft\u00ea qewim\u00ee er\u00ea dike. Ji destp\u00eak\u00ea ve, Ocalan dixwest ku Tirkiye rolek \u00e7alak li S\u00fbriyey\u00ea bil\u00eeze. W\u00ee heta rexne li h\u00eaz\u00ean HSD\u2019\u00ea kir \u00fb got ku ew b\u00fbne &#8220;He\u015fd\u00ee \u015eab\u00eeya \u00cesra\u00eel\u00ea&#8221;. Ocalan hewlek mezin dide da ku yekpar\u00e7e\u00eeya axa S\u00fbriyey\u00ea Misoger bike \u00fb hewl dide \u00e7areseriya ku Tirkiye li S\u00fbriy\u00ea dixwaze bi gotin\u00ean guncaw ji h\u00eala gel\u00ea Rojava ve were pejirandin.<\/h3>\n<h3 style=\"text-align: justify\">&#8220;P\u00eavajoya&#8221; ku ji h\u00eala Ocalan, Bah\u00e7el\u00ee \u00fb Erdogan ve hat\u00ee destp\u00eakirin ne ji bo \u00e7areserkirina pirsgir\u00eaka kurd li Bakur\u00ea Kurdistan\u00ea b\u00fb, l\u00ea ji bo b\u00eadewletb\u00fbna kurd\u00ean li Rojava b\u00fb. Kurdan di v\u00ea p\u00eavajoy\u00ea de li Rojava gelek dem \u00fb enerj\u00ee winda kirin. Windah\u00ee bi v\u00ea yek\u00ea s\u00eenordar neb\u00fbn; wan erd, bajar \u00fb jiyan j\u00ee winda kirin. Bi rast\u00ee, Ocalan \u00fb PKK, r\u00eaxistina ku w\u00ee ew hilwe\u015fand\u00ee, berpirsiyar\u00ea serekey\u00ea w\u00ea rastiy\u00ea ne ku kurd\u00ean li Rojava \u00eero di bin \u00ear\u00ee\u015feke mezin de ne \u00fb destkeftiy\u00ean xwe winda dikin.<\/h3>\n<h3 style=\"text-align: justify\">Bi d\u00fbrxistina Rojava ji nasnameya xweya kurd \u00fb ki\u015fandina w\u00ea nav serp\u00eahatiyeke \u00eedeoloj\u00eek, bi axaftina li ser kantonan, Bakur\u00ea S\u00fbriyey\u00ea \u00fb hwd, ji destp\u00eak\u00ea ve \u015fa\u015f\u00ee hatin kirin, ev b\u00fbn sedema windakirina nasnameya xweya netewey\u00ee ji aliy\u00ea kurdan ve.<\/h3>\n<h3 style=\"text-align: justify\">P\u00eaw\u00eeste ku r\u00eaveberiya Rojava v\u00ea p\u00eavajoy\u00ea nas bike, biryar\u00ean xwe bide \u00fb r\u00ea li ber siyaseta rojaneya PKK \u00fb Ocalan bigire.<\/h3>\n","protected":false},"excerpt":{"rendered":"<p>Abdullah Ocalan, r\u00eaber\u00ea PKK\u2019eya hilwe\u015fiyay\u00ee, \u00eero peyamek ji 2yem\u00een civ\u00eena gi\u015ft\u00eeya asay\u00eeya \u00censiyat\u00eefa Yek\u00eetiya Demokrat\u00eek re \u015fand. H\u00eajay\u00ee gotin\u00eaye ku Ocalan, li ser \u00ear\u00ee\u015f\u00ean berfireh\u00ean li ser tax\u00ean Kurdan \u00ean li E\u015frefiy\u00ea \u00fb \u015e\u00eax Meqs\u00fbd\u00ea y\u00ean Heleb\u00ea \u00fb ko\u00e7berb\u00fbna bi hezaran kurdan a ji ber wan \u00ear\u00ee\u015fan, peyvek j\u00ee negot, l\u00ea bel\u00ea peyamek ji konferans\u00ea [&hellip;]<\/p>\n","protected":false},"author":2,"featured_media":1051405,"comment_status":"closed","ping_status":"closed","sticky":false,"template":"","format":"standard","meta":{"footnotes":""},"categories":[29],"tags":[37],"class_list":["post-1051404","post","type-post","status-publish","format-standard","has-post-thumbnail","hentry","category-kurdistan","tag-sereke"],"blocksy_meta":[],"seo_head":"<!-- This site is optimized with the Yoast SEO plugin v27.5 - https:\/\/yoast.com\/product\/yoast-seo-wordpress\/ -->\n<title>Ocalan li ser Heleb\u00ea b\u00eadenge, l\u00ea \u00eero peyamek ji konferansa \u00censiyat\u00eefa Yek\u00eetiya Demokrat\u00eek re \u015fand - Darka Maz\u00ee<\/title>\n<meta name=\"robots\" content=\"index, follow, max-snippet:-1, max-image-preview:large, max-video-preview:-1\" \/>\n<link rel=\"canonical\" href=\"https:\/\/darkamazi.info\/archives\/1051404\" \/>\n<meta property=\"og:locale\" content=\"en_US\" \/>\n<meta property=\"og:type\" content=\"article\" \/>\n<meta property=\"og:title\" content=\"Ocalan li ser Heleb\u00ea b\u00eadenge, l\u00ea \u00eero peyamek ji konferansa \u00censiyat\u00eefa Yek\u00eetiya Demokrat\u00eek re \u015fand - Darka Maz\u00ee\" \/>\n<meta property=\"og:description\" content=\"Abdullah Ocalan, r\u00eaber\u00ea PKK\u2019eya hilwe\u015fiyay\u00ee, \u00eero peyamek ji 2yem\u00een civ\u00eena gi\u015ft\u00eeya asay\u00eeya \u00censiyat\u00eefa Yek\u00eetiya Demokrat\u00eek re \u015fand. H\u00eajay\u00ee gotin\u00eaye ku Ocalan, li ser \u00ear\u00ee\u015f\u00ean berfireh\u00ean li ser tax\u00ean Kurdan \u00ean li E\u015frefiy\u00ea \u00fb \u015e\u00eax Meqs\u00fbd\u00ea y\u00ean Heleb\u00ea \u00fb ko\u00e7berb\u00fbna bi hezaran kurdan a ji ber wan \u00ear\u00ee\u015fan, peyvek j\u00ee negot, l\u00ea bel\u00ea peyamek ji konferans\u00ea [&hellip;]\" \/>\n<meta property=\"og:url\" content=\"https:\/\/darkamazi.info\/archives\/1051404\" \/>\n<meta property=\"og:site_name\" content=\"Darka Maz\u00ee\" \/>\n<meta property=\"article:publisher\" content=\"https:\/\/www.facebook.com\/DarMaziKurmanci\" \/>\n<meta property=\"article:published_time\" content=\"2026-01-17T17:04:31+00:00\" \/>\n<meta property=\"og:image\" content=\"https:\/\/darkamazi.info\/file\/2026\/01\/Ocalan-Peyam-Net.jpg\" \/>\n\t<meta property=\"og:image:width\" content=\"900\" \/>\n\t<meta property=\"og:image:height\" content=\"500\" \/>\n\t<meta property=\"og:image:type\" content=\"image\/jpeg\" \/>\n<meta name=\"author\" content=\"darka mazi\" \/>\n<meta name=\"twitter:card\" content=\"summary_large_image\" \/>\n<meta name=\"twitter:creator\" content=\"@DarkaMaziLatini\" \/>\n<meta name=\"twitter:site\" content=\"@DarkaMaziLatini\" \/>\n<meta name=\"twitter:label1\" content=\"Written by\" \/>\n\t<meta name=\"twitter:data1\" content=\"darka mazi\" \/>\n\t<meta name=\"twitter:label2\" content=\"Est. reading time\" \/>\n\t<meta name=\"twitter:data2\" content=\"3 minutes\" \/>\n<script type=\"application\/ld+json\" class=\"seo-schema-graph\">{\"@context\":\"https:\\\/\\\/schema.org\",\"@graph\":[{\"@type\":\"Article\",\"@id\":\"https:\\\/\\\/darkamazi.info\\\/archives\\\/1051404#article\",\"isPartOf\":{\"@id\":\"https:\\\/\\\/darkamazi.info\\\/archives\\\/1051404\"},\"author\":{\"name\":\"darka mazi\",\"@id\":\"https:\\\/\\\/darkamazi.info\\\/#\\\/schema\\\/person\\\/5ad3e24553a0567993fa8ed4bd0a776c\"},\"headline\":\"Ocalan li ser Heleb\u00ea b\u00eadenge, l\u00ea \u00eero peyamek ji konferansa \u00censiyat\u00eefa Yek\u00eetiya Demokrat\u00eek re \u015fand\",\"datePublished\":\"2026-01-17T17:04:31+00:00\",\"mainEntityOfPage\":{\"@id\":\"https:\\\/\\\/darkamazi.info\\\/archives\\\/1051404\"},\"wordCount\":523,\"publisher\":{\"@id\":\"https:\\\/\\\/darkamazi.info\\\/#organization\"},\"image\":{\"@id\":\"https:\\\/\\\/darkamazi.info\\\/archives\\\/1051404#primaryimage\"},\"thumbnailUrl\":\"https:\\\/\\\/darkamazi.info\\\/darka-content\\\/uploads\\\/2026\\\/01\\\/Ocalan-Peyam-Net.jpg\",\"keywords\":[\"sereke\"],\"articleSection\":[\"Kurdistan\"],\"inLanguage\":\"en-US\"},{\"@type\":\"WebPage\",\"@id\":\"https:\\\/\\\/darkamazi.info\\\/archives\\\/1051404\",\"url\":\"https:\\\/\\\/darkamazi.info\\\/archives\\\/1051404\",\"name\":\"Ocalan li ser Heleb\u00ea b\u00eadenge, l\u00ea \u00eero peyamek ji konferansa \u00censiyat\u00eefa Yek\u00eetiya Demokrat\u00eek re \u015fand - Darka Maz\u00ee\",\"isPartOf\":{\"@id\":\"https:\\\/\\\/darkamazi.info\\\/#website\"},\"primaryImageOfPage\":{\"@id\":\"https:\\\/\\\/darkamazi.info\\\/archives\\\/1051404#primaryimage\"},\"image\":{\"@id\":\"https:\\\/\\\/darkamazi.info\\\/archives\\\/1051404#primaryimage\"},\"thumbnailUrl\":\"https:\\\/\\\/darkamazi.info\\\/darka-content\\\/uploads\\\/2026\\\/01\\\/Ocalan-Peyam-Net.jpg\",\"datePublished\":\"2026-01-17T17:04:31+00:00\",\"breadcrumb\":{\"@id\":\"https:\\\/\\\/darkamazi.info\\\/archives\\\/1051404#breadcrumb\"},\"inLanguage\":\"en-US\",\"potentialAction\":[{\"@type\":\"ReadAction\",\"target\":[\"https:\\\/\\\/darkamazi.info\\\/archives\\\/1051404\"]}]},{\"@type\":\"ImageObject\",\"inLanguage\":\"en-US\",\"@id\":\"https:\\\/\\\/darkamazi.info\\\/archives\\\/1051404#primaryimage\",\"url\":\"https:\\\/\\\/darkamazi.info\\\/darka-content\\\/uploads\\\/2026\\\/01\\\/Ocalan-Peyam-Net.jpg\",\"contentUrl\":\"https:\\\/\\\/darkamazi.info\\\/darka-content\\\/uploads\\\/2026\\\/01\\\/Ocalan-Peyam-Net.jpg\",\"width\":900,\"height\":500,\"caption\":\"Ocalan li ser Heleb\u00ea b\u00eadenge, l\u00ea \u00eero peyamek ji konferansa \u00censiyat\u00eefa Yek\u00eetiya Demokrat\u00eek re \u015fand\"},{\"@type\":\"BreadcrumbList\",\"@id\":\"https:\\\/\\\/darkamazi.info\\\/archives\\\/1051404#breadcrumb\",\"itemListElement\":[{\"@type\":\"ListItem\",\"position\":1,\"name\":\"Home\",\"item\":\"https:\\\/\\\/darkamazi.info\\\/\"},{\"@type\":\"ListItem\",\"position\":2,\"name\":\"Ocalan li ser Heleb\u00ea b\u00eadenge, l\u00ea \u00eero peyamek ji konferansa \u00censiyat\u00eefa Yek\u00eetiya Demokrat\u00eek re \u015fand\"}]},{\"@type\":\"WebSite\",\"@id\":\"https:\\\/\\\/darkamazi.info\\\/#website\",\"url\":\"https:\\\/\\\/darkamazi.info\\\/\",\"name\":\"Darka Maz\u00ee\",\"description\":\"P\u00eageha Zanyariy\u00ean Nebih\u00eest\u00ee\",\"publisher\":{\"@id\":\"https:\\\/\\\/darkamazi.info\\\/#organization\"},\"potentialAction\":[{\"@type\":\"SearchAction\",\"target\":{\"@type\":\"EntryPoint\",\"urlTemplate\":\"https:\\\/\\\/darkamazi.info\\\/?s={search_term_string}\"},\"query-input\":{\"@type\":\"PropertyValueSpecification\",\"valueRequired\":true,\"valueName\":\"search_term_string\"}}],\"inLanguage\":\"en-US\"},{\"@type\":\"Organization\",\"@id\":\"https:\\\/\\\/darkamazi.info\\\/#organization\",\"name\":\"Darka Maz\u00ee\",\"url\":\"https:\\\/\\\/darkamazi.info\\\/\",\"logo\":{\"@type\":\"ImageObject\",\"inLanguage\":\"en-US\",\"@id\":\"https:\\\/\\\/darkamazi.info\\\/#\\\/schema\\\/logo\\\/image\\\/\",\"url\":\"https:\\\/\\\/darkamazi.info\\\/darka-content\\\/uploads\\\/2017\\\/12\\\/darka-mazi-logo.png\",\"contentUrl\":\"https:\\\/\\\/darkamazi.info\\\/darka-content\\\/uploads\\\/2017\\\/12\\\/darka-mazi-logo.png\",\"width\":151,\"height\":75,\"caption\":\"Darka Maz\u00ee\"},\"image\":{\"@id\":\"https:\\\/\\\/darkamazi.info\\\/#\\\/schema\\\/logo\\\/image\\\/\"},\"sameAs\":[\"https:\\\/\\\/www.facebook.com\\\/DarMaziKurmanci\",\"https:\\\/\\\/x.com\\\/DarkaMaziLatini\",\"https:\\\/\\\/www.instagram.com\\\/darkamazi.kurmanci\\\/\",\"https:\\\/\\\/www.youtube.com\\\/channel\\\/UCa5HkTdmI8U1qCUFuTw8B2g\"]},{\"@type\":\"Person\",\"@id\":\"https:\\\/\\\/darkamazi.info\\\/#\\\/schema\\\/person\\\/5ad3e24553a0567993fa8ed4bd0a776c\",\"name\":\"darka mazi\",\"sameAs\":[\"https:\\\/\\\/darkamazi.info\\\/\"],\"url\":\"https:\\\/\\\/darkamazi.info\\\/archives\\\/author\\\/kurdi\"}]}<\/script>\n<!-- \/ Yoast SEO plugin. -->","seo_head_json":{"title":"Ocalan li ser Heleb\u00ea b\u00eadenge, l\u00ea \u00eero peyamek ji konferansa \u00censiyat\u00eefa Yek\u00eetiya Demokrat\u00eek re \u015fand - Darka Maz\u00ee","robots":{"index":"index","follow":"follow","max-snippet":"max-snippet:-1","max-image-preview":"max-image-preview:large","max-video-preview":"max-video-preview:-1"},"canonical":"https:\/\/darkamazi.info\/archives\/1051404","og_locale":"en_US","og_type":"article","og_title":"Ocalan li ser Heleb\u00ea b\u00eadenge, l\u00ea \u00eero peyamek ji konferansa \u00censiyat\u00eefa Yek\u00eetiya Demokrat\u00eek re \u015fand - Darka Maz\u00ee","og_description":"Abdullah Ocalan, r\u00eaber\u00ea PKK\u2019eya hilwe\u015fiyay\u00ee, \u00eero peyamek ji 2yem\u00een civ\u00eena gi\u015ft\u00eeya asay\u00eeya \u00censiyat\u00eefa Yek\u00eetiya Demokrat\u00eek re \u015fand. H\u00eajay\u00ee gotin\u00eaye ku Ocalan, li ser \u00ear\u00ee\u015f\u00ean berfireh\u00ean li ser tax\u00ean Kurdan \u00ean li E\u015frefiy\u00ea \u00fb \u015e\u00eax Meqs\u00fbd\u00ea y\u00ean Heleb\u00ea \u00fb ko\u00e7berb\u00fbna bi hezaran kurdan a ji ber wan \u00ear\u00ee\u015fan, peyvek j\u00ee negot, l\u00ea bel\u00ea peyamek ji konferans\u00ea [&hellip;]","og_url":"https:\/\/darkamazi.info\/archives\/1051404","og_site_name":"Darka Maz\u00ee","article_publisher":"https:\/\/www.facebook.com\/DarMaziKurmanci","article_published_time":"2026-01-17T17:04:31+00:00","og_image":[{"width":900,"height":500,"url":"https:\/\/darkamazi.info\/file\/2026\/01\/Ocalan-Peyam-Net.jpg","type":"image\/jpeg"}],"author":"darka mazi","twitter_card":"summary_large_image","twitter_creator":"@DarkaMaziLatini","twitter_site":"@DarkaMaziLatini","twitter_misc":{"Written by":"darka mazi","Est. reading time":"3 minutes"},"schema":{"@context":"https:\/\/schema.org","@graph":[{"@type":"Article","@id":"https:\/\/darkamazi.info\/archives\/1051404#article","isPartOf":{"@id":"https:\/\/darkamazi.info\/archives\/1051404"},"author":{"name":"darka mazi","@id":"https:\/\/darkamazi.info\/#\/schema\/person\/5ad3e24553a0567993fa8ed4bd0a776c"},"headline":"Ocalan li ser Heleb\u00ea b\u00eadenge, l\u00ea \u00eero peyamek ji konferansa \u00censiyat\u00eefa Yek\u00eetiya Demokrat\u00eek re \u015fand","datePublished":"2026-01-17T17:04:31+00:00","mainEntityOfPage":{"@id":"https:\/\/darkamazi.info\/archives\/1051404"},"wordCount":523,"publisher":{"@id":"https:\/\/darkamazi.info\/#organization"},"image":{"@id":"https:\/\/darkamazi.info\/archives\/1051404#primaryimage"},"thumbnailUrl":"https:\/\/darkamazi.info\/file\/2026\/01\/Ocalan-Peyam-Net.jpg","keywords":["sereke"],"articleSection":["Kurdistan"],"inLanguage":"en-US"},{"@type":"WebPage","@id":"https:\/\/darkamazi.info\/archives\/1051404","url":"https:\/\/darkamazi.info\/archives\/1051404","name":"Ocalan li ser Heleb\u00ea b\u00eadenge, l\u00ea \u00eero peyamek ji konferansa \u00censiyat\u00eefa Yek\u00eetiya Demokrat\u00eek re \u015fand - Darka Maz\u00ee","isPartOf":{"@id":"https:\/\/darkamazi.info\/#website"},"primaryImageOfPage":{"@id":"https:\/\/darkamazi.info\/archives\/1051404#primaryimage"},"image":{"@id":"https:\/\/darkamazi.info\/archives\/1051404#primaryimage"},"thumbnailUrl":"https:\/\/darkamazi.info\/file\/2026\/01\/Ocalan-Peyam-Net.jpg","datePublished":"2026-01-17T17:04:31+00:00","breadcrumb":{"@id":"https:\/\/darkamazi.info\/archives\/1051404#breadcrumb"},"inLanguage":"en-US","potentialAction":[{"@type":"ReadAction","target":["https:\/\/darkamazi.info\/archives\/1051404"]}]},{"@type":"ImageObject","inLanguage":"en-US","@id":"https:\/\/darkamazi.info\/archives\/1051404#primaryimage","url":"https:\/\/darkamazi.info\/file\/2026\/01\/Ocalan-Peyam-Net.jpg","contentUrl":"https:\/\/darkamazi.info\/file\/2026\/01\/Ocalan-Peyam-Net.jpg","width":900,"height":500,"caption":"Ocalan li ser Heleb\u00ea b\u00eadenge, l\u00ea \u00eero peyamek ji konferansa \u00censiyat\u00eefa Yek\u00eetiya Demokrat\u00eek re \u015fand"},{"@type":"BreadcrumbList","@id":"https:\/\/darkamazi.info\/archives\/1051404#breadcrumb","itemListElement":[{"@type":"ListItem","position":1,"name":"Home","item":"https:\/\/darkamazi.info\/"},{"@type":"ListItem","position":2,"name":"Ocalan li ser Heleb\u00ea b\u00eadenge, l\u00ea \u00eero peyamek ji konferansa \u00censiyat\u00eefa Yek\u00eetiya Demokrat\u00eek re \u015fand"}]},{"@type":"WebSite","@id":"https:\/\/darkamazi.info\/#website","url":"https:\/\/darkamazi.info\/","name":"Darka Maz\u00ee","description":"P\u00eageha Zanyariy\u00ean Nebih\u00eest\u00ee","publisher":{"@id":"https:\/\/darkamazi.info\/#organization"},"potentialAction":[{"@type":"SearchAction","target":{"@type":"EntryPoint","urlTemplate":"https:\/\/darkamazi.info\/?s={search_term_string}"},"query-input":{"@type":"PropertyValueSpecification","valueRequired":true,"valueName":"search_term_string"}}],"inLanguage":"en-US"},{"@type":"Organization","@id":"https:\/\/darkamazi.info\/#organization","name":"Darka Maz\u00ee","url":"https:\/\/darkamazi.info\/","logo":{"@type":"ImageObject","inLanguage":"en-US","@id":"https:\/\/darkamazi.info\/#\/schema\/logo\/image\/","url":"https:\/\/darkamazi.info\/file\/2017\/12\/darka-mazi-logo.png","contentUrl":"https:\/\/darkamazi.info\/file\/2017\/12\/darka-mazi-logo.png","width":151,"height":75,"caption":"Darka Maz\u00ee"},"image":{"@id":"https:\/\/darkamazi.info\/#\/schema\/logo\/image\/"},"sameAs":["https:\/\/www.facebook.com\/DarMaziKurmanci","https:\/\/x.com\/DarkaMaziLatini","https:\/\/www.instagram.com\/darkamazi.kurmanci\/","https:\/\/www.youtube.com\/channel\/UCa5HkTdmI8U1qCUFuTw8B2g"]},{"@type":"Person","@id":"https:\/\/darkamazi.info\/#\/schema\/person\/5ad3e24553a0567993fa8ed4bd0a776c","name":"darka mazi","sameAs":["https:\/\/darkamazi.info\/"],"url":"https:\/\/darkamazi.info\/archives\/author\/kurdi"}]}},"_links":{"self":[{"href":"https:\/\/darkamazi.info\/funavuv\/wp\/v2\/posts\/1051404","targetHints":{"allow":["GET"]}}],"collection":[{"href":"https:\/\/darkamazi.info\/funavuv\/wp\/v2\/posts"}],"about":[{"href":"https:\/\/darkamazi.info\/funavuv\/wp\/v2\/types\/post"}],"author":[{"embeddable":true,"href":"https:\/\/darkamazi.info\/funavuv\/wp\/v2\/users\/2"}],"replies":[{"embeddable":true,"href":"https:\/\/darkamazi.info\/funavuv\/wp\/v2\/comments?post=1051404"}],"version-history":[{"count":0,"href":"https:\/\/darkamazi.info\/funavuv\/wp\/v2\/posts\/1051404\/revisions"}],"wp:featuredmedia":[{"embeddable":true,"href":"https:\/\/darkamazi.info\/funavuv\/wp\/v2\/media\/1051405"}],"wp:attachment":[{"href":"https:\/\/darkamazi.info\/funavuv\/wp\/v2\/media?parent=1051404"}],"wp:term":[{"taxonomy":"category","embeddable":true,"href":"https:\/\/darkamazi.info\/funavuv\/wp\/v2\/categories?post=1051404"},{"taxonomy":"post_tag","embeddable":true,"href":"https:\/\/darkamazi.info\/funavuv\/wp\/v2\/tags?post=1051404"}],"curies":[{"name":"wp","href":"https:\/\/api.w.org\/{rel}","templated":true}]}}